{"id":475014,"date":"2022-12-01T15:32:40","date_gmt":"2022-12-01T14:32:40","guid":{"rendered":"https:\/\/hudo.com\/si\/?p=475014"},"modified":"2022-12-01T15:32:40","modified_gmt":"2022-12-01T14:32:40","slug":"rezultate-referenduma-bodo-potrdili-predcasno","status":"publish","type":"post","link":"https:\/\/hudo.com\/si\/aktualno\/slovenija\/rezultate-referenduma-bodo-potrdili-predcasno\/","title":{"rendered":"Rezultate referenduma bodo potrdili pred\u010dasno"},"content":{"rendered":"<p>\u010ce bo po pri\u0161tetih glasovih po po\u0161ti in iz tujine Dr\u017eavna volilna komisija (DVK) ugotovila, da je ve\u010dina volivcev glasovala za in izra\u010dun zavrnitvenega kvoruma ne bi mogel bistveno vplivati na izid referenduma, bo lahko poro\u010dilo sprejela brez \u010dakanja na podatke o \u0161tevilu umrlih.<\/p>\n<p>V naslednjih dneh sicer sledi \u0161e sledi \u0161tetje glasov in ugotavljanje izidov glasovanja po po\u0161ti in iz tujine. Po tem in po preteku roka za prito\u017ebo, pa bo DVK torej sredi decembra sprejela poro\u010dilo o izidu referendumskega glasovanja, je po dana\u0161nji seji povedal direktor slu\u017ebe DVK Du\u0161an Vu\u010dko.<\/p>\n<p>DVK torej ne bo treba \u010dakati 47 dni na podatke o \u0161tevilu tistih volivcev, ki so umrli od dneva sestave volilnih imenikov do zaklju\u010dka glasovanja in na sprejem poro\u010dila o izidu glasovanja. Tak\u0161na praksa se je do zdaj sicer uporabljala tudi v primerih, ko je iz rezultatov referendumskega glasovanja izhajalo, da se je ve\u010dina volivcev, ki so veljavno glasovali, izrekla za in ne proti zakonu oz. njegovi uveljavitvi.<\/p>\n<p>Argumenti predlagateljev danes sprejetega sklepa sklepa so tako \u0161li predvsem v smeri, da ob jasni in nedvoumni izra\u017eeni volji volivcev, v primeru da torej ti ve\u010dinsko podprejo uveljavitev zakona, ki je predmet referendumskega odlo\u010danja, izra\u010dun zavrnitvenega kvoruma ni ve\u010d relevanten za kon\u010dni izid referenduma. Ob tem so poudarili tudi, da predlagani sklep ne izni\u010duje obstoje\u010dih pravil, ampak bi le dolo\u010dal pogoje, pod katerimi \u010dakanje na izra\u010dun zavrnitvenega kvoruma ne bi bilo potrebno.<\/p>\n","protected":false},"excerpt":{"rendered":"<p>DVK je skraj\u0161ala rok za sprejem poro\u010dila o izidu referendumskega glasovanja. Poro\u010dilo bodo predvidoma sprejeli na seji 15. decembra, zakoni o vladi, o RTVS in o dolgotrajni oskrbi, ki so na nedeljskem referendumskem glasovanju dobili ve\u010dinsko podporo volivcev, bodo tako po napovedih v veljavo stopili \u0161e pred koncem leto\u0161njega leta.<\/p>\n","protected":false},"author":7,"featured_media":474767,"comment_status":"closed","ping_status":"closed","sticky":false,"template":"","format":"standard","meta":{"footnotes":""},"categories":[18201],"tags":[9759,2272],"source":[4511],"supertag":[],"acf":[],"yoast_head":"<!-- This site is optimized with the Yoast SEO plugin v21.3 - https:\/\/yoast.com\/wordpress\/plugins\/seo\/ -->\n<title>Rezultate referenduma bodo potrdili pred\u010dasno - Hudo Slovenija<\/title>\n<meta name=\"robots\" content=\"index, follow, max-snippet:-1, max-image-preview:large, max-video-preview:-1\" \/>\n<link rel=\"canonical\" href=\"https:\/\/hudo.com\/si\/aktualno\/slovenija\/rezultate-referenduma-bodo-potrdili-predcasno\/\" \/>\n<meta property=\"og:locale\" content=\"sl_SI\" \/>\n<meta property=\"og:type\" content=\"article\" \/>\n<meta property=\"og:title\" content=\"Rezultate referenduma bodo potrdili pred\u010dasno - Hudo Slovenija\" \/>\n<meta property=\"og:description\" content=\"DVK je skraj\u0161ala rok za sprejem poro\u010dila o izidu referendumskega glasovanja. Poro\u010dilo bodo predvidoma sprejeli na seji 15. decembra, zakoni o vladi, o RTVS in o dolgotrajni oskrbi, ki so na nedeljskem referendumskem glasovanju dobili ve\u010dinsko podporo volivcev, bodo tako po napovedih v veljavo stopili \u0161e pred koncem leto\u0161njega leta.\" \/>\n<meta property=\"og:url\" content=\"https:\/\/hudo.com\/si\/aktualno\/slovenija\/rezultate-referenduma-bodo-potrdili-predcasno\/\" \/>\n<meta property=\"og:site_name\" content=\"Hudo Slovenija\" \/>\n<meta property=\"article:publisher\" content=\"https:\/\/www.facebook.com\/hudo.si\" \/>\n<meta property=\"article:published_time\" content=\"2022-12-01T14:32:40+00:00\" \/>\n<meta property=\"og:image\" content=\"https:\/\/hudo.com\/si\/wp-content\/uploads\/sites\/2\/2022\/11\/20220424-01134157.jpg\" \/>\n\t<meta property=\"og:image:width\" content=\"1536\" \/>\n\t<meta property=\"og:image:height\" content=\"1024\" \/>\n\t<meta property=\"og:image:type\" content=\"image\/jpeg\" \/>\n<meta name=\"author\" content=\"A. P., STA\" \/>\n<meta name=\"twitter:card\" content=\"summary_large_image\" \/>\n<meta name=\"twitter:creator\" content=\"@hudo_si\" \/>\n<meta name=\"twitter:site\" content=\"@hudo_si\" \/>\n<meta name=\"twitter:label1\" content=\"Written by\" \/>\n\t<meta name=\"twitter:data1\" content=\"A. P., STA\" \/>\n\t<meta name=\"twitter:label2\" content=\"Est. reading time\" \/>\n\t<meta name=\"twitter:data2\" content=\"1 minuta\" \/>\n<script type=\"application\/ld+json\" class=\"yoast-schema-graph\">{\"@context\":\"https:\/\/schema.org\",\"@graph\":[{\"@type\":\"Article\",\"@id\":\"https:\/\/hudo.com\/si\/aktualno\/slovenija\/rezultate-referenduma-bodo-potrdili-predcasno\/#article\",\"isPartOf\":{\"@id\":\"https:\/\/hudo.com\/si\/aktualno\/slovenija\/rezultate-referenduma-bodo-potrdili-predcasno\/\"},\"author\":{\"name\":\"A. P., STA\",\"@id\":\"https:\/\/hudo.com\/si\/#\/schema\/person\/18f09c02475ba9e606e941a565b80cff\"},\"headline\":\"Rezultate referenduma bodo potrdili pred\u010dasno\",\"datePublished\":\"2022-12-01T14:32:40+00:00\",\"dateModified\":\"2022-12-01T14:32:40+00:00\",\"mainEntityOfPage\":{\"@id\":\"https:\/\/hudo.com\/si\/aktualno\/slovenija\/rezultate-referenduma-bodo-potrdili-predcasno\/\"},\"wordCount\":263,\"publisher\":{\"@id\":\"https:\/\/hudo.com\/si\/#organization\"},\"keywords\":[\"Dr\u017eavna volilna komisija\",\"referendum\"],\"articleSection\":[\"Slovenija\"],\"inLanguage\":\"sl-SI\"},{\"@type\":\"WebPage\",\"@id\":\"https:\/\/hudo.com\/si\/aktualno\/slovenija\/rezultate-referenduma-bodo-potrdili-predcasno\/\",\"url\":\"https:\/\/hudo.com\/si\/aktualno\/slovenija\/rezultate-referenduma-bodo-potrdili-predcasno\/\",\"name\":\"Rezultate referenduma bodo potrdili pred\u010dasno - Hudo Slovenija\",\"isPartOf\":{\"@id\":\"https:\/\/hudo.com\/si\/#website\"},\"datePublished\":\"2022-12-01T14:32:40+00:00\",\"dateModified\":\"2022-12-01T14:32:40+00:00\",\"breadcrumb\":{\"@id\":\"https:\/\/hudo.com\/si\/aktualno\/slovenija\/rezultate-referenduma-bodo-potrdili-predcasno\/#breadcrumb\"},\"inLanguage\":\"sl-SI\",\"potentialAction\":[{\"@type\":\"ReadAction\",\"target\":[\"https:\/\/hudo.com\/si\/aktualno\/slovenija\/rezultate-referenduma-bodo-potrdili-predcasno\/\"]}]},{\"@type\":\"BreadcrumbList\",\"@id\":\"https:\/\/hudo.com\/si\/aktualno\/slovenija\/rezultate-referenduma-bodo-potrdili-predcasno\/#breadcrumb\",\"itemListElement\":[{\"@type\":\"ListItem\",\"position\":1,\"name\":\"Home\",\"item\":\"https:\/\/hudo.com\/si\/\"},{\"@type\":\"ListItem\",\"position\":2,\"name\":\"Rezultate referenduma bodo potrdili pred\u010dasno\"}]},{\"@type\":\"WebSite\",\"@id\":\"https:\/\/hudo.com\/si\/#website\",\"url\":\"https:\/\/hudo.com\/si\/\",\"name\":\"Hudo Slovenija\",\"description\":\"Vse novice iz Slovenije in sveta\",\"publisher\":{\"@id\":\"https:\/\/hudo.com\/si\/#organization\"},\"potentialAction\":[{\"@type\":\"SearchAction\",\"target\":{\"@type\":\"EntryPoint\",\"urlTemplate\":\"https:\/\/hudo.com\/si\/?s={search_term_string}\"},\"query-input\":\"required name=search_term_string\"}],\"inLanguage\":\"sl-SI\"},{\"@type\":\"Organization\",\"@id\":\"https:\/\/hudo.com\/si\/#organization\",\"name\":\"VSN Media\",\"url\":\"https:\/\/hudo.com\/si\/\",\"logo\":{\"@type\":\"ImageObject\",\"inLanguage\":\"sl-SI\",\"@id\":\"https:\/\/hudo.com\/si\/#\/schema\/logo\/image\/\",\"url\":\"https:\/\/hudo.com\/si\/wp-content\/uploads\/sites\/2\/2021\/03\/hudo-app-2.png\",\"contentUrl\":\"https:\/\/hudo.com\/si\/wp-content\/uploads\/sites\/2\/2021\/03\/hudo-app-2.png\",\"width\":2185,\"height\":2167,\"caption\":\"VSN Media\"},\"image\":{\"@id\":\"https:\/\/hudo.com\/si\/#\/schema\/logo\/image\/\"},\"sameAs\":[\"https:\/\/www.facebook.com\/hudo.si\",\"https:\/\/twitter.com\/hudo_si\"]},{\"@type\":\"Person\",\"@id\":\"https:\/\/hudo.com\/si\/#\/schema\/person\/18f09c02475ba9e606e941a565b80cff\",\"name\":\"A. P., STA\",\"image\":{\"@type\":\"ImageObject\",\"inLanguage\":\"sl-SI\",\"@id\":\"https:\/\/hudo.com\/si\/#\/schema\/person\/image\/\",\"url\":\"https:\/\/secure.gravatar.com\/avatar\/03eac8e609f5f04383125d80eaeaaf3e?s=96&d=mm&r=g\",\"contentUrl\":\"https:\/\/secure.gravatar.com\/avatar\/03eac8e609f5f04383125d80eaeaaf3e?s=96&d=mm&r=g\",\"caption\":\"A. P., STA\"},\"url\":\"https:\/\/hudo.com\/si\/author\/lubu\/\"}]}<\/script>\n<!-- \/ Yoast SEO plugin. -->","yoast_head_json":{"title":"Rezultate referenduma bodo potrdili pred\u010dasno - Hudo Slovenija","robots":{"index":"index","follow":"follow","max-snippet":"max-snippet:-1","max-image-preview":"max-image-preview:large","max-video-preview":"max-video-preview:-1"},"canonical":"https:\/\/hudo.com\/si\/aktualno\/slovenija\/rezultate-referenduma-bodo-potrdili-predcasno\/","og_locale":"sl_SI","og_type":"article","og_title":"Rezultate referenduma bodo potrdili pred\u010dasno - Hudo Slovenija","og_description":"DVK je skraj\u0161ala rok za sprejem poro\u010dila o izidu referendumskega glasovanja. Poro\u010dilo bodo predvidoma sprejeli na seji 15. decembra, zakoni o vladi, o RTVS in o dolgotrajni oskrbi, ki so na nedeljskem referendumskem glasovanju dobili ve\u010dinsko podporo volivcev, bodo tako po napovedih v veljavo stopili \u0161e pred koncem leto\u0161njega leta.","og_url":"https:\/\/hudo.com\/si\/aktualno\/slovenija\/rezultate-referenduma-bodo-potrdili-predcasno\/","og_site_name":"Hudo Slovenija","article_publisher":"https:\/\/www.facebook.com\/hudo.si","article_published_time":"2022-12-01T14:32:40+00:00","og_image":[{"width":1536,"height":1024,"url":"https:\/\/hudo.com\/si\/wp-content\/uploads\/sites\/2\/2022\/11\/20220424-01134157.jpg","type":"image\/jpeg"}],"author":"A. P., STA","twitter_card":"summary_large_image","twitter_creator":"@hudo_si","twitter_site":"@hudo_si","twitter_misc":{"Written by":"A. P., STA","Est. reading time":"1 minuta"},"schema":{"@context":"https:\/\/schema.org","@graph":[{"@type":"Article","@id":"https:\/\/hudo.com\/si\/aktualno\/slovenija\/rezultate-referenduma-bodo-potrdili-predcasno\/#article","isPartOf":{"@id":"https:\/\/hudo.com\/si\/aktualno\/slovenija\/rezultate-referenduma-bodo-potrdili-predcasno\/"},"author":{"name":"A. P., STA","@id":"https:\/\/hudo.com\/si\/#\/schema\/person\/18f09c02475ba9e606e941a565b80cff"},"headline":"Rezultate referenduma bodo potrdili pred\u010dasno","datePublished":"2022-12-01T14:32:40+00:00","dateModified":"2022-12-01T14:32:40+00:00","mainEntityOfPage":{"@id":"https:\/\/hudo.com\/si\/aktualno\/slovenija\/rezultate-referenduma-bodo-potrdili-predcasno\/"},"wordCount":263,"publisher":{"@id":"https:\/\/hudo.com\/si\/#organization"},"keywords":["Dr\u017eavna volilna komisija","referendum"],"articleSection":["Slovenija"],"inLanguage":"sl-SI"},{"@type":"WebPage","@id":"https:\/\/hudo.com\/si\/aktualno\/slovenija\/rezultate-referenduma-bodo-potrdili-predcasno\/","url":"https:\/\/hudo.com\/si\/aktualno\/slovenija\/rezultate-referenduma-bodo-potrdili-predcasno\/","name":"Rezultate referenduma bodo potrdili pred\u010dasno - Hudo Slovenija","isPartOf":{"@id":"https:\/\/hudo.com\/si\/#website"},"datePublished":"2022-12-01T14:32:40+00:00","dateModified":"2022-12-01T14:32:40+00:00","breadcrumb":{"@id":"https:\/\/hudo.com\/si\/aktualno\/slovenija\/rezultate-referenduma-bodo-potrdili-predcasno\/#breadcrumb"},"inLanguage":"sl-SI","potentialAction":[{"@type":"ReadAction","target":["https:\/\/hudo.com\/si\/aktualno\/slovenija\/rezultate-referenduma-bodo-potrdili-predcasno\/"]}]},{"@type":"BreadcrumbList","@id":"https:\/\/hudo.com\/si\/aktualno\/slovenija\/rezultate-referenduma-bodo-potrdili-predcasno\/#breadcrumb","itemListElement":[{"@type":"ListItem","position":1,"name":"Home","item":"https:\/\/hudo.com\/si\/"},{"@type":"ListItem","position":2,"name":"Rezultate referenduma bodo potrdili pred\u010dasno"}]},{"@type":"WebSite","@id":"https:\/\/hudo.com\/si\/#website","url":"https:\/\/hudo.com\/si\/","name":"Hudo Slovenija","description":"Vse novice iz Slovenije in sveta","publisher":{"@id":"https:\/\/hudo.com\/si\/#organization"},"potentialAction":[{"@type":"SearchAction","target":{"@type":"EntryPoint","urlTemplate":"https:\/\/hudo.com\/si\/?s={search_term_string}"},"query-input":"required name=search_term_string"}],"inLanguage":"sl-SI"},{"@type":"Organization","@id":"https:\/\/hudo.com\/si\/#organization","name":"VSN Media","url":"https:\/\/hudo.com\/si\/","logo":{"@type":"ImageObject","inLanguage":"sl-SI","@id":"https:\/\/hudo.com\/si\/#\/schema\/logo\/image\/","url":"https:\/\/hudo.com\/si\/wp-content\/uploads\/sites\/2\/2021\/03\/hudo-app-2.png","contentUrl":"https:\/\/hudo.com\/si\/wp-content\/uploads\/sites\/2\/2021\/03\/hudo-app-2.png","width":2185,"height":2167,"caption":"VSN Media"},"image":{"@id":"https:\/\/hudo.com\/si\/#\/schema\/logo\/image\/"},"sameAs":["https:\/\/www.facebook.com\/hudo.si","https:\/\/twitter.com\/hudo_si"]},{"@type":"Person","@id":"https:\/\/hudo.com\/si\/#\/schema\/person\/18f09c02475ba9e606e941a565b80cff","name":"A. P., STA","image":{"@type":"ImageObject","inLanguage":"sl-SI","@id":"https:\/\/hudo.com\/si\/#\/schema\/person\/image\/","url":"https:\/\/secure.gravatar.com\/avatar\/03eac8e609f5f04383125d80eaeaaf3e?s=96&d=mm&r=g","contentUrl":"https:\/\/secure.gravatar.com\/avatar\/03eac8e609f5f04383125d80eaeaaf3e?s=96&d=mm&r=g","caption":"A. P., STA"},"url":"https:\/\/hudo.com\/si\/author\/lubu\/"}]}},"amp_enabled":true,"_links":{"self":[{"href":"https:\/\/hudo.com\/si\/wp-json\/wp\/v2\/posts\/475014"}],"collection":[{"href":"https:\/\/hudo.com\/si\/wp-json\/wp\/v2\/posts"}],"about":[{"href":"https:\/\/hudo.com\/si\/wp-json\/wp\/v2\/types\/post"}],"author":[{"embeddable":true,"href":"https:\/\/hudo.com\/si\/wp-json\/wp\/v2\/users\/7"}],"replies":[{"embeddable":true,"href":"https:\/\/hudo.com\/si\/wp-json\/wp\/v2\/comments?post=475014"}],"version-history":[{"count":1,"href":"https:\/\/hudo.com\/si\/wp-json\/wp\/v2\/posts\/475014\/revisions"}],"predecessor-version":[{"id":475015,"href":"https:\/\/hudo.com\/si\/wp-json\/wp\/v2\/posts\/475014\/revisions\/475015"}],"wp:featuredmedia":[{"embeddable":true,"href":"https:\/\/hudo.com\/si\/wp-json\/wp\/v2\/media\/474767"}],"wp:attachment":[{"href":"https:\/\/hudo.com\/si\/wp-json\/wp\/v2\/media?parent=475014"}],"wp:term":[{"taxonomy":"category","embeddable":true,"href":"https:\/\/hudo.com\/si\/wp-json\/wp\/v2\/categories?post=475014"},{"taxonomy":"post_tag","embeddable":true,"href":"https:\/\/hudo.com\/si\/wp-json\/wp\/v2\/tags?post=475014"},{"taxonomy":"source","embeddable":true,"href":"https:\/\/hudo.com\/si\/wp-json\/wp\/v2\/source?post=475014"},{"taxonomy":"supertag","embeddable":true,"href":"https:\/\/hudo.com\/si\/wp-json\/wp\/v2\/supertag?post=475014"}],"curies":[{"name":"wp","href":"https:\/\/api.w.org\/{rel}","templated":true}]}}