{"id":475025,"date":"2022-12-02T09:26:48","date_gmt":"2022-12-02T08:26:48","guid":{"rendered":"https:\/\/hudo.com\/si\/?p=475025"},"modified":"2022-12-02T09:36:46","modified_gmt":"2022-12-02T08:36:46","slug":"ukrajina-bo-zaradi-varnosti-omejila-delovanje-ruskih-verskih-organizacij-na-svojem-ozemlju","status":"publish","type":"post","link":"https:\/\/hudo.com\/si\/aktualno\/svet\/ukrajina-bo-zaradi-varnosti-omejila-delovanje-ruskih-verskih-organizacij-na-svojem-ozemlju\/","title":{"rendered":"Ukrajina bo zaradi varnosti omejila delovanje ruskih verskih organizacij na svojem ozemlju"},"content":{"rendered":"<p>&#8220;Svet za nacionalno varnost in obrambo je vladi naro\u010dil, naj parlamentu predlo\u017ei osnutek zakona o prepovedi dejavnosti verskih organizacij v Ukrajini, ki so povezane s centri vpliva v Rusiji,&#8221; je dejal Zelenski.<\/p>\n<p>Hkrati je opozoril, da morajo vsi organi, pristojni za zagotavljanje nacionalne varnosti, okrepiti prizadevanja za odkrivanje in prepre\u010devanje ruskih subverzivnih dejavnosti v verskem okolju Ukrajine. &#8220;Ukrajina mora braniti svojo neodvisnost tudi na verskem podro\u010dju. Nikomur ne bomo dovolili, da bi v ukrajinski du\u0161i ustvaril imperij,&#8221; je \u0161e dodal.<\/p>\n<p>\u017de leta 2018 sta se dve ukrajinski pravoslavni cerkvi odcepili od Moskve ter se zdru\u017eili v Ukrajinsko pravoslavno cerkev. Maja letos je ukrajinska cerkev pretrgala vezi z Rusko pravoslavno cerkvijo ter razglasila popolno samostojnost in neodvisnost od Moskve, saj se ne strinja s stali\u0161\u010dem moskovskega patriarha Kirila glede vojne v Ukrajini.<\/p>\n<p>Patriarh Kiril podpira ruskega predsednika Vladimirja Putina in je med drugim oktobra izjavil, da je njegovo vladavino dolo\u010dil Bog. Ve\u010dkrat je tudi zagreto zagovarjal rusko invazijo na Ukrajino.<\/p>\n<p>Ukrajinska obve\u0161\u010devalna slu\u017eba SBU je sicer \u017ee pretekli teden izvedla ve\u010d racij v samostanih, med drugim v zgodovinskem pravoslavnem samostanu Kijevsko-Pe\u010derska lavra zaradi suma, da v njem delujejo ruski agenti.<\/p>\n","protected":false},"excerpt":{"rendered":"<p>Ukrajina bo omejila delovanje verskih organizacij, ki so povezane z Rusijo, je v \u010detrtek v svojem nagovoru sporo\u010dil ukrajinski predsednik Volodimir Zelenski in ob tem poudaril, da mora Ukrajina svojo neodvisnost braniti tudi na verskem podro\u010dju, je zapisano na uradni spletni strani ukrajinskega predsednika.<\/p>\n","protected":false},"author":7,"featured_media":475026,"comment_status":"closed","ping_status":"closed","sticky":false,"template":"","format":"standard","meta":{"footnotes":""},"categories":[18202],"tags":[17538,1354,19793],"source":[4511],"supertag":[6103],"acf":[],"yoast_head":"<!-- This site is optimized with the Yoast SEO plugin v21.3 - https:\/\/yoast.com\/wordpress\/plugins\/seo\/ -->\n<title>Ukrajina bo zaradi varnosti omejila delovanje ruskih verskih organizacij na svojem ozemlju - Hudo Slovenija<\/title>\n<meta name=\"robots\" content=\"index, follow, max-snippet:-1, max-image-preview:large, max-video-preview:-1\" \/>\n<link rel=\"canonical\" href=\"https:\/\/hudo.com\/si\/aktualno\/svet\/ukrajina-bo-zaradi-varnosti-omejila-delovanje-ruskih-verskih-organizacij-na-svojem-ozemlju\/\" \/>\n<meta property=\"og:locale\" content=\"sl_SI\" \/>\n<meta property=\"og:type\" content=\"article\" \/>\n<meta property=\"og:title\" content=\"Ukrajina bo zaradi varnosti omejila delovanje ruskih verskih organizacij na svojem ozemlju - Hudo Slovenija\" \/>\n<meta property=\"og:description\" content=\"Ukrajina bo omejila delovanje verskih organizacij, ki so povezane z Rusijo, je v \u010detrtek v svojem nagovoru sporo\u010dil ukrajinski predsednik Volodimir Zelenski in ob tem poudaril, da mora Ukrajina svojo neodvisnost braniti tudi na verskem podro\u010dju, je zapisano na uradni spletni strani ukrajinskega predsednika.\" \/>\n<meta property=\"og:url\" content=\"https:\/\/hudo.com\/si\/aktualno\/svet\/ukrajina-bo-zaradi-varnosti-omejila-delovanje-ruskih-verskih-organizacij-na-svojem-ozemlju\/\" \/>\n<meta property=\"og:site_name\" content=\"Hudo Slovenija\" \/>\n<meta property=\"article:publisher\" content=\"https:\/\/www.facebook.com\/hudo.si\" \/>\n<meta property=\"article:published_time\" content=\"2022-12-02T08:26:48+00:00\" \/>\n<meta property=\"article:modified_time\" content=\"2022-12-02T08:36:46+00:00\" \/>\n<meta property=\"og:image\" content=\"https:\/\/hudo.com\/si\/wp-content\/uploads\/sites\/2\/2022\/12\/profimedia-0159835933.jpg\" \/>\n\t<meta property=\"og:image:width\" content=\"1250\" \/>\n\t<meta property=\"og:image:height\" content=\"808\" \/>\n\t<meta property=\"og:image:type\" content=\"image\/jpeg\" \/>\n<meta name=\"author\" content=\"A. P., STA\" \/>\n<meta name=\"twitter:card\" content=\"summary_large_image\" \/>\n<meta name=\"twitter:creator\" content=\"@hudo_si\" \/>\n<meta name=\"twitter:site\" content=\"@hudo_si\" \/>\n<meta name=\"twitter:label1\" content=\"Written by\" \/>\n\t<meta name=\"twitter:data1\" content=\"A. P., STA\" \/>\n\t<meta name=\"twitter:label2\" content=\"Est. reading time\" \/>\n\t<meta name=\"twitter:data2\" content=\"1 minuta\" \/>\n<script type=\"application\/ld+json\" class=\"yoast-schema-graph\">{\"@context\":\"https:\/\/schema.org\",\"@graph\":[{\"@type\":\"Article\",\"@id\":\"https:\/\/hudo.com\/si\/aktualno\/svet\/ukrajina-bo-zaradi-varnosti-omejila-delovanje-ruskih-verskih-organizacij-na-svojem-ozemlju\/#article\",\"isPartOf\":{\"@id\":\"https:\/\/hudo.com\/si\/aktualno\/svet\/ukrajina-bo-zaradi-varnosti-omejila-delovanje-ruskih-verskih-organizacij-na-svojem-ozemlju\/\"},\"author\":{\"name\":\"A. P., STA\",\"@id\":\"https:\/\/hudo.com\/si\/#\/schema\/person\/18f09c02475ba9e606e941a565b80cff\"},\"headline\":\"Ukrajina bo zaradi varnosti omejila delovanje ruskih verskih organizacij na svojem ozemlju\",\"datePublished\":\"2022-12-02T08:26:48+00:00\",\"dateModified\":\"2022-12-02T08:36:46+00:00\",\"mainEntityOfPage\":{\"@id\":\"https:\/\/hudo.com\/si\/aktualno\/svet\/ukrajina-bo-zaradi-varnosti-omejila-delovanje-ruskih-verskih-organizacij-na-svojem-ozemlju\/\"},\"wordCount\":212,\"publisher\":{\"@id\":\"https:\/\/hudo.com\/si\/#organization\"},\"keywords\":[\"pravoslavna cerkev\",\"Rusija\",\"vojna v ukrajini\"],\"articleSection\":[\"Svet\"],\"inLanguage\":\"sl-SI\"},{\"@type\":\"WebPage\",\"@id\":\"https:\/\/hudo.com\/si\/aktualno\/svet\/ukrajina-bo-zaradi-varnosti-omejila-delovanje-ruskih-verskih-organizacij-na-svojem-ozemlju\/\",\"url\":\"https:\/\/hudo.com\/si\/aktualno\/svet\/ukrajina-bo-zaradi-varnosti-omejila-delovanje-ruskih-verskih-organizacij-na-svojem-ozemlju\/\",\"name\":\"Ukrajina bo zaradi varnosti omejila delovanje ruskih verskih organizacij na svojem ozemlju - Hudo Slovenija\",\"isPartOf\":{\"@id\":\"https:\/\/hudo.com\/si\/#website\"},\"datePublished\":\"2022-12-02T08:26:48+00:00\",\"dateModified\":\"2022-12-02T08:36:46+00:00\",\"breadcrumb\":{\"@id\":\"https:\/\/hudo.com\/si\/aktualno\/svet\/ukrajina-bo-zaradi-varnosti-omejila-delovanje-ruskih-verskih-organizacij-na-svojem-ozemlju\/#breadcrumb\"},\"inLanguage\":\"sl-SI\",\"potentialAction\":[{\"@type\":\"ReadAction\",\"target\":[\"https:\/\/hudo.com\/si\/aktualno\/svet\/ukrajina-bo-zaradi-varnosti-omejila-delovanje-ruskih-verskih-organizacij-na-svojem-ozemlju\/\"]}]},{\"@type\":\"BreadcrumbList\",\"@id\":\"https:\/\/hudo.com\/si\/aktualno\/svet\/ukrajina-bo-zaradi-varnosti-omejila-delovanje-ruskih-verskih-organizacij-na-svojem-ozemlju\/#breadcrumb\",\"itemListElement\":[{\"@type\":\"ListItem\",\"position\":1,\"name\":\"Home\",\"item\":\"https:\/\/hudo.com\/si\/\"},{\"@type\":\"ListItem\",\"position\":2,\"name\":\"Ukrajina bo zaradi varnosti omejila delovanje ruskih verskih organizacij na svojem ozemlju\"}]},{\"@type\":\"WebSite\",\"@id\":\"https:\/\/hudo.com\/si\/#website\",\"url\":\"https:\/\/hudo.com\/si\/\",\"name\":\"Hudo Slovenija\",\"description\":\"Vse novice iz Slovenije in sveta\",\"publisher\":{\"@id\":\"https:\/\/hudo.com\/si\/#organization\"},\"potentialAction\":[{\"@type\":\"SearchAction\",\"target\":{\"@type\":\"EntryPoint\",\"urlTemplate\":\"https:\/\/hudo.com\/si\/?s={search_term_string}\"},\"query-input\":\"required name=search_term_string\"}],\"inLanguage\":\"sl-SI\"},{\"@type\":\"Organization\",\"@id\":\"https:\/\/hudo.com\/si\/#organization\",\"name\":\"VSN Media\",\"url\":\"https:\/\/hudo.com\/si\/\",\"logo\":{\"@type\":\"ImageObject\",\"inLanguage\":\"sl-SI\",\"@id\":\"https:\/\/hudo.com\/si\/#\/schema\/logo\/image\/\",\"url\":\"https:\/\/hudo.com\/si\/wp-content\/uploads\/sites\/2\/2021\/03\/hudo-app-2.png\",\"contentUrl\":\"https:\/\/hudo.com\/si\/wp-content\/uploads\/sites\/2\/2021\/03\/hudo-app-2.png\",\"width\":2185,\"height\":2167,\"caption\":\"VSN Media\"},\"image\":{\"@id\":\"https:\/\/hudo.com\/si\/#\/schema\/logo\/image\/\"},\"sameAs\":[\"https:\/\/www.facebook.com\/hudo.si\",\"https:\/\/twitter.com\/hudo_si\"]},{\"@type\":\"Person\",\"@id\":\"https:\/\/hudo.com\/si\/#\/schema\/person\/18f09c02475ba9e606e941a565b80cff\",\"name\":\"A. P., STA\",\"image\":{\"@type\":\"ImageObject\",\"inLanguage\":\"sl-SI\",\"@id\":\"https:\/\/hudo.com\/si\/#\/schema\/person\/image\/\",\"url\":\"https:\/\/secure.gravatar.com\/avatar\/03eac8e609f5f04383125d80eaeaaf3e?s=96&d=mm&r=g\",\"contentUrl\":\"https:\/\/secure.gravatar.com\/avatar\/03eac8e609f5f04383125d80eaeaaf3e?s=96&d=mm&r=g\",\"caption\":\"A. P., STA\"},\"url\":\"https:\/\/hudo.com\/si\/author\/lubu\/\"}]}<\/script>\n<!-- \/ Yoast SEO plugin. -->","yoast_head_json":{"title":"Ukrajina bo zaradi varnosti omejila delovanje ruskih verskih organizacij na svojem ozemlju - Hudo Slovenija","robots":{"index":"index","follow":"follow","max-snippet":"max-snippet:-1","max-image-preview":"max-image-preview:large","max-video-preview":"max-video-preview:-1"},"canonical":"https:\/\/hudo.com\/si\/aktualno\/svet\/ukrajina-bo-zaradi-varnosti-omejila-delovanje-ruskih-verskih-organizacij-na-svojem-ozemlju\/","og_locale":"sl_SI","og_type":"article","og_title":"Ukrajina bo zaradi varnosti omejila delovanje ruskih verskih organizacij na svojem ozemlju - Hudo Slovenija","og_description":"Ukrajina bo omejila delovanje verskih organizacij, ki so povezane z Rusijo, je v \u010detrtek v svojem nagovoru sporo\u010dil ukrajinski predsednik Volodimir Zelenski in ob tem poudaril, da mora Ukrajina svojo neodvisnost braniti tudi na verskem podro\u010dju, je zapisano na uradni spletni strani ukrajinskega predsednika.","og_url":"https:\/\/hudo.com\/si\/aktualno\/svet\/ukrajina-bo-zaradi-varnosti-omejila-delovanje-ruskih-verskih-organizacij-na-svojem-ozemlju\/","og_site_name":"Hudo Slovenija","article_publisher":"https:\/\/www.facebook.com\/hudo.si","article_published_time":"2022-12-02T08:26:48+00:00","article_modified_time":"2022-12-02T08:36:46+00:00","og_image":[{"width":1250,"height":808,"url":"https:\/\/hudo.com\/si\/wp-content\/uploads\/sites\/2\/2022\/12\/profimedia-0159835933.jpg","type":"image\/jpeg"}],"author":"A. P., STA","twitter_card":"summary_large_image","twitter_creator":"@hudo_si","twitter_site":"@hudo_si","twitter_misc":{"Written by":"A. P., STA","Est. reading time":"1 minuta"},"schema":{"@context":"https:\/\/schema.org","@graph":[{"@type":"Article","@id":"https:\/\/hudo.com\/si\/aktualno\/svet\/ukrajina-bo-zaradi-varnosti-omejila-delovanje-ruskih-verskih-organizacij-na-svojem-ozemlju\/#article","isPartOf":{"@id":"https:\/\/hudo.com\/si\/aktualno\/svet\/ukrajina-bo-zaradi-varnosti-omejila-delovanje-ruskih-verskih-organizacij-na-svojem-ozemlju\/"},"author":{"name":"A. P., STA","@id":"https:\/\/hudo.com\/si\/#\/schema\/person\/18f09c02475ba9e606e941a565b80cff"},"headline":"Ukrajina bo zaradi varnosti omejila delovanje ruskih verskih organizacij na svojem ozemlju","datePublished":"2022-12-02T08:26:48+00:00","dateModified":"2022-12-02T08:36:46+00:00","mainEntityOfPage":{"@id":"https:\/\/hudo.com\/si\/aktualno\/svet\/ukrajina-bo-zaradi-varnosti-omejila-delovanje-ruskih-verskih-organizacij-na-svojem-ozemlju\/"},"wordCount":212,"publisher":{"@id":"https:\/\/hudo.com\/si\/#organization"},"keywords":["pravoslavna cerkev","Rusija","vojna v ukrajini"],"articleSection":["Svet"],"inLanguage":"sl-SI"},{"@type":"WebPage","@id":"https:\/\/hudo.com\/si\/aktualno\/svet\/ukrajina-bo-zaradi-varnosti-omejila-delovanje-ruskih-verskih-organizacij-na-svojem-ozemlju\/","url":"https:\/\/hudo.com\/si\/aktualno\/svet\/ukrajina-bo-zaradi-varnosti-omejila-delovanje-ruskih-verskih-organizacij-na-svojem-ozemlju\/","name":"Ukrajina bo zaradi varnosti omejila delovanje ruskih verskih organizacij na svojem ozemlju - Hudo Slovenija","isPartOf":{"@id":"https:\/\/hudo.com\/si\/#website"},"datePublished":"2022-12-02T08:26:48+00:00","dateModified":"2022-12-02T08:36:46+00:00","breadcrumb":{"@id":"https:\/\/hudo.com\/si\/aktualno\/svet\/ukrajina-bo-zaradi-varnosti-omejila-delovanje-ruskih-verskih-organizacij-na-svojem-ozemlju\/#breadcrumb"},"inLanguage":"sl-SI","potentialAction":[{"@type":"ReadAction","target":["https:\/\/hudo.com\/si\/aktualno\/svet\/ukrajina-bo-zaradi-varnosti-omejila-delovanje-ruskih-verskih-organizacij-na-svojem-ozemlju\/"]}]},{"@type":"BreadcrumbList","@id":"https:\/\/hudo.com\/si\/aktualno\/svet\/ukrajina-bo-zaradi-varnosti-omejila-delovanje-ruskih-verskih-organizacij-na-svojem-ozemlju\/#breadcrumb","itemListElement":[{"@type":"ListItem","position":1,"name":"Home","item":"https:\/\/hudo.com\/si\/"},{"@type":"ListItem","position":2,"name":"Ukrajina bo zaradi varnosti omejila delovanje ruskih verskih organizacij na svojem ozemlju"}]},{"@type":"WebSite","@id":"https:\/\/hudo.com\/si\/#website","url":"https:\/\/hudo.com\/si\/","name":"Hudo Slovenija","description":"Vse novice iz Slovenije in sveta","publisher":{"@id":"https:\/\/hudo.com\/si\/#organization"},"potentialAction":[{"@type":"SearchAction","target":{"@type":"EntryPoint","urlTemplate":"https:\/\/hudo.com\/si\/?s={search_term_string}"},"query-input":"required name=search_term_string"}],"inLanguage":"sl-SI"},{"@type":"Organization","@id":"https:\/\/hudo.com\/si\/#organization","name":"VSN Media","url":"https:\/\/hudo.com\/si\/","logo":{"@type":"ImageObject","inLanguage":"sl-SI","@id":"https:\/\/hudo.com\/si\/#\/schema\/logo\/image\/","url":"https:\/\/hudo.com\/si\/wp-content\/uploads\/sites\/2\/2021\/03\/hudo-app-2.png","contentUrl":"https:\/\/hudo.com\/si\/wp-content\/uploads\/sites\/2\/2021\/03\/hudo-app-2.png","width":2185,"height":2167,"caption":"VSN Media"},"image":{"@id":"https:\/\/hudo.com\/si\/#\/schema\/logo\/image\/"},"sameAs":["https:\/\/www.facebook.com\/hudo.si","https:\/\/twitter.com\/hudo_si"]},{"@type":"Person","@id":"https:\/\/hudo.com\/si\/#\/schema\/person\/18f09c02475ba9e606e941a565b80cff","name":"A. P., STA","image":{"@type":"ImageObject","inLanguage":"sl-SI","@id":"https:\/\/hudo.com\/si\/#\/schema\/person\/image\/","url":"https:\/\/secure.gravatar.com\/avatar\/03eac8e609f5f04383125d80eaeaaf3e?s=96&d=mm&r=g","contentUrl":"https:\/\/secure.gravatar.com\/avatar\/03eac8e609f5f04383125d80eaeaaf3e?s=96&d=mm&r=g","caption":"A. P., STA"},"url":"https:\/\/hudo.com\/si\/author\/lubu\/"}]}},"amp_enabled":true,"_links":{"self":[{"href":"https:\/\/hudo.com\/si\/wp-json\/wp\/v2\/posts\/475025"}],"collection":[{"href":"https:\/\/hudo.com\/si\/wp-json\/wp\/v2\/posts"}],"about":[{"href":"https:\/\/hudo.com\/si\/wp-json\/wp\/v2\/types\/post"}],"author":[{"embeddable":true,"href":"https:\/\/hudo.com\/si\/wp-json\/wp\/v2\/users\/7"}],"replies":[{"embeddable":true,"href":"https:\/\/hudo.com\/si\/wp-json\/wp\/v2\/comments?post=475025"}],"version-history":[{"count":2,"href":"https:\/\/hudo.com\/si\/wp-json\/wp\/v2\/posts\/475025\/revisions"}],"predecessor-version":[{"id":475029,"href":"https:\/\/hudo.com\/si\/wp-json\/wp\/v2\/posts\/475025\/revisions\/475029"}],"wp:featuredmedia":[{"embeddable":true,"href":"https:\/\/hudo.com\/si\/wp-json\/wp\/v2\/media\/475026"}],"wp:attachment":[{"href":"https:\/\/hudo.com\/si\/wp-json\/wp\/v2\/media?parent=475025"}],"wp:term":[{"taxonomy":"category","embeddable":true,"href":"https:\/\/hudo.com\/si\/wp-json\/wp\/v2\/categories?post=475025"},{"taxonomy":"post_tag","embeddable":true,"href":"https:\/\/hudo.com\/si\/wp-json\/wp\/v2\/tags?post=475025"},{"taxonomy":"source","embeddable":true,"href":"https:\/\/hudo.com\/si\/wp-json\/wp\/v2\/source?post=475025"},{"taxonomy":"supertag","embeddable":true,"href":"https:\/\/hudo.com\/si\/wp-json\/wp\/v2\/supertag?post=475025"}],"curies":[{"name":"wp","href":"https:\/\/api.w.org\/{rel}","templated":true}]}}