{"id":475099,"date":"2022-12-05T09:05:19","date_gmt":"2022-12-05T08:05:19","guid":{"rendered":"https:\/\/hudo.com\/si\/?p=475099"},"modified":"2022-12-05T09:05:19","modified_gmt":"2022-12-05T08:05:19","slug":"plaz-pod-turskim-zlebom-odnesel-planinca-oba-sta-huje-poskodovana","status":"publish","type":"post","link":"https:\/\/hudo.com\/si\/aktualno\/slovenija\/plaz-pod-turskim-zlebom-odnesel-planinca-oba-sta-huje-poskodovana\/","title":{"rendered":"Plaz pod Turskim \u017elebom odnesel planinca, oba sta huje po\u0161kodovana"},"content":{"rendered":"<p>Plaz pod Turskim \u017elebom se je v nedeljo spro\u017eil kljub temu, da je bila stopnja nevarnosti sne\u017enih plazov majhna. Gorski re\u0161evalci opozarjajo \u0161e, naj se planinci na ture v zimskih razmerah dobro pripravijo. &#8220;Pomembno je, da imate in znate uporabljati zimsko opremo: dereze, cepin, plazovni troj\u010dek,&#8221; so zapisali.<\/p>\n<p>Vsem, ki hoje v gore pozimi niso ve\u0161\u010di, pa svetujejo obisk te\u010dajev Varno v gore pozimi, ki jih organizirajo Planinska zveza Slovenije, Zdru\u017eenje gorskih vodnikov Slovenije in dru\u0161tva GRS po Sloveniji.<\/p>\n","protected":false},"excerpt":{"rendered":"<p>Plaz pod Turskim \u017elebom je v nedeljo odnesel dva planinca, oba pa sta huje po\u0161kodovana, je na Facebooku objavila Gorska re\u0161evalna zveza Slovenije (GRS). Ob tem opozarja, naj planinci zaradi pove\u010dane nevarnosti pro\u017eenja sne\u017enih plazov vsaj tri dni po obilnem sne\u017eenju ne zahajajo v gore.<\/p>\n","protected":false},"author":5,"featured_media":332230,"comment_status":"closed","ping_status":"closed","sticky":false,"template":"","format":"standard","meta":{"footnotes":""},"categories":[18201],"tags":[1595,7677],"source":[4511],"supertag":[5675],"acf":[],"yoast_head":"<!-- This site is optimized with the Yoast SEO plugin v21.3 - https:\/\/yoast.com\/wordpress\/plugins\/seo\/ -->\n<title>Plaz pod Turskim \u017elebom odnesel planinca, oba sta huje po\u0161kodovana - Hudo Slovenija<\/title>\n<meta name=\"robots\" content=\"index, follow, max-snippet:-1, max-image-preview:large, max-video-preview:-1\" \/>\n<link rel=\"canonical\" href=\"https:\/\/hudo.com\/si\/aktualno\/slovenija\/plaz-pod-turskim-zlebom-odnesel-planinca-oba-sta-huje-poskodovana\/\" \/>\n<meta property=\"og:locale\" content=\"sl_SI\" \/>\n<meta property=\"og:type\" content=\"article\" \/>\n<meta property=\"og:title\" content=\"Plaz pod Turskim \u017elebom odnesel planinca, oba sta huje po\u0161kodovana - Hudo Slovenija\" \/>\n<meta property=\"og:description\" content=\"Plaz pod Turskim \u017elebom je v nedeljo odnesel dva planinca, oba pa sta huje po\u0161kodovana, je na Facebooku objavila Gorska re\u0161evalna zveza Slovenije (GRS). Ob tem opozarja, naj planinci zaradi pove\u010dane nevarnosti pro\u017eenja sne\u017enih plazov vsaj tri dni po obilnem sne\u017eenju ne zahajajo v gore.\" \/>\n<meta property=\"og:url\" content=\"https:\/\/hudo.com\/si\/aktualno\/slovenija\/plaz-pod-turskim-zlebom-odnesel-planinca-oba-sta-huje-poskodovana\/\" \/>\n<meta property=\"og:site_name\" content=\"Hudo Slovenija\" \/>\n<meta property=\"article:publisher\" content=\"https:\/\/www.facebook.com\/hudo.si\" \/>\n<meta property=\"article:published_time\" content=\"2022-12-05T08:05:19+00:00\" \/>\n<meta property=\"og:image\" content=\"https:\/\/hudo.com\/si\/wp-content\/uploads\/sites\/2\/2017\/12\/profimedia-0102180812.jpg\" \/>\n\t<meta property=\"og:image:width\" content=\"1250\" \/>\n\t<meta property=\"og:image:height\" content=\"612\" \/>\n\t<meta property=\"og:image:type\" content=\"image\/jpeg\" \/>\n<meta name=\"author\" content=\"A. G., STA\" \/>\n<meta name=\"twitter:card\" content=\"summary_large_image\" \/>\n<meta name=\"twitter:creator\" content=\"@hudo_si\" \/>\n<meta name=\"twitter:site\" content=\"@hudo_si\" \/>\n<meta name=\"twitter:label1\" content=\"Written by\" \/>\n\t<meta name=\"twitter:data1\" content=\"A. G., STA\" \/>\n<script type=\"application\/ld+json\" class=\"yoast-schema-graph\">{\"@context\":\"https:\/\/schema.org\",\"@graph\":[{\"@type\":\"Article\",\"@id\":\"https:\/\/hudo.com\/si\/aktualno\/slovenija\/plaz-pod-turskim-zlebom-odnesel-planinca-oba-sta-huje-poskodovana\/#article\",\"isPartOf\":{\"@id\":\"https:\/\/hudo.com\/si\/aktualno\/slovenija\/plaz-pod-turskim-zlebom-odnesel-planinca-oba-sta-huje-poskodovana\/\"},\"author\":{\"name\":\"A. G., STA\",\"@id\":\"https:\/\/hudo.com\/si\/#\/schema\/person\/2391667a63ea075ba94f2f2dc6b77537\"},\"headline\":\"Plaz pod Turskim \u017elebom odnesel planinca, oba sta huje po\u0161kodovana\",\"datePublished\":\"2022-12-05T08:05:19+00:00\",\"dateModified\":\"2022-12-05T08:05:19+00:00\",\"mainEntityOfPage\":{\"@id\":\"https:\/\/hudo.com\/si\/aktualno\/slovenija\/plaz-pod-turskim-zlebom-odnesel-planinca-oba-sta-huje-poskodovana\/\"},\"wordCount\":98,\"publisher\":{\"@id\":\"https:\/\/hudo.com\/si\/#organization\"},\"keywords\":[\"Slovenija\",\"sne\u017eni plaz\"],\"articleSection\":[\"Slovenija\"],\"inLanguage\":\"sl-SI\"},{\"@type\":\"WebPage\",\"@id\":\"https:\/\/hudo.com\/si\/aktualno\/slovenija\/plaz-pod-turskim-zlebom-odnesel-planinca-oba-sta-huje-poskodovana\/\",\"url\":\"https:\/\/hudo.com\/si\/aktualno\/slovenija\/plaz-pod-turskim-zlebom-odnesel-planinca-oba-sta-huje-poskodovana\/\",\"name\":\"Plaz pod Turskim \u017elebom odnesel planinca, oba sta huje po\u0161kodovana - Hudo Slovenija\",\"isPartOf\":{\"@id\":\"https:\/\/hudo.com\/si\/#website\"},\"datePublished\":\"2022-12-05T08:05:19+00:00\",\"dateModified\":\"2022-12-05T08:05:19+00:00\",\"breadcrumb\":{\"@id\":\"https:\/\/hudo.com\/si\/aktualno\/slovenija\/plaz-pod-turskim-zlebom-odnesel-planinca-oba-sta-huje-poskodovana\/#breadcrumb\"},\"inLanguage\":\"sl-SI\",\"potentialAction\":[{\"@type\":\"ReadAction\",\"target\":[\"https:\/\/hudo.com\/si\/aktualno\/slovenija\/plaz-pod-turskim-zlebom-odnesel-planinca-oba-sta-huje-poskodovana\/\"]}]},{\"@type\":\"BreadcrumbList\",\"@id\":\"https:\/\/hudo.com\/si\/aktualno\/slovenija\/plaz-pod-turskim-zlebom-odnesel-planinca-oba-sta-huje-poskodovana\/#breadcrumb\",\"itemListElement\":[{\"@type\":\"ListItem\",\"position\":1,\"name\":\"Home\",\"item\":\"https:\/\/hudo.com\/si\/\"},{\"@type\":\"ListItem\",\"position\":2,\"name\":\"Plaz pod Turskim \u017elebom odnesel planinca, oba sta huje po\u0161kodovana\"}]},{\"@type\":\"WebSite\",\"@id\":\"https:\/\/hudo.com\/si\/#website\",\"url\":\"https:\/\/hudo.com\/si\/\",\"name\":\"Hudo Slovenija\",\"description\":\"Vse novice iz Slovenije in sveta\",\"publisher\":{\"@id\":\"https:\/\/hudo.com\/si\/#organization\"},\"potentialAction\":[{\"@type\":\"SearchAction\",\"target\":{\"@type\":\"EntryPoint\",\"urlTemplate\":\"https:\/\/hudo.com\/si\/?s={search_term_string}\"},\"query-input\":\"required name=search_term_string\"}],\"inLanguage\":\"sl-SI\"},{\"@type\":\"Organization\",\"@id\":\"https:\/\/hudo.com\/si\/#organization\",\"name\":\"VSN Media\",\"url\":\"https:\/\/hudo.com\/si\/\",\"logo\":{\"@type\":\"ImageObject\",\"inLanguage\":\"sl-SI\",\"@id\":\"https:\/\/hudo.com\/si\/#\/schema\/logo\/image\/\",\"url\":\"https:\/\/hudo.com\/si\/wp-content\/uploads\/sites\/2\/2021\/03\/hudo-app-2.png\",\"contentUrl\":\"https:\/\/hudo.com\/si\/wp-content\/uploads\/sites\/2\/2021\/03\/hudo-app-2.png\",\"width\":2185,\"height\":2167,\"caption\":\"VSN Media\"},\"image\":{\"@id\":\"https:\/\/hudo.com\/si\/#\/schema\/logo\/image\/\"},\"sameAs\":[\"https:\/\/www.facebook.com\/hudo.si\",\"https:\/\/twitter.com\/hudo_si\"]},{\"@type\":\"Person\",\"@id\":\"https:\/\/hudo.com\/si\/#\/schema\/person\/2391667a63ea075ba94f2f2dc6b77537\",\"name\":\"A. G., STA\",\"image\":{\"@type\":\"ImageObject\",\"inLanguage\":\"sl-SI\",\"@id\":\"https:\/\/hudo.com\/si\/#\/schema\/person\/image\/\",\"url\":\"https:\/\/secure.gravatar.com\/avatar\/e13d22ac3e442658d5025fbbe6238a79?s=96&d=mm&r=g\",\"contentUrl\":\"https:\/\/secure.gravatar.com\/avatar\/e13d22ac3e442658d5025fbbe6238a79?s=96&d=mm&r=g\",\"caption\":\"A. G., STA\"},\"url\":\"https:\/\/hudo.com\/si\/author\/alenka\/\"}]}<\/script>\n<!-- \/ Yoast SEO plugin. -->","yoast_head_json":{"title":"Plaz pod Turskim \u017elebom odnesel planinca, oba sta huje po\u0161kodovana - Hudo Slovenija","robots":{"index":"index","follow":"follow","max-snippet":"max-snippet:-1","max-image-preview":"max-image-preview:large","max-video-preview":"max-video-preview:-1"},"canonical":"https:\/\/hudo.com\/si\/aktualno\/slovenija\/plaz-pod-turskim-zlebom-odnesel-planinca-oba-sta-huje-poskodovana\/","og_locale":"sl_SI","og_type":"article","og_title":"Plaz pod Turskim \u017elebom odnesel planinca, oba sta huje po\u0161kodovana - Hudo Slovenija","og_description":"Plaz pod Turskim \u017elebom je v nedeljo odnesel dva planinca, oba pa sta huje po\u0161kodovana, je na Facebooku objavila Gorska re\u0161evalna zveza Slovenije (GRS). Ob tem opozarja, naj planinci zaradi pove\u010dane nevarnosti pro\u017eenja sne\u017enih plazov vsaj tri dni po obilnem sne\u017eenju ne zahajajo v gore.","og_url":"https:\/\/hudo.com\/si\/aktualno\/slovenija\/plaz-pod-turskim-zlebom-odnesel-planinca-oba-sta-huje-poskodovana\/","og_site_name":"Hudo Slovenija","article_publisher":"https:\/\/www.facebook.com\/hudo.si","article_published_time":"2022-12-05T08:05:19+00:00","og_image":[{"width":1250,"height":612,"url":"https:\/\/hudo.com\/si\/wp-content\/uploads\/sites\/2\/2017\/12\/profimedia-0102180812.jpg","type":"image\/jpeg"}],"author":"A. G., STA","twitter_card":"summary_large_image","twitter_creator":"@hudo_si","twitter_site":"@hudo_si","twitter_misc":{"Written by":"A. G., STA"},"schema":{"@context":"https:\/\/schema.org","@graph":[{"@type":"Article","@id":"https:\/\/hudo.com\/si\/aktualno\/slovenija\/plaz-pod-turskim-zlebom-odnesel-planinca-oba-sta-huje-poskodovana\/#article","isPartOf":{"@id":"https:\/\/hudo.com\/si\/aktualno\/slovenija\/plaz-pod-turskim-zlebom-odnesel-planinca-oba-sta-huje-poskodovana\/"},"author":{"name":"A. G., STA","@id":"https:\/\/hudo.com\/si\/#\/schema\/person\/2391667a63ea075ba94f2f2dc6b77537"},"headline":"Plaz pod Turskim \u017elebom odnesel planinca, oba sta huje po\u0161kodovana","datePublished":"2022-12-05T08:05:19+00:00","dateModified":"2022-12-05T08:05:19+00:00","mainEntityOfPage":{"@id":"https:\/\/hudo.com\/si\/aktualno\/slovenija\/plaz-pod-turskim-zlebom-odnesel-planinca-oba-sta-huje-poskodovana\/"},"wordCount":98,"publisher":{"@id":"https:\/\/hudo.com\/si\/#organization"},"keywords":["Slovenija","sne\u017eni plaz"],"articleSection":["Slovenija"],"inLanguage":"sl-SI"},{"@type":"WebPage","@id":"https:\/\/hudo.com\/si\/aktualno\/slovenija\/plaz-pod-turskim-zlebom-odnesel-planinca-oba-sta-huje-poskodovana\/","url":"https:\/\/hudo.com\/si\/aktualno\/slovenija\/plaz-pod-turskim-zlebom-odnesel-planinca-oba-sta-huje-poskodovana\/","name":"Plaz pod Turskim \u017elebom odnesel planinca, oba sta huje po\u0161kodovana - Hudo Slovenija","isPartOf":{"@id":"https:\/\/hudo.com\/si\/#website"},"datePublished":"2022-12-05T08:05:19+00:00","dateModified":"2022-12-05T08:05:19+00:00","breadcrumb":{"@id":"https:\/\/hudo.com\/si\/aktualno\/slovenija\/plaz-pod-turskim-zlebom-odnesel-planinca-oba-sta-huje-poskodovana\/#breadcrumb"},"inLanguage":"sl-SI","potentialAction":[{"@type":"ReadAction","target":["https:\/\/hudo.com\/si\/aktualno\/slovenija\/plaz-pod-turskim-zlebom-odnesel-planinca-oba-sta-huje-poskodovana\/"]}]},{"@type":"BreadcrumbList","@id":"https:\/\/hudo.com\/si\/aktualno\/slovenija\/plaz-pod-turskim-zlebom-odnesel-planinca-oba-sta-huje-poskodovana\/#breadcrumb","itemListElement":[{"@type":"ListItem","position":1,"name":"Home","item":"https:\/\/hudo.com\/si\/"},{"@type":"ListItem","position":2,"name":"Plaz pod Turskim \u017elebom odnesel planinca, oba sta huje po\u0161kodovana"}]},{"@type":"WebSite","@id":"https:\/\/hudo.com\/si\/#website","url":"https:\/\/hudo.com\/si\/","name":"Hudo Slovenija","description":"Vse novice iz Slovenije in sveta","publisher":{"@id":"https:\/\/hudo.com\/si\/#organization"},"potentialAction":[{"@type":"SearchAction","target":{"@type":"EntryPoint","urlTemplate":"https:\/\/hudo.com\/si\/?s={search_term_string}"},"query-input":"required name=search_term_string"}],"inLanguage":"sl-SI"},{"@type":"Organization","@id":"https:\/\/hudo.com\/si\/#organization","name":"VSN Media","url":"https:\/\/hudo.com\/si\/","logo":{"@type":"ImageObject","inLanguage":"sl-SI","@id":"https:\/\/hudo.com\/si\/#\/schema\/logo\/image\/","url":"https:\/\/hudo.com\/si\/wp-content\/uploads\/sites\/2\/2021\/03\/hudo-app-2.png","contentUrl":"https:\/\/hudo.com\/si\/wp-content\/uploads\/sites\/2\/2021\/03\/hudo-app-2.png","width":2185,"height":2167,"caption":"VSN Media"},"image":{"@id":"https:\/\/hudo.com\/si\/#\/schema\/logo\/image\/"},"sameAs":["https:\/\/www.facebook.com\/hudo.si","https:\/\/twitter.com\/hudo_si"]},{"@type":"Person","@id":"https:\/\/hudo.com\/si\/#\/schema\/person\/2391667a63ea075ba94f2f2dc6b77537","name":"A. G., STA","image":{"@type":"ImageObject","inLanguage":"sl-SI","@id":"https:\/\/hudo.com\/si\/#\/schema\/person\/image\/","url":"https:\/\/secure.gravatar.com\/avatar\/e13d22ac3e442658d5025fbbe6238a79?s=96&d=mm&r=g","contentUrl":"https:\/\/secure.gravatar.com\/avatar\/e13d22ac3e442658d5025fbbe6238a79?s=96&d=mm&r=g","caption":"A. G., STA"},"url":"https:\/\/hudo.com\/si\/author\/alenka\/"}]}},"amp_enabled":true,"_links":{"self":[{"href":"https:\/\/hudo.com\/si\/wp-json\/wp\/v2\/posts\/475099"}],"collection":[{"href":"https:\/\/hudo.com\/si\/wp-json\/wp\/v2\/posts"}],"about":[{"href":"https:\/\/hudo.com\/si\/wp-json\/wp\/v2\/types\/post"}],"author":[{"embeddable":true,"href":"https:\/\/hudo.com\/si\/wp-json\/wp\/v2\/users\/5"}],"replies":[{"embeddable":true,"href":"https:\/\/hudo.com\/si\/wp-json\/wp\/v2\/comments?post=475099"}],"version-history":[{"count":1,"href":"https:\/\/hudo.com\/si\/wp-json\/wp\/v2\/posts\/475099\/revisions"}],"predecessor-version":[{"id":475100,"href":"https:\/\/hudo.com\/si\/wp-json\/wp\/v2\/posts\/475099\/revisions\/475100"}],"wp:featuredmedia":[{"embeddable":true,"href":"https:\/\/hudo.com\/si\/wp-json\/wp\/v2\/media\/332230"}],"wp:attachment":[{"href":"https:\/\/hudo.com\/si\/wp-json\/wp\/v2\/media?parent=475099"}],"wp:term":[{"taxonomy":"category","embeddable":true,"href":"https:\/\/hudo.com\/si\/wp-json\/wp\/v2\/categories?post=475099"},{"taxonomy":"post_tag","embeddable":true,"href":"https:\/\/hudo.com\/si\/wp-json\/wp\/v2\/tags?post=475099"},{"taxonomy":"source","embeddable":true,"href":"https:\/\/hudo.com\/si\/wp-json\/wp\/v2\/source?post=475099"},{"taxonomy":"supertag","embeddable":true,"href":"https:\/\/hudo.com\/si\/wp-json\/wp\/v2\/supertag?post=475099"}],"curies":[{"name":"wp","href":"https:\/\/api.w.org\/{rel}","templated":true}]}}