{"id":475125,"date":"2022-12-05T14:49:37","date_gmt":"2022-12-05T13:49:37","guid":{"rendered":"https:\/\/hudo.com\/si\/?p=475125"},"modified":"2022-12-05T14:49:37","modified_gmt":"2022-12-05T13:49:37","slug":"znano-zakaj-je-v-krskem-umrl-25-letni-policist","status":"publish","type":"post","link":"https:\/\/hudo.com\/si\/aktualno\/slovenija\/znano-zakaj-je-v-krskem-umrl-25-letni-policist\/","title":{"rendered":"Znano, zakaj je v Kr\u0161kem umrl 25-letni policist"},"content":{"rendered":"<p>Kaj natan\u010dno se je zgodilo, za zdaj \u0161e ni povsem znano, to naj bi pokazala preiskava in interni nadzor, ki ga je odredil Lindav. Za zdaj je znano le, da je do dogodka pri\u0161lo nekaj pred 6. uro zjutraj v garderobi policijske postaje, ko naj bi se 21-letnik in njegov 25-letni policijski kolega preobla\u010dila. Pri tem je pri\u0161lo do spro\u017eitve pi\u0161tole 21-letnika, krogla pa je zadela 25-letnika.<\/p>\n<p>Slednjemu so takoj na razli\u010dne na\u010dine posku\u0161ali pomagati ostali policisti, pri\u0161li so tudi re\u0161evalci, a je v bre\u017ei\u0161ki bolni\u0161nici okoli 7. ure umrl.<\/p>\n<p>Oba policista sta na Policijsko postajo Kr\u0161ko po besedah direktorja Policijske uprave (PU) Novo mesto Janeza Ogulin pri\u0161la oktobra, neposredno s \u0161olanja. S policije so sicer dopoldne sporo\u010dili, da je bil pokojni star 24 let, v izjavi za medije pa je Ogulin podatek popravil in povedal, da je bil star 25 let.<\/p>\n<p>&#8220;Izgubili smo mladega policista, na za\u010detku svoje kariere, in zaradi tega je vsa organizacija v \u0161oku. V \u017eivljenju sem videl \u017ee marsikaj, mislil sem, da sem pripravljen na vse, a tak dogodek te preprosto ne more pustiti ravnodu\u0161nega,&#8221; je v izjavi povedal Lindav.<\/p>\n<p>Kaj je \u0161lo narobe, po njegovih besedah v tem trenutku ne morejo povedati, &#8220;sta \u0161la pa oba policista skozi usposabljanja tako kot vsi policisti do zdaj&#8221;. Svojcem, prijateljem in sodelavcem nudijo potrebno psiholo\u0161ko pomo\u010d, prav tako policistu, ki se mu je spro\u017eila pi\u0161tola. &#8220;Zavedamo se, da nobena beseda ne bo obudila mladega \u017eivljenja, vseeno pa lahko kot dobri ljudje veliko naredimo, da bo \u017ealost manj\u0161a,&#8221; je dejal Lindav.<\/p>\n<p>Skupaj z Ogulinom je izrekel najgloblje so\u017ealje svojcem, prijateljem in vsem, ki so pokojnega policista poznali, ter izrazil upanje, da do tega ne bo pri\u0161lo nikoli ve\u010d.<\/p>\n<p>So\u017ealjem svojcem, policistom policijske postaje in vodstvu slovenske policije je na Twitterju izrekel tudi predsednik republike Borut Pahor.<\/p>\n","protected":false},"excerpt":{"rendered":"<p>Do nesre\u010de na policijski postaji v Kr\u0161kem, v kateri je zjutraj umrl policist, je pri\u0161lo, ker se je enemu izmed policistov v garderobi za preobla\u010denje spro\u017eila pi\u0161tola, naboj pa je zadel njegovega policijskega kolega, sicer tudi najbolj\u0161ega prijatelja, je v izjavi za javnost povedal v. d. generalnega direktorja policije Bo\u0161tjan Lindav.<\/p>\n","protected":false},"author":5,"featured_media":377829,"comment_status":"closed","ping_status":"closed","sticky":false,"template":"","format":"standard","meta":{"footnotes":""},"categories":[18201],"tags":[4688,7105,1728,1595],"source":[4511],"supertag":[5675],"acf":[],"yoast_head":"<!-- This site is optimized with the Yoast SEO plugin v21.3 - https:\/\/yoast.com\/wordpress\/plugins\/seo\/ -->\n<title>Znano, zakaj je v Kr\u0161kem umrl 25-letni policist - Hudo Slovenija<\/title>\n<meta name=\"robots\" content=\"index, follow, max-snippet:-1, max-image-preview:large, max-video-preview:-1\" \/>\n<link rel=\"canonical\" href=\"https:\/\/hudo.com\/si\/aktualno\/slovenija\/znano-zakaj-je-v-krskem-umrl-25-letni-policist\/\" \/>\n<meta property=\"og:locale\" content=\"sl_SI\" \/>\n<meta property=\"og:type\" content=\"article\" \/>\n<meta property=\"og:title\" content=\"Znano, zakaj je v Kr\u0161kem umrl 25-letni policist - Hudo Slovenija\" \/>\n<meta property=\"og:description\" content=\"Do nesre\u010de na policijski postaji v Kr\u0161kem, v kateri je zjutraj umrl policist, je pri\u0161lo, ker se je enemu izmed policistov v garderobi za preobla\u010denje spro\u017eila pi\u0161tola, naboj pa je zadel njegovega policijskega kolega, sicer tudi najbolj\u0161ega prijatelja, je v izjavi za javnost povedal v. d. generalnega direktorja policije Bo\u0161tjan Lindav.\" \/>\n<meta property=\"og:url\" content=\"https:\/\/hudo.com\/si\/aktualno\/slovenija\/znano-zakaj-je-v-krskem-umrl-25-letni-policist\/\" \/>\n<meta property=\"og:site_name\" content=\"Hudo Slovenija\" \/>\n<meta property=\"article:publisher\" content=\"https:\/\/www.facebook.com\/hudo.si\" \/>\n<meta property=\"article:published_time\" content=\"2022-12-05T13:49:37+00:00\" \/>\n<meta property=\"og:image\" content=\"https:\/\/hudo.com\/si\/wp-content\/uploads\/sites\/2\/2018\/09\/20081013-00104652.jpg\" \/>\n\t<meta property=\"og:image:width\" content=\"640\" \/>\n\t<meta property=\"og:image:height\" content=\"437\" \/>\n\t<meta property=\"og:image:type\" content=\"image\/jpeg\" \/>\n<meta name=\"author\" content=\"A. G., STA\" \/>\n<meta name=\"twitter:card\" content=\"summary_large_image\" \/>\n<meta name=\"twitter:creator\" content=\"@hudo_si\" \/>\n<meta name=\"twitter:site\" content=\"@hudo_si\" \/>\n<meta name=\"twitter:label1\" content=\"Written by\" \/>\n\t<meta name=\"twitter:data1\" content=\"A. G., STA\" \/>\n\t<meta name=\"twitter:label2\" content=\"Est. reading time\" \/>\n\t<meta name=\"twitter:data2\" content=\"2 minuti\" \/>\n<script type=\"application\/ld+json\" class=\"yoast-schema-graph\">{\"@context\":\"https:\/\/schema.org\",\"@graph\":[{\"@type\":\"Article\",\"@id\":\"https:\/\/hudo.com\/si\/aktualno\/slovenija\/znano-zakaj-je-v-krskem-umrl-25-letni-policist\/#article\",\"isPartOf\":{\"@id\":\"https:\/\/hudo.com\/si\/aktualno\/slovenija\/znano-zakaj-je-v-krskem-umrl-25-letni-policist\/\"},\"author\":{\"name\":\"A. G., STA\",\"@id\":\"https:\/\/hudo.com\/si\/#\/schema\/person\/2391667a63ea075ba94f2f2dc6b77537\"},\"headline\":\"Znano, zakaj je v Kr\u0161kem umrl 25-letni policist\",\"datePublished\":\"2022-12-05T13:49:37+00:00\",\"dateModified\":\"2022-12-05T13:49:37+00:00\",\"mainEntityOfPage\":{\"@id\":\"https:\/\/hudo.com\/si\/aktualno\/slovenija\/znano-zakaj-je-v-krskem-umrl-25-letni-policist\/\"},\"wordCount\":329,\"publisher\":{\"@id\":\"https:\/\/hudo.com\/si\/#organization\"},\"keywords\":[\"\u010drna kronika\",\"nesre\u010da\",\"policija\",\"Slovenija\"],\"articleSection\":[\"Slovenija\"],\"inLanguage\":\"sl-SI\"},{\"@type\":\"WebPage\",\"@id\":\"https:\/\/hudo.com\/si\/aktualno\/slovenija\/znano-zakaj-je-v-krskem-umrl-25-letni-policist\/\",\"url\":\"https:\/\/hudo.com\/si\/aktualno\/slovenija\/znano-zakaj-je-v-krskem-umrl-25-letni-policist\/\",\"name\":\"Znano, zakaj je v Kr\u0161kem umrl 25-letni policist - Hudo Slovenija\",\"isPartOf\":{\"@id\":\"https:\/\/hudo.com\/si\/#website\"},\"datePublished\":\"2022-12-05T13:49:37+00:00\",\"dateModified\":\"2022-12-05T13:49:37+00:00\",\"breadcrumb\":{\"@id\":\"https:\/\/hudo.com\/si\/aktualno\/slovenija\/znano-zakaj-je-v-krskem-umrl-25-letni-policist\/#breadcrumb\"},\"inLanguage\":\"sl-SI\",\"potentialAction\":[{\"@type\":\"ReadAction\",\"target\":[\"https:\/\/hudo.com\/si\/aktualno\/slovenija\/znano-zakaj-je-v-krskem-umrl-25-letni-policist\/\"]}]},{\"@type\":\"BreadcrumbList\",\"@id\":\"https:\/\/hudo.com\/si\/aktualno\/slovenija\/znano-zakaj-je-v-krskem-umrl-25-letni-policist\/#breadcrumb\",\"itemListElement\":[{\"@type\":\"ListItem\",\"position\":1,\"name\":\"Home\",\"item\":\"https:\/\/hudo.com\/si\/\"},{\"@type\":\"ListItem\",\"position\":2,\"name\":\"Znano, zakaj je v Kr\u0161kem umrl 25-letni policist\"}]},{\"@type\":\"WebSite\",\"@id\":\"https:\/\/hudo.com\/si\/#website\",\"url\":\"https:\/\/hudo.com\/si\/\",\"name\":\"Hudo Slovenija\",\"description\":\"Vse novice iz Slovenije in sveta\",\"publisher\":{\"@id\":\"https:\/\/hudo.com\/si\/#organization\"},\"potentialAction\":[{\"@type\":\"SearchAction\",\"target\":{\"@type\":\"EntryPoint\",\"urlTemplate\":\"https:\/\/hudo.com\/si\/?s={search_term_string}\"},\"query-input\":\"required name=search_term_string\"}],\"inLanguage\":\"sl-SI\"},{\"@type\":\"Organization\",\"@id\":\"https:\/\/hudo.com\/si\/#organization\",\"name\":\"VSN Media\",\"url\":\"https:\/\/hudo.com\/si\/\",\"logo\":{\"@type\":\"ImageObject\",\"inLanguage\":\"sl-SI\",\"@id\":\"https:\/\/hudo.com\/si\/#\/schema\/logo\/image\/\",\"url\":\"https:\/\/hudo.com\/si\/wp-content\/uploads\/sites\/2\/2021\/03\/hudo-app-2.png\",\"contentUrl\":\"https:\/\/hudo.com\/si\/wp-content\/uploads\/sites\/2\/2021\/03\/hudo-app-2.png\",\"width\":2185,\"height\":2167,\"caption\":\"VSN Media\"},\"image\":{\"@id\":\"https:\/\/hudo.com\/si\/#\/schema\/logo\/image\/\"},\"sameAs\":[\"https:\/\/www.facebook.com\/hudo.si\",\"https:\/\/twitter.com\/hudo_si\"]},{\"@type\":\"Person\",\"@id\":\"https:\/\/hudo.com\/si\/#\/schema\/person\/2391667a63ea075ba94f2f2dc6b77537\",\"name\":\"A. G., STA\",\"image\":{\"@type\":\"ImageObject\",\"inLanguage\":\"sl-SI\",\"@id\":\"https:\/\/hudo.com\/si\/#\/schema\/person\/image\/\",\"url\":\"https:\/\/secure.gravatar.com\/avatar\/e13d22ac3e442658d5025fbbe6238a79?s=96&d=mm&r=g\",\"contentUrl\":\"https:\/\/secure.gravatar.com\/avatar\/e13d22ac3e442658d5025fbbe6238a79?s=96&d=mm&r=g\",\"caption\":\"A. G., STA\"},\"url\":\"https:\/\/hudo.com\/si\/author\/alenka\/\"}]}<\/script>\n<!-- \/ Yoast SEO plugin. -->","yoast_head_json":{"title":"Znano, zakaj je v Kr\u0161kem umrl 25-letni policist - Hudo Slovenija","robots":{"index":"index","follow":"follow","max-snippet":"max-snippet:-1","max-image-preview":"max-image-preview:large","max-video-preview":"max-video-preview:-1"},"canonical":"https:\/\/hudo.com\/si\/aktualno\/slovenija\/znano-zakaj-je-v-krskem-umrl-25-letni-policist\/","og_locale":"sl_SI","og_type":"article","og_title":"Znano, zakaj je v Kr\u0161kem umrl 25-letni policist - Hudo Slovenija","og_description":"Do nesre\u010de na policijski postaji v Kr\u0161kem, v kateri je zjutraj umrl policist, je pri\u0161lo, ker se je enemu izmed policistov v garderobi za preobla\u010denje spro\u017eila pi\u0161tola, naboj pa je zadel njegovega policijskega kolega, sicer tudi najbolj\u0161ega prijatelja, je v izjavi za javnost povedal v. d. generalnega direktorja policije Bo\u0161tjan Lindav.","og_url":"https:\/\/hudo.com\/si\/aktualno\/slovenija\/znano-zakaj-je-v-krskem-umrl-25-letni-policist\/","og_site_name":"Hudo Slovenija","article_publisher":"https:\/\/www.facebook.com\/hudo.si","article_published_time":"2022-12-05T13:49:37+00:00","og_image":[{"width":640,"height":437,"url":"https:\/\/hudo.com\/si\/wp-content\/uploads\/sites\/2\/2018\/09\/20081013-00104652.jpg","type":"image\/jpeg"}],"author":"A. G., STA","twitter_card":"summary_large_image","twitter_creator":"@hudo_si","twitter_site":"@hudo_si","twitter_misc":{"Written by":"A. G., STA","Est. reading time":"2 minuti"},"schema":{"@context":"https:\/\/schema.org","@graph":[{"@type":"Article","@id":"https:\/\/hudo.com\/si\/aktualno\/slovenija\/znano-zakaj-je-v-krskem-umrl-25-letni-policist\/#article","isPartOf":{"@id":"https:\/\/hudo.com\/si\/aktualno\/slovenija\/znano-zakaj-je-v-krskem-umrl-25-letni-policist\/"},"author":{"name":"A. G., STA","@id":"https:\/\/hudo.com\/si\/#\/schema\/person\/2391667a63ea075ba94f2f2dc6b77537"},"headline":"Znano, zakaj je v Kr\u0161kem umrl 25-letni policist","datePublished":"2022-12-05T13:49:37+00:00","dateModified":"2022-12-05T13:49:37+00:00","mainEntityOfPage":{"@id":"https:\/\/hudo.com\/si\/aktualno\/slovenija\/znano-zakaj-je-v-krskem-umrl-25-letni-policist\/"},"wordCount":329,"publisher":{"@id":"https:\/\/hudo.com\/si\/#organization"},"keywords":["\u010drna kronika","nesre\u010da","policija","Slovenija"],"articleSection":["Slovenija"],"inLanguage":"sl-SI"},{"@type":"WebPage","@id":"https:\/\/hudo.com\/si\/aktualno\/slovenija\/znano-zakaj-je-v-krskem-umrl-25-letni-policist\/","url":"https:\/\/hudo.com\/si\/aktualno\/slovenija\/znano-zakaj-je-v-krskem-umrl-25-letni-policist\/","name":"Znano, zakaj je v Kr\u0161kem umrl 25-letni policist - Hudo Slovenija","isPartOf":{"@id":"https:\/\/hudo.com\/si\/#website"},"datePublished":"2022-12-05T13:49:37+00:00","dateModified":"2022-12-05T13:49:37+00:00","breadcrumb":{"@id":"https:\/\/hudo.com\/si\/aktualno\/slovenija\/znano-zakaj-je-v-krskem-umrl-25-letni-policist\/#breadcrumb"},"inLanguage":"sl-SI","potentialAction":[{"@type":"ReadAction","target":["https:\/\/hudo.com\/si\/aktualno\/slovenija\/znano-zakaj-je-v-krskem-umrl-25-letni-policist\/"]}]},{"@type":"BreadcrumbList","@id":"https:\/\/hudo.com\/si\/aktualno\/slovenija\/znano-zakaj-je-v-krskem-umrl-25-letni-policist\/#breadcrumb","itemListElement":[{"@type":"ListItem","position":1,"name":"Home","item":"https:\/\/hudo.com\/si\/"},{"@type":"ListItem","position":2,"name":"Znano, zakaj je v Kr\u0161kem umrl 25-letni policist"}]},{"@type":"WebSite","@id":"https:\/\/hudo.com\/si\/#website","url":"https:\/\/hudo.com\/si\/","name":"Hudo Slovenija","description":"Vse novice iz Slovenije in sveta","publisher":{"@id":"https:\/\/hudo.com\/si\/#organization"},"potentialAction":[{"@type":"SearchAction","target":{"@type":"EntryPoint","urlTemplate":"https:\/\/hudo.com\/si\/?s={search_term_string}"},"query-input":"required name=search_term_string"}],"inLanguage":"sl-SI"},{"@type":"Organization","@id":"https:\/\/hudo.com\/si\/#organization","name":"VSN Media","url":"https:\/\/hudo.com\/si\/","logo":{"@type":"ImageObject","inLanguage":"sl-SI","@id":"https:\/\/hudo.com\/si\/#\/schema\/logo\/image\/","url":"https:\/\/hudo.com\/si\/wp-content\/uploads\/sites\/2\/2021\/03\/hudo-app-2.png","contentUrl":"https:\/\/hudo.com\/si\/wp-content\/uploads\/sites\/2\/2021\/03\/hudo-app-2.png","width":2185,"height":2167,"caption":"VSN Media"},"image":{"@id":"https:\/\/hudo.com\/si\/#\/schema\/logo\/image\/"},"sameAs":["https:\/\/www.facebook.com\/hudo.si","https:\/\/twitter.com\/hudo_si"]},{"@type":"Person","@id":"https:\/\/hudo.com\/si\/#\/schema\/person\/2391667a63ea075ba94f2f2dc6b77537","name":"A. G., STA","image":{"@type":"ImageObject","inLanguage":"sl-SI","@id":"https:\/\/hudo.com\/si\/#\/schema\/person\/image\/","url":"https:\/\/secure.gravatar.com\/avatar\/e13d22ac3e442658d5025fbbe6238a79?s=96&d=mm&r=g","contentUrl":"https:\/\/secure.gravatar.com\/avatar\/e13d22ac3e442658d5025fbbe6238a79?s=96&d=mm&r=g","caption":"A. G., STA"},"url":"https:\/\/hudo.com\/si\/author\/alenka\/"}]}},"amp_enabled":true,"_links":{"self":[{"href":"https:\/\/hudo.com\/si\/wp-json\/wp\/v2\/posts\/475125"}],"collection":[{"href":"https:\/\/hudo.com\/si\/wp-json\/wp\/v2\/posts"}],"about":[{"href":"https:\/\/hudo.com\/si\/wp-json\/wp\/v2\/types\/post"}],"author":[{"embeddable":true,"href":"https:\/\/hudo.com\/si\/wp-json\/wp\/v2\/users\/5"}],"replies":[{"embeddable":true,"href":"https:\/\/hudo.com\/si\/wp-json\/wp\/v2\/comments?post=475125"}],"version-history":[{"count":1,"href":"https:\/\/hudo.com\/si\/wp-json\/wp\/v2\/posts\/475125\/revisions"}],"predecessor-version":[{"id":475126,"href":"https:\/\/hudo.com\/si\/wp-json\/wp\/v2\/posts\/475125\/revisions\/475126"}],"wp:featuredmedia":[{"embeddable":true,"href":"https:\/\/hudo.com\/si\/wp-json\/wp\/v2\/media\/377829"}],"wp:attachment":[{"href":"https:\/\/hudo.com\/si\/wp-json\/wp\/v2\/media?parent=475125"}],"wp:term":[{"taxonomy":"category","embeddable":true,"href":"https:\/\/hudo.com\/si\/wp-json\/wp\/v2\/categories?post=475125"},{"taxonomy":"post_tag","embeddable":true,"href":"https:\/\/hudo.com\/si\/wp-json\/wp\/v2\/tags?post=475125"},{"taxonomy":"source","embeddable":true,"href":"https:\/\/hudo.com\/si\/wp-json\/wp\/v2\/source?post=475125"},{"taxonomy":"supertag","embeddable":true,"href":"https:\/\/hudo.com\/si\/wp-json\/wp\/v2\/supertag?post=475125"}],"curies":[{"name":"wp","href":"https:\/\/api.w.org\/{rel}","templated":true}]}}