{"id":475132,"date":"2022-12-05T17:01:29","date_gmt":"2022-12-05T16:01:29","guid":{"rendered":"https:\/\/hudo.com\/si\/?p=475132"},"modified":"2022-12-05T17:01:29","modified_gmt":"2022-12-05T16:01:29","slug":"golob-z-ministrico-za-notranje-zadeve-imava-v-marsicem-razlicne-poglede","status":"publish","type":"post","link":"https:\/\/hudo.com\/si\/aktualno\/slovenija\/golob-z-ministrico-za-notranje-zadeve-imava-v-marsicem-razlicne-poglede\/","title":{"rendered":"Golob: Z ministrico za notranje zadeve imava v marsi\u010dem razli\u010dne poglede"},"content":{"rendered":"<p>Med drugim sta se pogovarjala tudi o migracijah, kjer ni bilo nobenih razhajanj, je ocenil Golob. Verjame, da je bilo na podro\u010dju migracij celotno delovanje v zadnjih mesecih popolnoma ustrezno in da bo tudi naprej ustrezno, je dejal.<\/p>\n<p>&#8220;Sva se pa sicer danes pogovarjala o marsi\u010dem, imava v marsi\u010dem razli\u010dne poglede, ampak o tem bo pa sporo\u010dilo posredovano kasneje,&#8221; je \u0161e dodal.<\/p>\n<p>V zadnjih dneh so vse glasnej\u0161a ugibanja, ali bi lahko ob uveljavitvi sprememb zakona o vladi pri\u0161lo \u0161e do drugih menjav v ministrski ekipi premierja Roberta Goloba. V sredi\u0161\u010du teh se je zna\u0161la ministrica za notranje zadeve Tatjana Bobnar, ki na vladi ni uspela s predlogom za imenovanje Bo\u0161tjana Lindava na mesto generalnega direktorja policije s polnim mandatom.<\/p>\n<p>Po vnovi\u010dnem imenovanju Lindava kot v. d. generalnega direktorja je ministrica v izjavi za medije poudarila, da se mora politika kon\u010dati pred vrati generalnega direktorja policije. Na tem stali\u0161\u010du bo vztrajala, \u010detudi jo bo to stalo ministrskega mesta, je napovedala.<\/p>\n","protected":false},"excerpt":{"rendered":"<p>Predsednik vlade Robert Golob je po dana\u0161njem pogovoru z notranjo ministrico Tatjano Bobnar dejal, da imata v marsi\u010dem razli\u010dne poglede. O tem bodo po njegovih besedah posredovali sporo\u010dilo, je dejal ob robu sre\u010danja s predsednikom Evropskega sveta Charlesom Michelom na gradu Strmol.<\/p>\n","protected":false},"author":5,"featured_media":475133,"comment_status":"closed","ping_status":"closed","sticky":false,"template":"","format":"standard","meta":{"footnotes":""},"categories":[18201],"tags":[19669,1595,12097],"source":[4511],"supertag":[5675],"acf":[],"yoast_head":"<!-- This site is optimized with the Yoast SEO plugin v21.3 - https:\/\/yoast.com\/wordpress\/plugins\/seo\/ -->\n<title>Golob: Z ministrico za notranje zadeve imava v marsi\u010dem razli\u010dne poglede - Hudo Slovenija<\/title>\n<meta name=\"robots\" content=\"index, follow, max-snippet:-1, max-image-preview:large, max-video-preview:-1\" \/>\n<link rel=\"canonical\" href=\"https:\/\/hudo.com\/si\/aktualno\/slovenija\/golob-z-ministrico-za-notranje-zadeve-imava-v-marsicem-razlicne-poglede\/\" \/>\n<meta property=\"og:locale\" content=\"sl_SI\" \/>\n<meta property=\"og:type\" content=\"article\" \/>\n<meta property=\"og:title\" content=\"Golob: Z ministrico za notranje zadeve imava v marsi\u010dem razli\u010dne poglede - Hudo Slovenija\" \/>\n<meta property=\"og:description\" content=\"Predsednik vlade Robert Golob je po dana\u0161njem pogovoru z notranjo ministrico Tatjano Bobnar dejal, da imata v marsi\u010dem razli\u010dne poglede. O tem bodo po njegovih besedah posredovali sporo\u010dilo, je dejal ob robu sre\u010danja s predsednikom Evropskega sveta Charlesom Michelom na gradu Strmol.\" \/>\n<meta property=\"og:url\" content=\"https:\/\/hudo.com\/si\/aktualno\/slovenija\/golob-z-ministrico-za-notranje-zadeve-imava-v-marsicem-razlicne-poglede\/\" \/>\n<meta property=\"og:site_name\" content=\"Hudo Slovenija\" \/>\n<meta property=\"article:publisher\" content=\"https:\/\/www.facebook.com\/hudo.si\" \/>\n<meta property=\"article:published_time\" content=\"2022-12-05T16:01:29+00:00\" \/>\n<meta property=\"og:image\" content=\"https:\/\/hudo.com\/si\/wp-content\/uploads\/sites\/2\/2022\/12\/Screenshot-from-2022-12-05-16-59-41.jpg\" \/>\n\t<meta property=\"og:image:width\" content=\"635\" \/>\n\t<meta property=\"og:image:height\" content=\"419\" \/>\n\t<meta property=\"og:image:type\" content=\"image\/jpeg\" \/>\n<meta name=\"author\" content=\"A. G., STA\" \/>\n<meta name=\"twitter:card\" content=\"summary_large_image\" \/>\n<meta name=\"twitter:creator\" content=\"@hudo_si\" \/>\n<meta name=\"twitter:site\" content=\"@hudo_si\" \/>\n<meta name=\"twitter:label1\" content=\"Written by\" \/>\n\t<meta name=\"twitter:data1\" content=\"A. G., STA\" \/>\n\t<meta name=\"twitter:label2\" content=\"Est. reading time\" \/>\n\t<meta name=\"twitter:data2\" content=\"1 minuta\" \/>\n<script type=\"application\/ld+json\" class=\"yoast-schema-graph\">{\"@context\":\"https:\/\/schema.org\",\"@graph\":[{\"@type\":\"Article\",\"@id\":\"https:\/\/hudo.com\/si\/aktualno\/slovenija\/golob-z-ministrico-za-notranje-zadeve-imava-v-marsicem-razlicne-poglede\/#article\",\"isPartOf\":{\"@id\":\"https:\/\/hudo.com\/si\/aktualno\/slovenija\/golob-z-ministrico-za-notranje-zadeve-imava-v-marsicem-razlicne-poglede\/\"},\"author\":{\"name\":\"A. G., STA\",\"@id\":\"https:\/\/hudo.com\/si\/#\/schema\/person\/2391667a63ea075ba94f2f2dc6b77537\"},\"headline\":\"Golob: Z ministrico za notranje zadeve imava v marsi\u010dem razli\u010dne poglede\",\"datePublished\":\"2022-12-05T16:01:29+00:00\",\"dateModified\":\"2022-12-05T16:01:29+00:00\",\"mainEntityOfPage\":{\"@id\":\"https:\/\/hudo.com\/si\/aktualno\/slovenija\/golob-z-ministrico-za-notranje-zadeve-imava-v-marsicem-razlicne-poglede\/\"},\"wordCount\":186,\"publisher\":{\"@id\":\"https:\/\/hudo.com\/si\/#organization\"},\"keywords\":[\"robert golob\",\"Slovenija\",\"Tatjana Bobnar\"],\"articleSection\":[\"Slovenija\"],\"inLanguage\":\"sl-SI\"},{\"@type\":\"WebPage\",\"@id\":\"https:\/\/hudo.com\/si\/aktualno\/slovenija\/golob-z-ministrico-za-notranje-zadeve-imava-v-marsicem-razlicne-poglede\/\",\"url\":\"https:\/\/hudo.com\/si\/aktualno\/slovenija\/golob-z-ministrico-za-notranje-zadeve-imava-v-marsicem-razlicne-poglede\/\",\"name\":\"Golob: Z ministrico za notranje zadeve imava v marsi\u010dem razli\u010dne poglede - Hudo Slovenija\",\"isPartOf\":{\"@id\":\"https:\/\/hudo.com\/si\/#website\"},\"datePublished\":\"2022-12-05T16:01:29+00:00\",\"dateModified\":\"2022-12-05T16:01:29+00:00\",\"breadcrumb\":{\"@id\":\"https:\/\/hudo.com\/si\/aktualno\/slovenija\/golob-z-ministrico-za-notranje-zadeve-imava-v-marsicem-razlicne-poglede\/#breadcrumb\"},\"inLanguage\":\"sl-SI\",\"potentialAction\":[{\"@type\":\"ReadAction\",\"target\":[\"https:\/\/hudo.com\/si\/aktualno\/slovenija\/golob-z-ministrico-za-notranje-zadeve-imava-v-marsicem-razlicne-poglede\/\"]}]},{\"@type\":\"BreadcrumbList\",\"@id\":\"https:\/\/hudo.com\/si\/aktualno\/slovenija\/golob-z-ministrico-za-notranje-zadeve-imava-v-marsicem-razlicne-poglede\/#breadcrumb\",\"itemListElement\":[{\"@type\":\"ListItem\",\"position\":1,\"name\":\"Home\",\"item\":\"https:\/\/hudo.com\/si\/\"},{\"@type\":\"ListItem\",\"position\":2,\"name\":\"Golob: Z ministrico za notranje zadeve imava v marsi\u010dem razli\u010dne poglede\"}]},{\"@type\":\"WebSite\",\"@id\":\"https:\/\/hudo.com\/si\/#website\",\"url\":\"https:\/\/hudo.com\/si\/\",\"name\":\"Hudo Slovenija\",\"description\":\"Vse novice iz Slovenije in sveta\",\"publisher\":{\"@id\":\"https:\/\/hudo.com\/si\/#organization\"},\"potentialAction\":[{\"@type\":\"SearchAction\",\"target\":{\"@type\":\"EntryPoint\",\"urlTemplate\":\"https:\/\/hudo.com\/si\/?s={search_term_string}\"},\"query-input\":\"required name=search_term_string\"}],\"inLanguage\":\"sl-SI\"},{\"@type\":\"Organization\",\"@id\":\"https:\/\/hudo.com\/si\/#organization\",\"name\":\"VSN Media\",\"url\":\"https:\/\/hudo.com\/si\/\",\"logo\":{\"@type\":\"ImageObject\",\"inLanguage\":\"sl-SI\",\"@id\":\"https:\/\/hudo.com\/si\/#\/schema\/logo\/image\/\",\"url\":\"https:\/\/hudo.com\/si\/wp-content\/uploads\/sites\/2\/2021\/03\/hudo-app-2.png\",\"contentUrl\":\"https:\/\/hudo.com\/si\/wp-content\/uploads\/sites\/2\/2021\/03\/hudo-app-2.png\",\"width\":2185,\"height\":2167,\"caption\":\"VSN Media\"},\"image\":{\"@id\":\"https:\/\/hudo.com\/si\/#\/schema\/logo\/image\/\"},\"sameAs\":[\"https:\/\/www.facebook.com\/hudo.si\",\"https:\/\/twitter.com\/hudo_si\"]},{\"@type\":\"Person\",\"@id\":\"https:\/\/hudo.com\/si\/#\/schema\/person\/2391667a63ea075ba94f2f2dc6b77537\",\"name\":\"A. G., STA\",\"image\":{\"@type\":\"ImageObject\",\"inLanguage\":\"sl-SI\",\"@id\":\"https:\/\/hudo.com\/si\/#\/schema\/person\/image\/\",\"url\":\"https:\/\/secure.gravatar.com\/avatar\/e13d22ac3e442658d5025fbbe6238a79?s=96&d=mm&r=g\",\"contentUrl\":\"https:\/\/secure.gravatar.com\/avatar\/e13d22ac3e442658d5025fbbe6238a79?s=96&d=mm&r=g\",\"caption\":\"A. G., STA\"},\"url\":\"https:\/\/hudo.com\/si\/author\/alenka\/\"}]}<\/script>\n<!-- \/ Yoast SEO plugin. -->","yoast_head_json":{"title":"Golob: Z ministrico za notranje zadeve imava v marsi\u010dem razli\u010dne poglede - Hudo Slovenija","robots":{"index":"index","follow":"follow","max-snippet":"max-snippet:-1","max-image-preview":"max-image-preview:large","max-video-preview":"max-video-preview:-1"},"canonical":"https:\/\/hudo.com\/si\/aktualno\/slovenija\/golob-z-ministrico-za-notranje-zadeve-imava-v-marsicem-razlicne-poglede\/","og_locale":"sl_SI","og_type":"article","og_title":"Golob: Z ministrico za notranje zadeve imava v marsi\u010dem razli\u010dne poglede - Hudo Slovenija","og_description":"Predsednik vlade Robert Golob je po dana\u0161njem pogovoru z notranjo ministrico Tatjano Bobnar dejal, da imata v marsi\u010dem razli\u010dne poglede. O tem bodo po njegovih besedah posredovali sporo\u010dilo, je dejal ob robu sre\u010danja s predsednikom Evropskega sveta Charlesom Michelom na gradu Strmol.","og_url":"https:\/\/hudo.com\/si\/aktualno\/slovenija\/golob-z-ministrico-za-notranje-zadeve-imava-v-marsicem-razlicne-poglede\/","og_site_name":"Hudo Slovenija","article_publisher":"https:\/\/www.facebook.com\/hudo.si","article_published_time":"2022-12-05T16:01:29+00:00","og_image":[{"width":635,"height":419,"url":"https:\/\/hudo.com\/si\/wp-content\/uploads\/sites\/2\/2022\/12\/Screenshot-from-2022-12-05-16-59-41.jpg","type":"image\/jpeg"}],"author":"A. G., STA","twitter_card":"summary_large_image","twitter_creator":"@hudo_si","twitter_site":"@hudo_si","twitter_misc":{"Written by":"A. G., STA","Est. reading time":"1 minuta"},"schema":{"@context":"https:\/\/schema.org","@graph":[{"@type":"Article","@id":"https:\/\/hudo.com\/si\/aktualno\/slovenija\/golob-z-ministrico-za-notranje-zadeve-imava-v-marsicem-razlicne-poglede\/#article","isPartOf":{"@id":"https:\/\/hudo.com\/si\/aktualno\/slovenija\/golob-z-ministrico-za-notranje-zadeve-imava-v-marsicem-razlicne-poglede\/"},"author":{"name":"A. G., STA","@id":"https:\/\/hudo.com\/si\/#\/schema\/person\/2391667a63ea075ba94f2f2dc6b77537"},"headline":"Golob: Z ministrico za notranje zadeve imava v marsi\u010dem razli\u010dne poglede","datePublished":"2022-12-05T16:01:29+00:00","dateModified":"2022-12-05T16:01:29+00:00","mainEntityOfPage":{"@id":"https:\/\/hudo.com\/si\/aktualno\/slovenija\/golob-z-ministrico-za-notranje-zadeve-imava-v-marsicem-razlicne-poglede\/"},"wordCount":186,"publisher":{"@id":"https:\/\/hudo.com\/si\/#organization"},"keywords":["robert golob","Slovenija","Tatjana Bobnar"],"articleSection":["Slovenija"],"inLanguage":"sl-SI"},{"@type":"WebPage","@id":"https:\/\/hudo.com\/si\/aktualno\/slovenija\/golob-z-ministrico-za-notranje-zadeve-imava-v-marsicem-razlicne-poglede\/","url":"https:\/\/hudo.com\/si\/aktualno\/slovenija\/golob-z-ministrico-za-notranje-zadeve-imava-v-marsicem-razlicne-poglede\/","name":"Golob: Z ministrico za notranje zadeve imava v marsi\u010dem razli\u010dne poglede - Hudo Slovenija","isPartOf":{"@id":"https:\/\/hudo.com\/si\/#website"},"datePublished":"2022-12-05T16:01:29+00:00","dateModified":"2022-12-05T16:01:29+00:00","breadcrumb":{"@id":"https:\/\/hudo.com\/si\/aktualno\/slovenija\/golob-z-ministrico-za-notranje-zadeve-imava-v-marsicem-razlicne-poglede\/#breadcrumb"},"inLanguage":"sl-SI","potentialAction":[{"@type":"ReadAction","target":["https:\/\/hudo.com\/si\/aktualno\/slovenija\/golob-z-ministrico-za-notranje-zadeve-imava-v-marsicem-razlicne-poglede\/"]}]},{"@type":"BreadcrumbList","@id":"https:\/\/hudo.com\/si\/aktualno\/slovenija\/golob-z-ministrico-za-notranje-zadeve-imava-v-marsicem-razlicne-poglede\/#breadcrumb","itemListElement":[{"@type":"ListItem","position":1,"name":"Home","item":"https:\/\/hudo.com\/si\/"},{"@type":"ListItem","position":2,"name":"Golob: Z ministrico za notranje zadeve imava v marsi\u010dem razli\u010dne poglede"}]},{"@type":"WebSite","@id":"https:\/\/hudo.com\/si\/#website","url":"https:\/\/hudo.com\/si\/","name":"Hudo Slovenija","description":"Vse novice iz Slovenije in sveta","publisher":{"@id":"https:\/\/hudo.com\/si\/#organization"},"potentialAction":[{"@type":"SearchAction","target":{"@type":"EntryPoint","urlTemplate":"https:\/\/hudo.com\/si\/?s={search_term_string}"},"query-input":"required name=search_term_string"}],"inLanguage":"sl-SI"},{"@type":"Organization","@id":"https:\/\/hudo.com\/si\/#organization","name":"VSN Media","url":"https:\/\/hudo.com\/si\/","logo":{"@type":"ImageObject","inLanguage":"sl-SI","@id":"https:\/\/hudo.com\/si\/#\/schema\/logo\/image\/","url":"https:\/\/hudo.com\/si\/wp-content\/uploads\/sites\/2\/2021\/03\/hudo-app-2.png","contentUrl":"https:\/\/hudo.com\/si\/wp-content\/uploads\/sites\/2\/2021\/03\/hudo-app-2.png","width":2185,"height":2167,"caption":"VSN Media"},"image":{"@id":"https:\/\/hudo.com\/si\/#\/schema\/logo\/image\/"},"sameAs":["https:\/\/www.facebook.com\/hudo.si","https:\/\/twitter.com\/hudo_si"]},{"@type":"Person","@id":"https:\/\/hudo.com\/si\/#\/schema\/person\/2391667a63ea075ba94f2f2dc6b77537","name":"A. G., STA","image":{"@type":"ImageObject","inLanguage":"sl-SI","@id":"https:\/\/hudo.com\/si\/#\/schema\/person\/image\/","url":"https:\/\/secure.gravatar.com\/avatar\/e13d22ac3e442658d5025fbbe6238a79?s=96&d=mm&r=g","contentUrl":"https:\/\/secure.gravatar.com\/avatar\/e13d22ac3e442658d5025fbbe6238a79?s=96&d=mm&r=g","caption":"A. G., STA"},"url":"https:\/\/hudo.com\/si\/author\/alenka\/"}]}},"amp_enabled":true,"_links":{"self":[{"href":"https:\/\/hudo.com\/si\/wp-json\/wp\/v2\/posts\/475132"}],"collection":[{"href":"https:\/\/hudo.com\/si\/wp-json\/wp\/v2\/posts"}],"about":[{"href":"https:\/\/hudo.com\/si\/wp-json\/wp\/v2\/types\/post"}],"author":[{"embeddable":true,"href":"https:\/\/hudo.com\/si\/wp-json\/wp\/v2\/users\/5"}],"replies":[{"embeddable":true,"href":"https:\/\/hudo.com\/si\/wp-json\/wp\/v2\/comments?post=475132"}],"version-history":[{"count":1,"href":"https:\/\/hudo.com\/si\/wp-json\/wp\/v2\/posts\/475132\/revisions"}],"predecessor-version":[{"id":475134,"href":"https:\/\/hudo.com\/si\/wp-json\/wp\/v2\/posts\/475132\/revisions\/475134"}],"wp:featuredmedia":[{"embeddable":true,"href":"https:\/\/hudo.com\/si\/wp-json\/wp\/v2\/media\/475133"}],"wp:attachment":[{"href":"https:\/\/hudo.com\/si\/wp-json\/wp\/v2\/media?parent=475132"}],"wp:term":[{"taxonomy":"category","embeddable":true,"href":"https:\/\/hudo.com\/si\/wp-json\/wp\/v2\/categories?post=475132"},{"taxonomy":"post_tag","embeddable":true,"href":"https:\/\/hudo.com\/si\/wp-json\/wp\/v2\/tags?post=475132"},{"taxonomy":"source","embeddable":true,"href":"https:\/\/hudo.com\/si\/wp-json\/wp\/v2\/source?post=475132"},{"taxonomy":"supertag","embeddable":true,"href":"https:\/\/hudo.com\/si\/wp-json\/wp\/v2\/supertag?post=475132"}],"curies":[{"name":"wp","href":"https:\/\/api.w.org\/{rel}","templated":true}]}}