{"id":475136,"date":"2022-12-06T09:02:08","date_gmt":"2022-12-06T08:02:08","guid":{"rendered":"https:\/\/hudo.com\/si\/?p=475136"},"modified":"2022-12-06T09:02:08","modified_gmt":"2022-12-06T08:02:08","slug":"cesta-trzic-ljubelj-zaprta-obvoz-urejen-le-za-osebna-vozila","status":"publish","type":"post","link":"https:\/\/hudo.com\/si\/aktualno\/slovenija\/cesta-trzic-ljubelj-zaprta-obvoz-urejen-le-za-osebna-vozila\/","title":{"rendered":"Cesta Tr\u017ei\u010d-Ljubelj zaprta, obvoz urejen le za osebna vozila"},"content":{"rendered":"<p>Zemeljski plaz se je spro\u017eil med prvim in drugim predorom iz smeri Tr\u017ei\u010da proti Ljubelju. Promet je bil zaradi plazu oviran in je v ponedeljek zve\u010der potekal izmeni\u010dno enosmerno, pri \u010demer so za usmerjanje voznikov skrbeli policisti.<\/p>\n<p>V ponedeljek zve\u010der so vzdr\u017eevalci dr\u017eavne ceste za\u010deli odstranjevati material z vozi\u0161\u010da. Ob 22.30 so cesto zaradi sanacije do nadaljnjega zaprli za ves promet. Obvoz je urejen za osebna vozila, za tovorni promet pa obvoza ni.<\/p>\n<p>Cesta proti Ljubelju je zaprta pri bencinskem servisu v Bistrici pri Tr\u017ei\u010du. Obvoz poteka skozi Tr\u017ei\u010d proti Podljubelju in nato naprej na Ljubelj. Cesta proti Tr\u017ei\u010du pa je zaprta v Podljubelju. Obvoz prav poteka skozi Tr\u017ei\u010d proti Bistrici pri Tr\u017ei\u010du in naprej proti Kranju, so sporo\u010dili s Policijske uprave Kranj.<\/p>\n<p>Policisti vse voznike prosijo, naj upo\u0161tevajo postavljeno prometno signalizacijo, ki ozna\u010duje zaporo ceste in potek obvoza.<\/p>\n<p>Zemeljski plazovi in podori na cesti med Tr\u017ei\u010dem in Ljubeljem, ki velja za eno pomembnej\u0161ih povezav med Slovenijo in Avstrijo, sicer niso redkost. Spomladi 2019 je cesto zasul skalni podor. Tisti odsek ceste je nato Direkcija RS za infrastrukturo za\u0161\u010ditila z izgradnjo 200 metrov dolgega nasipa iz kamnitega materiala, ki je armiran z jeklenimi armaturnimi elementi. Postavili so tudi alarmni sistem z video nadzorom.<\/p>\n","protected":false},"excerpt":{"rendered":"<p>Glavna cesta Bistrica pri Tr\u017ei\u010du-Ljubelj je zaradi sanacije zemeljskega plazu, ki se je spro\u017eil v ponedeljek okoli 18. ure, zaprta. Obvoz za osebna vozila je urejen skozi Tr\u017ei\u010d, za tovorni promet pa obvoza ni. V plazu ni bil nih\u010de telesno po\u0161kodovan ali ogro\u017een, so sporo\u010dili s Policijske uprave Kranj.<\/p>\n","protected":false},"author":5,"featured_media":117933,"comment_status":"closed","ping_status":"closed","sticky":false,"template":"","format":"standard","meta":{"footnotes":""},"categories":[18201],"tags":[1595,6909],"source":[4511],"supertag":[5675],"acf":[],"yoast_head":"<!-- This site is optimized with the Yoast SEO plugin v21.3 - https:\/\/yoast.com\/wordpress\/plugins\/seo\/ -->\n<title>Cesta Tr\u017ei\u010d-Ljubelj zaprta, obvoz urejen le za osebna vozila - Hudo Slovenija<\/title>\n<meta name=\"robots\" content=\"index, follow, max-snippet:-1, max-image-preview:large, max-video-preview:-1\" \/>\n<link rel=\"canonical\" href=\"https:\/\/hudo.com\/si\/aktualno\/slovenija\/cesta-trzic-ljubelj-zaprta-obvoz-urejen-le-za-osebna-vozila\/\" \/>\n<meta property=\"og:locale\" content=\"sl_SI\" \/>\n<meta property=\"og:type\" content=\"article\" \/>\n<meta property=\"og:title\" content=\"Cesta Tr\u017ei\u010d-Ljubelj zaprta, obvoz urejen le za osebna vozila - Hudo Slovenija\" \/>\n<meta property=\"og:description\" content=\"Glavna cesta Bistrica pri Tr\u017ei\u010du-Ljubelj je zaradi sanacije zemeljskega plazu, ki se je spro\u017eil v ponedeljek okoli 18. ure, zaprta. Obvoz za osebna vozila je urejen skozi Tr\u017ei\u010d, za tovorni promet pa obvoza ni. V plazu ni bil nih\u010de telesno po\u0161kodovan ali ogro\u017een, so sporo\u010dili s Policijske uprave Kranj.\" \/>\n<meta property=\"og:url\" content=\"https:\/\/hudo.com\/si\/aktualno\/slovenija\/cesta-trzic-ljubelj-zaprta-obvoz-urejen-le-za-osebna-vozila\/\" \/>\n<meta property=\"og:site_name\" content=\"Hudo Slovenija\" \/>\n<meta property=\"article:publisher\" content=\"https:\/\/www.facebook.com\/hudo.si\" \/>\n<meta property=\"article:published_time\" content=\"2022-12-06T08:02:08+00:00\" \/>\n<meta property=\"og:image\" content=\"https:\/\/hudo.com\/si\/wp-content\/uploads\/sites\/2\/2016\/08\/20110806-00291048.jpg\" \/>\n\t<meta property=\"og:image:width\" content=\"640\" \/>\n\t<meta property=\"og:image:height\" content=\"410\" \/>\n\t<meta property=\"og:image:type\" content=\"image\/jpeg\" \/>\n<meta name=\"author\" content=\"A. G., STA\" \/>\n<meta name=\"twitter:card\" content=\"summary_large_image\" \/>\n<meta name=\"twitter:creator\" content=\"@hudo_si\" \/>\n<meta name=\"twitter:site\" content=\"@hudo_si\" \/>\n<meta name=\"twitter:label1\" content=\"Written by\" \/>\n\t<meta name=\"twitter:data1\" content=\"A. G., STA\" \/>\n\t<meta name=\"twitter:label2\" content=\"Est. reading time\" \/>\n\t<meta name=\"twitter:data2\" content=\"1 minuta\" \/>\n<script type=\"application\/ld+json\" class=\"yoast-schema-graph\">{\"@context\":\"https:\/\/schema.org\",\"@graph\":[{\"@type\":\"Article\",\"@id\":\"https:\/\/hudo.com\/si\/aktualno\/slovenija\/cesta-trzic-ljubelj-zaprta-obvoz-urejen-le-za-osebna-vozila\/#article\",\"isPartOf\":{\"@id\":\"https:\/\/hudo.com\/si\/aktualno\/slovenija\/cesta-trzic-ljubelj-zaprta-obvoz-urejen-le-za-osebna-vozila\/\"},\"author\":{\"name\":\"A. G., STA\",\"@id\":\"https:\/\/hudo.com\/si\/#\/schema\/person\/2391667a63ea075ba94f2f2dc6b77537\"},\"headline\":\"Cesta Tr\u017ei\u010d-Ljubelj zaprta, obvoz urejen le za osebna vozila\",\"datePublished\":\"2022-12-06T08:02:08+00:00\",\"dateModified\":\"2022-12-06T08:02:08+00:00\",\"mainEntityOfPage\":{\"@id\":\"https:\/\/hudo.com\/si\/aktualno\/slovenija\/cesta-trzic-ljubelj-zaprta-obvoz-urejen-le-za-osebna-vozila\/\"},\"wordCount\":236,\"publisher\":{\"@id\":\"https:\/\/hudo.com\/si\/#organization\"},\"keywords\":[\"Slovenija\",\"zemeljski plaz\"],\"articleSection\":[\"Slovenija\"],\"inLanguage\":\"sl-SI\"},{\"@type\":\"WebPage\",\"@id\":\"https:\/\/hudo.com\/si\/aktualno\/slovenija\/cesta-trzic-ljubelj-zaprta-obvoz-urejen-le-za-osebna-vozila\/\",\"url\":\"https:\/\/hudo.com\/si\/aktualno\/slovenija\/cesta-trzic-ljubelj-zaprta-obvoz-urejen-le-za-osebna-vozila\/\",\"name\":\"Cesta Tr\u017ei\u010d-Ljubelj zaprta, obvoz urejen le za osebna vozila - Hudo Slovenija\",\"isPartOf\":{\"@id\":\"https:\/\/hudo.com\/si\/#website\"},\"datePublished\":\"2022-12-06T08:02:08+00:00\",\"dateModified\":\"2022-12-06T08:02:08+00:00\",\"breadcrumb\":{\"@id\":\"https:\/\/hudo.com\/si\/aktualno\/slovenija\/cesta-trzic-ljubelj-zaprta-obvoz-urejen-le-za-osebna-vozila\/#breadcrumb\"},\"inLanguage\":\"sl-SI\",\"potentialAction\":[{\"@type\":\"ReadAction\",\"target\":[\"https:\/\/hudo.com\/si\/aktualno\/slovenija\/cesta-trzic-ljubelj-zaprta-obvoz-urejen-le-za-osebna-vozila\/\"]}]},{\"@type\":\"BreadcrumbList\",\"@id\":\"https:\/\/hudo.com\/si\/aktualno\/slovenija\/cesta-trzic-ljubelj-zaprta-obvoz-urejen-le-za-osebna-vozila\/#breadcrumb\",\"itemListElement\":[{\"@type\":\"ListItem\",\"position\":1,\"name\":\"Home\",\"item\":\"https:\/\/hudo.com\/si\/\"},{\"@type\":\"ListItem\",\"position\":2,\"name\":\"Cesta Tr\u017ei\u010d-Ljubelj zaprta, obvoz urejen le za osebna vozila\"}]},{\"@type\":\"WebSite\",\"@id\":\"https:\/\/hudo.com\/si\/#website\",\"url\":\"https:\/\/hudo.com\/si\/\",\"name\":\"Hudo Slovenija\",\"description\":\"Vse novice iz Slovenije in sveta\",\"publisher\":{\"@id\":\"https:\/\/hudo.com\/si\/#organization\"},\"potentialAction\":[{\"@type\":\"SearchAction\",\"target\":{\"@type\":\"EntryPoint\",\"urlTemplate\":\"https:\/\/hudo.com\/si\/?s={search_term_string}\"},\"query-input\":\"required name=search_term_string\"}],\"inLanguage\":\"sl-SI\"},{\"@type\":\"Organization\",\"@id\":\"https:\/\/hudo.com\/si\/#organization\",\"name\":\"VSN Media\",\"url\":\"https:\/\/hudo.com\/si\/\",\"logo\":{\"@type\":\"ImageObject\",\"inLanguage\":\"sl-SI\",\"@id\":\"https:\/\/hudo.com\/si\/#\/schema\/logo\/image\/\",\"url\":\"https:\/\/hudo.com\/si\/wp-content\/uploads\/sites\/2\/2021\/03\/hudo-app-2.png\",\"contentUrl\":\"https:\/\/hudo.com\/si\/wp-content\/uploads\/sites\/2\/2021\/03\/hudo-app-2.png\",\"width\":2185,\"height\":2167,\"caption\":\"VSN Media\"},\"image\":{\"@id\":\"https:\/\/hudo.com\/si\/#\/schema\/logo\/image\/\"},\"sameAs\":[\"https:\/\/www.facebook.com\/hudo.si\",\"https:\/\/twitter.com\/hudo_si\"]},{\"@type\":\"Person\",\"@id\":\"https:\/\/hudo.com\/si\/#\/schema\/person\/2391667a63ea075ba94f2f2dc6b77537\",\"name\":\"A. G., STA\",\"image\":{\"@type\":\"ImageObject\",\"inLanguage\":\"sl-SI\",\"@id\":\"https:\/\/hudo.com\/si\/#\/schema\/person\/image\/\",\"url\":\"https:\/\/secure.gravatar.com\/avatar\/e13d22ac3e442658d5025fbbe6238a79?s=96&d=mm&r=g\",\"contentUrl\":\"https:\/\/secure.gravatar.com\/avatar\/e13d22ac3e442658d5025fbbe6238a79?s=96&d=mm&r=g\",\"caption\":\"A. G., STA\"},\"url\":\"https:\/\/hudo.com\/si\/author\/alenka\/\"}]}<\/script>\n<!-- \/ Yoast SEO plugin. -->","yoast_head_json":{"title":"Cesta Tr\u017ei\u010d-Ljubelj zaprta, obvoz urejen le za osebna vozila - Hudo Slovenija","robots":{"index":"index","follow":"follow","max-snippet":"max-snippet:-1","max-image-preview":"max-image-preview:large","max-video-preview":"max-video-preview:-1"},"canonical":"https:\/\/hudo.com\/si\/aktualno\/slovenija\/cesta-trzic-ljubelj-zaprta-obvoz-urejen-le-za-osebna-vozila\/","og_locale":"sl_SI","og_type":"article","og_title":"Cesta Tr\u017ei\u010d-Ljubelj zaprta, obvoz urejen le za osebna vozila - Hudo Slovenija","og_description":"Glavna cesta Bistrica pri Tr\u017ei\u010du-Ljubelj je zaradi sanacije zemeljskega plazu, ki se je spro\u017eil v ponedeljek okoli 18. ure, zaprta. Obvoz za osebna vozila je urejen skozi Tr\u017ei\u010d, za tovorni promet pa obvoza ni. V plazu ni bil nih\u010de telesno po\u0161kodovan ali ogro\u017een, so sporo\u010dili s Policijske uprave Kranj.","og_url":"https:\/\/hudo.com\/si\/aktualno\/slovenija\/cesta-trzic-ljubelj-zaprta-obvoz-urejen-le-za-osebna-vozila\/","og_site_name":"Hudo Slovenija","article_publisher":"https:\/\/www.facebook.com\/hudo.si","article_published_time":"2022-12-06T08:02:08+00:00","og_image":[{"width":640,"height":410,"url":"https:\/\/hudo.com\/si\/wp-content\/uploads\/sites\/2\/2016\/08\/20110806-00291048.jpg","type":"image\/jpeg"}],"author":"A. G., STA","twitter_card":"summary_large_image","twitter_creator":"@hudo_si","twitter_site":"@hudo_si","twitter_misc":{"Written by":"A. G., STA","Est. reading time":"1 minuta"},"schema":{"@context":"https:\/\/schema.org","@graph":[{"@type":"Article","@id":"https:\/\/hudo.com\/si\/aktualno\/slovenija\/cesta-trzic-ljubelj-zaprta-obvoz-urejen-le-za-osebna-vozila\/#article","isPartOf":{"@id":"https:\/\/hudo.com\/si\/aktualno\/slovenija\/cesta-trzic-ljubelj-zaprta-obvoz-urejen-le-za-osebna-vozila\/"},"author":{"name":"A. G., STA","@id":"https:\/\/hudo.com\/si\/#\/schema\/person\/2391667a63ea075ba94f2f2dc6b77537"},"headline":"Cesta Tr\u017ei\u010d-Ljubelj zaprta, obvoz urejen le za osebna vozila","datePublished":"2022-12-06T08:02:08+00:00","dateModified":"2022-12-06T08:02:08+00:00","mainEntityOfPage":{"@id":"https:\/\/hudo.com\/si\/aktualno\/slovenija\/cesta-trzic-ljubelj-zaprta-obvoz-urejen-le-za-osebna-vozila\/"},"wordCount":236,"publisher":{"@id":"https:\/\/hudo.com\/si\/#organization"},"keywords":["Slovenija","zemeljski plaz"],"articleSection":["Slovenija"],"inLanguage":"sl-SI"},{"@type":"WebPage","@id":"https:\/\/hudo.com\/si\/aktualno\/slovenija\/cesta-trzic-ljubelj-zaprta-obvoz-urejen-le-za-osebna-vozila\/","url":"https:\/\/hudo.com\/si\/aktualno\/slovenija\/cesta-trzic-ljubelj-zaprta-obvoz-urejen-le-za-osebna-vozila\/","name":"Cesta Tr\u017ei\u010d-Ljubelj zaprta, obvoz urejen le za osebna vozila - Hudo Slovenija","isPartOf":{"@id":"https:\/\/hudo.com\/si\/#website"},"datePublished":"2022-12-06T08:02:08+00:00","dateModified":"2022-12-06T08:02:08+00:00","breadcrumb":{"@id":"https:\/\/hudo.com\/si\/aktualno\/slovenija\/cesta-trzic-ljubelj-zaprta-obvoz-urejen-le-za-osebna-vozila\/#breadcrumb"},"inLanguage":"sl-SI","potentialAction":[{"@type":"ReadAction","target":["https:\/\/hudo.com\/si\/aktualno\/slovenija\/cesta-trzic-ljubelj-zaprta-obvoz-urejen-le-za-osebna-vozila\/"]}]},{"@type":"BreadcrumbList","@id":"https:\/\/hudo.com\/si\/aktualno\/slovenija\/cesta-trzic-ljubelj-zaprta-obvoz-urejen-le-za-osebna-vozila\/#breadcrumb","itemListElement":[{"@type":"ListItem","position":1,"name":"Home","item":"https:\/\/hudo.com\/si\/"},{"@type":"ListItem","position":2,"name":"Cesta Tr\u017ei\u010d-Ljubelj zaprta, obvoz urejen le za osebna vozila"}]},{"@type":"WebSite","@id":"https:\/\/hudo.com\/si\/#website","url":"https:\/\/hudo.com\/si\/","name":"Hudo Slovenija","description":"Vse novice iz Slovenije in sveta","publisher":{"@id":"https:\/\/hudo.com\/si\/#organization"},"potentialAction":[{"@type":"SearchAction","target":{"@type":"EntryPoint","urlTemplate":"https:\/\/hudo.com\/si\/?s={search_term_string}"},"query-input":"required name=search_term_string"}],"inLanguage":"sl-SI"},{"@type":"Organization","@id":"https:\/\/hudo.com\/si\/#organization","name":"VSN Media","url":"https:\/\/hudo.com\/si\/","logo":{"@type":"ImageObject","inLanguage":"sl-SI","@id":"https:\/\/hudo.com\/si\/#\/schema\/logo\/image\/","url":"https:\/\/hudo.com\/si\/wp-content\/uploads\/sites\/2\/2021\/03\/hudo-app-2.png","contentUrl":"https:\/\/hudo.com\/si\/wp-content\/uploads\/sites\/2\/2021\/03\/hudo-app-2.png","width":2185,"height":2167,"caption":"VSN Media"},"image":{"@id":"https:\/\/hudo.com\/si\/#\/schema\/logo\/image\/"},"sameAs":["https:\/\/www.facebook.com\/hudo.si","https:\/\/twitter.com\/hudo_si"]},{"@type":"Person","@id":"https:\/\/hudo.com\/si\/#\/schema\/person\/2391667a63ea075ba94f2f2dc6b77537","name":"A. G., STA","image":{"@type":"ImageObject","inLanguage":"sl-SI","@id":"https:\/\/hudo.com\/si\/#\/schema\/person\/image\/","url":"https:\/\/secure.gravatar.com\/avatar\/e13d22ac3e442658d5025fbbe6238a79?s=96&d=mm&r=g","contentUrl":"https:\/\/secure.gravatar.com\/avatar\/e13d22ac3e442658d5025fbbe6238a79?s=96&d=mm&r=g","caption":"A. G., STA"},"url":"https:\/\/hudo.com\/si\/author\/alenka\/"}]}},"amp_enabled":true,"_links":{"self":[{"href":"https:\/\/hudo.com\/si\/wp-json\/wp\/v2\/posts\/475136"}],"collection":[{"href":"https:\/\/hudo.com\/si\/wp-json\/wp\/v2\/posts"}],"about":[{"href":"https:\/\/hudo.com\/si\/wp-json\/wp\/v2\/types\/post"}],"author":[{"embeddable":true,"href":"https:\/\/hudo.com\/si\/wp-json\/wp\/v2\/users\/5"}],"replies":[{"embeddable":true,"href":"https:\/\/hudo.com\/si\/wp-json\/wp\/v2\/comments?post=475136"}],"version-history":[{"count":1,"href":"https:\/\/hudo.com\/si\/wp-json\/wp\/v2\/posts\/475136\/revisions"}],"predecessor-version":[{"id":475137,"href":"https:\/\/hudo.com\/si\/wp-json\/wp\/v2\/posts\/475136\/revisions\/475137"}],"wp:featuredmedia":[{"embeddable":true,"href":"https:\/\/hudo.com\/si\/wp-json\/wp\/v2\/media\/117933"}],"wp:attachment":[{"href":"https:\/\/hudo.com\/si\/wp-json\/wp\/v2\/media?parent=475136"}],"wp:term":[{"taxonomy":"category","embeddable":true,"href":"https:\/\/hudo.com\/si\/wp-json\/wp\/v2\/categories?post=475136"},{"taxonomy":"post_tag","embeddable":true,"href":"https:\/\/hudo.com\/si\/wp-json\/wp\/v2\/tags?post=475136"},{"taxonomy":"source","embeddable":true,"href":"https:\/\/hudo.com\/si\/wp-json\/wp\/v2\/source?post=475136"},{"taxonomy":"supertag","embeddable":true,"href":"https:\/\/hudo.com\/si\/wp-json\/wp\/v2\/supertag?post=475136"}],"curies":[{"name":"wp","href":"https:\/\/api.w.org\/{rel}","templated":true}]}}