{"id":475242,"date":"2022-12-08T09:41:36","date_gmt":"2022-12-08T08:41:36","guid":{"rendered":"https:\/\/hudo.com\/si\/?p=475242"},"modified":"2022-12-08T09:41:36","modified_gmt":"2022-12-08T08:41:36","slug":"v-srbiji-moska-ugrabila-slovenca-policija-prijela-vse-tri","status":"publish","type":"post","link":"https:\/\/hudo.com\/si\/aktualno\/slovenija\/v-srbiji-moska-ugrabila-slovenca-policija-prijela-vse-tri\/","title":{"rendered":"V Srbiji mo\u0161ka ugrabila Slovenca, policija prijela vse tri"},"content":{"rendered":"<p>Slovenec z obmo\u010dja Ormo\u017ea se je po pisanju \u010dasnika pred nekaj meseci preselil v ob\u010dino Doljevac blizu Ni\u0161a in doma\u010dinom dejal, da bo odprl podjetje za uvoz rabljenih avtomobilov iz Slovenije, a se je ukvarjal s preprodajo mamil.<\/p>\n<p>V petek zve\u010der sta ga obiskala srbska dr\u017eavljana in od njega zahtevala, naj jima pove, kje skriva mamila. Ker jima tega ni hotel izdati, sta ga ugrabila, zvlekla v avtomobil in se z njim odpeljala po avtocesti Ni\u0161-Leskovac. Na enem od po\u010divali\u0161\u010d sta ustavila, ga zvlekla iz vozila in za\u010dela pretepati. Slovencu je uspelo pobegniti, zbe\u017eal je do cestninske postaje, od tam pa poklical policijo in prijavil ugrabitev, je ni\u0161ka policijska uprava objavila na spletnih straneh srbskega ministrstva za notranje zadeve.<\/p>\n<p>Policisti so ugrabitelja aretirali in \u017ee na za\u010detku preiskave ugotovili, da sta preprodajalca mamil in da je Slovenec po selitvi v Srbijo navezal stik z njima. Pomagala sta mu celo urediti skrivali\u0161\u010de za mamila. Kasneje sta mu mamila hotela ukrasti, a jih prenesel na drugo mesto, zato sta ga ugrabila, da bi ga prisilila, da jima pove, kam je skril drogo.<\/p>\n<p>V stanovanju ugrabiteljev so odkrili dokaze, da sta se ukvarjala s trgovanjem z drogo. Kazensko so ju ovadili zaradi posedovanja mamil, ugrabitve in izsiljevanja.<\/p>\n<p>Preiskavo so opravili tudi v hi\u0161i, kjer je \u017eivel Slovenec, in na\u0161li 2,3 kilograma marihuane ter 1,6 kilograma sinteti\u010dne droge amfetamin. Ovadili so ga zaradi nedovoljenega trgovanja z drogami, za kar je zagro\u017eena kazen od tri do 12 let zapora.<\/p>\n<p>Skupaj z ugrabiteljema se je Slovenec po 48-urnem policijskem pridr\u017eanju zna\u0161el v priporu. Policisti medtem preiskujejo, ali je imel Slovenec skrite \u0161e ve\u010d droge.<\/p>\n","protected":false},"excerpt":{"rendered":"<p>Na jugu Srbije sta minuli konec tedna dva mo\u0161ka ugrabila slovenskega dr\u017eavljana, ki je pobegnil in prijavil ugrabitev. Policija je ugotovila, da je Slovenec preprodajal mamila, zato so poleg ugrabiteljev prijeli tudi njega. Za kaznivo dejanje, za katerega je policija ovadila Slovenca, je predvidena kazen od tri do 12 let zapora, danes pi\u0161e Delo.<\/p>\n","protected":false},"author":5,"featured_media":475248,"comment_status":"closed","ping_status":"closed","sticky":false,"template":"","format":"standard","meta":{"footnotes":""},"categories":[18201],"tags":[2352,5010,1728,1595,2442],"source":[4511],"supertag":[5675],"acf":[],"yoast_head":"<!-- This site is optimized with the Yoast SEO plugin v21.3 - https:\/\/yoast.com\/wordpress\/plugins\/seo\/ -->\n<title>V Srbiji mo\u0161ka ugrabila Slovenca, policija prijela vse tri - Hudo Slovenija<\/title>\n<meta name=\"robots\" content=\"index, follow, max-snippet:-1, max-image-preview:large, max-video-preview:-1\" \/>\n<link rel=\"canonical\" href=\"https:\/\/hudo.com\/si\/aktualno\/slovenija\/v-srbiji-moska-ugrabila-slovenca-policija-prijela-vse-tri\/\" \/>\n<meta property=\"og:locale\" content=\"sl_SI\" \/>\n<meta property=\"og:type\" content=\"article\" \/>\n<meta property=\"og:title\" content=\"V Srbiji mo\u0161ka ugrabila Slovenca, policija prijela vse tri - Hudo Slovenija\" \/>\n<meta property=\"og:description\" content=\"Na jugu Srbije sta minuli konec tedna dva mo\u0161ka ugrabila slovenskega dr\u017eavljana, ki je pobegnil in prijavil ugrabitev. Policija je ugotovila, da je Slovenec preprodajal mamila, zato so poleg ugrabiteljev prijeli tudi njega. Za kaznivo dejanje, za katerega je policija ovadila Slovenca, je predvidena kazen od tri do 12 let zapora, danes pi\u0161e Delo.\" \/>\n<meta property=\"og:url\" content=\"https:\/\/hudo.com\/si\/aktualno\/slovenija\/v-srbiji-moska-ugrabila-slovenca-policija-prijela-vse-tri\/\" \/>\n<meta property=\"og:site_name\" content=\"Hudo Slovenija\" \/>\n<meta property=\"article:publisher\" content=\"https:\/\/www.facebook.com\/hudo.si\" \/>\n<meta property=\"article:published_time\" content=\"2022-12-08T08:41:36+00:00\" \/>\n<meta property=\"og:image\" content=\"https:\/\/hudo.com\/si\/wp-content\/uploads\/sites\/2\/2022\/12\/Screenshot-from-2022-12-08-09-41-00.jpg\" \/>\n\t<meta property=\"og:image:width\" content=\"907\" \/>\n\t<meta property=\"og:image:height\" content=\"605\" \/>\n\t<meta property=\"og:image:type\" content=\"image\/jpeg\" \/>\n<meta name=\"author\" content=\"A. G., STA\" \/>\n<meta name=\"twitter:card\" content=\"summary_large_image\" \/>\n<meta name=\"twitter:creator\" content=\"@hudo_si\" \/>\n<meta name=\"twitter:site\" content=\"@hudo_si\" \/>\n<meta name=\"twitter:label1\" content=\"Written by\" \/>\n\t<meta name=\"twitter:data1\" content=\"A. G., STA\" \/>\n\t<meta name=\"twitter:label2\" content=\"Est. reading time\" \/>\n\t<meta name=\"twitter:data2\" content=\"1 minuta\" \/>\n<script type=\"application\/ld+json\" class=\"yoast-schema-graph\">{\"@context\":\"https:\/\/schema.org\",\"@graph\":[{\"@type\":\"Article\",\"@id\":\"https:\/\/hudo.com\/si\/aktualno\/slovenija\/v-srbiji-moska-ugrabila-slovenca-policija-prijela-vse-tri\/#article\",\"isPartOf\":{\"@id\":\"https:\/\/hudo.com\/si\/aktualno\/slovenija\/v-srbiji-moska-ugrabila-slovenca-policija-prijela-vse-tri\/\"},\"author\":{\"name\":\"A. G., STA\",\"@id\":\"https:\/\/hudo.com\/si\/#\/schema\/person\/2391667a63ea075ba94f2f2dc6b77537\"},\"headline\":\"V Srbiji mo\u0161ka ugrabila Slovenca, policija prijela vse tri\",\"datePublished\":\"2022-12-08T08:41:36+00:00\",\"dateModified\":\"2022-12-08T08:41:36+00:00\",\"mainEntityOfPage\":{\"@id\":\"https:\/\/hudo.com\/si\/aktualno\/slovenija\/v-srbiji-moska-ugrabila-slovenca-policija-prijela-vse-tri\/\"},\"wordCount\":295,\"publisher\":{\"@id\":\"https:\/\/hudo.com\/si\/#organization\"},\"keywords\":[\"droge\",\"kriminal\",\"policija\",\"Slovenija\",\"Srbija\"],\"articleSection\":[\"Slovenija\"],\"inLanguage\":\"sl-SI\"},{\"@type\":\"WebPage\",\"@id\":\"https:\/\/hudo.com\/si\/aktualno\/slovenija\/v-srbiji-moska-ugrabila-slovenca-policija-prijela-vse-tri\/\",\"url\":\"https:\/\/hudo.com\/si\/aktualno\/slovenija\/v-srbiji-moska-ugrabila-slovenca-policija-prijela-vse-tri\/\",\"name\":\"V Srbiji mo\u0161ka ugrabila Slovenca, policija prijela vse tri - Hudo Slovenija\",\"isPartOf\":{\"@id\":\"https:\/\/hudo.com\/si\/#website\"},\"datePublished\":\"2022-12-08T08:41:36+00:00\",\"dateModified\":\"2022-12-08T08:41:36+00:00\",\"breadcrumb\":{\"@id\":\"https:\/\/hudo.com\/si\/aktualno\/slovenija\/v-srbiji-moska-ugrabila-slovenca-policija-prijela-vse-tri\/#breadcrumb\"},\"inLanguage\":\"sl-SI\",\"potentialAction\":[{\"@type\":\"ReadAction\",\"target\":[\"https:\/\/hudo.com\/si\/aktualno\/slovenija\/v-srbiji-moska-ugrabila-slovenca-policija-prijela-vse-tri\/\"]}]},{\"@type\":\"BreadcrumbList\",\"@id\":\"https:\/\/hudo.com\/si\/aktualno\/slovenija\/v-srbiji-moska-ugrabila-slovenca-policija-prijela-vse-tri\/#breadcrumb\",\"itemListElement\":[{\"@type\":\"ListItem\",\"position\":1,\"name\":\"Home\",\"item\":\"https:\/\/hudo.com\/si\/\"},{\"@type\":\"ListItem\",\"position\":2,\"name\":\"V Srbiji mo\u0161ka ugrabila Slovenca, policija prijela vse tri\"}]},{\"@type\":\"WebSite\",\"@id\":\"https:\/\/hudo.com\/si\/#website\",\"url\":\"https:\/\/hudo.com\/si\/\",\"name\":\"Hudo Slovenija\",\"description\":\"Vse novice iz Slovenije in sveta\",\"publisher\":{\"@id\":\"https:\/\/hudo.com\/si\/#organization\"},\"potentialAction\":[{\"@type\":\"SearchAction\",\"target\":{\"@type\":\"EntryPoint\",\"urlTemplate\":\"https:\/\/hudo.com\/si\/?s={search_term_string}\"},\"query-input\":\"required name=search_term_string\"}],\"inLanguage\":\"sl-SI\"},{\"@type\":\"Organization\",\"@id\":\"https:\/\/hudo.com\/si\/#organization\",\"name\":\"VSN Media\",\"url\":\"https:\/\/hudo.com\/si\/\",\"logo\":{\"@type\":\"ImageObject\",\"inLanguage\":\"sl-SI\",\"@id\":\"https:\/\/hudo.com\/si\/#\/schema\/logo\/image\/\",\"url\":\"https:\/\/hudo.com\/si\/wp-content\/uploads\/sites\/2\/2021\/03\/hudo-app-2.png\",\"contentUrl\":\"https:\/\/hudo.com\/si\/wp-content\/uploads\/sites\/2\/2021\/03\/hudo-app-2.png\",\"width\":2185,\"height\":2167,\"caption\":\"VSN Media\"},\"image\":{\"@id\":\"https:\/\/hudo.com\/si\/#\/schema\/logo\/image\/\"},\"sameAs\":[\"https:\/\/www.facebook.com\/hudo.si\",\"https:\/\/twitter.com\/hudo_si\"]},{\"@type\":\"Person\",\"@id\":\"https:\/\/hudo.com\/si\/#\/schema\/person\/2391667a63ea075ba94f2f2dc6b77537\",\"name\":\"A. G., STA\",\"image\":{\"@type\":\"ImageObject\",\"inLanguage\":\"sl-SI\",\"@id\":\"https:\/\/hudo.com\/si\/#\/schema\/person\/image\/\",\"url\":\"https:\/\/secure.gravatar.com\/avatar\/e13d22ac3e442658d5025fbbe6238a79?s=96&d=mm&r=g\",\"contentUrl\":\"https:\/\/secure.gravatar.com\/avatar\/e13d22ac3e442658d5025fbbe6238a79?s=96&d=mm&r=g\",\"caption\":\"A. G., STA\"},\"url\":\"https:\/\/hudo.com\/si\/author\/alenka\/\"}]}<\/script>\n<!-- \/ Yoast SEO plugin. -->","yoast_head_json":{"title":"V Srbiji mo\u0161ka ugrabila Slovenca, policija prijela vse tri - Hudo Slovenija","robots":{"index":"index","follow":"follow","max-snippet":"max-snippet:-1","max-image-preview":"max-image-preview:large","max-video-preview":"max-video-preview:-1"},"canonical":"https:\/\/hudo.com\/si\/aktualno\/slovenija\/v-srbiji-moska-ugrabila-slovenca-policija-prijela-vse-tri\/","og_locale":"sl_SI","og_type":"article","og_title":"V Srbiji mo\u0161ka ugrabila Slovenca, policija prijela vse tri - Hudo Slovenija","og_description":"Na jugu Srbije sta minuli konec tedna dva mo\u0161ka ugrabila slovenskega dr\u017eavljana, ki je pobegnil in prijavil ugrabitev. Policija je ugotovila, da je Slovenec preprodajal mamila, zato so poleg ugrabiteljev prijeli tudi njega. Za kaznivo dejanje, za katerega je policija ovadila Slovenca, je predvidena kazen od tri do 12 let zapora, danes pi\u0161e Delo.","og_url":"https:\/\/hudo.com\/si\/aktualno\/slovenija\/v-srbiji-moska-ugrabila-slovenca-policija-prijela-vse-tri\/","og_site_name":"Hudo Slovenija","article_publisher":"https:\/\/www.facebook.com\/hudo.si","article_published_time":"2022-12-08T08:41:36+00:00","og_image":[{"width":907,"height":605,"url":"https:\/\/hudo.com\/si\/wp-content\/uploads\/sites\/2\/2022\/12\/Screenshot-from-2022-12-08-09-41-00.jpg","type":"image\/jpeg"}],"author":"A. G., STA","twitter_card":"summary_large_image","twitter_creator":"@hudo_si","twitter_site":"@hudo_si","twitter_misc":{"Written by":"A. G., STA","Est. reading time":"1 minuta"},"schema":{"@context":"https:\/\/schema.org","@graph":[{"@type":"Article","@id":"https:\/\/hudo.com\/si\/aktualno\/slovenija\/v-srbiji-moska-ugrabila-slovenca-policija-prijela-vse-tri\/#article","isPartOf":{"@id":"https:\/\/hudo.com\/si\/aktualno\/slovenija\/v-srbiji-moska-ugrabila-slovenca-policija-prijela-vse-tri\/"},"author":{"name":"A. G., STA","@id":"https:\/\/hudo.com\/si\/#\/schema\/person\/2391667a63ea075ba94f2f2dc6b77537"},"headline":"V Srbiji mo\u0161ka ugrabila Slovenca, policija prijela vse tri","datePublished":"2022-12-08T08:41:36+00:00","dateModified":"2022-12-08T08:41:36+00:00","mainEntityOfPage":{"@id":"https:\/\/hudo.com\/si\/aktualno\/slovenija\/v-srbiji-moska-ugrabila-slovenca-policija-prijela-vse-tri\/"},"wordCount":295,"publisher":{"@id":"https:\/\/hudo.com\/si\/#organization"},"keywords":["droge","kriminal","policija","Slovenija","Srbija"],"articleSection":["Slovenija"],"inLanguage":"sl-SI"},{"@type":"WebPage","@id":"https:\/\/hudo.com\/si\/aktualno\/slovenija\/v-srbiji-moska-ugrabila-slovenca-policija-prijela-vse-tri\/","url":"https:\/\/hudo.com\/si\/aktualno\/slovenija\/v-srbiji-moska-ugrabila-slovenca-policija-prijela-vse-tri\/","name":"V Srbiji mo\u0161ka ugrabila Slovenca, policija prijela vse tri - Hudo Slovenija","isPartOf":{"@id":"https:\/\/hudo.com\/si\/#website"},"datePublished":"2022-12-08T08:41:36+00:00","dateModified":"2022-12-08T08:41:36+00:00","breadcrumb":{"@id":"https:\/\/hudo.com\/si\/aktualno\/slovenija\/v-srbiji-moska-ugrabila-slovenca-policija-prijela-vse-tri\/#breadcrumb"},"inLanguage":"sl-SI","potentialAction":[{"@type":"ReadAction","target":["https:\/\/hudo.com\/si\/aktualno\/slovenija\/v-srbiji-moska-ugrabila-slovenca-policija-prijela-vse-tri\/"]}]},{"@type":"BreadcrumbList","@id":"https:\/\/hudo.com\/si\/aktualno\/slovenija\/v-srbiji-moska-ugrabila-slovenca-policija-prijela-vse-tri\/#breadcrumb","itemListElement":[{"@type":"ListItem","position":1,"name":"Home","item":"https:\/\/hudo.com\/si\/"},{"@type":"ListItem","position":2,"name":"V Srbiji mo\u0161ka ugrabila Slovenca, policija prijela vse tri"}]},{"@type":"WebSite","@id":"https:\/\/hudo.com\/si\/#website","url":"https:\/\/hudo.com\/si\/","name":"Hudo Slovenija","description":"Vse novice iz Slovenije in sveta","publisher":{"@id":"https:\/\/hudo.com\/si\/#organization"},"potentialAction":[{"@type":"SearchAction","target":{"@type":"EntryPoint","urlTemplate":"https:\/\/hudo.com\/si\/?s={search_term_string}"},"query-input":"required name=search_term_string"}],"inLanguage":"sl-SI"},{"@type":"Organization","@id":"https:\/\/hudo.com\/si\/#organization","name":"VSN Media","url":"https:\/\/hudo.com\/si\/","logo":{"@type":"ImageObject","inLanguage":"sl-SI","@id":"https:\/\/hudo.com\/si\/#\/schema\/logo\/image\/","url":"https:\/\/hudo.com\/si\/wp-content\/uploads\/sites\/2\/2021\/03\/hudo-app-2.png","contentUrl":"https:\/\/hudo.com\/si\/wp-content\/uploads\/sites\/2\/2021\/03\/hudo-app-2.png","width":2185,"height":2167,"caption":"VSN Media"},"image":{"@id":"https:\/\/hudo.com\/si\/#\/schema\/logo\/image\/"},"sameAs":["https:\/\/www.facebook.com\/hudo.si","https:\/\/twitter.com\/hudo_si"]},{"@type":"Person","@id":"https:\/\/hudo.com\/si\/#\/schema\/person\/2391667a63ea075ba94f2f2dc6b77537","name":"A. G., STA","image":{"@type":"ImageObject","inLanguage":"sl-SI","@id":"https:\/\/hudo.com\/si\/#\/schema\/person\/image\/","url":"https:\/\/secure.gravatar.com\/avatar\/e13d22ac3e442658d5025fbbe6238a79?s=96&d=mm&r=g","contentUrl":"https:\/\/secure.gravatar.com\/avatar\/e13d22ac3e442658d5025fbbe6238a79?s=96&d=mm&r=g","caption":"A. G., STA"},"url":"https:\/\/hudo.com\/si\/author\/alenka\/"}]}},"amp_enabled":true,"_links":{"self":[{"href":"https:\/\/hudo.com\/si\/wp-json\/wp\/v2\/posts\/475242"}],"collection":[{"href":"https:\/\/hudo.com\/si\/wp-json\/wp\/v2\/posts"}],"about":[{"href":"https:\/\/hudo.com\/si\/wp-json\/wp\/v2\/types\/post"}],"author":[{"embeddable":true,"href":"https:\/\/hudo.com\/si\/wp-json\/wp\/v2\/users\/5"}],"replies":[{"embeddable":true,"href":"https:\/\/hudo.com\/si\/wp-json\/wp\/v2\/comments?post=475242"}],"version-history":[{"count":1,"href":"https:\/\/hudo.com\/si\/wp-json\/wp\/v2\/posts\/475242\/revisions"}],"predecessor-version":[{"id":475249,"href":"https:\/\/hudo.com\/si\/wp-json\/wp\/v2\/posts\/475242\/revisions\/475249"}],"wp:featuredmedia":[{"embeddable":true,"href":"https:\/\/hudo.com\/si\/wp-json\/wp\/v2\/media\/475248"}],"wp:attachment":[{"href":"https:\/\/hudo.com\/si\/wp-json\/wp\/v2\/media?parent=475242"}],"wp:term":[{"taxonomy":"category","embeddable":true,"href":"https:\/\/hudo.com\/si\/wp-json\/wp\/v2\/categories?post=475242"},{"taxonomy":"post_tag","embeddable":true,"href":"https:\/\/hudo.com\/si\/wp-json\/wp\/v2\/tags?post=475242"},{"taxonomy":"source","embeddable":true,"href":"https:\/\/hudo.com\/si\/wp-json\/wp\/v2\/source?post=475242"},{"taxonomy":"supertag","embeddable":true,"href":"https:\/\/hudo.com\/si\/wp-json\/wp\/v2\/supertag?post=475242"}],"curies":[{"name":"wp","href":"https:\/\/api.w.org\/{rel}","templated":true}]}}