{"id":475250,"date":"2022-12-08T10:18:10","date_gmt":"2022-12-08T09:18:10","guid":{"rendered":"https:\/\/hudo.com\/si\/?p=475250"},"modified":"2022-12-08T10:18:10","modified_gmt":"2022-12-08T09:18:10","slug":"nezakonski-sin-zdravka-colica-je-bil-dolga-leta-skrivnost-takole-izgleda-od-njega-bom-zahteval-prezivnino-za-vsa-leta","status":"publish","type":"post","link":"https:\/\/hudo.com\/si\/vip\/nezakonski-sin-zdravka-colica-je-bil-dolga-leta-skrivnost-takole-izgleda-od-njega-bom-zahteval-prezivnino-za-vsa-leta\/","title":{"rendered":"Nezakonski sin Zdravka \u010coli\u0107a je bil dolga leta skrivnost, takole izgleda: Od njega bom zahteval pre\u017eivnino za vsa leta!"},"content":{"rendered":"<p>Neverjetna zgodba, katere glavni junak je nezakonski sin Zdravka \u010coli\u0107a, je danes glavna tema \u0161tevilnih medijev, in to vse zaradi ene \u0161okantne izjave. Vsi namre\u010d vedo, da se je slavni glasbenik z \u017eeno Aleksandro poro\u010dil zelo pozno, da imata dve h\u010derki &#8211; Laro in Uno, javnosti pa so neznane njegove prej\u0161nje partnerice, o katerih se ne ve prav veliko. Prav zaradi tega so lahko vsi verjeli najnovej\u0161im trditvam, da ima pevec \u0161e nezakonskega sina.<\/p>\n<p>Vse skupaj se je za\u010delo s \u0161alo glasbenika Amirja Kazi\u0107a Lea, ki so ga v 90. letih primerjali s \u010coli\u0107em, nekaj \u010dasa pa se je \u0161u\u0161ljalo, da je \u010coli\u0107 njegov o\u010de. Za razliko od Zdravka je Leo ugibanja takoj zanikal, dodal pa je tudi, da so ga te trditve navdu\u0161ile.<\/p>\n<p>&#8220;Rekel sem, da mi bo Zdravko to drago pla\u010dal, da bom zahteval pre\u017eivnino za vsa ta leta. \u010ce bi bil na njegovem mestu, bi posnel duet, da poka\u017eeva, ali sva si tako vizualno kot glasovno res tako podobna. Zdravko je samo 14 let starej\u0161i od mene in ne more biti moj o\u010de,&#8221; je povedal domnevni nezakonski sin Zdravka \u010coli\u0107a in dodal:<\/p>\n<p>&#8220;Ne razumem, zakaj je Zdravko tiho, vsi pa govorijo o tem. \u010ce bi bil jaz na njegovem mestu, bi ga objel, se fotografiral z njim, ljudje pa bi bili tiho,&#8221; je dejal Leo in vse prisr\u010dno nasmejal.<\/p>\n<blockquote class=\"instagram-media\" style=\"background: #FFF; border: 0; border-radius: 3px; box-shadow: 0 0 1px 0 rgba(0,0,0,0.5),0 1px 10px 0 rgba(0,0,0,0.15); margin: 1px; max-width: 540px; min-width: 326px; padding: 0; width: calc(100% - 2px);\" data-instgrm-permalink=\"https:\/\/www.instagram.com\/p\/Cj-F2jns4Se\/?utm_source=ig_embed&amp;utm_campaign=loading\" data-instgrm-version=\"14\">\n<div style=\"padding: 16px;\">\n<p>&nbsp;<\/p>\n<div style=\"display: flex; flex-direction: row; align-items: center;\">\n<div style=\"background-color: #f4f4f4; border-radius: 50%; flex-grow: 0; height: 40px; margin-right: 14px; width: 40px;\"><\/div>\n<div style=\"display: flex; flex-direction: column; flex-grow: 1; justify-content: center;\">\n<div style=\"background-color: #f4f4f4; border-radius: 4px; flex-grow: 0; height: 14px; margin-bottom: 6px; width: 100px;\"><\/div>\n<div style=\"background-color: #f4f4f4; border-radius: 4px; flex-grow: 0; height: 14px; width: 60px;\"><\/div>\n<\/div>\n<\/div>\n<div style=\"padding: 19% 0;\"><\/div>\n<div style=\"display: block; height: 50px; margin: 0 auto 12px; width: 50px;\"><\/div>\n<div style=\"padding-top: 8px;\">\n<div style=\"color: #3897f0; font-family: Arial,sans-serif; font-size: 14px; font-style: normal; font-weight: 550; line-height: 18px;\">View this post on Instagram<\/div>\n<\/div>\n<div style=\"padding: 12.5% 0;\"><\/div>\n<div style=\"display: flex; flex-direction: row; margin-bottom: 14px; align-items: center;\">\n<div>\n<div style=\"background-color: #f4f4f4; border-radius: 50%; height: 12.5px; width: 12.5px; transform: translateX(0px) translateY(7px);\"><\/div>\n<div style=\"background-color: #f4f4f4; height: 12.5px; transform: rotate(-45deg) translateX(3px) translateY(1px); width: 12.5px; flex-grow: 0; margin-right: 14px; margin-left: 2px;\"><\/div>\n<div style=\"background-color: #f4f4f4; border-radius: 50%; height: 12.5px; width: 12.5px; transform: translateX(9px) translateY(-18px);\"><\/div>\n<\/div>\n<div style=\"margin-left: 8px;\">\n<div style=\"background-color: #f4f4f4; border-radius: 50%; flex-grow: 0; height: 20px; width: 20px;\"><\/div>\n<div style=\"width: 0; height: 0; border-top: 2px solid transparent; border-left: 6px solid #f4f4f4; border-bottom: 2px solid transparent; transform: translateX(16px) translateY(-4px) rotate(30deg);\"><\/div>\n<\/div>\n<div style=\"margin-left: auto;\">\n<div style=\"width: 0px; border-top: 8px solid #F4F4F4; border-right: 8px solid transparent; transform: translateY(16px);\"><\/div>\n<div style=\"background-color: #f4f4f4; flex-grow: 0; height: 12px; width: 16px; transform: translateY(-4px);\"><\/div>\n<div style=\"width: 0; height: 0; border-top: 8px solid #F4F4F4; border-left: 8px solid transparent; transform: translateY(-4px) translateX(8px);\"><\/div>\n<\/div>\n<\/div>\n<div style=\"display: flex; flex-direction: column; flex-grow: 1; justify-content: center; margin-bottom: 24px;\">\n<div style=\"background-color: #f4f4f4; border-radius: 4px; flex-grow: 0; height: 14px; margin-bottom: 6px; width: 224px;\"><\/div>\n<div style=\"background-color: #f4f4f4; border-radius: 4px; flex-grow: 0; height: 14px; width: 144px;\"><\/div>\n<\/div>\n<p>&nbsp;<\/p>\n<p style=\"color: #c9c8cd; font-family: Arial,sans-serif; font-size: 14px; line-height: 17px; margin-bottom: 0; margin-top: 8px; overflow: hidden; padding: 8px 0 7px; text-align: center; text-overflow: ellipsis; white-space: nowrap;\"><a style=\"color: #c9c8cd; font-family: Arial,sans-serif; font-size: 14px; font-style: normal; font-weight: normal; line-height: 17px; text-decoration: none;\" href=\"https:\/\/www.instagram.com\/p\/Cj-F2jns4Se\/?utm_source=ig_embed&amp;utm_campaign=loading\" target=\"_blank\" rel=\"noopener noreferrer\">A post shared by A. K. LEO Official (@amir_kazic_leo)<\/a><\/p>\n<\/div>\n<\/blockquote>\n<p><div class=\"embed-notice\">Za ogled vstavljene vsebine morate omogo\u010diti <a href=\"#\" onclick=\"Optanon.ToggleInfoDisplay()\">shranjevanje pi\u0161kotkov v napravi<\/a><\/div><script async type=\"text\/plain\" class=\"optanon-category-C0002-C0003-C0004\" optanon-src=\"\/\/www.instagram.com\/embed.js\"><\/script><\/p>\n","protected":false},"excerpt":{"rendered":"<p>Glavna tema je danes nezakonski sin Zdravka \u010coli\u0107a.<\/p>\n","protected":false},"author":6,"featured_media":475251,"comment_status":"closed","ping_status":"closed","sticky":false,"template":"","format":"standard","meta":{"footnotes":""},"categories":[1093],"tags":[20121],"source":[4511],"supertag":[],"acf":[],"yoast_head":"<!-- This site is optimized with the Yoast SEO plugin v21.3 - https:\/\/yoast.com\/wordpress\/plugins\/seo\/ -->\n<title>Nezakonski sin Zdravka \u010coli\u0107a je bil dolga leta skrivnost, takole izgleda: Od njega bom zahteval pre\u017eivnino za vsa leta! - Hudo Slovenija<\/title>\n<meta name=\"robots\" content=\"index, follow, max-snippet:-1, max-image-preview:large, max-video-preview:-1\" \/>\n<link rel=\"canonical\" href=\"https:\/\/hudo.com\/si\/vip\/nezakonski-sin-zdravka-colica-je-bil-dolga-leta-skrivnost-takole-izgleda-od-njega-bom-zahteval-prezivnino-za-vsa-leta\/\" \/>\n<meta property=\"og:locale\" content=\"sl_SI\" \/>\n<meta property=\"og:type\" content=\"article\" \/>\n<meta property=\"og:title\" content=\"Nezakonski sin Zdravka \u010coli\u0107a je bil dolga leta skrivnost, takole izgleda: Od njega bom zahteval pre\u017eivnino za vsa leta! - Hudo Slovenija\" \/>\n<meta property=\"og:description\" content=\"Glavna tema je danes nezakonski sin Zdravka \u010coli\u0107a.\" \/>\n<meta property=\"og:url\" content=\"https:\/\/hudo.com\/si\/vip\/nezakonski-sin-zdravka-colica-je-bil-dolga-leta-skrivnost-takole-izgleda-od-njega-bom-zahteval-prezivnino-za-vsa-leta\/\" \/>\n<meta property=\"og:site_name\" content=\"Hudo Slovenija\" \/>\n<meta property=\"article:publisher\" content=\"https:\/\/www.facebook.com\/hudo.si\" \/>\n<meta property=\"article:published_time\" content=\"2022-12-08T09:18:10+00:00\" \/>\n<meta property=\"og:image\" content=\"https:\/\/hudo.com\/si\/wp-content\/uploads\/sites\/2\/2022\/12\/Screenshot-from-2022-12-08-10-14-45.jpg\" \/>\n\t<meta property=\"og:image:width\" content=\"909\" \/>\n\t<meta property=\"og:image:height\" content=\"605\" \/>\n\t<meta property=\"og:image:type\" content=\"image\/jpeg\" \/>\n<meta name=\"author\" content=\"A. G.\" \/>\n<meta name=\"twitter:card\" content=\"summary_large_image\" \/>\n<meta name=\"twitter:creator\" content=\"@hudo_si\" \/>\n<meta name=\"twitter:site\" content=\"@hudo_si\" \/>\n<meta name=\"twitter:label1\" content=\"Written by\" \/>\n\t<meta name=\"twitter:data1\" content=\"A. G.\" \/>\n\t<meta name=\"twitter:label2\" content=\"Est. reading time\" \/>\n\t<meta name=\"twitter:data2\" content=\"1 minuta\" \/>\n<script type=\"application\/ld+json\" class=\"yoast-schema-graph\">{\"@context\":\"https:\/\/schema.org\",\"@graph\":[{\"@type\":\"Article\",\"@id\":\"https:\/\/hudo.com\/si\/vip\/nezakonski-sin-zdravka-colica-je-bil-dolga-leta-skrivnost-takole-izgleda-od-njega-bom-zahteval-prezivnino-za-vsa-leta\/#article\",\"isPartOf\":{\"@id\":\"https:\/\/hudo.com\/si\/vip\/nezakonski-sin-zdravka-colica-je-bil-dolga-leta-skrivnost-takole-izgleda-od-njega-bom-zahteval-prezivnino-za-vsa-leta\/\"},\"author\":{\"name\":\"A. G.\",\"@id\":\"https:\/\/hudo.com\/si\/#\/schema\/person\/f95639a66e0dd2c682b0568634e85b8b\"},\"headline\":\"Nezakonski sin Zdravka \u010coli\u0107a je bil dolga leta skrivnost, takole izgleda: Od njega bom zahteval pre\u017eivnino za vsa leta!\",\"datePublished\":\"2022-12-08T09:18:10+00:00\",\"dateModified\":\"2022-12-08T09:18:10+00:00\",\"mainEntityOfPage\":{\"@id\":\"https:\/\/hudo.com\/si\/vip\/nezakonski-sin-zdravka-colica-je-bil-dolga-leta-skrivnost-takole-izgleda-od-njega-bom-zahteval-prezivnino-za-vsa-leta\/\"},\"wordCount\":277,\"publisher\":{\"@id\":\"https:\/\/hudo.com\/si\/#organization\"},\"keywords\":[\"Zdravko Coli\u0107\"],\"articleSection\":[\"VIP\"],\"inLanguage\":\"sl-SI\"},{\"@type\":\"WebPage\",\"@id\":\"https:\/\/hudo.com\/si\/vip\/nezakonski-sin-zdravka-colica-je-bil-dolga-leta-skrivnost-takole-izgleda-od-njega-bom-zahteval-prezivnino-za-vsa-leta\/\",\"url\":\"https:\/\/hudo.com\/si\/vip\/nezakonski-sin-zdravka-colica-je-bil-dolga-leta-skrivnost-takole-izgleda-od-njega-bom-zahteval-prezivnino-za-vsa-leta\/\",\"name\":\"Nezakonski sin Zdravka \u010coli\u0107a je bil dolga leta skrivnost, takole izgleda: Od njega bom zahteval pre\u017eivnino za vsa leta! - Hudo Slovenija\",\"isPartOf\":{\"@id\":\"https:\/\/hudo.com\/si\/#website\"},\"datePublished\":\"2022-12-08T09:18:10+00:00\",\"dateModified\":\"2022-12-08T09:18:10+00:00\",\"breadcrumb\":{\"@id\":\"https:\/\/hudo.com\/si\/vip\/nezakonski-sin-zdravka-colica-je-bil-dolga-leta-skrivnost-takole-izgleda-od-njega-bom-zahteval-prezivnino-za-vsa-leta\/#breadcrumb\"},\"inLanguage\":\"sl-SI\",\"potentialAction\":[{\"@type\":\"ReadAction\",\"target\":[\"https:\/\/hudo.com\/si\/vip\/nezakonski-sin-zdravka-colica-je-bil-dolga-leta-skrivnost-takole-izgleda-od-njega-bom-zahteval-prezivnino-za-vsa-leta\/\"]}]},{\"@type\":\"BreadcrumbList\",\"@id\":\"https:\/\/hudo.com\/si\/vip\/nezakonski-sin-zdravka-colica-je-bil-dolga-leta-skrivnost-takole-izgleda-od-njega-bom-zahteval-prezivnino-za-vsa-leta\/#breadcrumb\",\"itemListElement\":[{\"@type\":\"ListItem\",\"position\":1,\"name\":\"Home\",\"item\":\"https:\/\/hudo.com\/si\/\"},{\"@type\":\"ListItem\",\"position\":2,\"name\":\"Nezakonski sin Zdravka \u010coli\u0107a je bil dolga leta skrivnost, takole izgleda: Od njega bom zahteval pre\u017eivnino za vsa leta!\"}]},{\"@type\":\"WebSite\",\"@id\":\"https:\/\/hudo.com\/si\/#website\",\"url\":\"https:\/\/hudo.com\/si\/\",\"name\":\"Hudo Slovenija\",\"description\":\"Vse novice iz Slovenije in sveta\",\"publisher\":{\"@id\":\"https:\/\/hudo.com\/si\/#organization\"},\"potentialAction\":[{\"@type\":\"SearchAction\",\"target\":{\"@type\":\"EntryPoint\",\"urlTemplate\":\"https:\/\/hudo.com\/si\/?s={search_term_string}\"},\"query-input\":\"required name=search_term_string\"}],\"inLanguage\":\"sl-SI\"},{\"@type\":\"Organization\",\"@id\":\"https:\/\/hudo.com\/si\/#organization\",\"name\":\"VSN Media\",\"url\":\"https:\/\/hudo.com\/si\/\",\"logo\":{\"@type\":\"ImageObject\",\"inLanguage\":\"sl-SI\",\"@id\":\"https:\/\/hudo.com\/si\/#\/schema\/logo\/image\/\",\"url\":\"https:\/\/hudo.com\/si\/wp-content\/uploads\/sites\/2\/2021\/03\/hudo-app-2.png\",\"contentUrl\":\"https:\/\/hudo.com\/si\/wp-content\/uploads\/sites\/2\/2021\/03\/hudo-app-2.png\",\"width\":2185,\"height\":2167,\"caption\":\"VSN Media\"},\"image\":{\"@id\":\"https:\/\/hudo.com\/si\/#\/schema\/logo\/image\/\"},\"sameAs\":[\"https:\/\/www.facebook.com\/hudo.si\",\"https:\/\/twitter.com\/hudo_si\"]},{\"@type\":\"Person\",\"@id\":\"https:\/\/hudo.com\/si\/#\/schema\/person\/f95639a66e0dd2c682b0568634e85b8b\",\"name\":\"A. G.\",\"image\":{\"@type\":\"ImageObject\",\"inLanguage\":\"sl-SI\",\"@id\":\"https:\/\/hudo.com\/si\/#\/schema\/person\/image\/\",\"url\":\"https:\/\/secure.gravatar.com\/avatar\/9f44de561c70d5d80348d3ed0f4b142d?s=96&d=mm&r=g\",\"contentUrl\":\"https:\/\/secure.gravatar.com\/avatar\/9f44de561c70d5d80348d3ed0f4b142d?s=96&d=mm&r=g\",\"caption\":\"A. G.\"},\"url\":\"https:\/\/hudo.com\/si\/author\/alenkagrmek\/\"}]}<\/script>\n<!-- \/ Yoast SEO plugin. -->","yoast_head_json":{"title":"Nezakonski sin Zdravka \u010coli\u0107a je bil dolga leta skrivnost, takole izgleda: Od njega bom zahteval pre\u017eivnino za vsa leta! - Hudo Slovenija","robots":{"index":"index","follow":"follow","max-snippet":"max-snippet:-1","max-image-preview":"max-image-preview:large","max-video-preview":"max-video-preview:-1"},"canonical":"https:\/\/hudo.com\/si\/vip\/nezakonski-sin-zdravka-colica-je-bil-dolga-leta-skrivnost-takole-izgleda-od-njega-bom-zahteval-prezivnino-za-vsa-leta\/","og_locale":"sl_SI","og_type":"article","og_title":"Nezakonski sin Zdravka \u010coli\u0107a je bil dolga leta skrivnost, takole izgleda: Od njega bom zahteval pre\u017eivnino za vsa leta! - Hudo Slovenija","og_description":"Glavna tema je danes nezakonski sin Zdravka \u010coli\u0107a.","og_url":"https:\/\/hudo.com\/si\/vip\/nezakonski-sin-zdravka-colica-je-bil-dolga-leta-skrivnost-takole-izgleda-od-njega-bom-zahteval-prezivnino-za-vsa-leta\/","og_site_name":"Hudo Slovenija","article_publisher":"https:\/\/www.facebook.com\/hudo.si","article_published_time":"2022-12-08T09:18:10+00:00","og_image":[{"width":909,"height":605,"url":"https:\/\/hudo.com\/si\/wp-content\/uploads\/sites\/2\/2022\/12\/Screenshot-from-2022-12-08-10-14-45.jpg","type":"image\/jpeg"}],"author":"A. G.","twitter_card":"summary_large_image","twitter_creator":"@hudo_si","twitter_site":"@hudo_si","twitter_misc":{"Written by":"A. G.","Est. reading time":"1 minuta"},"schema":{"@context":"https:\/\/schema.org","@graph":[{"@type":"Article","@id":"https:\/\/hudo.com\/si\/vip\/nezakonski-sin-zdravka-colica-je-bil-dolga-leta-skrivnost-takole-izgleda-od-njega-bom-zahteval-prezivnino-za-vsa-leta\/#article","isPartOf":{"@id":"https:\/\/hudo.com\/si\/vip\/nezakonski-sin-zdravka-colica-je-bil-dolga-leta-skrivnost-takole-izgleda-od-njega-bom-zahteval-prezivnino-za-vsa-leta\/"},"author":{"name":"A. G.","@id":"https:\/\/hudo.com\/si\/#\/schema\/person\/f95639a66e0dd2c682b0568634e85b8b"},"headline":"Nezakonski sin Zdravka \u010coli\u0107a je bil dolga leta skrivnost, takole izgleda: Od njega bom zahteval pre\u017eivnino za vsa leta!","datePublished":"2022-12-08T09:18:10+00:00","dateModified":"2022-12-08T09:18:10+00:00","mainEntityOfPage":{"@id":"https:\/\/hudo.com\/si\/vip\/nezakonski-sin-zdravka-colica-je-bil-dolga-leta-skrivnost-takole-izgleda-od-njega-bom-zahteval-prezivnino-za-vsa-leta\/"},"wordCount":277,"publisher":{"@id":"https:\/\/hudo.com\/si\/#organization"},"keywords":["Zdravko Coli\u0107"],"articleSection":["VIP"],"inLanguage":"sl-SI"},{"@type":"WebPage","@id":"https:\/\/hudo.com\/si\/vip\/nezakonski-sin-zdravka-colica-je-bil-dolga-leta-skrivnost-takole-izgleda-od-njega-bom-zahteval-prezivnino-za-vsa-leta\/","url":"https:\/\/hudo.com\/si\/vip\/nezakonski-sin-zdravka-colica-je-bil-dolga-leta-skrivnost-takole-izgleda-od-njega-bom-zahteval-prezivnino-za-vsa-leta\/","name":"Nezakonski sin Zdravka \u010coli\u0107a je bil dolga leta skrivnost, takole izgleda: Od njega bom zahteval pre\u017eivnino za vsa leta! - Hudo Slovenija","isPartOf":{"@id":"https:\/\/hudo.com\/si\/#website"},"datePublished":"2022-12-08T09:18:10+00:00","dateModified":"2022-12-08T09:18:10+00:00","breadcrumb":{"@id":"https:\/\/hudo.com\/si\/vip\/nezakonski-sin-zdravka-colica-je-bil-dolga-leta-skrivnost-takole-izgleda-od-njega-bom-zahteval-prezivnino-za-vsa-leta\/#breadcrumb"},"inLanguage":"sl-SI","potentialAction":[{"@type":"ReadAction","target":["https:\/\/hudo.com\/si\/vip\/nezakonski-sin-zdravka-colica-je-bil-dolga-leta-skrivnost-takole-izgleda-od-njega-bom-zahteval-prezivnino-za-vsa-leta\/"]}]},{"@type":"BreadcrumbList","@id":"https:\/\/hudo.com\/si\/vip\/nezakonski-sin-zdravka-colica-je-bil-dolga-leta-skrivnost-takole-izgleda-od-njega-bom-zahteval-prezivnino-za-vsa-leta\/#breadcrumb","itemListElement":[{"@type":"ListItem","position":1,"name":"Home","item":"https:\/\/hudo.com\/si\/"},{"@type":"ListItem","position":2,"name":"Nezakonski sin Zdravka \u010coli\u0107a je bil dolga leta skrivnost, takole izgleda: Od njega bom zahteval pre\u017eivnino za vsa leta!"}]},{"@type":"WebSite","@id":"https:\/\/hudo.com\/si\/#website","url":"https:\/\/hudo.com\/si\/","name":"Hudo Slovenija","description":"Vse novice iz Slovenije in sveta","publisher":{"@id":"https:\/\/hudo.com\/si\/#organization"},"potentialAction":[{"@type":"SearchAction","target":{"@type":"EntryPoint","urlTemplate":"https:\/\/hudo.com\/si\/?s={search_term_string}"},"query-input":"required name=search_term_string"}],"inLanguage":"sl-SI"},{"@type":"Organization","@id":"https:\/\/hudo.com\/si\/#organization","name":"VSN Media","url":"https:\/\/hudo.com\/si\/","logo":{"@type":"ImageObject","inLanguage":"sl-SI","@id":"https:\/\/hudo.com\/si\/#\/schema\/logo\/image\/","url":"https:\/\/hudo.com\/si\/wp-content\/uploads\/sites\/2\/2021\/03\/hudo-app-2.png","contentUrl":"https:\/\/hudo.com\/si\/wp-content\/uploads\/sites\/2\/2021\/03\/hudo-app-2.png","width":2185,"height":2167,"caption":"VSN Media"},"image":{"@id":"https:\/\/hudo.com\/si\/#\/schema\/logo\/image\/"},"sameAs":["https:\/\/www.facebook.com\/hudo.si","https:\/\/twitter.com\/hudo_si"]},{"@type":"Person","@id":"https:\/\/hudo.com\/si\/#\/schema\/person\/f95639a66e0dd2c682b0568634e85b8b","name":"A. G.","image":{"@type":"ImageObject","inLanguage":"sl-SI","@id":"https:\/\/hudo.com\/si\/#\/schema\/person\/image\/","url":"https:\/\/secure.gravatar.com\/avatar\/9f44de561c70d5d80348d3ed0f4b142d?s=96&d=mm&r=g","contentUrl":"https:\/\/secure.gravatar.com\/avatar\/9f44de561c70d5d80348d3ed0f4b142d?s=96&d=mm&r=g","caption":"A. G."},"url":"https:\/\/hudo.com\/si\/author\/alenkagrmek\/"}]}},"amp_enabled":true,"_links":{"self":[{"href":"https:\/\/hudo.com\/si\/wp-json\/wp\/v2\/posts\/475250"}],"collection":[{"href":"https:\/\/hudo.com\/si\/wp-json\/wp\/v2\/posts"}],"about":[{"href":"https:\/\/hudo.com\/si\/wp-json\/wp\/v2\/types\/post"}],"author":[{"embeddable":true,"href":"https:\/\/hudo.com\/si\/wp-json\/wp\/v2\/users\/6"}],"replies":[{"embeddable":true,"href":"https:\/\/hudo.com\/si\/wp-json\/wp\/v2\/comments?post=475250"}],"version-history":[{"count":1,"href":"https:\/\/hudo.com\/si\/wp-json\/wp\/v2\/posts\/475250\/revisions"}],"predecessor-version":[{"id":475252,"href":"https:\/\/hudo.com\/si\/wp-json\/wp\/v2\/posts\/475250\/revisions\/475252"}],"wp:featuredmedia":[{"embeddable":true,"href":"https:\/\/hudo.com\/si\/wp-json\/wp\/v2\/media\/475251"}],"wp:attachment":[{"href":"https:\/\/hudo.com\/si\/wp-json\/wp\/v2\/media?parent=475250"}],"wp:term":[{"taxonomy":"category","embeddable":true,"href":"https:\/\/hudo.com\/si\/wp-json\/wp\/v2\/categories?post=475250"},{"taxonomy":"post_tag","embeddable":true,"href":"https:\/\/hudo.com\/si\/wp-json\/wp\/v2\/tags?post=475250"},{"taxonomy":"source","embeddable":true,"href":"https:\/\/hudo.com\/si\/wp-json\/wp\/v2\/source?post=475250"},{"taxonomy":"supertag","embeddable":true,"href":"https:\/\/hudo.com\/si\/wp-json\/wp\/v2\/supertag?post=475250"}],"curies":[{"name":"wp","href":"https:\/\/api.w.org\/{rel}","templated":true}]}}