{"id":475358,"date":"2022-12-10T18:30:44","date_gmt":"2022-12-10T17:30:44","guid":{"rendered":"https:\/\/hudo.com\/si\/?p=475358"},"modified":"2022-12-10T18:30:44","modified_gmt":"2022-12-10T17:30:44","slug":"maroko-uresnicil-afriske-sanje-koncal-pa-sanje-cristiana-ronalda-in-portugalske","status":"publish","type":"post","link":"https:\/\/hudo.com\/si\/aktualno\/maroko-uresnicil-afriske-sanje-koncal-pa-sanje-cristiana-ronalda-in-portugalske\/","title":{"rendered":"Maroko uresni\u010dil afri\u0161ke sanje, kon\u010dal pa sanje Cristiana Ronalda in Portugalske"},"content":{"rendered":"<p>Maroko v Katarju pi\u0161e zgodovino. Potem ko je prvi\u010d sploh zaigral v \u010detrtfinalu SP, je s presti\u017eno zmago proti Cristianu Ronaldu in njegovi Portugalski postal prva afri\u0161ka dr\u017eava s prebojem v polfinale mundiala. Pred tem so neuspe\u0161no to \u010detverico lovili Kamerun 1990, Senegal 2002 in Gana in 2010.<\/p>\n<p>Junak tekme, na kateri so Maro\u010dani do uspeha pri\u0161li z zanje zna\u010dilnim slogom za ta turnir, torej predvsem s \u010dakanjem na prilo\u017enosti in discipliniranim branjenjem, pa je postal Youssef En-Nesyri. Ob tem je svoje naredila \u017ee omenjena obramba, ki je na zadnjih devetih tekmah prejela zgolj en zadetek, tega jim je zabila Kanada v skupinskem delu.<\/p>\n<p>Maro\u010dani so dobili prvi pol\u010das z golom Youssefa En-Nesyrija. Ta je v 42. minuti po podaji z leve strani v kazenskem prostoru visoko sko\u010dil in z glavo zadel za 1:0. Afri\u0161ki predstavniki so sicer v dobr\u0161ni meri pokazali predstavo v slogu s prej\u0161njih tekem. Posest \u017eoge so prepustili tekmecu, se disciplinarno branili in \u010dakali na protinapade. Enega od teh bi lahko unov\u010dili v drugi minuti sodni\u0161kega dodatka, a so bili nenatan\u010dni.<\/p>\n<p>So pa imeli izbranci Walida Regraguija, ki je postal prvi afri\u0161ki selektor s \u010detrtfinalom in zdaj s polfinalom SP, v prvem delu rahlo ve\u010d strelov, medtem ko je bil pri Portugalci najaktivnej\u0161i pri poskusih Joao Felix, a ni zadel z nobenim od treh nevarnej\u0161ih strelov. Najbli\u017eje zadetku pa so bili Portugalci v 45. minuti, ko je Bruno Fernandes \u017eogo z desne strani poslal proti vratom in zadel pre\u010dko.<\/p>\n<p>Maro\u010dani so bili tudi v uvodu drugega dela hitro nevarni po prekinitvi, je pa kmalu zatem v igro pri\u0161el Cristiano Ronaldo, za katerega je bila to \u017ee 196. tekma v dr\u017eavnem dresu. To je izena\u010denje rekorda, kar zadeva nastope za izbrano vrsto, enako \u0161tevilo jih je zbral tudi Kuvajt\u010dan Bader Al-Mutava.<\/p>\n<p>Goncalo Ramos pa je bil prvi Portugalec v drugem delu z resnej\u0161im strelom v 58. minuti, so pa igralci s Pirenejskega polotoka spet prevladovali na terenu, v 64. minuti pa je Fernandes spet zgre\u0161il z roba kazenskega prostora. \u0160e naprej je Portugalska iskala poti v kazenski prostor, Maroko pa se je branil, Felix pa je v 83. minuti na\u0161el luknjo v obrambi tekmeca, vendar se je izkazal Yassine Bounou.<\/p>\n<p>Maro\u0161ki \u010duvaj mre\u017ee je obranil tudi Ronaldov strel v prvi minuti dodatka, v katerem so imeli Portugalci igralca ve\u010d po izklju\u010ditvi Walida Cheddire. Toda Aboukhlal je imel v 96. minuti zaklju\u010dno \u017eogo, ko je pri\u0161el sam pred Dioga Costo, a je bil slednji uspe\u0161nej\u0161i. Zatem je imel na drugi strani \u0161e Pepe prilo\u017enost z glavo, a je na veliko veselje maro\u0161kih privr\u017eencev zgre\u0161il iz bli\u017eine.<\/p>\n<p>\u017de v petek sta si polfinale po enajstmetrovkah priigrali Hrva\u0161ka, ki je izlo\u010dila Brazilijo, in Argentina, ki je odpravila Nizozemsko.<\/p>\n","protected":false},"excerpt":{"rendered":"<p>Maro\u0161ka nogometna reprezentanca je v Dohi v \u010detrtfinalu svetovnega prvenstva v Katarju premagala Portugalsko z 1:0 (1:0). Maroko se bo v sredinem polfinalu meril z bolj\u0161im iz dvoboja med branilcem naslova Francijo in Anglijo. Ti dve bosta \u010detrtfinale igrali ob 20. uri v Al Koru.<\/p>\n","protected":false},"author":5,"featured_media":475359,"comment_status":"closed","ping_status":"closed","sticky":false,"template":"","format":"standard","meta":{"footnotes":""},"categories":[1179,18176],"tags":[18502,3726,5375],"source":[4511],"supertag":[],"acf":[],"yoast_head":"<!-- This site is optimized with the Yoast SEO plugin v21.3 - https:\/\/yoast.com\/wordpress\/plugins\/seo\/ -->\n<title>Maroko uresni\u010dil afri\u0161ke sanje, kon\u010dal pa sanje Cristiana Ronalda in Portugalske - Hudo Slovenija<\/title>\n<meta name=\"robots\" content=\"index, follow, max-snippet:-1, max-image-preview:large, max-video-preview:-1\" \/>\n<link rel=\"canonical\" href=\"https:\/\/hudo.com\/si\/aktualno\/maroko-uresnicil-afriske-sanje-koncal-pa-sanje-cristiana-ronalda-in-portugalske\/\" \/>\n<meta property=\"og:locale\" content=\"sl_SI\" \/>\n<meta property=\"og:type\" content=\"article\" \/>\n<meta property=\"og:title\" content=\"Maroko uresni\u010dil afri\u0161ke sanje, kon\u010dal pa sanje Cristiana Ronalda in Portugalske - Hudo Slovenija\" \/>\n<meta property=\"og:description\" content=\"Maro\u0161ka nogometna reprezentanca je v Dohi v \u010detrtfinalu svetovnega prvenstva v Katarju premagala Portugalsko z 1:0 (1:0). Maroko se bo v sredinem polfinalu meril z bolj\u0161im iz dvoboja med branilcem naslova Francijo in Anglijo. Ti dve bosta \u010detrtfinale igrali ob 20. uri v Al Koru.\" \/>\n<meta property=\"og:url\" content=\"https:\/\/hudo.com\/si\/aktualno\/maroko-uresnicil-afriske-sanje-koncal-pa-sanje-cristiana-ronalda-in-portugalske\/\" \/>\n<meta property=\"og:site_name\" content=\"Hudo Slovenija\" \/>\n<meta property=\"article:publisher\" content=\"https:\/\/www.facebook.com\/hudo.si\" \/>\n<meta property=\"article:published_time\" content=\"2022-12-10T17:30:44+00:00\" \/>\n<meta property=\"og:image\" content=\"https:\/\/hudo.com\/si\/wp-content\/uploads\/sites\/2\/2022\/12\/profimedia-0743790749.jpg\" \/>\n\t<meta property=\"og:image:width\" content=\"1250\" \/>\n\t<meta property=\"og:image:height\" content=\"827\" \/>\n\t<meta property=\"og:image:type\" content=\"image\/jpeg\" \/>\n<meta name=\"author\" content=\"A. G., STA\" \/>\n<meta name=\"twitter:card\" content=\"summary_large_image\" \/>\n<meta name=\"twitter:creator\" content=\"@hudo_si\" \/>\n<meta name=\"twitter:site\" content=\"@hudo_si\" \/>\n<meta name=\"twitter:label1\" content=\"Written by\" \/>\n\t<meta name=\"twitter:data1\" content=\"A. G., STA\" \/>\n\t<meta name=\"twitter:label2\" content=\"Est. reading time\" \/>\n\t<meta name=\"twitter:data2\" content=\"2 minuti\" \/>\n<script type=\"application\/ld+json\" class=\"yoast-schema-graph\">{\"@context\":\"https:\/\/schema.org\",\"@graph\":[{\"@type\":\"Article\",\"@id\":\"https:\/\/hudo.com\/si\/aktualno\/maroko-uresnicil-afriske-sanje-koncal-pa-sanje-cristiana-ronalda-in-portugalske\/#article\",\"isPartOf\":{\"@id\":\"https:\/\/hudo.com\/si\/aktualno\/maroko-uresnicil-afriske-sanje-koncal-pa-sanje-cristiana-ronalda-in-portugalske\/\"},\"author\":{\"name\":\"A. G., STA\",\"@id\":\"https:\/\/hudo.com\/si\/#\/schema\/person\/2391667a63ea075ba94f2f2dc6b77537\"},\"headline\":\"Maroko uresni\u010dil afri\u0161ke sanje, kon\u010dal pa sanje Cristiana Ronalda in Portugalske\",\"datePublished\":\"2022-12-10T17:30:44+00:00\",\"dateModified\":\"2022-12-10T17:30:44+00:00\",\"mainEntityOfPage\":{\"@id\":\"https:\/\/hudo.com\/si\/aktualno\/maroko-uresnicil-afriske-sanje-koncal-pa-sanje-cristiana-ronalda-in-portugalske\/\"},\"wordCount\":496,\"publisher\":{\"@id\":\"https:\/\/hudo.com\/si\/#organization\"},\"keywords\":[\"katar 2022\",\"maroko\",\"Portugalska\"],\"articleSection\":[\"Aktualno\",\"\u0160port\"],\"inLanguage\":\"sl-SI\"},{\"@type\":\"WebPage\",\"@id\":\"https:\/\/hudo.com\/si\/aktualno\/maroko-uresnicil-afriske-sanje-koncal-pa-sanje-cristiana-ronalda-in-portugalske\/\",\"url\":\"https:\/\/hudo.com\/si\/aktualno\/maroko-uresnicil-afriske-sanje-koncal-pa-sanje-cristiana-ronalda-in-portugalske\/\",\"name\":\"Maroko uresni\u010dil afri\u0161ke sanje, kon\u010dal pa sanje Cristiana Ronalda in Portugalske - Hudo Slovenija\",\"isPartOf\":{\"@id\":\"https:\/\/hudo.com\/si\/#website\"},\"datePublished\":\"2022-12-10T17:30:44+00:00\",\"dateModified\":\"2022-12-10T17:30:44+00:00\",\"breadcrumb\":{\"@id\":\"https:\/\/hudo.com\/si\/aktualno\/maroko-uresnicil-afriske-sanje-koncal-pa-sanje-cristiana-ronalda-in-portugalske\/#breadcrumb\"},\"inLanguage\":\"sl-SI\",\"potentialAction\":[{\"@type\":\"ReadAction\",\"target\":[\"https:\/\/hudo.com\/si\/aktualno\/maroko-uresnicil-afriske-sanje-koncal-pa-sanje-cristiana-ronalda-in-portugalske\/\"]}]},{\"@type\":\"BreadcrumbList\",\"@id\":\"https:\/\/hudo.com\/si\/aktualno\/maroko-uresnicil-afriske-sanje-koncal-pa-sanje-cristiana-ronalda-in-portugalske\/#breadcrumb\",\"itemListElement\":[{\"@type\":\"ListItem\",\"position\":1,\"name\":\"Home\",\"item\":\"https:\/\/hudo.com\/si\/\"},{\"@type\":\"ListItem\",\"position\":2,\"name\":\"Maroko uresni\u010dil afri\u0161ke sanje, kon\u010dal pa sanje Cristiana Ronalda in Portugalske\"}]},{\"@type\":\"WebSite\",\"@id\":\"https:\/\/hudo.com\/si\/#website\",\"url\":\"https:\/\/hudo.com\/si\/\",\"name\":\"Hudo Slovenija\",\"description\":\"Vse novice iz Slovenije in sveta\",\"publisher\":{\"@id\":\"https:\/\/hudo.com\/si\/#organization\"},\"potentialAction\":[{\"@type\":\"SearchAction\",\"target\":{\"@type\":\"EntryPoint\",\"urlTemplate\":\"https:\/\/hudo.com\/si\/?s={search_term_string}\"},\"query-input\":\"required name=search_term_string\"}],\"inLanguage\":\"sl-SI\"},{\"@type\":\"Organization\",\"@id\":\"https:\/\/hudo.com\/si\/#organization\",\"name\":\"VSN Media\",\"url\":\"https:\/\/hudo.com\/si\/\",\"logo\":{\"@type\":\"ImageObject\",\"inLanguage\":\"sl-SI\",\"@id\":\"https:\/\/hudo.com\/si\/#\/schema\/logo\/image\/\",\"url\":\"https:\/\/hudo.com\/si\/wp-content\/uploads\/sites\/2\/2021\/03\/hudo-app-2.png\",\"contentUrl\":\"https:\/\/hudo.com\/si\/wp-content\/uploads\/sites\/2\/2021\/03\/hudo-app-2.png\",\"width\":2185,\"height\":2167,\"caption\":\"VSN Media\"},\"image\":{\"@id\":\"https:\/\/hudo.com\/si\/#\/schema\/logo\/image\/\"},\"sameAs\":[\"https:\/\/www.facebook.com\/hudo.si\",\"https:\/\/twitter.com\/hudo_si\"]},{\"@type\":\"Person\",\"@id\":\"https:\/\/hudo.com\/si\/#\/schema\/person\/2391667a63ea075ba94f2f2dc6b77537\",\"name\":\"A. G., STA\",\"image\":{\"@type\":\"ImageObject\",\"inLanguage\":\"sl-SI\",\"@id\":\"https:\/\/hudo.com\/si\/#\/schema\/person\/image\/\",\"url\":\"https:\/\/secure.gravatar.com\/avatar\/e13d22ac3e442658d5025fbbe6238a79?s=96&d=mm&r=g\",\"contentUrl\":\"https:\/\/secure.gravatar.com\/avatar\/e13d22ac3e442658d5025fbbe6238a79?s=96&d=mm&r=g\",\"caption\":\"A. G., STA\"},\"url\":\"https:\/\/hudo.com\/si\/author\/alenka\/\"}]}<\/script>\n<!-- \/ Yoast SEO plugin. -->","yoast_head_json":{"title":"Maroko uresni\u010dil afri\u0161ke sanje, kon\u010dal pa sanje Cristiana Ronalda in Portugalske - Hudo Slovenija","robots":{"index":"index","follow":"follow","max-snippet":"max-snippet:-1","max-image-preview":"max-image-preview:large","max-video-preview":"max-video-preview:-1"},"canonical":"https:\/\/hudo.com\/si\/aktualno\/maroko-uresnicil-afriske-sanje-koncal-pa-sanje-cristiana-ronalda-in-portugalske\/","og_locale":"sl_SI","og_type":"article","og_title":"Maroko uresni\u010dil afri\u0161ke sanje, kon\u010dal pa sanje Cristiana Ronalda in Portugalske - Hudo Slovenija","og_description":"Maro\u0161ka nogometna reprezentanca je v Dohi v \u010detrtfinalu svetovnega prvenstva v Katarju premagala Portugalsko z 1:0 (1:0). Maroko se bo v sredinem polfinalu meril z bolj\u0161im iz dvoboja med branilcem naslova Francijo in Anglijo. Ti dve bosta \u010detrtfinale igrali ob 20. uri v Al Koru.","og_url":"https:\/\/hudo.com\/si\/aktualno\/maroko-uresnicil-afriske-sanje-koncal-pa-sanje-cristiana-ronalda-in-portugalske\/","og_site_name":"Hudo Slovenija","article_publisher":"https:\/\/www.facebook.com\/hudo.si","article_published_time":"2022-12-10T17:30:44+00:00","og_image":[{"width":1250,"height":827,"url":"https:\/\/hudo.com\/si\/wp-content\/uploads\/sites\/2\/2022\/12\/profimedia-0743790749.jpg","type":"image\/jpeg"}],"author":"A. G., STA","twitter_card":"summary_large_image","twitter_creator":"@hudo_si","twitter_site":"@hudo_si","twitter_misc":{"Written by":"A. G., STA","Est. reading time":"2 minuti"},"schema":{"@context":"https:\/\/schema.org","@graph":[{"@type":"Article","@id":"https:\/\/hudo.com\/si\/aktualno\/maroko-uresnicil-afriske-sanje-koncal-pa-sanje-cristiana-ronalda-in-portugalske\/#article","isPartOf":{"@id":"https:\/\/hudo.com\/si\/aktualno\/maroko-uresnicil-afriske-sanje-koncal-pa-sanje-cristiana-ronalda-in-portugalske\/"},"author":{"name":"A. G., STA","@id":"https:\/\/hudo.com\/si\/#\/schema\/person\/2391667a63ea075ba94f2f2dc6b77537"},"headline":"Maroko uresni\u010dil afri\u0161ke sanje, kon\u010dal pa sanje Cristiana Ronalda in Portugalske","datePublished":"2022-12-10T17:30:44+00:00","dateModified":"2022-12-10T17:30:44+00:00","mainEntityOfPage":{"@id":"https:\/\/hudo.com\/si\/aktualno\/maroko-uresnicil-afriske-sanje-koncal-pa-sanje-cristiana-ronalda-in-portugalske\/"},"wordCount":496,"publisher":{"@id":"https:\/\/hudo.com\/si\/#organization"},"keywords":["katar 2022","maroko","Portugalska"],"articleSection":["Aktualno","\u0160port"],"inLanguage":"sl-SI"},{"@type":"WebPage","@id":"https:\/\/hudo.com\/si\/aktualno\/maroko-uresnicil-afriske-sanje-koncal-pa-sanje-cristiana-ronalda-in-portugalske\/","url":"https:\/\/hudo.com\/si\/aktualno\/maroko-uresnicil-afriske-sanje-koncal-pa-sanje-cristiana-ronalda-in-portugalske\/","name":"Maroko uresni\u010dil afri\u0161ke sanje, kon\u010dal pa sanje Cristiana Ronalda in Portugalske - Hudo Slovenija","isPartOf":{"@id":"https:\/\/hudo.com\/si\/#website"},"datePublished":"2022-12-10T17:30:44+00:00","dateModified":"2022-12-10T17:30:44+00:00","breadcrumb":{"@id":"https:\/\/hudo.com\/si\/aktualno\/maroko-uresnicil-afriske-sanje-koncal-pa-sanje-cristiana-ronalda-in-portugalske\/#breadcrumb"},"inLanguage":"sl-SI","potentialAction":[{"@type":"ReadAction","target":["https:\/\/hudo.com\/si\/aktualno\/maroko-uresnicil-afriske-sanje-koncal-pa-sanje-cristiana-ronalda-in-portugalske\/"]}]},{"@type":"BreadcrumbList","@id":"https:\/\/hudo.com\/si\/aktualno\/maroko-uresnicil-afriske-sanje-koncal-pa-sanje-cristiana-ronalda-in-portugalske\/#breadcrumb","itemListElement":[{"@type":"ListItem","position":1,"name":"Home","item":"https:\/\/hudo.com\/si\/"},{"@type":"ListItem","position":2,"name":"Maroko uresni\u010dil afri\u0161ke sanje, kon\u010dal pa sanje Cristiana Ronalda in Portugalske"}]},{"@type":"WebSite","@id":"https:\/\/hudo.com\/si\/#website","url":"https:\/\/hudo.com\/si\/","name":"Hudo Slovenija","description":"Vse novice iz Slovenije in sveta","publisher":{"@id":"https:\/\/hudo.com\/si\/#organization"},"potentialAction":[{"@type":"SearchAction","target":{"@type":"EntryPoint","urlTemplate":"https:\/\/hudo.com\/si\/?s={search_term_string}"},"query-input":"required name=search_term_string"}],"inLanguage":"sl-SI"},{"@type":"Organization","@id":"https:\/\/hudo.com\/si\/#organization","name":"VSN Media","url":"https:\/\/hudo.com\/si\/","logo":{"@type":"ImageObject","inLanguage":"sl-SI","@id":"https:\/\/hudo.com\/si\/#\/schema\/logo\/image\/","url":"https:\/\/hudo.com\/si\/wp-content\/uploads\/sites\/2\/2021\/03\/hudo-app-2.png","contentUrl":"https:\/\/hudo.com\/si\/wp-content\/uploads\/sites\/2\/2021\/03\/hudo-app-2.png","width":2185,"height":2167,"caption":"VSN Media"},"image":{"@id":"https:\/\/hudo.com\/si\/#\/schema\/logo\/image\/"},"sameAs":["https:\/\/www.facebook.com\/hudo.si","https:\/\/twitter.com\/hudo_si"]},{"@type":"Person","@id":"https:\/\/hudo.com\/si\/#\/schema\/person\/2391667a63ea075ba94f2f2dc6b77537","name":"A. G., STA","image":{"@type":"ImageObject","inLanguage":"sl-SI","@id":"https:\/\/hudo.com\/si\/#\/schema\/person\/image\/","url":"https:\/\/secure.gravatar.com\/avatar\/e13d22ac3e442658d5025fbbe6238a79?s=96&d=mm&r=g","contentUrl":"https:\/\/secure.gravatar.com\/avatar\/e13d22ac3e442658d5025fbbe6238a79?s=96&d=mm&r=g","caption":"A. G., STA"},"url":"https:\/\/hudo.com\/si\/author\/alenka\/"}]}},"amp_enabled":true,"_links":{"self":[{"href":"https:\/\/hudo.com\/si\/wp-json\/wp\/v2\/posts\/475358"}],"collection":[{"href":"https:\/\/hudo.com\/si\/wp-json\/wp\/v2\/posts"}],"about":[{"href":"https:\/\/hudo.com\/si\/wp-json\/wp\/v2\/types\/post"}],"author":[{"embeddable":true,"href":"https:\/\/hudo.com\/si\/wp-json\/wp\/v2\/users\/5"}],"replies":[{"embeddable":true,"href":"https:\/\/hudo.com\/si\/wp-json\/wp\/v2\/comments?post=475358"}],"version-history":[{"count":1,"href":"https:\/\/hudo.com\/si\/wp-json\/wp\/v2\/posts\/475358\/revisions"}],"predecessor-version":[{"id":475360,"href":"https:\/\/hudo.com\/si\/wp-json\/wp\/v2\/posts\/475358\/revisions\/475360"}],"wp:featuredmedia":[{"embeddable":true,"href":"https:\/\/hudo.com\/si\/wp-json\/wp\/v2\/media\/475359"}],"wp:attachment":[{"href":"https:\/\/hudo.com\/si\/wp-json\/wp\/v2\/media?parent=475358"}],"wp:term":[{"taxonomy":"category","embeddable":true,"href":"https:\/\/hudo.com\/si\/wp-json\/wp\/v2\/categories?post=475358"},{"taxonomy":"post_tag","embeddable":true,"href":"https:\/\/hudo.com\/si\/wp-json\/wp\/v2\/tags?post=475358"},{"taxonomy":"source","embeddable":true,"href":"https:\/\/hudo.com\/si\/wp-json\/wp\/v2\/source?post=475358"},{"taxonomy":"supertag","embeddable":true,"href":"https:\/\/hudo.com\/si\/wp-json\/wp\/v2\/supertag?post=475358"}],"curies":[{"name":"wp","href":"https:\/\/api.w.org\/{rel}","templated":true}]}}