{"id":475736,"date":"2022-12-20T12:04:22","date_gmt":"2022-12-20T11:04:22","guid":{"rendered":"https:\/\/hudo.com\/si\/?p=475736"},"modified":"2022-12-20T12:04:22","modified_gmt":"2022-12-20T11:04:22","slug":"francozi-sporocili-da-sprejema-ne-bo-poglejte-kaj-so-jim-pripravili-parizani","status":"publish","type":"post","link":"https:\/\/hudo.com\/si\/sport\/francozi-sporocili-da-sprejema-ne-bo-poglejte-kaj-so-jim-pripravili-parizani\/","title":{"rendered":"Francozi sporo\u010dili, da sprejema ne bo. Poglejte, kaj so jim pripravili Pari\u017eani"},"content":{"rendered":"<p>V\u010deraj je FFF sicer sprva napovedala, da sprejema ne bo. Po besedah predsednika FFF Noela Le Graeta so si \u017eeleli igralci in vodstvo po pristanku v domovini zgolj oditi domov.<\/p>\n<blockquote class=\"twitter-tweet\">\n<p dir=\"ltr\" lang=\"fr\">Incroyable ferveur Place de la Concorde pour le retour des Bleus <a href=\"https:\/\/t.co\/aneGdFLvMA\">pic.twitter.com\/aneGdFLvMA<\/a><\/p>\n<p>\u2014 Foot Mercato (@footmercato) <a href=\"https:\/\/twitter.com\/footmercato\/status\/1604937652641341450?ref_src=twsrc%5Etfw\">December 19, 2022<\/a><\/p><\/blockquote>\n<p><div class=\"embed-notice\">Za ogled vstavljene vsebine morate omogo\u010diti <a href=\"#\" onclick=\"Optanon.ToggleInfoDisplay()\">shranjevanje pi\u0161kotkov v napravi<\/a><\/div><script async type=\"text\/plain\" class=\"optanon-category-C0002-C0003-C0004\" optanon-src=\"https:\/\/platform.twitter.com\/widgets.js\" charset=\"utf-8\"><\/script><\/p>\n<p>A popoldne je zveza sporo\u010dila, da sprejem vendarle bo. Po pristanku letala okrog 20. ure je avtobus z nogometa\u0161i krenil proti trgu Concorde, kjer so se \u017ee nekaj ur zbirali navija\u010di. \u017de prej so sicer odpovedali klasi\u010dni mimohod po Elizejskih poljanah, kjer francoski \u0161portniki ob uspehih radi pozdravljajo svoje privr\u017eence.<\/p>\n<blockquote class=\"twitter-tweet\">\n<p dir=\"ltr\" lang=\"fr\">&#x1f449; Pr\u00e8s de 10000 personnes sont rassembl\u00e9es place de la Concorde \u00e0 Paris ! &#x1f631;<\/p>\n<p>Les Bleus devraient arriver dans quelques minutes. &#x1f1eb;&#x1f1f7;<\/p>\n<p><a href=\"https:\/\/t.co\/CMbRWTvOcA\">pic.twitter.com\/CMbRWTvOcA<\/a><\/p>\n<p>\u2014 Cerfia Foot (@CerfiaFoot) <a href=\"https:\/\/twitter.com\/CerfiaFoot\/status\/1604937319043186689?ref_src=twsrc%5Etfw\">December 19, 2022<\/a><\/p><\/blockquote>\n<p><div class=\"embed-notice\">Za ogled vstavljene vsebine morate omogo\u010diti <a href=\"#\" onclick=\"Optanon.ToggleInfoDisplay()\">shranjevanje pi\u0161kotkov v napravi<\/a><\/div><script async type=\"text\/plain\" class=\"optanon-category-C0002-C0003-C0004\" optanon-src=\"https:\/\/platform.twitter.com\/widgets.js\" charset=\"utf-8\"><\/script><\/p>\n<p>Malo pred 22. uro so navija\u010di, zbralo se jih je ve\u010d tiso\u010d, lahko pozdravili srebrne nogometa\u0161e. Ti so po prihodu v sredi\u0161\u010de mesta od\u0161li na balkon hotela Crillon, od koder so nato pomahali svojim privr\u017eencem, prva sta bila tam selektor Didier Deschamps in kapetan Hugo Lloris, poro\u010da francoska tiskovna agencija AFP. Prva ocena \u010dasnika L&#8217;Equipe je bila, da se je na trgu zbralo 10.000 navija\u010dev, ki so najmo\u010dnej\u0161i aplavz namenili najbolj\u0161ima strelcema ekipe, Kylianu Mbappeju in Olivierju Giroudu.<\/p>\n<blockquote class=\"twitter-tweet\">\n<p dir=\"ltr\" lang=\"en\">&#x1f1eb;&#x1f1f7; France\u2019s World Cup runners-up are given a tremendous welcome back home at the Place de la Concorde, where thousands have shown out to salute Les Bleus &#x1f1eb;&#x1f1f7;<\/p>\n<p>(via <a href=\"https:\/\/twitter.com\/BFMTV?ref_src=twsrc%5Etfw\">@BFMTV<\/a>) <a href=\"https:\/\/t.co\/68uTtiMdUX\">pic.twitter.com\/68uTtiMdUX<\/a><\/p>\n<p>\u2014 SI Soccer (@si_soccer) <a href=\"https:\/\/twitter.com\/si_soccer\/status\/1604949694026616833?ref_src=twsrc%5Etfw\">December 19, 2022<\/a><\/p><\/blockquote>\n<p><div class=\"embed-notice\">Za ogled vstavljene vsebine morate omogo\u010diti <a href=\"#\" onclick=\"Optanon.ToggleInfoDisplay()\">shranjevanje pi\u0161kotkov v napravi<\/a><\/div><script async type=\"text\/plain\" class=\"optanon-category-C0002-C0003-C0004\" optanon-src=\"https:\/\/platform.twitter.com\/widgets.js\" charset=\"utf-8\"><\/script><\/p>\n<p>Francozi so v nedeljo v svojem \u010detrtem finalu SP izgubili drugi\u010d. Pred \u0161tirimi leti so v Rusiji osvojili naslov.<\/p>\n","protected":false},"excerpt":{"rendered":"<p>Kljub druga\u010dnim napovedim so Francozi v\u010deraj zve\u010der pripravili manj\u0161i sprejem za svoje nogometa\u0161e, ki so se po porazu v finalu svetovnega prvenstva vrnili v domovino. Sprva je francoska nogometna zveza (FFF) sprejem odpovedala, a se pozneje odlo\u010dila, da ga bo vendarle izvedla v omejeni obliki.<\/p>\n","protected":false},"author":6,"featured_media":475737,"comment_status":"closed","ping_status":"closed","sticky":false,"template":"","format":"standard","meta":{"footnotes":""},"categories":[18176],"tags":[2018,3599,7812,18503],"source":[4511],"supertag":[],"acf":[],"yoast_head":"<!-- This site is optimized with the Yoast SEO plugin v21.3 - https:\/\/yoast.com\/wordpress\/plugins\/seo\/ -->\n<title>Francozi sporo\u010dili, da sprejema ne bo. Poglejte, kaj so jim pripravili Pari\u017eani - Hudo Slovenija<\/title>\n<meta name=\"robots\" content=\"index, follow, max-snippet:-1, max-image-preview:large, max-video-preview:-1\" \/>\n<link rel=\"canonical\" href=\"https:\/\/hudo.com\/si\/sport\/francozi-sporocili-da-sprejema-ne-bo-poglejte-kaj-so-jim-pripravili-parizani\/\" \/>\n<meta property=\"og:locale\" content=\"sl_SI\" \/>\n<meta property=\"og:type\" content=\"article\" \/>\n<meta property=\"og:title\" content=\"Francozi sporo\u010dili, da sprejema ne bo. Poglejte, kaj so jim pripravili Pari\u017eani - Hudo Slovenija\" \/>\n<meta property=\"og:description\" content=\"Kljub druga\u010dnim napovedim so Francozi v\u010deraj zve\u010der pripravili manj\u0161i sprejem za svoje nogometa\u0161e, ki so se po porazu v finalu svetovnega prvenstva vrnili v domovino. Sprva je francoska nogometna zveza (FFF) sprejem odpovedala, a se pozneje odlo\u010dila, da ga bo vendarle izvedla v omejeni obliki.\" \/>\n<meta property=\"og:url\" content=\"https:\/\/hudo.com\/si\/sport\/francozi-sporocili-da-sprejema-ne-bo-poglejte-kaj-so-jim-pripravili-parizani\/\" \/>\n<meta property=\"og:site_name\" content=\"Hudo Slovenija\" \/>\n<meta property=\"article:publisher\" content=\"https:\/\/www.facebook.com\/hudo.si\" \/>\n<meta property=\"article:published_time\" content=\"2022-12-20T11:04:22+00:00\" \/>\n<meta property=\"og:image\" content=\"https:\/\/hudo.com\/si\/wp-content\/uploads\/sites\/2\/2022\/12\/profimedia-0745723171.jpg\" \/>\n\t<meta property=\"og:image:width\" content=\"1250\" \/>\n\t<meta property=\"og:image:height\" content=\"833\" \/>\n\t<meta property=\"og:image:type\" content=\"image\/jpeg\" \/>\n<meta name=\"author\" content=\"A. G.\" \/>\n<meta name=\"twitter:card\" content=\"summary_large_image\" \/>\n<meta name=\"twitter:creator\" content=\"@hudo_si\" \/>\n<meta name=\"twitter:site\" content=\"@hudo_si\" \/>\n<meta name=\"twitter:label1\" content=\"Written by\" \/>\n\t<meta name=\"twitter:data1\" content=\"A. G.\" \/>\n\t<meta name=\"twitter:label2\" content=\"Est. reading time\" \/>\n\t<meta name=\"twitter:data2\" content=\"1 minuta\" \/>\n<script type=\"application\/ld+json\" class=\"yoast-schema-graph\">{\"@context\":\"https:\/\/schema.org\",\"@graph\":[{\"@type\":\"Article\",\"@id\":\"https:\/\/hudo.com\/si\/sport\/francozi-sporocili-da-sprejema-ne-bo-poglejte-kaj-so-jim-pripravili-parizani\/#article\",\"isPartOf\":{\"@id\":\"https:\/\/hudo.com\/si\/sport\/francozi-sporocili-da-sprejema-ne-bo-poglejte-kaj-so-jim-pripravili-parizani\/\"},\"author\":{\"name\":\"A. G.\",\"@id\":\"https:\/\/hudo.com\/si\/#\/schema\/person\/f95639a66e0dd2c682b0568634e85b8b\"},\"headline\":\"Francozi sporo\u010dili, da sprejema ne bo. Poglejte, kaj so jim pripravili Pari\u017eani\",\"datePublished\":\"2022-12-20T11:04:22+00:00\",\"dateModified\":\"2022-12-20T11:04:22+00:00\",\"mainEntityOfPage\":{\"@id\":\"https:\/\/hudo.com\/si\/sport\/francozi-sporocili-da-sprejema-ne-bo-poglejte-kaj-so-jim-pripravili-parizani\/\"},\"wordCount\":310,\"publisher\":{\"@id\":\"https:\/\/hudo.com\/si\/#organization\"},\"keywords\":[\"francija\",\"navija\u010di\",\"sprejem\",\"svetovno prvenstvo v nogometu 2022\"],\"articleSection\":[\"\u0160port\"],\"inLanguage\":\"sl-SI\"},{\"@type\":\"WebPage\",\"@id\":\"https:\/\/hudo.com\/si\/sport\/francozi-sporocili-da-sprejema-ne-bo-poglejte-kaj-so-jim-pripravili-parizani\/\",\"url\":\"https:\/\/hudo.com\/si\/sport\/francozi-sporocili-da-sprejema-ne-bo-poglejte-kaj-so-jim-pripravili-parizani\/\",\"name\":\"Francozi sporo\u010dili, da sprejema ne bo. Poglejte, kaj so jim pripravili Pari\u017eani - Hudo Slovenija\",\"isPartOf\":{\"@id\":\"https:\/\/hudo.com\/si\/#website\"},\"datePublished\":\"2022-12-20T11:04:22+00:00\",\"dateModified\":\"2022-12-20T11:04:22+00:00\",\"breadcrumb\":{\"@id\":\"https:\/\/hudo.com\/si\/sport\/francozi-sporocili-da-sprejema-ne-bo-poglejte-kaj-so-jim-pripravili-parizani\/#breadcrumb\"},\"inLanguage\":\"sl-SI\",\"potentialAction\":[{\"@type\":\"ReadAction\",\"target\":[\"https:\/\/hudo.com\/si\/sport\/francozi-sporocili-da-sprejema-ne-bo-poglejte-kaj-so-jim-pripravili-parizani\/\"]}]},{\"@type\":\"BreadcrumbList\",\"@id\":\"https:\/\/hudo.com\/si\/sport\/francozi-sporocili-da-sprejema-ne-bo-poglejte-kaj-so-jim-pripravili-parizani\/#breadcrumb\",\"itemListElement\":[{\"@type\":\"ListItem\",\"position\":1,\"name\":\"Home\",\"item\":\"https:\/\/hudo.com\/si\/\"},{\"@type\":\"ListItem\",\"position\":2,\"name\":\"Francozi sporo\u010dili, da sprejema ne bo. Poglejte, kaj so jim pripravili Pari\u017eani\"}]},{\"@type\":\"WebSite\",\"@id\":\"https:\/\/hudo.com\/si\/#website\",\"url\":\"https:\/\/hudo.com\/si\/\",\"name\":\"Hudo Slovenija\",\"description\":\"Vse novice iz Slovenije in sveta\",\"publisher\":{\"@id\":\"https:\/\/hudo.com\/si\/#organization\"},\"potentialAction\":[{\"@type\":\"SearchAction\",\"target\":{\"@type\":\"EntryPoint\",\"urlTemplate\":\"https:\/\/hudo.com\/si\/?s={search_term_string}\"},\"query-input\":\"required name=search_term_string\"}],\"inLanguage\":\"sl-SI\"},{\"@type\":\"Organization\",\"@id\":\"https:\/\/hudo.com\/si\/#organization\",\"name\":\"VSN Media\",\"url\":\"https:\/\/hudo.com\/si\/\",\"logo\":{\"@type\":\"ImageObject\",\"inLanguage\":\"sl-SI\",\"@id\":\"https:\/\/hudo.com\/si\/#\/schema\/logo\/image\/\",\"url\":\"https:\/\/hudo.com\/si\/wp-content\/uploads\/sites\/2\/2021\/03\/hudo-app-2.png\",\"contentUrl\":\"https:\/\/hudo.com\/si\/wp-content\/uploads\/sites\/2\/2021\/03\/hudo-app-2.png\",\"width\":2185,\"height\":2167,\"caption\":\"VSN Media\"},\"image\":{\"@id\":\"https:\/\/hudo.com\/si\/#\/schema\/logo\/image\/\"},\"sameAs\":[\"https:\/\/www.facebook.com\/hudo.si\",\"https:\/\/twitter.com\/hudo_si\"]},{\"@type\":\"Person\",\"@id\":\"https:\/\/hudo.com\/si\/#\/schema\/person\/f95639a66e0dd2c682b0568634e85b8b\",\"name\":\"A. G.\",\"image\":{\"@type\":\"ImageObject\",\"inLanguage\":\"sl-SI\",\"@id\":\"https:\/\/hudo.com\/si\/#\/schema\/person\/image\/\",\"url\":\"https:\/\/secure.gravatar.com\/avatar\/9f44de561c70d5d80348d3ed0f4b142d?s=96&d=mm&r=g\",\"contentUrl\":\"https:\/\/secure.gravatar.com\/avatar\/9f44de561c70d5d80348d3ed0f4b142d?s=96&d=mm&r=g\",\"caption\":\"A. G.\"},\"url\":\"https:\/\/hudo.com\/si\/author\/alenkagrmek\/\"}]}<\/script>\n<!-- \/ Yoast SEO plugin. -->","yoast_head_json":{"title":"Francozi sporo\u010dili, da sprejema ne bo. Poglejte, kaj so jim pripravili Pari\u017eani - Hudo Slovenija","robots":{"index":"index","follow":"follow","max-snippet":"max-snippet:-1","max-image-preview":"max-image-preview:large","max-video-preview":"max-video-preview:-1"},"canonical":"https:\/\/hudo.com\/si\/sport\/francozi-sporocili-da-sprejema-ne-bo-poglejte-kaj-so-jim-pripravili-parizani\/","og_locale":"sl_SI","og_type":"article","og_title":"Francozi sporo\u010dili, da sprejema ne bo. Poglejte, kaj so jim pripravili Pari\u017eani - Hudo Slovenija","og_description":"Kljub druga\u010dnim napovedim so Francozi v\u010deraj zve\u010der pripravili manj\u0161i sprejem za svoje nogometa\u0161e, ki so se po porazu v finalu svetovnega prvenstva vrnili v domovino. Sprva je francoska nogometna zveza (FFF) sprejem odpovedala, a se pozneje odlo\u010dila, da ga bo vendarle izvedla v omejeni obliki.","og_url":"https:\/\/hudo.com\/si\/sport\/francozi-sporocili-da-sprejema-ne-bo-poglejte-kaj-so-jim-pripravili-parizani\/","og_site_name":"Hudo Slovenija","article_publisher":"https:\/\/www.facebook.com\/hudo.si","article_published_time":"2022-12-20T11:04:22+00:00","og_image":[{"width":1250,"height":833,"url":"https:\/\/hudo.com\/si\/wp-content\/uploads\/sites\/2\/2022\/12\/profimedia-0745723171.jpg","type":"image\/jpeg"}],"author":"A. G.","twitter_card":"summary_large_image","twitter_creator":"@hudo_si","twitter_site":"@hudo_si","twitter_misc":{"Written by":"A. G.","Est. reading time":"1 minuta"},"schema":{"@context":"https:\/\/schema.org","@graph":[{"@type":"Article","@id":"https:\/\/hudo.com\/si\/sport\/francozi-sporocili-da-sprejema-ne-bo-poglejte-kaj-so-jim-pripravili-parizani\/#article","isPartOf":{"@id":"https:\/\/hudo.com\/si\/sport\/francozi-sporocili-da-sprejema-ne-bo-poglejte-kaj-so-jim-pripravili-parizani\/"},"author":{"name":"A. G.","@id":"https:\/\/hudo.com\/si\/#\/schema\/person\/f95639a66e0dd2c682b0568634e85b8b"},"headline":"Francozi sporo\u010dili, da sprejema ne bo. Poglejte, kaj so jim pripravili Pari\u017eani","datePublished":"2022-12-20T11:04:22+00:00","dateModified":"2022-12-20T11:04:22+00:00","mainEntityOfPage":{"@id":"https:\/\/hudo.com\/si\/sport\/francozi-sporocili-da-sprejema-ne-bo-poglejte-kaj-so-jim-pripravili-parizani\/"},"wordCount":310,"publisher":{"@id":"https:\/\/hudo.com\/si\/#organization"},"keywords":["francija","navija\u010di","sprejem","svetovno prvenstvo v nogometu 2022"],"articleSection":["\u0160port"],"inLanguage":"sl-SI"},{"@type":"WebPage","@id":"https:\/\/hudo.com\/si\/sport\/francozi-sporocili-da-sprejema-ne-bo-poglejte-kaj-so-jim-pripravili-parizani\/","url":"https:\/\/hudo.com\/si\/sport\/francozi-sporocili-da-sprejema-ne-bo-poglejte-kaj-so-jim-pripravili-parizani\/","name":"Francozi sporo\u010dili, da sprejema ne bo. Poglejte, kaj so jim pripravili Pari\u017eani - Hudo Slovenija","isPartOf":{"@id":"https:\/\/hudo.com\/si\/#website"},"datePublished":"2022-12-20T11:04:22+00:00","dateModified":"2022-12-20T11:04:22+00:00","breadcrumb":{"@id":"https:\/\/hudo.com\/si\/sport\/francozi-sporocili-da-sprejema-ne-bo-poglejte-kaj-so-jim-pripravili-parizani\/#breadcrumb"},"inLanguage":"sl-SI","potentialAction":[{"@type":"ReadAction","target":["https:\/\/hudo.com\/si\/sport\/francozi-sporocili-da-sprejema-ne-bo-poglejte-kaj-so-jim-pripravili-parizani\/"]}]},{"@type":"BreadcrumbList","@id":"https:\/\/hudo.com\/si\/sport\/francozi-sporocili-da-sprejema-ne-bo-poglejte-kaj-so-jim-pripravili-parizani\/#breadcrumb","itemListElement":[{"@type":"ListItem","position":1,"name":"Home","item":"https:\/\/hudo.com\/si\/"},{"@type":"ListItem","position":2,"name":"Francozi sporo\u010dili, da sprejema ne bo. Poglejte, kaj so jim pripravili Pari\u017eani"}]},{"@type":"WebSite","@id":"https:\/\/hudo.com\/si\/#website","url":"https:\/\/hudo.com\/si\/","name":"Hudo Slovenija","description":"Vse novice iz Slovenije in sveta","publisher":{"@id":"https:\/\/hudo.com\/si\/#organization"},"potentialAction":[{"@type":"SearchAction","target":{"@type":"EntryPoint","urlTemplate":"https:\/\/hudo.com\/si\/?s={search_term_string}"},"query-input":"required name=search_term_string"}],"inLanguage":"sl-SI"},{"@type":"Organization","@id":"https:\/\/hudo.com\/si\/#organization","name":"VSN Media","url":"https:\/\/hudo.com\/si\/","logo":{"@type":"ImageObject","inLanguage":"sl-SI","@id":"https:\/\/hudo.com\/si\/#\/schema\/logo\/image\/","url":"https:\/\/hudo.com\/si\/wp-content\/uploads\/sites\/2\/2021\/03\/hudo-app-2.png","contentUrl":"https:\/\/hudo.com\/si\/wp-content\/uploads\/sites\/2\/2021\/03\/hudo-app-2.png","width":2185,"height":2167,"caption":"VSN Media"},"image":{"@id":"https:\/\/hudo.com\/si\/#\/schema\/logo\/image\/"},"sameAs":["https:\/\/www.facebook.com\/hudo.si","https:\/\/twitter.com\/hudo_si"]},{"@type":"Person","@id":"https:\/\/hudo.com\/si\/#\/schema\/person\/f95639a66e0dd2c682b0568634e85b8b","name":"A. G.","image":{"@type":"ImageObject","inLanguage":"sl-SI","@id":"https:\/\/hudo.com\/si\/#\/schema\/person\/image\/","url":"https:\/\/secure.gravatar.com\/avatar\/9f44de561c70d5d80348d3ed0f4b142d?s=96&d=mm&r=g","contentUrl":"https:\/\/secure.gravatar.com\/avatar\/9f44de561c70d5d80348d3ed0f4b142d?s=96&d=mm&r=g","caption":"A. G."},"url":"https:\/\/hudo.com\/si\/author\/alenkagrmek\/"}]}},"amp_enabled":true,"_links":{"self":[{"href":"https:\/\/hudo.com\/si\/wp-json\/wp\/v2\/posts\/475736"}],"collection":[{"href":"https:\/\/hudo.com\/si\/wp-json\/wp\/v2\/posts"}],"about":[{"href":"https:\/\/hudo.com\/si\/wp-json\/wp\/v2\/types\/post"}],"author":[{"embeddable":true,"href":"https:\/\/hudo.com\/si\/wp-json\/wp\/v2\/users\/6"}],"replies":[{"embeddable":true,"href":"https:\/\/hudo.com\/si\/wp-json\/wp\/v2\/comments?post=475736"}],"version-history":[{"count":1,"href":"https:\/\/hudo.com\/si\/wp-json\/wp\/v2\/posts\/475736\/revisions"}],"predecessor-version":[{"id":475738,"href":"https:\/\/hudo.com\/si\/wp-json\/wp\/v2\/posts\/475736\/revisions\/475738"}],"wp:featuredmedia":[{"embeddable":true,"href":"https:\/\/hudo.com\/si\/wp-json\/wp\/v2\/media\/475737"}],"wp:attachment":[{"href":"https:\/\/hudo.com\/si\/wp-json\/wp\/v2\/media?parent=475736"}],"wp:term":[{"taxonomy":"category","embeddable":true,"href":"https:\/\/hudo.com\/si\/wp-json\/wp\/v2\/categories?post=475736"},{"taxonomy":"post_tag","embeddable":true,"href":"https:\/\/hudo.com\/si\/wp-json\/wp\/v2\/tags?post=475736"},{"taxonomy":"source","embeddable":true,"href":"https:\/\/hudo.com\/si\/wp-json\/wp\/v2\/source?post=475736"},{"taxonomy":"supertag","embeddable":true,"href":"https:\/\/hudo.com\/si\/wp-json\/wp\/v2\/supertag?post=475736"}],"curies":[{"name":"wp","href":"https:\/\/api.w.org\/{rel}","templated":true}]}}