{"id":475802,"date":"2022-12-22T12:15:24","date_gmt":"2022-12-22T11:15:24","guid":{"rendered":"https:\/\/hudo.com\/si\/?p=475802"},"modified":"2022-12-22T12:15:24","modified_gmt":"2022-12-22T11:15:24","slug":"moski-na-dolenjskem-davil-svojo-mamo-ji-povzrocal-bolecine-in-ji-grozil-da-jo-bo-ubil","status":"publish","type":"post","link":"https:\/\/hudo.com\/si\/aktualno\/slovenija\/moski-na-dolenjskem-davil-svojo-mamo-ji-povzrocal-bolecine-in-ji-grozil-da-jo-bo-ubil\/","title":{"rendered":"Mo\u0161ki na Dolenjskem davil svojo mamo, ji povzro\u010dal bole\u010dine in ji grozil, da jo bo ubil"},"content":{"rendered":"<p>\u017drtev je mo\u0161ki davil, ji povzro\u010dal bole\u010dine in ji grozil, da jo bo ubil. Prestra\u0161eni \u017eenski je v sredo uspelo pobegniti iz stanovanja in poiskati pomo\u010d, so sporo\u010dili iz Policijske uprave Novo mesto.<\/p>\n<p>O izre\u010denem ukrepu prepovedi pribli\u017eevanja so policisti obvestili pristojne institucije in preiskovalno sodnico, ki bo presodila o podalj\u0161anju ukrepa.<\/p>\n","protected":false},"excerpt":{"rendered":"<p>Dolenjski policisti so v sredo 52-letniku na obmo\u010dju Dolenjske zaradi fizi\u010dnega in psihi\u010dnega nasilja nad mamo izdali prepoved pribli\u017eevanja. Ugotovili so, da je nasilje nad mamo izvajal \u017ee ve\u010d let, vendar \u017ertev zaradi stiske in strahu sama ni zmogla poiskati pomo\u010di. Osumljenca bodo ovadili na to\u017eilstvo zaradi nasilja v dru\u017eini.<\/p>\n","protected":false},"author":5,"featured_media":399851,"comment_status":"closed","ping_status":"closed","sticky":false,"template":"","format":"standard","meta":{"footnotes":""},"categories":[18201],"tags":[4688,3306,1595],"source":[4511],"supertag":[7150,5675],"acf":[],"yoast_head":"<!-- This site is optimized with the Yoast SEO plugin v21.3 - https:\/\/yoast.com\/wordpress\/plugins\/seo\/ -->\n<title>Mo\u0161ki na Dolenjskem davil svojo mamo, ji povzro\u010dal bole\u010dine in ji grozil, da jo bo ubil - Hudo Slovenija<\/title>\n<meta name=\"robots\" content=\"index, follow, max-snippet:-1, max-image-preview:large, max-video-preview:-1\" \/>\n<link rel=\"canonical\" href=\"https:\/\/hudo.com\/si\/aktualno\/slovenija\/moski-na-dolenjskem-davil-svojo-mamo-ji-povzrocal-bolecine-in-ji-grozil-da-jo-bo-ubil\/\" \/>\n<meta property=\"og:locale\" content=\"sl_SI\" \/>\n<meta property=\"og:type\" content=\"article\" \/>\n<meta property=\"og:title\" content=\"Mo\u0161ki na Dolenjskem davil svojo mamo, ji povzro\u010dal bole\u010dine in ji grozil, da jo bo ubil - Hudo Slovenija\" \/>\n<meta property=\"og:description\" content=\"Dolenjski policisti so v sredo 52-letniku na obmo\u010dju Dolenjske zaradi fizi\u010dnega in psihi\u010dnega nasilja nad mamo izdali prepoved pribli\u017eevanja. Ugotovili so, da je nasilje nad mamo izvajal \u017ee ve\u010d let, vendar \u017ertev zaradi stiske in strahu sama ni zmogla poiskati pomo\u010di. Osumljenca bodo ovadili na to\u017eilstvo zaradi nasilja v dru\u017eini.\" \/>\n<meta property=\"og:url\" content=\"https:\/\/hudo.com\/si\/aktualno\/slovenija\/moski-na-dolenjskem-davil-svojo-mamo-ji-povzrocal-bolecine-in-ji-grozil-da-jo-bo-ubil\/\" \/>\n<meta property=\"og:site_name\" content=\"Hudo Slovenija\" \/>\n<meta property=\"article:publisher\" content=\"https:\/\/www.facebook.com\/hudo.si\" \/>\n<meta property=\"article:published_time\" content=\"2022-12-22T11:15:24+00:00\" \/>\n<meta property=\"og:image\" content=\"https:\/\/hudo.com\/si\/wp-content\/uploads\/sites\/2\/2019\/06\/20141110-00567215.jpg\" \/>\n\t<meta property=\"og:image:width\" content=\"640\" \/>\n\t<meta property=\"og:image:height\" content=\"360\" \/>\n\t<meta property=\"og:image:type\" content=\"image\/jpeg\" \/>\n<meta name=\"author\" content=\"A. G., STA\" \/>\n<meta name=\"twitter:card\" content=\"summary_large_image\" \/>\n<meta name=\"twitter:creator\" content=\"@hudo_si\" \/>\n<meta name=\"twitter:site\" content=\"@hudo_si\" \/>\n<meta name=\"twitter:label1\" content=\"Written by\" \/>\n\t<meta name=\"twitter:data1\" content=\"A. G., STA\" \/>\n<script type=\"application\/ld+json\" class=\"yoast-schema-graph\">{\"@context\":\"https:\/\/schema.org\",\"@graph\":[{\"@type\":\"Article\",\"@id\":\"https:\/\/hudo.com\/si\/aktualno\/slovenija\/moski-na-dolenjskem-davil-svojo-mamo-ji-povzrocal-bolecine-in-ji-grozil-da-jo-bo-ubil\/#article\",\"isPartOf\":{\"@id\":\"https:\/\/hudo.com\/si\/aktualno\/slovenija\/moski-na-dolenjskem-davil-svojo-mamo-ji-povzrocal-bolecine-in-ji-grozil-da-jo-bo-ubil\/\"},\"author\":{\"name\":\"A. G., STA\",\"@id\":\"https:\/\/hudo.com\/si\/#\/schema\/person\/2391667a63ea075ba94f2f2dc6b77537\"},\"headline\":\"Mo\u0161ki na Dolenjskem davil svojo mamo, ji povzro\u010dal bole\u010dine in ji grozil, da jo bo ubil\",\"datePublished\":\"2022-12-22T11:15:24+00:00\",\"dateModified\":\"2022-12-22T11:15:24+00:00\",\"mainEntityOfPage\":{\"@id\":\"https:\/\/hudo.com\/si\/aktualno\/slovenija\/moski-na-dolenjskem-davil-svojo-mamo-ji-povzrocal-bolecine-in-ji-grozil-da-jo-bo-ubil\/\"},\"wordCount\":79,\"publisher\":{\"@id\":\"https:\/\/hudo.com\/si\/#organization\"},\"keywords\":[\"\u010drna kronika\",\"nasilje v dru\u017eini\",\"Slovenija\"],\"articleSection\":[\"Slovenija\"],\"inLanguage\":\"sl-SI\"},{\"@type\":\"WebPage\",\"@id\":\"https:\/\/hudo.com\/si\/aktualno\/slovenija\/moski-na-dolenjskem-davil-svojo-mamo-ji-povzrocal-bolecine-in-ji-grozil-da-jo-bo-ubil\/\",\"url\":\"https:\/\/hudo.com\/si\/aktualno\/slovenija\/moski-na-dolenjskem-davil-svojo-mamo-ji-povzrocal-bolecine-in-ji-grozil-da-jo-bo-ubil\/\",\"name\":\"Mo\u0161ki na Dolenjskem davil svojo mamo, ji povzro\u010dal bole\u010dine in ji grozil, da jo bo ubil - Hudo Slovenija\",\"isPartOf\":{\"@id\":\"https:\/\/hudo.com\/si\/#website\"},\"datePublished\":\"2022-12-22T11:15:24+00:00\",\"dateModified\":\"2022-12-22T11:15:24+00:00\",\"breadcrumb\":{\"@id\":\"https:\/\/hudo.com\/si\/aktualno\/slovenija\/moski-na-dolenjskem-davil-svojo-mamo-ji-povzrocal-bolecine-in-ji-grozil-da-jo-bo-ubil\/#breadcrumb\"},\"inLanguage\":\"sl-SI\",\"potentialAction\":[{\"@type\":\"ReadAction\",\"target\":[\"https:\/\/hudo.com\/si\/aktualno\/slovenija\/moski-na-dolenjskem-davil-svojo-mamo-ji-povzrocal-bolecine-in-ji-grozil-da-jo-bo-ubil\/\"]}]},{\"@type\":\"BreadcrumbList\",\"@id\":\"https:\/\/hudo.com\/si\/aktualno\/slovenija\/moski-na-dolenjskem-davil-svojo-mamo-ji-povzrocal-bolecine-in-ji-grozil-da-jo-bo-ubil\/#breadcrumb\",\"itemListElement\":[{\"@type\":\"ListItem\",\"position\":1,\"name\":\"Home\",\"item\":\"https:\/\/hudo.com\/si\/\"},{\"@type\":\"ListItem\",\"position\":2,\"name\":\"Mo\u0161ki na Dolenjskem davil svojo mamo, ji povzro\u010dal bole\u010dine in ji grozil, da jo bo ubil\"}]},{\"@type\":\"WebSite\",\"@id\":\"https:\/\/hudo.com\/si\/#website\",\"url\":\"https:\/\/hudo.com\/si\/\",\"name\":\"Hudo Slovenija\",\"description\":\"Vse novice iz Slovenije in sveta\",\"publisher\":{\"@id\":\"https:\/\/hudo.com\/si\/#organization\"},\"potentialAction\":[{\"@type\":\"SearchAction\",\"target\":{\"@type\":\"EntryPoint\",\"urlTemplate\":\"https:\/\/hudo.com\/si\/?s={search_term_string}\"},\"query-input\":\"required name=search_term_string\"}],\"inLanguage\":\"sl-SI\"},{\"@type\":\"Organization\",\"@id\":\"https:\/\/hudo.com\/si\/#organization\",\"name\":\"VSN Media\",\"url\":\"https:\/\/hudo.com\/si\/\",\"logo\":{\"@type\":\"ImageObject\",\"inLanguage\":\"sl-SI\",\"@id\":\"https:\/\/hudo.com\/si\/#\/schema\/logo\/image\/\",\"url\":\"https:\/\/hudo.com\/si\/wp-content\/uploads\/sites\/2\/2021\/03\/hudo-app-2.png\",\"contentUrl\":\"https:\/\/hudo.com\/si\/wp-content\/uploads\/sites\/2\/2021\/03\/hudo-app-2.png\",\"width\":2185,\"height\":2167,\"caption\":\"VSN Media\"},\"image\":{\"@id\":\"https:\/\/hudo.com\/si\/#\/schema\/logo\/image\/\"},\"sameAs\":[\"https:\/\/www.facebook.com\/hudo.si\",\"https:\/\/twitter.com\/hudo_si\"]},{\"@type\":\"Person\",\"@id\":\"https:\/\/hudo.com\/si\/#\/schema\/person\/2391667a63ea075ba94f2f2dc6b77537\",\"name\":\"A. G., STA\",\"image\":{\"@type\":\"ImageObject\",\"inLanguage\":\"sl-SI\",\"@id\":\"https:\/\/hudo.com\/si\/#\/schema\/person\/image\/\",\"url\":\"https:\/\/secure.gravatar.com\/avatar\/e13d22ac3e442658d5025fbbe6238a79?s=96&d=mm&r=g\",\"contentUrl\":\"https:\/\/secure.gravatar.com\/avatar\/e13d22ac3e442658d5025fbbe6238a79?s=96&d=mm&r=g\",\"caption\":\"A. G., STA\"},\"url\":\"https:\/\/hudo.com\/si\/author\/alenka\/\"}]}<\/script>\n<!-- \/ Yoast SEO plugin. -->","yoast_head_json":{"title":"Mo\u0161ki na Dolenjskem davil svojo mamo, ji povzro\u010dal bole\u010dine in ji grozil, da jo bo ubil - Hudo Slovenija","robots":{"index":"index","follow":"follow","max-snippet":"max-snippet:-1","max-image-preview":"max-image-preview:large","max-video-preview":"max-video-preview:-1"},"canonical":"https:\/\/hudo.com\/si\/aktualno\/slovenija\/moski-na-dolenjskem-davil-svojo-mamo-ji-povzrocal-bolecine-in-ji-grozil-da-jo-bo-ubil\/","og_locale":"sl_SI","og_type":"article","og_title":"Mo\u0161ki na Dolenjskem davil svojo mamo, ji povzro\u010dal bole\u010dine in ji grozil, da jo bo ubil - Hudo Slovenija","og_description":"Dolenjski policisti so v sredo 52-letniku na obmo\u010dju Dolenjske zaradi fizi\u010dnega in psihi\u010dnega nasilja nad mamo izdali prepoved pribli\u017eevanja. Ugotovili so, da je nasilje nad mamo izvajal \u017ee ve\u010d let, vendar \u017ertev zaradi stiske in strahu sama ni zmogla poiskati pomo\u010di. Osumljenca bodo ovadili na to\u017eilstvo zaradi nasilja v dru\u017eini.","og_url":"https:\/\/hudo.com\/si\/aktualno\/slovenija\/moski-na-dolenjskem-davil-svojo-mamo-ji-povzrocal-bolecine-in-ji-grozil-da-jo-bo-ubil\/","og_site_name":"Hudo Slovenija","article_publisher":"https:\/\/www.facebook.com\/hudo.si","article_published_time":"2022-12-22T11:15:24+00:00","og_image":[{"width":640,"height":360,"url":"https:\/\/hudo.com\/si\/wp-content\/uploads\/sites\/2\/2019\/06\/20141110-00567215.jpg","type":"image\/jpeg"}],"author":"A. G., STA","twitter_card":"summary_large_image","twitter_creator":"@hudo_si","twitter_site":"@hudo_si","twitter_misc":{"Written by":"A. G., STA"},"schema":{"@context":"https:\/\/schema.org","@graph":[{"@type":"Article","@id":"https:\/\/hudo.com\/si\/aktualno\/slovenija\/moski-na-dolenjskem-davil-svojo-mamo-ji-povzrocal-bolecine-in-ji-grozil-da-jo-bo-ubil\/#article","isPartOf":{"@id":"https:\/\/hudo.com\/si\/aktualno\/slovenija\/moski-na-dolenjskem-davil-svojo-mamo-ji-povzrocal-bolecine-in-ji-grozil-da-jo-bo-ubil\/"},"author":{"name":"A. G., STA","@id":"https:\/\/hudo.com\/si\/#\/schema\/person\/2391667a63ea075ba94f2f2dc6b77537"},"headline":"Mo\u0161ki na Dolenjskem davil svojo mamo, ji povzro\u010dal bole\u010dine in ji grozil, da jo bo ubil","datePublished":"2022-12-22T11:15:24+00:00","dateModified":"2022-12-22T11:15:24+00:00","mainEntityOfPage":{"@id":"https:\/\/hudo.com\/si\/aktualno\/slovenija\/moski-na-dolenjskem-davil-svojo-mamo-ji-povzrocal-bolecine-in-ji-grozil-da-jo-bo-ubil\/"},"wordCount":79,"publisher":{"@id":"https:\/\/hudo.com\/si\/#organization"},"keywords":["\u010drna kronika","nasilje v dru\u017eini","Slovenija"],"articleSection":["Slovenija"],"inLanguage":"sl-SI"},{"@type":"WebPage","@id":"https:\/\/hudo.com\/si\/aktualno\/slovenija\/moski-na-dolenjskem-davil-svojo-mamo-ji-povzrocal-bolecine-in-ji-grozil-da-jo-bo-ubil\/","url":"https:\/\/hudo.com\/si\/aktualno\/slovenija\/moski-na-dolenjskem-davil-svojo-mamo-ji-povzrocal-bolecine-in-ji-grozil-da-jo-bo-ubil\/","name":"Mo\u0161ki na Dolenjskem davil svojo mamo, ji povzro\u010dal bole\u010dine in ji grozil, da jo bo ubil - Hudo Slovenija","isPartOf":{"@id":"https:\/\/hudo.com\/si\/#website"},"datePublished":"2022-12-22T11:15:24+00:00","dateModified":"2022-12-22T11:15:24+00:00","breadcrumb":{"@id":"https:\/\/hudo.com\/si\/aktualno\/slovenija\/moski-na-dolenjskem-davil-svojo-mamo-ji-povzrocal-bolecine-in-ji-grozil-da-jo-bo-ubil\/#breadcrumb"},"inLanguage":"sl-SI","potentialAction":[{"@type":"ReadAction","target":["https:\/\/hudo.com\/si\/aktualno\/slovenija\/moski-na-dolenjskem-davil-svojo-mamo-ji-povzrocal-bolecine-in-ji-grozil-da-jo-bo-ubil\/"]}]},{"@type":"BreadcrumbList","@id":"https:\/\/hudo.com\/si\/aktualno\/slovenija\/moski-na-dolenjskem-davil-svojo-mamo-ji-povzrocal-bolecine-in-ji-grozil-da-jo-bo-ubil\/#breadcrumb","itemListElement":[{"@type":"ListItem","position":1,"name":"Home","item":"https:\/\/hudo.com\/si\/"},{"@type":"ListItem","position":2,"name":"Mo\u0161ki na Dolenjskem davil svojo mamo, ji povzro\u010dal bole\u010dine in ji grozil, da jo bo ubil"}]},{"@type":"WebSite","@id":"https:\/\/hudo.com\/si\/#website","url":"https:\/\/hudo.com\/si\/","name":"Hudo Slovenija","description":"Vse novice iz Slovenije in sveta","publisher":{"@id":"https:\/\/hudo.com\/si\/#organization"},"potentialAction":[{"@type":"SearchAction","target":{"@type":"EntryPoint","urlTemplate":"https:\/\/hudo.com\/si\/?s={search_term_string}"},"query-input":"required name=search_term_string"}],"inLanguage":"sl-SI"},{"@type":"Organization","@id":"https:\/\/hudo.com\/si\/#organization","name":"VSN Media","url":"https:\/\/hudo.com\/si\/","logo":{"@type":"ImageObject","inLanguage":"sl-SI","@id":"https:\/\/hudo.com\/si\/#\/schema\/logo\/image\/","url":"https:\/\/hudo.com\/si\/wp-content\/uploads\/sites\/2\/2021\/03\/hudo-app-2.png","contentUrl":"https:\/\/hudo.com\/si\/wp-content\/uploads\/sites\/2\/2021\/03\/hudo-app-2.png","width":2185,"height":2167,"caption":"VSN Media"},"image":{"@id":"https:\/\/hudo.com\/si\/#\/schema\/logo\/image\/"},"sameAs":["https:\/\/www.facebook.com\/hudo.si","https:\/\/twitter.com\/hudo_si"]},{"@type":"Person","@id":"https:\/\/hudo.com\/si\/#\/schema\/person\/2391667a63ea075ba94f2f2dc6b77537","name":"A. G., STA","image":{"@type":"ImageObject","inLanguage":"sl-SI","@id":"https:\/\/hudo.com\/si\/#\/schema\/person\/image\/","url":"https:\/\/secure.gravatar.com\/avatar\/e13d22ac3e442658d5025fbbe6238a79?s=96&d=mm&r=g","contentUrl":"https:\/\/secure.gravatar.com\/avatar\/e13d22ac3e442658d5025fbbe6238a79?s=96&d=mm&r=g","caption":"A. G., STA"},"url":"https:\/\/hudo.com\/si\/author\/alenka\/"}]}},"amp_enabled":true,"_links":{"self":[{"href":"https:\/\/hudo.com\/si\/wp-json\/wp\/v2\/posts\/475802"}],"collection":[{"href":"https:\/\/hudo.com\/si\/wp-json\/wp\/v2\/posts"}],"about":[{"href":"https:\/\/hudo.com\/si\/wp-json\/wp\/v2\/types\/post"}],"author":[{"embeddable":true,"href":"https:\/\/hudo.com\/si\/wp-json\/wp\/v2\/users\/5"}],"replies":[{"embeddable":true,"href":"https:\/\/hudo.com\/si\/wp-json\/wp\/v2\/comments?post=475802"}],"version-history":[{"count":2,"href":"https:\/\/hudo.com\/si\/wp-json\/wp\/v2\/posts\/475802\/revisions"}],"predecessor-version":[{"id":475804,"href":"https:\/\/hudo.com\/si\/wp-json\/wp\/v2\/posts\/475802\/revisions\/475804"}],"wp:featuredmedia":[{"embeddable":true,"href":"https:\/\/hudo.com\/si\/wp-json\/wp\/v2\/media\/399851"}],"wp:attachment":[{"href":"https:\/\/hudo.com\/si\/wp-json\/wp\/v2\/media?parent=475802"}],"wp:term":[{"taxonomy":"category","embeddable":true,"href":"https:\/\/hudo.com\/si\/wp-json\/wp\/v2\/categories?post=475802"},{"taxonomy":"post_tag","embeddable":true,"href":"https:\/\/hudo.com\/si\/wp-json\/wp\/v2\/tags?post=475802"},{"taxonomy":"source","embeddable":true,"href":"https:\/\/hudo.com\/si\/wp-json\/wp\/v2\/source?post=475802"},{"taxonomy":"supertag","embeddable":true,"href":"https:\/\/hudo.com\/si\/wp-json\/wp\/v2\/supertag?post=475802"}],"curies":[{"name":"wp","href":"https:\/\/api.w.org\/{rel}","templated":true}]}}