{"id":476302,"date":"2023-01-09T18:17:05","date_gmt":"2023-01-09T17:17:05","guid":{"rendered":"https:\/\/hudo.com\/si\/?p=476302"},"modified":"2023-01-09T18:17:05","modified_gmt":"2023-01-09T17:17:05","slug":"pirc-musarjeva-prvic-govorila-z-zelenskim","status":"publish","type":"post","link":"https:\/\/hudo.com\/si\/aktualno\/slovenija\/pirc-musarjeva-prvic-govorila-z-zelenskim\/","title":{"rendered":"Pirc Musarjeva prvi\u010d govorila z Zelenskim"},"content":{"rendered":"<p>Zelenski je poudaril, da bi brez pomo\u010di in podpore partnerskih dr\u017eav te\u017eko zdr\u017eali v \u010dasu ruske agresije na Ukrajino. Predsednici Pirc Musar je predstavil aktualne razmere na boji\u0161\u010dih in Slovenijo zaprosil za nadaljnjo pomo\u010d in podporo, so sporo\u010dili iz urada predsednice republike.<\/p>\n<p>Ukrajinski predsednik je slovenski predsednici predstavil tudi ukrajinsko pobudo o mirovnem na\u010drtu v desetih to\u010dkah in jo povabil na obisk v Kijev.<\/p>\n<p>Pirc Musar je izrazila \u017eeljo, da bi se z ukrajinskim kolegom lahko pogovarjala v manj te\u017ekih okoli\u0161\u010dinah za Ukrajino in izrazila priznanje za pogum tako vodstva kot prebivalk in prebivalcev Ukrajine ob ruski agresiji.<\/p>\n<p>&#8220;Slovenija polno podpira Ukrajino in njeno pravico do samoobrambe in ji stoji ob strani. Tako politi\u010dno, z neomajno podporo ukrajinski ozemeljski celovitosti, kot humanitarno in s pomo\u010djo v voja\u0161ki opremi,&#8221; je poudarila.<\/p>\n<p>Kot je \u0161e dejala, si Slovenija \u017eeli, da bi v Ukrajini \u010dim prej zavladal mir, ukrajinsko ljudstvo in njegovo zakonito oblast pa bo na poti k miru podpirala. &#8220;Pomembno je, da smo tudi v EU enotni v podpori Ukrajini pri spopadanju z varnostnimi, politi\u010dnimi, gospodarskimi in drugimi gro\u017enjami,&#8221; je izpostavila Pirc Musar.<\/p>\n<p>Slovenija je od za\u010detka ruske agresije Ukrajini namenila \u017ee 23 milijonov evrov v humanitarni in voja\u0161ki pomo\u010di, prav tako pa se je s prispevkom v vi\u0161ini enega milijona evrov vklju\u010dila v humanitarno pobudo Zelenskega \u017dito iz Ukrajine.<\/p>\n<p>Poleg tega nudi zato\u010di\u0161\u010de okoli 8000 ukrajinskim beguncem in sirotam. Predsednica je poudarila \u0161e, da bo Slovenija z voja\u0161kimi in\u0161truktorji in \u010dastniki sodelovala tudi v voja\u0161ki misiji usposabljanja ukrajinskih sil.<\/p>\n<p>Predsednica je ukrajinskega predsednika tudi povabila na obisk Slovenije, ko bodo razmere to dopu\u0161\u010dale, so \u0161e sporo\u010dili iz njenega urada.<\/p>\n","protected":false},"excerpt":{"rendered":"<p>Predsednica republike Nata\u0161a Pirc Musar se je danes po telefonu prvi\u010d pogovarjala z ukrajinskim predsednikom Volodimirjem Zelenskim. Ta je predsednici \u010destital ob imenovanju na polo\u017eaj, Sloveniji pa se je zahvalil za pomo\u010d in podporo v boju proti ruskim silam. Pirc Musar je izrazila priznanje za pogum tako vodstvu Ukrajine kot njenim prebivalcem.<\/p>\n","protected":false},"author":7,"featured_media":472659,"comment_status":"closed","ping_status":"closed","sticky":false,"template":"","format":"standard","meta":{"footnotes":""},"categories":[18201],"tags":[5076,13370],"source":[4511],"supertag":[],"acf":[],"yoast_head":"<!-- This site is optimized with the Yoast SEO plugin v21.3 - https:\/\/yoast.com\/wordpress\/plugins\/seo\/ -->\n<title>Pirc Musarjeva prvi\u010d govorila z Zelenskim - Hudo Slovenija<\/title>\n<meta name=\"robots\" content=\"index, follow, max-snippet:-1, max-image-preview:large, max-video-preview:-1\" \/>\n<link rel=\"canonical\" href=\"https:\/\/hudo.com\/si\/aktualno\/slovenija\/pirc-musarjeva-prvic-govorila-z-zelenskim\/\" \/>\n<meta property=\"og:locale\" content=\"sl_SI\" \/>\n<meta property=\"og:type\" content=\"article\" \/>\n<meta property=\"og:title\" content=\"Pirc Musarjeva prvi\u010d govorila z Zelenskim - Hudo Slovenija\" \/>\n<meta property=\"og:description\" content=\"Predsednica republike Nata\u0161a Pirc Musar se je danes po telefonu prvi\u010d pogovarjala z ukrajinskim predsednikom Volodimirjem Zelenskim. Ta je predsednici \u010destital ob imenovanju na polo\u017eaj, Sloveniji pa se je zahvalil za pomo\u010d in podporo v boju proti ruskim silam. Pirc Musar je izrazila priznanje za pogum tako vodstvu Ukrajine kot njenim prebivalcem.\" \/>\n<meta property=\"og:url\" content=\"https:\/\/hudo.com\/si\/aktualno\/slovenija\/pirc-musarjeva-prvic-govorila-z-zelenskim\/\" \/>\n<meta property=\"og:site_name\" content=\"Hudo Slovenija\" \/>\n<meta property=\"article:publisher\" content=\"https:\/\/www.facebook.com\/hudo.si\" \/>\n<meta property=\"article:published_time\" content=\"2023-01-09T17:17:05+00:00\" \/>\n<meta property=\"og:image\" content=\"https:\/\/hudo.com\/si\/wp-content\/uploads\/sites\/2\/2022\/09\/profimedia-0682709723.jpg\" \/>\n\t<meta property=\"og:image:width\" content=\"1250\" \/>\n\t<meta property=\"og:image:height\" content=\"833\" \/>\n\t<meta property=\"og:image:type\" content=\"image\/jpeg\" \/>\n<meta name=\"author\" content=\"A. P., STA\" \/>\n<meta name=\"twitter:card\" content=\"summary_large_image\" \/>\n<meta name=\"twitter:creator\" content=\"@hudo_si\" \/>\n<meta name=\"twitter:site\" content=\"@hudo_si\" \/>\n<meta name=\"twitter:label1\" content=\"Written by\" \/>\n\t<meta name=\"twitter:data1\" content=\"A. P., STA\" \/>\n\t<meta name=\"twitter:label2\" content=\"Est. reading time\" \/>\n\t<meta name=\"twitter:data2\" content=\"1 minuta\" \/>\n<script type=\"application\/ld+json\" class=\"yoast-schema-graph\">{\"@context\":\"https:\/\/schema.org\",\"@graph\":[{\"@type\":\"Article\",\"@id\":\"https:\/\/hudo.com\/si\/aktualno\/slovenija\/pirc-musarjeva-prvic-govorila-z-zelenskim\/#article\",\"isPartOf\":{\"@id\":\"https:\/\/hudo.com\/si\/aktualno\/slovenija\/pirc-musarjeva-prvic-govorila-z-zelenskim\/\"},\"author\":{\"name\":\"A. P., STA\",\"@id\":\"https:\/\/hudo.com\/si\/#\/schema\/person\/18f09c02475ba9e606e941a565b80cff\"},\"headline\":\"Pirc Musarjeva prvi\u010d govorila z Zelenskim\",\"datePublished\":\"2023-01-09T17:17:05+00:00\",\"dateModified\":\"2023-01-09T17:17:05+00:00\",\"mainEntityOfPage\":{\"@id\":\"https:\/\/hudo.com\/si\/aktualno\/slovenija\/pirc-musarjeva-prvic-govorila-z-zelenskim\/\"},\"wordCount\":300,\"publisher\":{\"@id\":\"https:\/\/hudo.com\/si\/#organization\"},\"keywords\":[\"Nata\u0161a Pirc Musar\",\"Volodimir Zelenski\"],\"articleSection\":[\"Slovenija\"],\"inLanguage\":\"sl-SI\"},{\"@type\":\"WebPage\",\"@id\":\"https:\/\/hudo.com\/si\/aktualno\/slovenija\/pirc-musarjeva-prvic-govorila-z-zelenskim\/\",\"url\":\"https:\/\/hudo.com\/si\/aktualno\/slovenija\/pirc-musarjeva-prvic-govorila-z-zelenskim\/\",\"name\":\"Pirc Musarjeva prvi\u010d govorila z Zelenskim - Hudo Slovenija\",\"isPartOf\":{\"@id\":\"https:\/\/hudo.com\/si\/#website\"},\"datePublished\":\"2023-01-09T17:17:05+00:00\",\"dateModified\":\"2023-01-09T17:17:05+00:00\",\"breadcrumb\":{\"@id\":\"https:\/\/hudo.com\/si\/aktualno\/slovenija\/pirc-musarjeva-prvic-govorila-z-zelenskim\/#breadcrumb\"},\"inLanguage\":\"sl-SI\",\"potentialAction\":[{\"@type\":\"ReadAction\",\"target\":[\"https:\/\/hudo.com\/si\/aktualno\/slovenija\/pirc-musarjeva-prvic-govorila-z-zelenskim\/\"]}]},{\"@type\":\"BreadcrumbList\",\"@id\":\"https:\/\/hudo.com\/si\/aktualno\/slovenija\/pirc-musarjeva-prvic-govorila-z-zelenskim\/#breadcrumb\",\"itemListElement\":[{\"@type\":\"ListItem\",\"position\":1,\"name\":\"Home\",\"item\":\"https:\/\/hudo.com\/si\/\"},{\"@type\":\"ListItem\",\"position\":2,\"name\":\"Pirc Musarjeva prvi\u010d govorila z Zelenskim\"}]},{\"@type\":\"WebSite\",\"@id\":\"https:\/\/hudo.com\/si\/#website\",\"url\":\"https:\/\/hudo.com\/si\/\",\"name\":\"Hudo Slovenija\",\"description\":\"Vse novice iz Slovenije in sveta\",\"publisher\":{\"@id\":\"https:\/\/hudo.com\/si\/#organization\"},\"potentialAction\":[{\"@type\":\"SearchAction\",\"target\":{\"@type\":\"EntryPoint\",\"urlTemplate\":\"https:\/\/hudo.com\/si\/?s={search_term_string}\"},\"query-input\":\"required name=search_term_string\"}],\"inLanguage\":\"sl-SI\"},{\"@type\":\"Organization\",\"@id\":\"https:\/\/hudo.com\/si\/#organization\",\"name\":\"VSN Media\",\"url\":\"https:\/\/hudo.com\/si\/\",\"logo\":{\"@type\":\"ImageObject\",\"inLanguage\":\"sl-SI\",\"@id\":\"https:\/\/hudo.com\/si\/#\/schema\/logo\/image\/\",\"url\":\"https:\/\/hudo.com\/si\/wp-content\/uploads\/sites\/2\/2021\/03\/hudo-app-2.png\",\"contentUrl\":\"https:\/\/hudo.com\/si\/wp-content\/uploads\/sites\/2\/2021\/03\/hudo-app-2.png\",\"width\":2185,\"height\":2167,\"caption\":\"VSN Media\"},\"image\":{\"@id\":\"https:\/\/hudo.com\/si\/#\/schema\/logo\/image\/\"},\"sameAs\":[\"https:\/\/www.facebook.com\/hudo.si\",\"https:\/\/twitter.com\/hudo_si\"]},{\"@type\":\"Person\",\"@id\":\"https:\/\/hudo.com\/si\/#\/schema\/person\/18f09c02475ba9e606e941a565b80cff\",\"name\":\"A. P., STA\",\"image\":{\"@type\":\"ImageObject\",\"inLanguage\":\"sl-SI\",\"@id\":\"https:\/\/hudo.com\/si\/#\/schema\/person\/image\/\",\"url\":\"https:\/\/secure.gravatar.com\/avatar\/03eac8e609f5f04383125d80eaeaaf3e?s=96&d=mm&r=g\",\"contentUrl\":\"https:\/\/secure.gravatar.com\/avatar\/03eac8e609f5f04383125d80eaeaaf3e?s=96&d=mm&r=g\",\"caption\":\"A. P., STA\"},\"url\":\"https:\/\/hudo.com\/si\/author\/lubu\/\"}]}<\/script>\n<!-- \/ Yoast SEO plugin. -->","yoast_head_json":{"title":"Pirc Musarjeva prvi\u010d govorila z Zelenskim - Hudo Slovenija","robots":{"index":"index","follow":"follow","max-snippet":"max-snippet:-1","max-image-preview":"max-image-preview:large","max-video-preview":"max-video-preview:-1"},"canonical":"https:\/\/hudo.com\/si\/aktualno\/slovenija\/pirc-musarjeva-prvic-govorila-z-zelenskim\/","og_locale":"sl_SI","og_type":"article","og_title":"Pirc Musarjeva prvi\u010d govorila z Zelenskim - Hudo Slovenija","og_description":"Predsednica republike Nata\u0161a Pirc Musar se je danes po telefonu prvi\u010d pogovarjala z ukrajinskim predsednikom Volodimirjem Zelenskim. Ta je predsednici \u010destital ob imenovanju na polo\u017eaj, Sloveniji pa se je zahvalil za pomo\u010d in podporo v boju proti ruskim silam. Pirc Musar je izrazila priznanje za pogum tako vodstvu Ukrajine kot njenim prebivalcem.","og_url":"https:\/\/hudo.com\/si\/aktualno\/slovenija\/pirc-musarjeva-prvic-govorila-z-zelenskim\/","og_site_name":"Hudo Slovenija","article_publisher":"https:\/\/www.facebook.com\/hudo.si","article_published_time":"2023-01-09T17:17:05+00:00","og_image":[{"width":1250,"height":833,"url":"https:\/\/hudo.com\/si\/wp-content\/uploads\/sites\/2\/2022\/09\/profimedia-0682709723.jpg","type":"image\/jpeg"}],"author":"A. P., STA","twitter_card":"summary_large_image","twitter_creator":"@hudo_si","twitter_site":"@hudo_si","twitter_misc":{"Written by":"A. P., STA","Est. reading time":"1 minuta"},"schema":{"@context":"https:\/\/schema.org","@graph":[{"@type":"Article","@id":"https:\/\/hudo.com\/si\/aktualno\/slovenija\/pirc-musarjeva-prvic-govorila-z-zelenskim\/#article","isPartOf":{"@id":"https:\/\/hudo.com\/si\/aktualno\/slovenija\/pirc-musarjeva-prvic-govorila-z-zelenskim\/"},"author":{"name":"A. P., STA","@id":"https:\/\/hudo.com\/si\/#\/schema\/person\/18f09c02475ba9e606e941a565b80cff"},"headline":"Pirc Musarjeva prvi\u010d govorila z Zelenskim","datePublished":"2023-01-09T17:17:05+00:00","dateModified":"2023-01-09T17:17:05+00:00","mainEntityOfPage":{"@id":"https:\/\/hudo.com\/si\/aktualno\/slovenija\/pirc-musarjeva-prvic-govorila-z-zelenskim\/"},"wordCount":300,"publisher":{"@id":"https:\/\/hudo.com\/si\/#organization"},"keywords":["Nata\u0161a Pirc Musar","Volodimir Zelenski"],"articleSection":["Slovenija"],"inLanguage":"sl-SI"},{"@type":"WebPage","@id":"https:\/\/hudo.com\/si\/aktualno\/slovenija\/pirc-musarjeva-prvic-govorila-z-zelenskim\/","url":"https:\/\/hudo.com\/si\/aktualno\/slovenija\/pirc-musarjeva-prvic-govorila-z-zelenskim\/","name":"Pirc Musarjeva prvi\u010d govorila z Zelenskim - Hudo Slovenija","isPartOf":{"@id":"https:\/\/hudo.com\/si\/#website"},"datePublished":"2023-01-09T17:17:05+00:00","dateModified":"2023-01-09T17:17:05+00:00","breadcrumb":{"@id":"https:\/\/hudo.com\/si\/aktualno\/slovenija\/pirc-musarjeva-prvic-govorila-z-zelenskim\/#breadcrumb"},"inLanguage":"sl-SI","potentialAction":[{"@type":"ReadAction","target":["https:\/\/hudo.com\/si\/aktualno\/slovenija\/pirc-musarjeva-prvic-govorila-z-zelenskim\/"]}]},{"@type":"BreadcrumbList","@id":"https:\/\/hudo.com\/si\/aktualno\/slovenija\/pirc-musarjeva-prvic-govorila-z-zelenskim\/#breadcrumb","itemListElement":[{"@type":"ListItem","position":1,"name":"Home","item":"https:\/\/hudo.com\/si\/"},{"@type":"ListItem","position":2,"name":"Pirc Musarjeva prvi\u010d govorila z Zelenskim"}]},{"@type":"WebSite","@id":"https:\/\/hudo.com\/si\/#website","url":"https:\/\/hudo.com\/si\/","name":"Hudo Slovenija","description":"Vse novice iz Slovenije in sveta","publisher":{"@id":"https:\/\/hudo.com\/si\/#organization"},"potentialAction":[{"@type":"SearchAction","target":{"@type":"EntryPoint","urlTemplate":"https:\/\/hudo.com\/si\/?s={search_term_string}"},"query-input":"required name=search_term_string"}],"inLanguage":"sl-SI"},{"@type":"Organization","@id":"https:\/\/hudo.com\/si\/#organization","name":"VSN Media","url":"https:\/\/hudo.com\/si\/","logo":{"@type":"ImageObject","inLanguage":"sl-SI","@id":"https:\/\/hudo.com\/si\/#\/schema\/logo\/image\/","url":"https:\/\/hudo.com\/si\/wp-content\/uploads\/sites\/2\/2021\/03\/hudo-app-2.png","contentUrl":"https:\/\/hudo.com\/si\/wp-content\/uploads\/sites\/2\/2021\/03\/hudo-app-2.png","width":2185,"height":2167,"caption":"VSN Media"},"image":{"@id":"https:\/\/hudo.com\/si\/#\/schema\/logo\/image\/"},"sameAs":["https:\/\/www.facebook.com\/hudo.si","https:\/\/twitter.com\/hudo_si"]},{"@type":"Person","@id":"https:\/\/hudo.com\/si\/#\/schema\/person\/18f09c02475ba9e606e941a565b80cff","name":"A. P., STA","image":{"@type":"ImageObject","inLanguage":"sl-SI","@id":"https:\/\/hudo.com\/si\/#\/schema\/person\/image\/","url":"https:\/\/secure.gravatar.com\/avatar\/03eac8e609f5f04383125d80eaeaaf3e?s=96&d=mm&r=g","contentUrl":"https:\/\/secure.gravatar.com\/avatar\/03eac8e609f5f04383125d80eaeaaf3e?s=96&d=mm&r=g","caption":"A. P., STA"},"url":"https:\/\/hudo.com\/si\/author\/lubu\/"}]}},"amp_enabled":true,"_links":{"self":[{"href":"https:\/\/hudo.com\/si\/wp-json\/wp\/v2\/posts\/476302"}],"collection":[{"href":"https:\/\/hudo.com\/si\/wp-json\/wp\/v2\/posts"}],"about":[{"href":"https:\/\/hudo.com\/si\/wp-json\/wp\/v2\/types\/post"}],"author":[{"embeddable":true,"href":"https:\/\/hudo.com\/si\/wp-json\/wp\/v2\/users\/7"}],"replies":[{"embeddable":true,"href":"https:\/\/hudo.com\/si\/wp-json\/wp\/v2\/comments?post=476302"}],"version-history":[{"count":1,"href":"https:\/\/hudo.com\/si\/wp-json\/wp\/v2\/posts\/476302\/revisions"}],"predecessor-version":[{"id":476303,"href":"https:\/\/hudo.com\/si\/wp-json\/wp\/v2\/posts\/476302\/revisions\/476303"}],"wp:featuredmedia":[{"embeddable":true,"href":"https:\/\/hudo.com\/si\/wp-json\/wp\/v2\/media\/472659"}],"wp:attachment":[{"href":"https:\/\/hudo.com\/si\/wp-json\/wp\/v2\/media?parent=476302"}],"wp:term":[{"taxonomy":"category","embeddable":true,"href":"https:\/\/hudo.com\/si\/wp-json\/wp\/v2\/categories?post=476302"},{"taxonomy":"post_tag","embeddable":true,"href":"https:\/\/hudo.com\/si\/wp-json\/wp\/v2\/tags?post=476302"},{"taxonomy":"source","embeddable":true,"href":"https:\/\/hudo.com\/si\/wp-json\/wp\/v2\/source?post=476302"},{"taxonomy":"supertag","embeddable":true,"href":"https:\/\/hudo.com\/si\/wp-json\/wp\/v2\/supertag?post=476302"}],"curies":[{"name":"wp","href":"https:\/\/api.w.org\/{rel}","templated":true}]}}