{"id":476747,"date":"2023-01-24T13:36:59","date_gmt":"2023-01-24T12:36:59","guid":{"rendered":"https:\/\/hudo.com\/si\/?p=476747"},"modified":"2023-01-24T13:36:59","modified_gmt":"2023-01-24T12:36:59","slug":"v-gorah-velika-nevarnost-prozenja-sneznih-plazov-izdano-oranzno-opozorilo","status":"publish","type":"post","link":"https:\/\/hudo.com\/si\/aktualno\/slovenija\/v-gorah-velika-nevarnost-prozenja-sneznih-plazov-izdano-oranzno-opozorilo\/","title":{"rendered":"V gorah velika nevarnost pro\u017eenja sne\u017enih plazov, izdano oran\u017eno opozorilo"},"content":{"rendered":"<p>Za danes in sredo dopoldne je Agencija RS za okolje (Arso) izdala oran\u017eno vremensko opozorilo za severozahod dr\u017eave, za kasneje pa je izdala rumeno opozorilo.<\/p>\n<p>Oran\u017eno opozorilo pomeni, da verjetnost pro\u017eenja sne\u017enih plazov nastopi \u017ee pri manj\u0161i dodatni obremenitvi. V nekaterih razmerah je mo\u017eno tudi lokalno spontano pro\u017eenje srednje velikih in posami\u010dno tudi velikih sne\u017enih plazov.<\/p>\n<p>Kot je danes \u0161e objavil Arso, je nevarnost sne\u017enih plazov v ve\u010djem delu slovenskih gora nad nadmorsko vi\u0161ino okoli 1500 metrov velika, to je 4. stopnje, ni\u017eje pa je znatna oz. precej\u0161nja in torej 3. stopnje.<\/p>\n<p>Arso opozarja, da lahko sne\u017eni plazovi nastajajo tudi na neobi\u010dajnih mestih. Ve\u010dinoma zmerna nevarnost je tako tudi na obmo\u010dju Idrijsko-Cerkljanskega, \u0160kofjelo\u0161kega, Polhograjskega in Zasavskega hribovja.<\/p>\n<p>V ponedeljek je ob obilnem sne\u017eenju mo\u010dno pihal vzhodni do severovzhodni veter, ki je prena\u0161al sneg na zahodna in ju\u017ena pobo\u010dja, nastajale so \u0161tevilne klo\u017ee. &#8220;\u017de pod majhno obremenitvijo lahko spro\u017eite klo\u017east sne\u017eni plaz, plazovi se na strmih pobo\u010djih pro\u017eijo tudi spontano,&#8221; so opozorili na Arsu. Sne\u017ene in plazovne razmere so zelo zahtevne. \u010ce je v dolini snega ponekod malo, pa je situacija nekaj sto metrov vi\u0161je lahko povsem druga\u010dna, so poudarili.<\/p>\n<p>Po napovedih vremenoslovcev ta teden ni pri\u010dakovati ve\u010d novega obilnej\u0161ega sne\u017eenja, bo pa \u0161e vedno pihal severovzhodnik, ki se bo konec tedna znova okrepil in bo znova prena\u0161al sneg.<\/p>\n<p>&#8220;Ohladilo se bo, to pa pomeni, da se bo 3. stopnja nevarnosti ohranila dalj \u010dasa. \u010ce se po \u010detrtku podajate na sneg, izbirajte polo\u017enej\u0161a, neplazovita pobo\u010dja, izogibajte se strmih grap, grebenov in ostanite pod gozdno mejo, kjer je veter imel manj\u0161o mo\u010d. Tudi pri severnih sosedih je obilneje sne\u017eilo, zato so razmere tam podobne,&#8221; so sporo\u010dili z Arsa.<\/p>\n<p>Zaradi izpadov elektri\u010dne energije trenutno na Arsu nimajo podatkov z avtomatskih postaj Kanin, Kum, Pavli\u010devo sedlo in Zgornja Kapla.<\/p>\n<p>&#8220;Lahko nam pomagate, da svoja opa\u017eanja o snegu in sne\u017enih plazovih sporo\u010dite preko portala ali preko mobilne aplikacije Varsom Regobs. Seveda v takih razmerah ne pri\u010dakujemo in tudi ni varno, da se podajate na plazovita obmo\u010dja. Dovolj bo, da vnesete in opi\u0161ete razmere, ki so v okolici va\u0161ega doma. Sploh bodo dobrodo\u0161le informacije iz bolj odro\u010dnih predelov Slovenije,&#8221; so \u0161e navedli pri Arsu in se vnaprej zahvalili za sodelovanje.<\/p>\n<p>Na Kredarici je bila danes zjutraj sne\u017ena odeja debela 285 centimetrov, na Voglu 155, v Rate\u010dah 86, v Ko\u010devju 65, na Katarini nad Ljubljano so namerili 46 centimetrov, v Celju in Postojni pa po 19 centimetrov snega, ka\u017eejo podatki Arsa.<\/p>\n","protected":false},"excerpt":{"rendered":"<p>Na vi\u0161jih nadmorskih vi\u0161inah je v zadnjem tednu zapadlo ogromno snega, nastajale so tudi klo\u017ee. Agencija za okolje zato opozarja, da je nevarnost sne\u017enih plazov v ve\u010djem delu gora nad vi\u0161ino okoli 1500 metrov velika, ni\u017eje pa znatna. Za severozahod je izdano oran\u017eno vremensko opozorilo. Sne\u017eni plazovi lahko nastajajo tudi na neobi\u010dajnih mestih.<\/p>\n","protected":false},"author":5,"featured_media":194969,"comment_status":"closed","ping_status":"closed","sticky":false,"template":"","format":"standard","meta":{"footnotes":""},"categories":[18201],"tags":[4922,1938,5015,7677],"source":[4511],"supertag":[],"acf":[],"yoast_head":"<!-- This site is optimized with the Yoast SEO plugin v21.3 - https:\/\/yoast.com\/wordpress\/plugins\/seo\/ -->\n<title>V gorah velika nevarnost pro\u017eenja sne\u017enih plazov, izdano oran\u017eno opozorilo - Hudo Slovenija<\/title>\n<meta name=\"robots\" content=\"index, follow, max-snippet:-1, max-image-preview:large, max-video-preview:-1\" \/>\n<link rel=\"canonical\" href=\"https:\/\/hudo.com\/si\/aktualno\/slovenija\/v-gorah-velika-nevarnost-prozenja-sneznih-plazov-izdano-oranzno-opozorilo\/\" \/>\n<meta property=\"og:locale\" content=\"sl_SI\" \/>\n<meta property=\"og:type\" content=\"article\" \/>\n<meta property=\"og:title\" content=\"V gorah velika nevarnost pro\u017eenja sne\u017enih plazov, izdano oran\u017eno opozorilo - Hudo Slovenija\" \/>\n<meta property=\"og:description\" content=\"Na vi\u0161jih nadmorskih vi\u0161inah je v zadnjem tednu zapadlo ogromno snega, nastajale so tudi klo\u017ee. Agencija za okolje zato opozarja, da je nevarnost sne\u017enih plazov v ve\u010djem delu gora nad vi\u0161ino okoli 1500 metrov velika, ni\u017eje pa znatna. Za severozahod je izdano oran\u017eno vremensko opozorilo. Sne\u017eni plazovi lahko nastajajo tudi na neobi\u010dajnih mestih.\" \/>\n<meta property=\"og:url\" content=\"https:\/\/hudo.com\/si\/aktualno\/slovenija\/v-gorah-velika-nevarnost-prozenja-sneznih-plazov-izdano-oranzno-opozorilo\/\" \/>\n<meta property=\"og:site_name\" content=\"Hudo Slovenija\" \/>\n<meta property=\"article:publisher\" content=\"https:\/\/www.facebook.com\/hudo.si\" \/>\n<meta property=\"article:published_time\" content=\"2023-01-24T12:36:59+00:00\" \/>\n<meta property=\"og:image\" content=\"https:\/\/hudo.com\/si\/wp-content\/uploads\/sites\/2\/2017\/01\/profimedia-0110558234.jpg\" \/>\n\t<meta property=\"og:image:width\" content=\"1250\" \/>\n\t<meta property=\"og:image:height\" content=\"833\" \/>\n\t<meta property=\"og:image:type\" content=\"image\/jpeg\" \/>\n<meta name=\"author\" content=\"A. G., STA\" \/>\n<meta name=\"twitter:card\" content=\"summary_large_image\" \/>\n<meta name=\"twitter:creator\" content=\"@hudo_si\" \/>\n<meta name=\"twitter:site\" content=\"@hudo_si\" \/>\n<meta name=\"twitter:label1\" content=\"Written by\" \/>\n\t<meta name=\"twitter:data1\" content=\"A. G., STA\" \/>\n\t<meta name=\"twitter:label2\" content=\"Est. reading time\" \/>\n\t<meta name=\"twitter:data2\" content=\"2 minuti\" \/>\n<script type=\"application\/ld+json\" class=\"yoast-schema-graph\">{\"@context\":\"https:\/\/schema.org\",\"@graph\":[{\"@type\":\"Article\",\"@id\":\"https:\/\/hudo.com\/si\/aktualno\/slovenija\/v-gorah-velika-nevarnost-prozenja-sneznih-plazov-izdano-oranzno-opozorilo\/#article\",\"isPartOf\":{\"@id\":\"https:\/\/hudo.com\/si\/aktualno\/slovenija\/v-gorah-velika-nevarnost-prozenja-sneznih-plazov-izdano-oranzno-opozorilo\/\"},\"author\":{\"name\":\"A. G., STA\",\"@id\":\"https:\/\/hudo.com\/si\/#\/schema\/person\/2391667a63ea075ba94f2f2dc6b77537\"},\"headline\":\"V gorah velika nevarnost pro\u017eenja sne\u017enih plazov, izdano oran\u017eno opozorilo\",\"datePublished\":\"2023-01-24T12:36:59+00:00\",\"dateModified\":\"2023-01-24T12:36:59+00:00\",\"mainEntityOfPage\":{\"@id\":\"https:\/\/hudo.com\/si\/aktualno\/slovenija\/v-gorah-velika-nevarnost-prozenja-sneznih-plazov-izdano-oranzno-opozorilo\/\"},\"wordCount\":466,\"publisher\":{\"@id\":\"https:\/\/hudo.com\/si\/#organization\"},\"keywords\":[\"Arso\",\"gore\",\"opozorilo\",\"sne\u017eni plaz\"],\"articleSection\":[\"Slovenija\"],\"inLanguage\":\"sl-SI\"},{\"@type\":\"WebPage\",\"@id\":\"https:\/\/hudo.com\/si\/aktualno\/slovenija\/v-gorah-velika-nevarnost-prozenja-sneznih-plazov-izdano-oranzno-opozorilo\/\",\"url\":\"https:\/\/hudo.com\/si\/aktualno\/slovenija\/v-gorah-velika-nevarnost-prozenja-sneznih-plazov-izdano-oranzno-opozorilo\/\",\"name\":\"V gorah velika nevarnost pro\u017eenja sne\u017enih plazov, izdano oran\u017eno opozorilo - Hudo Slovenija\",\"isPartOf\":{\"@id\":\"https:\/\/hudo.com\/si\/#website\"},\"datePublished\":\"2023-01-24T12:36:59+00:00\",\"dateModified\":\"2023-01-24T12:36:59+00:00\",\"breadcrumb\":{\"@id\":\"https:\/\/hudo.com\/si\/aktualno\/slovenija\/v-gorah-velika-nevarnost-prozenja-sneznih-plazov-izdano-oranzno-opozorilo\/#breadcrumb\"},\"inLanguage\":\"sl-SI\",\"potentialAction\":[{\"@type\":\"ReadAction\",\"target\":[\"https:\/\/hudo.com\/si\/aktualno\/slovenija\/v-gorah-velika-nevarnost-prozenja-sneznih-plazov-izdano-oranzno-opozorilo\/\"]}]},{\"@type\":\"BreadcrumbList\",\"@id\":\"https:\/\/hudo.com\/si\/aktualno\/slovenija\/v-gorah-velika-nevarnost-prozenja-sneznih-plazov-izdano-oranzno-opozorilo\/#breadcrumb\",\"itemListElement\":[{\"@type\":\"ListItem\",\"position\":1,\"name\":\"Home\",\"item\":\"https:\/\/hudo.com\/si\/\"},{\"@type\":\"ListItem\",\"position\":2,\"name\":\"V gorah velika nevarnost pro\u017eenja sne\u017enih plazov, izdano oran\u017eno opozorilo\"}]},{\"@type\":\"WebSite\",\"@id\":\"https:\/\/hudo.com\/si\/#website\",\"url\":\"https:\/\/hudo.com\/si\/\",\"name\":\"Hudo Slovenija\",\"description\":\"Vse novice iz Slovenije in sveta\",\"publisher\":{\"@id\":\"https:\/\/hudo.com\/si\/#organization\"},\"potentialAction\":[{\"@type\":\"SearchAction\",\"target\":{\"@type\":\"EntryPoint\",\"urlTemplate\":\"https:\/\/hudo.com\/si\/?s={search_term_string}\"},\"query-input\":\"required name=search_term_string\"}],\"inLanguage\":\"sl-SI\"},{\"@type\":\"Organization\",\"@id\":\"https:\/\/hudo.com\/si\/#organization\",\"name\":\"VSN Media\",\"url\":\"https:\/\/hudo.com\/si\/\",\"logo\":{\"@type\":\"ImageObject\",\"inLanguage\":\"sl-SI\",\"@id\":\"https:\/\/hudo.com\/si\/#\/schema\/logo\/image\/\",\"url\":\"https:\/\/hudo.com\/si\/wp-content\/uploads\/sites\/2\/2021\/03\/hudo-app-2.png\",\"contentUrl\":\"https:\/\/hudo.com\/si\/wp-content\/uploads\/sites\/2\/2021\/03\/hudo-app-2.png\",\"width\":2185,\"height\":2167,\"caption\":\"VSN Media\"},\"image\":{\"@id\":\"https:\/\/hudo.com\/si\/#\/schema\/logo\/image\/\"},\"sameAs\":[\"https:\/\/www.facebook.com\/hudo.si\",\"https:\/\/twitter.com\/hudo_si\"]},{\"@type\":\"Person\",\"@id\":\"https:\/\/hudo.com\/si\/#\/schema\/person\/2391667a63ea075ba94f2f2dc6b77537\",\"name\":\"A. G., STA\",\"image\":{\"@type\":\"ImageObject\",\"inLanguage\":\"sl-SI\",\"@id\":\"https:\/\/hudo.com\/si\/#\/schema\/person\/image\/\",\"url\":\"https:\/\/secure.gravatar.com\/avatar\/e13d22ac3e442658d5025fbbe6238a79?s=96&d=mm&r=g\",\"contentUrl\":\"https:\/\/secure.gravatar.com\/avatar\/e13d22ac3e442658d5025fbbe6238a79?s=96&d=mm&r=g\",\"caption\":\"A. G., STA\"},\"url\":\"https:\/\/hudo.com\/si\/author\/alenka\/\"}]}<\/script>\n<!-- \/ Yoast SEO plugin. -->","yoast_head_json":{"title":"V gorah velika nevarnost pro\u017eenja sne\u017enih plazov, izdano oran\u017eno opozorilo - Hudo Slovenija","robots":{"index":"index","follow":"follow","max-snippet":"max-snippet:-1","max-image-preview":"max-image-preview:large","max-video-preview":"max-video-preview:-1"},"canonical":"https:\/\/hudo.com\/si\/aktualno\/slovenija\/v-gorah-velika-nevarnost-prozenja-sneznih-plazov-izdano-oranzno-opozorilo\/","og_locale":"sl_SI","og_type":"article","og_title":"V gorah velika nevarnost pro\u017eenja sne\u017enih plazov, izdano oran\u017eno opozorilo - Hudo Slovenija","og_description":"Na vi\u0161jih nadmorskih vi\u0161inah je v zadnjem tednu zapadlo ogromno snega, nastajale so tudi klo\u017ee. Agencija za okolje zato opozarja, da je nevarnost sne\u017enih plazov v ve\u010djem delu gora nad vi\u0161ino okoli 1500 metrov velika, ni\u017eje pa znatna. Za severozahod je izdano oran\u017eno vremensko opozorilo. Sne\u017eni plazovi lahko nastajajo tudi na neobi\u010dajnih mestih.","og_url":"https:\/\/hudo.com\/si\/aktualno\/slovenija\/v-gorah-velika-nevarnost-prozenja-sneznih-plazov-izdano-oranzno-opozorilo\/","og_site_name":"Hudo Slovenija","article_publisher":"https:\/\/www.facebook.com\/hudo.si","article_published_time":"2023-01-24T12:36:59+00:00","og_image":[{"width":1250,"height":833,"url":"https:\/\/hudo.com\/si\/wp-content\/uploads\/sites\/2\/2017\/01\/profimedia-0110558234.jpg","type":"image\/jpeg"}],"author":"A. G., STA","twitter_card":"summary_large_image","twitter_creator":"@hudo_si","twitter_site":"@hudo_si","twitter_misc":{"Written by":"A. G., STA","Est. reading time":"2 minuti"},"schema":{"@context":"https:\/\/schema.org","@graph":[{"@type":"Article","@id":"https:\/\/hudo.com\/si\/aktualno\/slovenija\/v-gorah-velika-nevarnost-prozenja-sneznih-plazov-izdano-oranzno-opozorilo\/#article","isPartOf":{"@id":"https:\/\/hudo.com\/si\/aktualno\/slovenija\/v-gorah-velika-nevarnost-prozenja-sneznih-plazov-izdano-oranzno-opozorilo\/"},"author":{"name":"A. G., STA","@id":"https:\/\/hudo.com\/si\/#\/schema\/person\/2391667a63ea075ba94f2f2dc6b77537"},"headline":"V gorah velika nevarnost pro\u017eenja sne\u017enih plazov, izdano oran\u017eno opozorilo","datePublished":"2023-01-24T12:36:59+00:00","dateModified":"2023-01-24T12:36:59+00:00","mainEntityOfPage":{"@id":"https:\/\/hudo.com\/si\/aktualno\/slovenija\/v-gorah-velika-nevarnost-prozenja-sneznih-plazov-izdano-oranzno-opozorilo\/"},"wordCount":466,"publisher":{"@id":"https:\/\/hudo.com\/si\/#organization"},"keywords":["Arso","gore","opozorilo","sne\u017eni plaz"],"articleSection":["Slovenija"],"inLanguage":"sl-SI"},{"@type":"WebPage","@id":"https:\/\/hudo.com\/si\/aktualno\/slovenija\/v-gorah-velika-nevarnost-prozenja-sneznih-plazov-izdano-oranzno-opozorilo\/","url":"https:\/\/hudo.com\/si\/aktualno\/slovenija\/v-gorah-velika-nevarnost-prozenja-sneznih-plazov-izdano-oranzno-opozorilo\/","name":"V gorah velika nevarnost pro\u017eenja sne\u017enih plazov, izdano oran\u017eno opozorilo - Hudo Slovenija","isPartOf":{"@id":"https:\/\/hudo.com\/si\/#website"},"datePublished":"2023-01-24T12:36:59+00:00","dateModified":"2023-01-24T12:36:59+00:00","breadcrumb":{"@id":"https:\/\/hudo.com\/si\/aktualno\/slovenija\/v-gorah-velika-nevarnost-prozenja-sneznih-plazov-izdano-oranzno-opozorilo\/#breadcrumb"},"inLanguage":"sl-SI","potentialAction":[{"@type":"ReadAction","target":["https:\/\/hudo.com\/si\/aktualno\/slovenija\/v-gorah-velika-nevarnost-prozenja-sneznih-plazov-izdano-oranzno-opozorilo\/"]}]},{"@type":"BreadcrumbList","@id":"https:\/\/hudo.com\/si\/aktualno\/slovenija\/v-gorah-velika-nevarnost-prozenja-sneznih-plazov-izdano-oranzno-opozorilo\/#breadcrumb","itemListElement":[{"@type":"ListItem","position":1,"name":"Home","item":"https:\/\/hudo.com\/si\/"},{"@type":"ListItem","position":2,"name":"V gorah velika nevarnost pro\u017eenja sne\u017enih plazov, izdano oran\u017eno opozorilo"}]},{"@type":"WebSite","@id":"https:\/\/hudo.com\/si\/#website","url":"https:\/\/hudo.com\/si\/","name":"Hudo Slovenija","description":"Vse novice iz Slovenije in sveta","publisher":{"@id":"https:\/\/hudo.com\/si\/#organization"},"potentialAction":[{"@type":"SearchAction","target":{"@type":"EntryPoint","urlTemplate":"https:\/\/hudo.com\/si\/?s={search_term_string}"},"query-input":"required name=search_term_string"}],"inLanguage":"sl-SI"},{"@type":"Organization","@id":"https:\/\/hudo.com\/si\/#organization","name":"VSN Media","url":"https:\/\/hudo.com\/si\/","logo":{"@type":"ImageObject","inLanguage":"sl-SI","@id":"https:\/\/hudo.com\/si\/#\/schema\/logo\/image\/","url":"https:\/\/hudo.com\/si\/wp-content\/uploads\/sites\/2\/2021\/03\/hudo-app-2.png","contentUrl":"https:\/\/hudo.com\/si\/wp-content\/uploads\/sites\/2\/2021\/03\/hudo-app-2.png","width":2185,"height":2167,"caption":"VSN Media"},"image":{"@id":"https:\/\/hudo.com\/si\/#\/schema\/logo\/image\/"},"sameAs":["https:\/\/www.facebook.com\/hudo.si","https:\/\/twitter.com\/hudo_si"]},{"@type":"Person","@id":"https:\/\/hudo.com\/si\/#\/schema\/person\/2391667a63ea075ba94f2f2dc6b77537","name":"A. G., STA","image":{"@type":"ImageObject","inLanguage":"sl-SI","@id":"https:\/\/hudo.com\/si\/#\/schema\/person\/image\/","url":"https:\/\/secure.gravatar.com\/avatar\/e13d22ac3e442658d5025fbbe6238a79?s=96&d=mm&r=g","contentUrl":"https:\/\/secure.gravatar.com\/avatar\/e13d22ac3e442658d5025fbbe6238a79?s=96&d=mm&r=g","caption":"A. G., STA"},"url":"https:\/\/hudo.com\/si\/author\/alenka\/"}]}},"amp_enabled":true,"_links":{"self":[{"href":"https:\/\/hudo.com\/si\/wp-json\/wp\/v2\/posts\/476747"}],"collection":[{"href":"https:\/\/hudo.com\/si\/wp-json\/wp\/v2\/posts"}],"about":[{"href":"https:\/\/hudo.com\/si\/wp-json\/wp\/v2\/types\/post"}],"author":[{"embeddable":true,"href":"https:\/\/hudo.com\/si\/wp-json\/wp\/v2\/users\/5"}],"replies":[{"embeddable":true,"href":"https:\/\/hudo.com\/si\/wp-json\/wp\/v2\/comments?post=476747"}],"version-history":[{"count":1,"href":"https:\/\/hudo.com\/si\/wp-json\/wp\/v2\/posts\/476747\/revisions"}],"predecessor-version":[{"id":476748,"href":"https:\/\/hudo.com\/si\/wp-json\/wp\/v2\/posts\/476747\/revisions\/476748"}],"wp:featuredmedia":[{"embeddable":true,"href":"https:\/\/hudo.com\/si\/wp-json\/wp\/v2\/media\/194969"}],"wp:attachment":[{"href":"https:\/\/hudo.com\/si\/wp-json\/wp\/v2\/media?parent=476747"}],"wp:term":[{"taxonomy":"category","embeddable":true,"href":"https:\/\/hudo.com\/si\/wp-json\/wp\/v2\/categories?post=476747"},{"taxonomy":"post_tag","embeddable":true,"href":"https:\/\/hudo.com\/si\/wp-json\/wp\/v2\/tags?post=476747"},{"taxonomy":"source","embeddable":true,"href":"https:\/\/hudo.com\/si\/wp-json\/wp\/v2\/source?post=476747"},{"taxonomy":"supertag","embeddable":true,"href":"https:\/\/hudo.com\/si\/wp-json\/wp\/v2\/supertag?post=476747"}],"curies":[{"name":"wp","href":"https:\/\/api.w.org\/{rel}","templated":true}]}}