{"id":47688,"date":"2016-05-06T22:00:00","date_gmt":"2016-05-06T20:00:00","guid":{"rendered":"http:\/\/hudo.com\/si\/2016\/05\/06\/vijolicni-vlak-odpeljal-v-ljubljano\/"},"modified":"2016-05-07T23:17:30","modified_gmt":"2016-05-07T21:17:30","slug":"vijolicni-vlak-odpeljal-v-ljubljano","status":"publish","type":"post","link":"https:\/\/hudo.com\/si\/aktualno\/vijolicni-vlak-odpeljal-v-ljubljano\/","title":{"rendered":"&#8220;Vijoli\u010dni&#8221; vlak odpeljal v Ljubljano"},"content":{"rendered":"<p>Okoli \u0161tiristo najbolj vnetih navija\u010dev NK Maribor se je okoli 15. ure zbralo pred mariborsko \u017eelezni\u0161ko postajo. Do odhoda posebnega vlaka je zbiranje potekalo mirno, morda je k temu pripomogla tudi pomladna ploha, ki je ohladila ozra\u010dje. Malo pred 16. uro so na posebni vlak stopile posebne policijske enote, po tri v vsak vagon. Pripadniki navija\u0161ke skupine viole pa so se v podhodu \u017eelezni\u0161ke postaje segrevali z vpitjem &#8220;ubi, ubi, ubi \u017eabara\u00a0&#8230;&#8221; Vodja skupine jih je po megafonu pozval naj na vlak stopijo mirno, in naj ne izzivajo policijskega spremstva, saj da je njihov glavni cilj prihod na nogometni stadion Sto\u017eice. Povedal jim je \u0161e, da bosta na vlaku tudi fotoreporter in odvetnik, na katerega se lahko obrnejo, v primeru kot je dejal, \u010de bi pri\u0161lo do kr\u0161enja \u010dlovekovih pravic. Vlak je odpeljal ob 16. uri in pet minut. Manj\u0161a skupina z malimi otroki pa se je proti Ljubljani na ve\u010derni nogometni derbi med NK Mariborom in Olimpijo odpravila s posebnim avtobusom.\u0160port<\/p>\n","protected":false},"excerpt":{"rendered":"<p>Okoli \u0161tiristo najbolj vnetih navija\u010dev NK Maribor se je okoli 15. ure zbralo pred mariborsko \u017eelezni\u0161ko postajo. Do odhoda posebnega vlaka je zbiranje potekalo mirno, morda je k temu pripomogla tudi pomladna ploha, ki je ohladila ozra\u010dje. Malo pred 16. uro so na posebni vlak stopile posebne policijske enote, po tri v vsak vagon. Pripadniki navija\u0161ke skupine viole pa so se v podhodu \u017eelezni\u0161ke postaje segrevali z vpitjem &#8220;ubi, ubi, ubi \u017eabara\u00a0&#8230;&#8221; Vodja skupine jih je po megafonu pozval naj na vlak stopijo mirno, in naj ne izzivajo policijskega spremstva, saj da je njihov glavni cilj prihod na nogometni stadion Sto\u017eice. Povedal jim je \u0161e, da bosta na vlaku tudi fotoreporter in odvetnik, na katerega se lahko obrnejo, v primeru kot je dejal, \u010de bi pri\u0161lo do kr\u0161enja \u010dlovekovih pravic. Vlak je odpeljal ob 16. uri in pet minut. Manj\u0161a skupina z malimi otroki pa se je proti Ljubljani na ve\u010derni nogometni derbi med NK Mariborom in Olimpijo odpravila s posebnim avtobusom.\u0160port<\/p>\n","protected":false},"author":1,"featured_media":0,"comment_status":"closed","ping_status":"closed","sticky":false,"template":"","format":"standard","meta":{"footnotes":""},"categories":[1179],"tags":[],"source":[1711],"supertag":[],"acf":[],"yoast_head":"<!-- This site is optimized with the Yoast SEO plugin v21.3 - https:\/\/yoast.com\/wordpress\/plugins\/seo\/ -->\n<title>&quot;Vijoli\u010dni&quot; vlak odpeljal v Ljubljano - Hudo Slovenija<\/title>\n<meta name=\"robots\" content=\"index, follow, max-snippet:-1, max-image-preview:large, max-video-preview:-1\" \/>\n<link rel=\"canonical\" href=\"https:\/\/hudo.com\/si\/aktualno\/vijolicni-vlak-odpeljal-v-ljubljano\/\" \/>\n<meta property=\"og:locale\" content=\"sl_SI\" \/>\n<meta property=\"og:type\" content=\"article\" \/>\n<meta property=\"og:title\" content=\"&quot;Vijoli\u010dni&quot; vlak odpeljal v Ljubljano - Hudo Slovenija\" \/>\n<meta property=\"og:description\" content=\"Okoli \u0161tiristo najbolj vnetih navija\u010dev NK Maribor se je okoli 15. ure zbralo pred mariborsko \u017eelezni\u0161ko postajo. Do odhoda posebnega vlaka je zbiranje potekalo mirno, morda je k temu pripomogla tudi pomladna ploha, ki je ohladila ozra\u010dje. Malo pred 16. uro so na posebni vlak stopile posebne policijske enote, po tri v vsak vagon. Pripadniki navija\u0161ke skupine viole pa so se v podhodu \u017eelezni\u0161ke postaje segrevali z vpitjem &quot;ubi, ubi, ubi \u017eabara\u00a0...&quot; Vodja skupine jih je po megafonu pozval naj na vlak stopijo mirno, in naj ne izzivajo policijskega spremstva, saj da je njihov glavni cilj prihod na nogometni stadion Sto\u017eice. Povedal jim je \u0161e, da bosta na vlaku tudi fotoreporter in odvetnik, na katerega se lahko obrnejo, v primeru kot je dejal, \u010de bi pri\u0161lo do kr\u0161enja \u010dlovekovih pravic. Vlak je odpeljal ob 16. uri in pet minut. Manj\u0161a skupina z malimi otroki pa se je proti Ljubljani na ve\u010derni nogometni derbi med NK Mariborom in Olimpijo odpravila s posebnim avtobusom.\u0160port\" \/>\n<meta property=\"og:url\" content=\"https:\/\/hudo.com\/si\/aktualno\/vijolicni-vlak-odpeljal-v-ljubljano\/\" \/>\n<meta property=\"og:site_name\" content=\"Hudo Slovenija\" \/>\n<meta property=\"article:publisher\" content=\"https:\/\/www.facebook.com\/hudo.si\" \/>\n<meta property=\"article:published_time\" content=\"2016-05-06T20:00:00+00:00\" \/>\n<meta property=\"article:modified_time\" content=\"2016-05-07T21:17:30+00:00\" \/>\n<meta property=\"og:image\" content=\"https:\/\/hudo.com\/si\/wp-content\/uploads\/sites\/2\/2016\/05\/20160507_155841-300.jpg\" \/>\n\t<meta property=\"og:image:width\" content=\"450\" \/>\n\t<meta property=\"og:image:height\" content=\"253\" \/>\n\t<meta property=\"og:image:type\" content=\"image\/jpeg\" \/>\n<meta name=\"author\" content=\"hudo\" \/>\n<meta name=\"twitter:card\" content=\"summary_large_image\" \/>\n<meta name=\"twitter:creator\" content=\"@hudo_si\" \/>\n<meta name=\"twitter:site\" content=\"@hudo_si\" \/>\n<meta name=\"twitter:label1\" content=\"Written by\" \/>\n\t<meta name=\"twitter:data1\" content=\"hudo\" \/>\n\t<meta name=\"twitter:label2\" content=\"Est. reading time\" \/>\n\t<meta name=\"twitter:data2\" content=\"1 minuta\" \/>\n<script type=\"application\/ld+json\" class=\"yoast-schema-graph\">{\"@context\":\"https:\/\/schema.org\",\"@graph\":[{\"@type\":\"Article\",\"@id\":\"https:\/\/hudo.com\/si\/aktualno\/vijolicni-vlak-odpeljal-v-ljubljano\/#article\",\"isPartOf\":{\"@id\":\"https:\/\/hudo.com\/si\/aktualno\/vijolicni-vlak-odpeljal-v-ljubljano\/\"},\"author\":{\"name\":\"hudo\",\"@id\":\"https:\/\/hudo.com\/si\/#\/schema\/person\/601cf3379633985b20f7e50f2bb47707\"},\"headline\":\"&#8220;Vijoli\u010dni&#8221; vlak odpeljal v Ljubljano\",\"datePublished\":\"2016-05-06T20:00:00+00:00\",\"dateModified\":\"2016-05-07T21:17:30+00:00\",\"mainEntityOfPage\":{\"@id\":\"https:\/\/hudo.com\/si\/aktualno\/vijolicni-vlak-odpeljal-v-ljubljano\/\"},\"wordCount\":176,\"publisher\":{\"@id\":\"https:\/\/hudo.com\/si\/#organization\"},\"articleSection\":[\"Aktualno\"],\"inLanguage\":\"sl-SI\"},{\"@type\":\"WebPage\",\"@id\":\"https:\/\/hudo.com\/si\/aktualno\/vijolicni-vlak-odpeljal-v-ljubljano\/\",\"url\":\"https:\/\/hudo.com\/si\/aktualno\/vijolicni-vlak-odpeljal-v-ljubljano\/\",\"name\":\"\\\"Vijoli\u010dni\\\" vlak odpeljal v Ljubljano - Hudo Slovenija\",\"isPartOf\":{\"@id\":\"https:\/\/hudo.com\/si\/#website\"},\"datePublished\":\"2016-05-06T20:00:00+00:00\",\"dateModified\":\"2016-05-07T21:17:30+00:00\",\"breadcrumb\":{\"@id\":\"https:\/\/hudo.com\/si\/aktualno\/vijolicni-vlak-odpeljal-v-ljubljano\/#breadcrumb\"},\"inLanguage\":\"sl-SI\",\"potentialAction\":[{\"@type\":\"ReadAction\",\"target\":[\"https:\/\/hudo.com\/si\/aktualno\/vijolicni-vlak-odpeljal-v-ljubljano\/\"]}]},{\"@type\":\"BreadcrumbList\",\"@id\":\"https:\/\/hudo.com\/si\/aktualno\/vijolicni-vlak-odpeljal-v-ljubljano\/#breadcrumb\",\"itemListElement\":[{\"@type\":\"ListItem\",\"position\":1,\"name\":\"Home\",\"item\":\"https:\/\/hudo.com\/si\/\"},{\"@type\":\"ListItem\",\"position\":2,\"name\":\"&#8220;Vijoli\u010dni&#8221; vlak odpeljal v Ljubljano\"}]},{\"@type\":\"WebSite\",\"@id\":\"https:\/\/hudo.com\/si\/#website\",\"url\":\"https:\/\/hudo.com\/si\/\",\"name\":\"Hudo Slovenija\",\"description\":\"Vse novice iz Slovenije in sveta\",\"publisher\":{\"@id\":\"https:\/\/hudo.com\/si\/#organization\"},\"potentialAction\":[{\"@type\":\"SearchAction\",\"target\":{\"@type\":\"EntryPoint\",\"urlTemplate\":\"https:\/\/hudo.com\/si\/?s={search_term_string}\"},\"query-input\":\"required name=search_term_string\"}],\"inLanguage\":\"sl-SI\"},{\"@type\":\"Organization\",\"@id\":\"https:\/\/hudo.com\/si\/#organization\",\"name\":\"VSN Media\",\"url\":\"https:\/\/hudo.com\/si\/\",\"logo\":{\"@type\":\"ImageObject\",\"inLanguage\":\"sl-SI\",\"@id\":\"https:\/\/hudo.com\/si\/#\/schema\/logo\/image\/\",\"url\":\"https:\/\/hudo.com\/si\/wp-content\/uploads\/sites\/2\/2021\/03\/hudo-app-2.png\",\"contentUrl\":\"https:\/\/hudo.com\/si\/wp-content\/uploads\/sites\/2\/2021\/03\/hudo-app-2.png\",\"width\":2185,\"height\":2167,\"caption\":\"VSN Media\"},\"image\":{\"@id\":\"https:\/\/hudo.com\/si\/#\/schema\/logo\/image\/\"},\"sameAs\":[\"https:\/\/www.facebook.com\/hudo.si\",\"https:\/\/twitter.com\/hudo_si\"]},{\"@type\":\"Person\",\"@id\":\"https:\/\/hudo.com\/si\/#\/schema\/person\/601cf3379633985b20f7e50f2bb47707\",\"name\":\"hudo\",\"image\":{\"@type\":\"ImageObject\",\"inLanguage\":\"sl-SI\",\"@id\":\"https:\/\/hudo.com\/si\/#\/schema\/person\/image\/\",\"url\":\"https:\/\/secure.gravatar.com\/avatar\/c4ca25fa72cace7a696b52ff5db9e095?s=96&d=mm&r=g\",\"contentUrl\":\"https:\/\/secure.gravatar.com\/avatar\/c4ca25fa72cace7a696b52ff5db9e095?s=96&d=mm&r=g\",\"caption\":\"hudo\"},\"url\":\"https:\/\/hudo.com\/si\/author\/hudo\/\"}]}<\/script>\n<!-- \/ Yoast SEO plugin. -->","yoast_head_json":{"title":"\"Vijoli\u010dni\" vlak odpeljal v Ljubljano - Hudo Slovenija","robots":{"index":"index","follow":"follow","max-snippet":"max-snippet:-1","max-image-preview":"max-image-preview:large","max-video-preview":"max-video-preview:-1"},"canonical":"https:\/\/hudo.com\/si\/aktualno\/vijolicni-vlak-odpeljal-v-ljubljano\/","og_locale":"sl_SI","og_type":"article","og_title":"\"Vijoli\u010dni\" vlak odpeljal v Ljubljano - Hudo Slovenija","og_description":"Okoli \u0161tiristo najbolj vnetih navija\u010dev NK Maribor se je okoli 15. ure zbralo pred mariborsko \u017eelezni\u0161ko postajo. Do odhoda posebnega vlaka je zbiranje potekalo mirno, morda je k temu pripomogla tudi pomladna ploha, ki je ohladila ozra\u010dje. Malo pred 16. uro so na posebni vlak stopile posebne policijske enote, po tri v vsak vagon. Pripadniki navija\u0161ke skupine viole pa so se v podhodu \u017eelezni\u0161ke postaje segrevali z vpitjem \"ubi, ubi, ubi \u017eabara\u00a0...\" Vodja skupine jih je po megafonu pozval naj na vlak stopijo mirno, in naj ne izzivajo policijskega spremstva, saj da je njihov glavni cilj prihod na nogometni stadion Sto\u017eice. Povedal jim je \u0161e, da bosta na vlaku tudi fotoreporter in odvetnik, na katerega se lahko obrnejo, v primeru kot je dejal, \u010de bi pri\u0161lo do kr\u0161enja \u010dlovekovih pravic. Vlak je odpeljal ob 16. uri in pet minut. Manj\u0161a skupina z malimi otroki pa se je proti Ljubljani na ve\u010derni nogometni derbi med NK Mariborom in Olimpijo odpravila s posebnim avtobusom.\u0160port","og_url":"https:\/\/hudo.com\/si\/aktualno\/vijolicni-vlak-odpeljal-v-ljubljano\/","og_site_name":"Hudo Slovenija","article_publisher":"https:\/\/www.facebook.com\/hudo.si","article_published_time":"2016-05-06T20:00:00+00:00","article_modified_time":"2016-05-07T21:17:30+00:00","og_image":[{"width":450,"height":253,"url":"https:\/\/hudo.com\/si\/wp-content\/uploads\/sites\/2\/2016\/05\/20160507_155841-300.jpg","type":"image\/jpeg"}],"author":"hudo","twitter_card":"summary_large_image","twitter_creator":"@hudo_si","twitter_site":"@hudo_si","twitter_misc":{"Written by":"hudo","Est. reading time":"1 minuta"},"schema":{"@context":"https:\/\/schema.org","@graph":[{"@type":"Article","@id":"https:\/\/hudo.com\/si\/aktualno\/vijolicni-vlak-odpeljal-v-ljubljano\/#article","isPartOf":{"@id":"https:\/\/hudo.com\/si\/aktualno\/vijolicni-vlak-odpeljal-v-ljubljano\/"},"author":{"name":"hudo","@id":"https:\/\/hudo.com\/si\/#\/schema\/person\/601cf3379633985b20f7e50f2bb47707"},"headline":"&#8220;Vijoli\u010dni&#8221; vlak odpeljal v Ljubljano","datePublished":"2016-05-06T20:00:00+00:00","dateModified":"2016-05-07T21:17:30+00:00","mainEntityOfPage":{"@id":"https:\/\/hudo.com\/si\/aktualno\/vijolicni-vlak-odpeljal-v-ljubljano\/"},"wordCount":176,"publisher":{"@id":"https:\/\/hudo.com\/si\/#organization"},"articleSection":["Aktualno"],"inLanguage":"sl-SI"},{"@type":"WebPage","@id":"https:\/\/hudo.com\/si\/aktualno\/vijolicni-vlak-odpeljal-v-ljubljano\/","url":"https:\/\/hudo.com\/si\/aktualno\/vijolicni-vlak-odpeljal-v-ljubljano\/","name":"\"Vijoli\u010dni\" vlak odpeljal v Ljubljano - Hudo Slovenija","isPartOf":{"@id":"https:\/\/hudo.com\/si\/#website"},"datePublished":"2016-05-06T20:00:00+00:00","dateModified":"2016-05-07T21:17:30+00:00","breadcrumb":{"@id":"https:\/\/hudo.com\/si\/aktualno\/vijolicni-vlak-odpeljal-v-ljubljano\/#breadcrumb"},"inLanguage":"sl-SI","potentialAction":[{"@type":"ReadAction","target":["https:\/\/hudo.com\/si\/aktualno\/vijolicni-vlak-odpeljal-v-ljubljano\/"]}]},{"@type":"BreadcrumbList","@id":"https:\/\/hudo.com\/si\/aktualno\/vijolicni-vlak-odpeljal-v-ljubljano\/#breadcrumb","itemListElement":[{"@type":"ListItem","position":1,"name":"Home","item":"https:\/\/hudo.com\/si\/"},{"@type":"ListItem","position":2,"name":"&#8220;Vijoli\u010dni&#8221; vlak odpeljal v Ljubljano"}]},{"@type":"WebSite","@id":"https:\/\/hudo.com\/si\/#website","url":"https:\/\/hudo.com\/si\/","name":"Hudo Slovenija","description":"Vse novice iz Slovenije in sveta","publisher":{"@id":"https:\/\/hudo.com\/si\/#organization"},"potentialAction":[{"@type":"SearchAction","target":{"@type":"EntryPoint","urlTemplate":"https:\/\/hudo.com\/si\/?s={search_term_string}"},"query-input":"required name=search_term_string"}],"inLanguage":"sl-SI"},{"@type":"Organization","@id":"https:\/\/hudo.com\/si\/#organization","name":"VSN Media","url":"https:\/\/hudo.com\/si\/","logo":{"@type":"ImageObject","inLanguage":"sl-SI","@id":"https:\/\/hudo.com\/si\/#\/schema\/logo\/image\/","url":"https:\/\/hudo.com\/si\/wp-content\/uploads\/sites\/2\/2021\/03\/hudo-app-2.png","contentUrl":"https:\/\/hudo.com\/si\/wp-content\/uploads\/sites\/2\/2021\/03\/hudo-app-2.png","width":2185,"height":2167,"caption":"VSN Media"},"image":{"@id":"https:\/\/hudo.com\/si\/#\/schema\/logo\/image\/"},"sameAs":["https:\/\/www.facebook.com\/hudo.si","https:\/\/twitter.com\/hudo_si"]},{"@type":"Person","@id":"https:\/\/hudo.com\/si\/#\/schema\/person\/601cf3379633985b20f7e50f2bb47707","name":"hudo","image":{"@type":"ImageObject","inLanguage":"sl-SI","@id":"https:\/\/hudo.com\/si\/#\/schema\/person\/image\/","url":"https:\/\/secure.gravatar.com\/avatar\/c4ca25fa72cace7a696b52ff5db9e095?s=96&d=mm&r=g","contentUrl":"https:\/\/secure.gravatar.com\/avatar\/c4ca25fa72cace7a696b52ff5db9e095?s=96&d=mm&r=g","caption":"hudo"},"url":"https:\/\/hudo.com\/si\/author\/hudo\/"}]}},"amp_enabled":true,"_links":{"self":[{"href":"https:\/\/hudo.com\/si\/wp-json\/wp\/v2\/posts\/47688"}],"collection":[{"href":"https:\/\/hudo.com\/si\/wp-json\/wp\/v2\/posts"}],"about":[{"href":"https:\/\/hudo.com\/si\/wp-json\/wp\/v2\/types\/post"}],"author":[{"embeddable":true,"href":"https:\/\/hudo.com\/si\/wp-json\/wp\/v2\/users\/1"}],"replies":[{"embeddable":true,"href":"https:\/\/hudo.com\/si\/wp-json\/wp\/v2\/comments?post=47688"}],"version-history":[{"count":1,"href":"https:\/\/hudo.com\/si\/wp-json\/wp\/v2\/posts\/47688\/revisions"}],"predecessor-version":[{"id":47714,"href":"https:\/\/hudo.com\/si\/wp-json\/wp\/v2\/posts\/47688\/revisions\/47714"}],"wp:attachment":[{"href":"https:\/\/hudo.com\/si\/wp-json\/wp\/v2\/media?parent=47688"}],"wp:term":[{"taxonomy":"category","embeddable":true,"href":"https:\/\/hudo.com\/si\/wp-json\/wp\/v2\/categories?post=47688"},{"taxonomy":"post_tag","embeddable":true,"href":"https:\/\/hudo.com\/si\/wp-json\/wp\/v2\/tags?post=47688"},{"taxonomy":"source","embeddable":true,"href":"https:\/\/hudo.com\/si\/wp-json\/wp\/v2\/source?post=47688"},{"taxonomy":"supertag","embeddable":true,"href":"https:\/\/hudo.com\/si\/wp-json\/wp\/v2\/supertag?post=47688"}],"curies":[{"name":"wp","href":"https:\/\/api.w.org\/{rel}","templated":true}]}}