{"id":477388,"date":"2023-02-17T09:20:38","date_gmt":"2023-02-17T08:20:38","guid":{"rendered":"https:\/\/hudo.com\/si\/?p=477388"},"modified":"2023-02-17T09:20:38","modified_gmt":"2023-02-17T08:20:38","slug":"cudez-v-turciji-kar-260-ur-po-potresu-iz-rusevin-resili-se-tri-moske","status":"publish","type":"post","link":"https:\/\/hudo.com\/si\/aktualno\/svet\/cudez-v-turciji-kar-260-ur-po-potresu-iz-rusevin-resili-se-tri-moske\/","title":{"rendered":"\u010cude\u017e v Tur\u010diji: Kar 260 ur po potresu iz ru\u0161evin re\u0161ili \u0161e tri mo\u0161ke"},"content":{"rendered":"<p>Tur\u0161ki minister za zdravje Fahrettin Koca je na Twitterju sporo\u010dil, da so 261 ur po potresu iz ru\u0161evin v sredi\u0161\u010du Antakyje, prestolnice province Hatay, re\u0161ili 33-letnega in 26-letnega mo\u0161kega.<\/p>\n<p>Oba so re\u0161evalci re\u0161ili iz ru\u0161evin iste stavbe, je poro\u010dal tur\u0161ka tiskovna agencija DHA. Minister je povedal, da so ju takoj odpeljali v bolni\u0161nico.<\/p>\n<p>Uro pred tem, 260 ur po potresu z magnitudo 7,8, so iz ru\u0161evin stavbe v Antakyi &#8220;po intenzivnih prizadevanjih&#8221; potegnili tudi 14-letnega fanta, je sporo\u010dil minister. Dodal je, da je najstnik, ki mu je ime Osman, prestal operacijo v lokalni bolni\u0161nici, ni pa navedel kako zahtevna je bila. Na fotografiji je bilo sicer videti, da je pri zavesti.<\/p>\n<p>Zadnje uradno \u0161tevilo smrtnih \u017ertev potresa z magnitudo 7,8, ki je 6. februarja ob 4. uri po lokalnem \u010dasu prizadel jugovzhod Tur\u010dije in severozahod Sirije, je preseglo 42.000. Ve\u010d deset tiso\u010d ljudi je ranjenih, ve\u010d tiso\u010d jih pogre\u0161ajo.<\/p>\n<p>Verjetno ene zadnjih pre\u017eivelih, ki so jih na\u0161li re\u0161evalci, saj se iskanje postopoma kon\u010duje, so re\u0161ili v provinci Hatay v okolici Antakye, blizu sirske meje.<\/p>\n<p>Ljudje sicer lahko brez vode obi\u010dajno pre\u017eivijo pribli\u017eno 72 ur. Zato so morali tisti, ki jih zdaj \u0161e vedno re\u0161ujejo, po mnenju zdravnikov v ru\u0161evinah najti kak\u0161no zalogo vode, poro\u010da nem\u0161ka tiskovna agencija dpa.<\/p>\n","protected":false},"excerpt":{"rendered":"<p>Ve\u010d kot 260 ur po potresu so v mestu Antakya na jugu Tur\u010dije iz ru\u0161evin potegnili \u0161e tri pre\u017eivele osebe, med njimi 14-letnika, so danes sporo\u010dile tur\u0161ke oblasti, poro\u010da francoska tiskovna agencija AFP.<\/p>\n","protected":false},"author":7,"featured_media":477389,"comment_status":"closed","ping_status":"closed","sticky":false,"template":"","format":"standard","meta":{"footnotes":""},"categories":[18202],"tags":[20190],"source":[4511],"supertag":[],"acf":[],"yoast_head":"<!-- This site is optimized with the Yoast SEO plugin v21.3 - https:\/\/yoast.com\/wordpress\/plugins\/seo\/ -->\n<title>\u010cude\u017e v Tur\u010diji: Kar 260 ur po potresu iz ru\u0161evin re\u0161ili \u0161e tri mo\u0161ke - Hudo Slovenija<\/title>\n<meta name=\"robots\" content=\"index, follow, max-snippet:-1, max-image-preview:large, max-video-preview:-1\" \/>\n<link rel=\"canonical\" href=\"https:\/\/hudo.com\/si\/aktualno\/svet\/cudez-v-turciji-kar-260-ur-po-potresu-iz-rusevin-resili-se-tri-moske\/\" \/>\n<meta property=\"og:locale\" content=\"sl_SI\" \/>\n<meta property=\"og:type\" content=\"article\" \/>\n<meta property=\"og:title\" content=\"\u010cude\u017e v Tur\u010diji: Kar 260 ur po potresu iz ru\u0161evin re\u0161ili \u0161e tri mo\u0161ke - Hudo Slovenija\" \/>\n<meta property=\"og:description\" content=\"Ve\u010d kot 260 ur po potresu so v mestu Antakya na jugu Tur\u010dije iz ru\u0161evin potegnili \u0161e tri pre\u017eivele osebe, med njimi 14-letnika, so danes sporo\u010dile tur\u0161ke oblasti, poro\u010da francoska tiskovna agencija AFP.\" \/>\n<meta property=\"og:url\" content=\"https:\/\/hudo.com\/si\/aktualno\/svet\/cudez-v-turciji-kar-260-ur-po-potresu-iz-rusevin-resili-se-tri-moske\/\" \/>\n<meta property=\"og:site_name\" content=\"Hudo Slovenija\" \/>\n<meta property=\"article:publisher\" content=\"https:\/\/www.facebook.com\/hudo.si\" \/>\n<meta property=\"article:published_time\" content=\"2023-02-17T08:20:38+00:00\" \/>\n<meta property=\"og:image\" content=\"https:\/\/hudo.com\/si\/wp-content\/uploads\/sites\/2\/2023\/02\/profimedia-0756571786.jpg\" \/>\n\t<meta property=\"og:image:width\" content=\"1250\" \/>\n\t<meta property=\"og:image:height\" content=\"833\" \/>\n\t<meta property=\"og:image:type\" content=\"image\/jpeg\" \/>\n<meta name=\"author\" content=\"A. P., STA\" \/>\n<meta name=\"twitter:card\" content=\"summary_large_image\" \/>\n<meta name=\"twitter:creator\" content=\"@hudo_si\" \/>\n<meta name=\"twitter:site\" content=\"@hudo_si\" \/>\n<meta name=\"twitter:label1\" content=\"Written by\" \/>\n\t<meta name=\"twitter:data1\" content=\"A. P., STA\" \/>\n\t<meta name=\"twitter:label2\" content=\"Est. reading time\" \/>\n\t<meta name=\"twitter:data2\" content=\"1 minuta\" \/>\n<script type=\"application\/ld+json\" class=\"yoast-schema-graph\">{\"@context\":\"https:\/\/schema.org\",\"@graph\":[{\"@type\":\"Article\",\"@id\":\"https:\/\/hudo.com\/si\/aktualno\/svet\/cudez-v-turciji-kar-260-ur-po-potresu-iz-rusevin-resili-se-tri-moske\/#article\",\"isPartOf\":{\"@id\":\"https:\/\/hudo.com\/si\/aktualno\/svet\/cudez-v-turciji-kar-260-ur-po-potresu-iz-rusevin-resili-se-tri-moske\/\"},\"author\":{\"name\":\"A. P., STA\",\"@id\":\"https:\/\/hudo.com\/si\/#\/schema\/person\/18f09c02475ba9e606e941a565b80cff\"},\"headline\":\"\u010cude\u017e v Tur\u010diji: Kar 260 ur po potresu iz ru\u0161evin re\u0161ili \u0161e tri mo\u0161ke\",\"datePublished\":\"2023-02-17T08:20:38+00:00\",\"dateModified\":\"2023-02-17T08:20:38+00:00\",\"mainEntityOfPage\":{\"@id\":\"https:\/\/hudo.com\/si\/aktualno\/svet\/cudez-v-turciji-kar-260-ur-po-potresu-iz-rusevin-resili-se-tri-moske\/\"},\"wordCount\":247,\"publisher\":{\"@id\":\"https:\/\/hudo.com\/si\/#organization\"},\"keywords\":[\"potres v tur\u010diji in siriji\"],\"articleSection\":[\"Svet\"],\"inLanguage\":\"sl-SI\"},{\"@type\":\"WebPage\",\"@id\":\"https:\/\/hudo.com\/si\/aktualno\/svet\/cudez-v-turciji-kar-260-ur-po-potresu-iz-rusevin-resili-se-tri-moske\/\",\"url\":\"https:\/\/hudo.com\/si\/aktualno\/svet\/cudez-v-turciji-kar-260-ur-po-potresu-iz-rusevin-resili-se-tri-moske\/\",\"name\":\"\u010cude\u017e v Tur\u010diji: Kar 260 ur po potresu iz ru\u0161evin re\u0161ili \u0161e tri mo\u0161ke - Hudo Slovenija\",\"isPartOf\":{\"@id\":\"https:\/\/hudo.com\/si\/#website\"},\"datePublished\":\"2023-02-17T08:20:38+00:00\",\"dateModified\":\"2023-02-17T08:20:38+00:00\",\"breadcrumb\":{\"@id\":\"https:\/\/hudo.com\/si\/aktualno\/svet\/cudez-v-turciji-kar-260-ur-po-potresu-iz-rusevin-resili-se-tri-moske\/#breadcrumb\"},\"inLanguage\":\"sl-SI\",\"potentialAction\":[{\"@type\":\"ReadAction\",\"target\":[\"https:\/\/hudo.com\/si\/aktualno\/svet\/cudez-v-turciji-kar-260-ur-po-potresu-iz-rusevin-resili-se-tri-moske\/\"]}]},{\"@type\":\"BreadcrumbList\",\"@id\":\"https:\/\/hudo.com\/si\/aktualno\/svet\/cudez-v-turciji-kar-260-ur-po-potresu-iz-rusevin-resili-se-tri-moske\/#breadcrumb\",\"itemListElement\":[{\"@type\":\"ListItem\",\"position\":1,\"name\":\"Home\",\"item\":\"https:\/\/hudo.com\/si\/\"},{\"@type\":\"ListItem\",\"position\":2,\"name\":\"\u010cude\u017e v Tur\u010diji: Kar 260 ur po potresu iz ru\u0161evin re\u0161ili \u0161e tri mo\u0161ke\"}]},{\"@type\":\"WebSite\",\"@id\":\"https:\/\/hudo.com\/si\/#website\",\"url\":\"https:\/\/hudo.com\/si\/\",\"name\":\"Hudo Slovenija\",\"description\":\"Vse novice iz Slovenije in sveta\",\"publisher\":{\"@id\":\"https:\/\/hudo.com\/si\/#organization\"},\"potentialAction\":[{\"@type\":\"SearchAction\",\"target\":{\"@type\":\"EntryPoint\",\"urlTemplate\":\"https:\/\/hudo.com\/si\/?s={search_term_string}\"},\"query-input\":\"required name=search_term_string\"}],\"inLanguage\":\"sl-SI\"},{\"@type\":\"Organization\",\"@id\":\"https:\/\/hudo.com\/si\/#organization\",\"name\":\"VSN Media\",\"url\":\"https:\/\/hudo.com\/si\/\",\"logo\":{\"@type\":\"ImageObject\",\"inLanguage\":\"sl-SI\",\"@id\":\"https:\/\/hudo.com\/si\/#\/schema\/logo\/image\/\",\"url\":\"https:\/\/hudo.com\/si\/wp-content\/uploads\/sites\/2\/2021\/03\/hudo-app-2.png\",\"contentUrl\":\"https:\/\/hudo.com\/si\/wp-content\/uploads\/sites\/2\/2021\/03\/hudo-app-2.png\",\"width\":2185,\"height\":2167,\"caption\":\"VSN Media\"},\"image\":{\"@id\":\"https:\/\/hudo.com\/si\/#\/schema\/logo\/image\/\"},\"sameAs\":[\"https:\/\/www.facebook.com\/hudo.si\",\"https:\/\/twitter.com\/hudo_si\"]},{\"@type\":\"Person\",\"@id\":\"https:\/\/hudo.com\/si\/#\/schema\/person\/18f09c02475ba9e606e941a565b80cff\",\"name\":\"A. P., STA\",\"image\":{\"@type\":\"ImageObject\",\"inLanguage\":\"sl-SI\",\"@id\":\"https:\/\/hudo.com\/si\/#\/schema\/person\/image\/\",\"url\":\"https:\/\/secure.gravatar.com\/avatar\/03eac8e609f5f04383125d80eaeaaf3e?s=96&d=mm&r=g\",\"contentUrl\":\"https:\/\/secure.gravatar.com\/avatar\/03eac8e609f5f04383125d80eaeaaf3e?s=96&d=mm&r=g\",\"caption\":\"A. P., STA\"},\"url\":\"https:\/\/hudo.com\/si\/author\/lubu\/\"}]}<\/script>\n<!-- \/ Yoast SEO plugin. -->","yoast_head_json":{"title":"\u010cude\u017e v Tur\u010diji: Kar 260 ur po potresu iz ru\u0161evin re\u0161ili \u0161e tri mo\u0161ke - Hudo Slovenija","robots":{"index":"index","follow":"follow","max-snippet":"max-snippet:-1","max-image-preview":"max-image-preview:large","max-video-preview":"max-video-preview:-1"},"canonical":"https:\/\/hudo.com\/si\/aktualno\/svet\/cudez-v-turciji-kar-260-ur-po-potresu-iz-rusevin-resili-se-tri-moske\/","og_locale":"sl_SI","og_type":"article","og_title":"\u010cude\u017e v Tur\u010diji: Kar 260 ur po potresu iz ru\u0161evin re\u0161ili \u0161e tri mo\u0161ke - Hudo Slovenija","og_description":"Ve\u010d kot 260 ur po potresu so v mestu Antakya na jugu Tur\u010dije iz ru\u0161evin potegnili \u0161e tri pre\u017eivele osebe, med njimi 14-letnika, so danes sporo\u010dile tur\u0161ke oblasti, poro\u010da francoska tiskovna agencija AFP.","og_url":"https:\/\/hudo.com\/si\/aktualno\/svet\/cudez-v-turciji-kar-260-ur-po-potresu-iz-rusevin-resili-se-tri-moske\/","og_site_name":"Hudo Slovenija","article_publisher":"https:\/\/www.facebook.com\/hudo.si","article_published_time":"2023-02-17T08:20:38+00:00","og_image":[{"width":1250,"height":833,"url":"https:\/\/hudo.com\/si\/wp-content\/uploads\/sites\/2\/2023\/02\/profimedia-0756571786.jpg","type":"image\/jpeg"}],"author":"A. P., STA","twitter_card":"summary_large_image","twitter_creator":"@hudo_si","twitter_site":"@hudo_si","twitter_misc":{"Written by":"A. P., STA","Est. reading time":"1 minuta"},"schema":{"@context":"https:\/\/schema.org","@graph":[{"@type":"Article","@id":"https:\/\/hudo.com\/si\/aktualno\/svet\/cudez-v-turciji-kar-260-ur-po-potresu-iz-rusevin-resili-se-tri-moske\/#article","isPartOf":{"@id":"https:\/\/hudo.com\/si\/aktualno\/svet\/cudez-v-turciji-kar-260-ur-po-potresu-iz-rusevin-resili-se-tri-moske\/"},"author":{"name":"A. P., STA","@id":"https:\/\/hudo.com\/si\/#\/schema\/person\/18f09c02475ba9e606e941a565b80cff"},"headline":"\u010cude\u017e v Tur\u010diji: Kar 260 ur po potresu iz ru\u0161evin re\u0161ili \u0161e tri mo\u0161ke","datePublished":"2023-02-17T08:20:38+00:00","dateModified":"2023-02-17T08:20:38+00:00","mainEntityOfPage":{"@id":"https:\/\/hudo.com\/si\/aktualno\/svet\/cudez-v-turciji-kar-260-ur-po-potresu-iz-rusevin-resili-se-tri-moske\/"},"wordCount":247,"publisher":{"@id":"https:\/\/hudo.com\/si\/#organization"},"keywords":["potres v tur\u010diji in siriji"],"articleSection":["Svet"],"inLanguage":"sl-SI"},{"@type":"WebPage","@id":"https:\/\/hudo.com\/si\/aktualno\/svet\/cudez-v-turciji-kar-260-ur-po-potresu-iz-rusevin-resili-se-tri-moske\/","url":"https:\/\/hudo.com\/si\/aktualno\/svet\/cudez-v-turciji-kar-260-ur-po-potresu-iz-rusevin-resili-se-tri-moske\/","name":"\u010cude\u017e v Tur\u010diji: Kar 260 ur po potresu iz ru\u0161evin re\u0161ili \u0161e tri mo\u0161ke - Hudo Slovenija","isPartOf":{"@id":"https:\/\/hudo.com\/si\/#website"},"datePublished":"2023-02-17T08:20:38+00:00","dateModified":"2023-02-17T08:20:38+00:00","breadcrumb":{"@id":"https:\/\/hudo.com\/si\/aktualno\/svet\/cudez-v-turciji-kar-260-ur-po-potresu-iz-rusevin-resili-se-tri-moske\/#breadcrumb"},"inLanguage":"sl-SI","potentialAction":[{"@type":"ReadAction","target":["https:\/\/hudo.com\/si\/aktualno\/svet\/cudez-v-turciji-kar-260-ur-po-potresu-iz-rusevin-resili-se-tri-moske\/"]}]},{"@type":"BreadcrumbList","@id":"https:\/\/hudo.com\/si\/aktualno\/svet\/cudez-v-turciji-kar-260-ur-po-potresu-iz-rusevin-resili-se-tri-moske\/#breadcrumb","itemListElement":[{"@type":"ListItem","position":1,"name":"Home","item":"https:\/\/hudo.com\/si\/"},{"@type":"ListItem","position":2,"name":"\u010cude\u017e v Tur\u010diji: Kar 260 ur po potresu iz ru\u0161evin re\u0161ili \u0161e tri mo\u0161ke"}]},{"@type":"WebSite","@id":"https:\/\/hudo.com\/si\/#website","url":"https:\/\/hudo.com\/si\/","name":"Hudo Slovenija","description":"Vse novice iz Slovenije in sveta","publisher":{"@id":"https:\/\/hudo.com\/si\/#organization"},"potentialAction":[{"@type":"SearchAction","target":{"@type":"EntryPoint","urlTemplate":"https:\/\/hudo.com\/si\/?s={search_term_string}"},"query-input":"required name=search_term_string"}],"inLanguage":"sl-SI"},{"@type":"Organization","@id":"https:\/\/hudo.com\/si\/#organization","name":"VSN Media","url":"https:\/\/hudo.com\/si\/","logo":{"@type":"ImageObject","inLanguage":"sl-SI","@id":"https:\/\/hudo.com\/si\/#\/schema\/logo\/image\/","url":"https:\/\/hudo.com\/si\/wp-content\/uploads\/sites\/2\/2021\/03\/hudo-app-2.png","contentUrl":"https:\/\/hudo.com\/si\/wp-content\/uploads\/sites\/2\/2021\/03\/hudo-app-2.png","width":2185,"height":2167,"caption":"VSN Media"},"image":{"@id":"https:\/\/hudo.com\/si\/#\/schema\/logo\/image\/"},"sameAs":["https:\/\/www.facebook.com\/hudo.si","https:\/\/twitter.com\/hudo_si"]},{"@type":"Person","@id":"https:\/\/hudo.com\/si\/#\/schema\/person\/18f09c02475ba9e606e941a565b80cff","name":"A. P., STA","image":{"@type":"ImageObject","inLanguage":"sl-SI","@id":"https:\/\/hudo.com\/si\/#\/schema\/person\/image\/","url":"https:\/\/secure.gravatar.com\/avatar\/03eac8e609f5f04383125d80eaeaaf3e?s=96&d=mm&r=g","contentUrl":"https:\/\/secure.gravatar.com\/avatar\/03eac8e609f5f04383125d80eaeaaf3e?s=96&d=mm&r=g","caption":"A. P., STA"},"url":"https:\/\/hudo.com\/si\/author\/lubu\/"}]}},"amp_enabled":true,"_links":{"self":[{"href":"https:\/\/hudo.com\/si\/wp-json\/wp\/v2\/posts\/477388"}],"collection":[{"href":"https:\/\/hudo.com\/si\/wp-json\/wp\/v2\/posts"}],"about":[{"href":"https:\/\/hudo.com\/si\/wp-json\/wp\/v2\/types\/post"}],"author":[{"embeddable":true,"href":"https:\/\/hudo.com\/si\/wp-json\/wp\/v2\/users\/7"}],"replies":[{"embeddable":true,"href":"https:\/\/hudo.com\/si\/wp-json\/wp\/v2\/comments?post=477388"}],"version-history":[{"count":1,"href":"https:\/\/hudo.com\/si\/wp-json\/wp\/v2\/posts\/477388\/revisions"}],"predecessor-version":[{"id":477390,"href":"https:\/\/hudo.com\/si\/wp-json\/wp\/v2\/posts\/477388\/revisions\/477390"}],"wp:featuredmedia":[{"embeddable":true,"href":"https:\/\/hudo.com\/si\/wp-json\/wp\/v2\/media\/477389"}],"wp:attachment":[{"href":"https:\/\/hudo.com\/si\/wp-json\/wp\/v2\/media?parent=477388"}],"wp:term":[{"taxonomy":"category","embeddable":true,"href":"https:\/\/hudo.com\/si\/wp-json\/wp\/v2\/categories?post=477388"},{"taxonomy":"post_tag","embeddable":true,"href":"https:\/\/hudo.com\/si\/wp-json\/wp\/v2\/tags?post=477388"},{"taxonomy":"source","embeddable":true,"href":"https:\/\/hudo.com\/si\/wp-json\/wp\/v2\/source?post=477388"},{"taxonomy":"supertag","embeddable":true,"href":"https:\/\/hudo.com\/si\/wp-json\/wp\/v2\/supertag?post=477388"}],"curies":[{"name":"wp","href":"https:\/\/api.w.org\/{rel}","templated":true}]}}