{"id":477498,"date":"2023-02-22T08:14:20","date_gmt":"2023-02-22T07:14:20","guid":{"rendered":"https:\/\/hudo.com\/si\/?p=477498"},"modified":"2023-02-22T08:14:20","modified_gmt":"2023-02-22T07:14:20","slug":"od-danes-velja-zakon-o-zasciti-zvizgacev","status":"publish","type":"post","link":"https:\/\/hudo.com\/si\/aktualno\/slovenija\/od-danes-velja-zakon-o-zasciti-zvizgacev\/","title":{"rendered":"Od danes velja zakon o za\u0161\u010diti \u017evi\u017ega\u010dev"},"content":{"rendered":"<p>Z zakonom o za\u0161\u010diti prijaviteljev se v slovenski pravni red prena\u0161a evropska direktiva o za\u0161\u010diti oseb, ki prijavijo kr\u0161itve prava EU. Rok za prenos je sicer potekel \u017ee decembra 2020, tako da je Slovenija zaradi zamude prejela opomin.<\/p>\n<p>Zakon prina\u0161a ukrepe za za\u0161\u010dito oseb, ki prijavijo kr\u0161itev v svojem delovnem okolju, dolo\u010da pa tudi dodatne obveznosti za zavezance v javnem in zasebnem sektorju. Po zakonu se rok za vzpostavitev prijavnih poti za zavezance v javnem sektorju in za zavezance v zasebnem sektorju z ve\u010d kot 250 zaposlenimi izte\u010de 23. maja letos, za zavezance v zasebnem sektorju, ki imajo med 50 in 249 zaposlenih, pa 17. decembra.<\/p>\n<p>Vzpostavitev notranje prijavne poti obsega imenovanje zaupnika, opredelitev naslova za prejem prijave ter sprejem notranjega akta, v katerem bodo opisane posebnosti obravnave prijave, pri kateri ne sme priti do razkritja identitete prijavitelja, pojasnjujejo na ministrstvu za pravosodje. Kot \u0161e navajajo, so v sodelovanju s Komisijo za prepre\u010devanje korupcijo za la\u017ejo implementacijo zakona pripravili vzorce razli\u010dnih dokumentov. V marcu pripravljajo tudi spletne seminarje za posamezne skupine zavezancev, namenjeni bodo osebam, ki bodo zadol\u017eene za vzpostavitev prijavnih poti. V nadaljevanju pa bodo pripravili tudi seminarje za zaupnike.<\/p>\n<p>Zakon o za\u0161\u010diti \u017evi\u017ega\u010dev sicer dolo\u010da tudi prepoved povra\u010dilnih ukrepov ter ureja za\u0161\u010ditne ukrepe za pomo\u010d prijaviteljem. Prijavitelji, ki bodo prijavili kr\u0161itve predpisov, bodo dele\u017eni za\u0161\u010dite pred razkritjem njihove identitete, pa tudi za\u0161\u010dite v primeru povra\u010dilnih ukrepov. Prijaviteljem zakon tako med drugim zagotavlja brezpla\u010dno pravno pomo\u010d, nadomestilo za primer brezposelnosti, psiholo\u0161ko podporo, sodno varstvo in za\u010dasne odredbe v primeru povra\u010dilnih ukrepov.<\/p>\n<p>Novela kazenskega zakonika pa v kazensko zakonodajo uvaja t. i. zlo\u010din iz sovra\u0161tva (hate crime) kot obte\u017eevalno okoli\u0161\u010dino, ki se upo\u0161teva pri odmeri kazni za storilce tak\u0161nih kaznivih dejanj.<\/p>\n<p>Katerokoli kaznivo dejanje, nagib za katerega je narodnostna pripadnost o\u0161kodovanca, njegovo politi\u010dno ali drugo prepri\u010danje, spol ali katera koli druga osebna okoli\u0161\u010dina \u017ertve, bo torej terjal stro\u017eje kaznovanje storilca.<\/p>\n<p>Novela zakonika prina\u0161a tudi uskladitev z direktivami EU, med drugim na podro\u010dju glede kaznivega dejanja trgovine z ljudmi, pri \u010demer prina\u0161a stro\u017eje kazni za javne uslu\u017ebence, ki so sodelovali pri tem, in sicer med tri in petnajst let zapora ter denarno kazen.<\/p>\n<p>Nadaljnje se med drugim z novelo zaostruje definicija goljufije uradnika Evropske unije, na na\u010din da bodo kot uradne osebe mednarodne organizacije opredeljene vse tiste, ki jim mednarodna organizacija daje status uradne osebe, brez pogoja, da morajo po vsebini izpolnjevati tudi pogoje iz opredelitve uradne osebe v Republiki Sloveniji.<\/p>\n<p>Med uskladitvami z evropskimi direktivami pa novela prina\u0161a tudi stro\u017ejo definicijo kaznivega dejanja potovanja v drugo dr\u017eavo z namenom terorizma.<\/p>\n","protected":false},"excerpt":{"rendered":"<p>Danes je za\u010del veljati zakon o za\u0161\u010diti prijaviteljev, ki ureja varstvo \u017evi\u017ega\u010dev v delovnem okolju tako v javnem kot zasebnem sektorju. Veljati je za\u010dela tudi novela kazenskega zakonika, ki uvaja t. i. zlo\u010din iz sovra\u0161tva kot obte\u017eevalno okoli\u0161\u010dino pri odmeri kazni, prina\u0161a pa tudi uskladitev zakonika z direktivami EU.<\/p>\n","protected":false},"author":7,"featured_media":445434,"comment_status":"closed","ping_status":"closed","sticky":false,"template":"","format":"standard","meta":{"footnotes":""},"categories":[18201],"tags":[7963,14788],"source":[4511],"supertag":[],"acf":[],"yoast_head":"<!-- This site is optimized with the Yoast SEO plugin v21.3 - https:\/\/yoast.com\/wordpress\/plugins\/seo\/ -->\n<title>Od danes velja zakon o za\u0161\u010diti \u017evi\u017ega\u010dev - Hudo Slovenija<\/title>\n<meta name=\"robots\" content=\"index, follow, max-snippet:-1, max-image-preview:large, max-video-preview:-1\" \/>\n<link rel=\"canonical\" href=\"https:\/\/hudo.com\/si\/aktualno\/slovenija\/od-danes-velja-zakon-o-zasciti-zvizgacev\/\" \/>\n<meta property=\"og:locale\" content=\"sl_SI\" \/>\n<meta property=\"og:type\" content=\"article\" \/>\n<meta property=\"og:title\" content=\"Od danes velja zakon o za\u0161\u010diti \u017evi\u017ega\u010dev - Hudo Slovenija\" \/>\n<meta property=\"og:description\" content=\"Danes je za\u010del veljati zakon o za\u0161\u010diti prijaviteljev, ki ureja varstvo \u017evi\u017ega\u010dev v delovnem okolju tako v javnem kot zasebnem sektorju. Veljati je za\u010dela tudi novela kazenskega zakonika, ki uvaja t. i. zlo\u010din iz sovra\u0161tva kot obte\u017eevalno okoli\u0161\u010dino pri odmeri kazni, prina\u0161a pa tudi uskladitev zakonika z direktivami EU.\" \/>\n<meta property=\"og:url\" content=\"https:\/\/hudo.com\/si\/aktualno\/slovenija\/od-danes-velja-zakon-o-zasciti-zvizgacev\/\" \/>\n<meta property=\"og:site_name\" content=\"Hudo Slovenija\" \/>\n<meta property=\"article:publisher\" content=\"https:\/\/www.facebook.com\/hudo.si\" \/>\n<meta property=\"article:published_time\" content=\"2023-02-22T07:14:20+00:00\" \/>\n<meta property=\"og:image\" content=\"https:\/\/hudo.com\/si\/wp-content\/uploads\/sites\/2\/2021\/02\/profimedia-0557176295.jpg\" \/>\n\t<meta property=\"og:image:width\" content=\"1250\" \/>\n\t<meta property=\"og:image:height\" content=\"795\" \/>\n\t<meta property=\"og:image:type\" content=\"image\/jpeg\" \/>\n<meta name=\"author\" content=\"A. P., STA\" \/>\n<meta name=\"twitter:card\" content=\"summary_large_image\" \/>\n<meta name=\"twitter:creator\" content=\"@hudo_si\" \/>\n<meta name=\"twitter:site\" content=\"@hudo_si\" \/>\n<meta name=\"twitter:label1\" content=\"Written by\" \/>\n\t<meta name=\"twitter:data1\" content=\"A. P., STA\" \/>\n\t<meta name=\"twitter:label2\" content=\"Est. reading time\" \/>\n\t<meta name=\"twitter:data2\" content=\"2 minuti\" \/>\n<script type=\"application\/ld+json\" class=\"yoast-schema-graph\">{\"@context\":\"https:\/\/schema.org\",\"@graph\":[{\"@type\":\"Article\",\"@id\":\"https:\/\/hudo.com\/si\/aktualno\/slovenija\/od-danes-velja-zakon-o-zasciti-zvizgacev\/#article\",\"isPartOf\":{\"@id\":\"https:\/\/hudo.com\/si\/aktualno\/slovenija\/od-danes-velja-zakon-o-zasciti-zvizgacev\/\"},\"author\":{\"name\":\"A. P., STA\",\"@id\":\"https:\/\/hudo.com\/si\/#\/schema\/person\/18f09c02475ba9e606e941a565b80cff\"},\"headline\":\"Od danes velja zakon o za\u0161\u010diti \u017evi\u017ega\u010dev\",\"datePublished\":\"2023-02-22T07:14:20+00:00\",\"dateModified\":\"2023-02-22T07:14:20+00:00\",\"mainEntityOfPage\":{\"@id\":\"https:\/\/hudo.com\/si\/aktualno\/slovenija\/od-danes-velja-zakon-o-zasciti-zvizgacev\/\"},\"wordCount\":472,\"publisher\":{\"@id\":\"https:\/\/hudo.com\/si\/#organization\"},\"keywords\":[\"sodstvo\",\"\u017evi\u017ega\u010d\"],\"articleSection\":[\"Slovenija\"],\"inLanguage\":\"sl-SI\"},{\"@type\":\"WebPage\",\"@id\":\"https:\/\/hudo.com\/si\/aktualno\/slovenija\/od-danes-velja-zakon-o-zasciti-zvizgacev\/\",\"url\":\"https:\/\/hudo.com\/si\/aktualno\/slovenija\/od-danes-velja-zakon-o-zasciti-zvizgacev\/\",\"name\":\"Od danes velja zakon o za\u0161\u010diti \u017evi\u017ega\u010dev - Hudo Slovenija\",\"isPartOf\":{\"@id\":\"https:\/\/hudo.com\/si\/#website\"},\"datePublished\":\"2023-02-22T07:14:20+00:00\",\"dateModified\":\"2023-02-22T07:14:20+00:00\",\"breadcrumb\":{\"@id\":\"https:\/\/hudo.com\/si\/aktualno\/slovenija\/od-danes-velja-zakon-o-zasciti-zvizgacev\/#breadcrumb\"},\"inLanguage\":\"sl-SI\",\"potentialAction\":[{\"@type\":\"ReadAction\",\"target\":[\"https:\/\/hudo.com\/si\/aktualno\/slovenija\/od-danes-velja-zakon-o-zasciti-zvizgacev\/\"]}]},{\"@type\":\"BreadcrumbList\",\"@id\":\"https:\/\/hudo.com\/si\/aktualno\/slovenija\/od-danes-velja-zakon-o-zasciti-zvizgacev\/#breadcrumb\",\"itemListElement\":[{\"@type\":\"ListItem\",\"position\":1,\"name\":\"Home\",\"item\":\"https:\/\/hudo.com\/si\/\"},{\"@type\":\"ListItem\",\"position\":2,\"name\":\"Od danes velja zakon o za\u0161\u010diti \u017evi\u017ega\u010dev\"}]},{\"@type\":\"WebSite\",\"@id\":\"https:\/\/hudo.com\/si\/#website\",\"url\":\"https:\/\/hudo.com\/si\/\",\"name\":\"Hudo Slovenija\",\"description\":\"Vse novice iz Slovenije in sveta\",\"publisher\":{\"@id\":\"https:\/\/hudo.com\/si\/#organization\"},\"potentialAction\":[{\"@type\":\"SearchAction\",\"target\":{\"@type\":\"EntryPoint\",\"urlTemplate\":\"https:\/\/hudo.com\/si\/?s={search_term_string}\"},\"query-input\":\"required name=search_term_string\"}],\"inLanguage\":\"sl-SI\"},{\"@type\":\"Organization\",\"@id\":\"https:\/\/hudo.com\/si\/#organization\",\"name\":\"VSN Media\",\"url\":\"https:\/\/hudo.com\/si\/\",\"logo\":{\"@type\":\"ImageObject\",\"inLanguage\":\"sl-SI\",\"@id\":\"https:\/\/hudo.com\/si\/#\/schema\/logo\/image\/\",\"url\":\"https:\/\/hudo.com\/si\/wp-content\/uploads\/sites\/2\/2021\/03\/hudo-app-2.png\",\"contentUrl\":\"https:\/\/hudo.com\/si\/wp-content\/uploads\/sites\/2\/2021\/03\/hudo-app-2.png\",\"width\":2185,\"height\":2167,\"caption\":\"VSN Media\"},\"image\":{\"@id\":\"https:\/\/hudo.com\/si\/#\/schema\/logo\/image\/\"},\"sameAs\":[\"https:\/\/www.facebook.com\/hudo.si\",\"https:\/\/twitter.com\/hudo_si\"]},{\"@type\":\"Person\",\"@id\":\"https:\/\/hudo.com\/si\/#\/schema\/person\/18f09c02475ba9e606e941a565b80cff\",\"name\":\"A. P., STA\",\"image\":{\"@type\":\"ImageObject\",\"inLanguage\":\"sl-SI\",\"@id\":\"https:\/\/hudo.com\/si\/#\/schema\/person\/image\/\",\"url\":\"https:\/\/secure.gravatar.com\/avatar\/03eac8e609f5f04383125d80eaeaaf3e?s=96&d=mm&r=g\",\"contentUrl\":\"https:\/\/secure.gravatar.com\/avatar\/03eac8e609f5f04383125d80eaeaaf3e?s=96&d=mm&r=g\",\"caption\":\"A. P., STA\"},\"url\":\"https:\/\/hudo.com\/si\/author\/lubu\/\"}]}<\/script>\n<!-- \/ Yoast SEO plugin. -->","yoast_head_json":{"title":"Od danes velja zakon o za\u0161\u010diti \u017evi\u017ega\u010dev - Hudo Slovenija","robots":{"index":"index","follow":"follow","max-snippet":"max-snippet:-1","max-image-preview":"max-image-preview:large","max-video-preview":"max-video-preview:-1"},"canonical":"https:\/\/hudo.com\/si\/aktualno\/slovenija\/od-danes-velja-zakon-o-zasciti-zvizgacev\/","og_locale":"sl_SI","og_type":"article","og_title":"Od danes velja zakon o za\u0161\u010diti \u017evi\u017ega\u010dev - Hudo Slovenija","og_description":"Danes je za\u010del veljati zakon o za\u0161\u010diti prijaviteljev, ki ureja varstvo \u017evi\u017ega\u010dev v delovnem okolju tako v javnem kot zasebnem sektorju. Veljati je za\u010dela tudi novela kazenskega zakonika, ki uvaja t. i. zlo\u010din iz sovra\u0161tva kot obte\u017eevalno okoli\u0161\u010dino pri odmeri kazni, prina\u0161a pa tudi uskladitev zakonika z direktivami EU.","og_url":"https:\/\/hudo.com\/si\/aktualno\/slovenija\/od-danes-velja-zakon-o-zasciti-zvizgacev\/","og_site_name":"Hudo Slovenija","article_publisher":"https:\/\/www.facebook.com\/hudo.si","article_published_time":"2023-02-22T07:14:20+00:00","og_image":[{"width":1250,"height":795,"url":"https:\/\/hudo.com\/si\/wp-content\/uploads\/sites\/2\/2021\/02\/profimedia-0557176295.jpg","type":"image\/jpeg"}],"author":"A. P., STA","twitter_card":"summary_large_image","twitter_creator":"@hudo_si","twitter_site":"@hudo_si","twitter_misc":{"Written by":"A. P., STA","Est. reading time":"2 minuti"},"schema":{"@context":"https:\/\/schema.org","@graph":[{"@type":"Article","@id":"https:\/\/hudo.com\/si\/aktualno\/slovenija\/od-danes-velja-zakon-o-zasciti-zvizgacev\/#article","isPartOf":{"@id":"https:\/\/hudo.com\/si\/aktualno\/slovenija\/od-danes-velja-zakon-o-zasciti-zvizgacev\/"},"author":{"name":"A. P., STA","@id":"https:\/\/hudo.com\/si\/#\/schema\/person\/18f09c02475ba9e606e941a565b80cff"},"headline":"Od danes velja zakon o za\u0161\u010diti \u017evi\u017ega\u010dev","datePublished":"2023-02-22T07:14:20+00:00","dateModified":"2023-02-22T07:14:20+00:00","mainEntityOfPage":{"@id":"https:\/\/hudo.com\/si\/aktualno\/slovenija\/od-danes-velja-zakon-o-zasciti-zvizgacev\/"},"wordCount":472,"publisher":{"@id":"https:\/\/hudo.com\/si\/#organization"},"keywords":["sodstvo","\u017evi\u017ega\u010d"],"articleSection":["Slovenija"],"inLanguage":"sl-SI"},{"@type":"WebPage","@id":"https:\/\/hudo.com\/si\/aktualno\/slovenija\/od-danes-velja-zakon-o-zasciti-zvizgacev\/","url":"https:\/\/hudo.com\/si\/aktualno\/slovenija\/od-danes-velja-zakon-o-zasciti-zvizgacev\/","name":"Od danes velja zakon o za\u0161\u010diti \u017evi\u017ega\u010dev - Hudo Slovenija","isPartOf":{"@id":"https:\/\/hudo.com\/si\/#website"},"datePublished":"2023-02-22T07:14:20+00:00","dateModified":"2023-02-22T07:14:20+00:00","breadcrumb":{"@id":"https:\/\/hudo.com\/si\/aktualno\/slovenija\/od-danes-velja-zakon-o-zasciti-zvizgacev\/#breadcrumb"},"inLanguage":"sl-SI","potentialAction":[{"@type":"ReadAction","target":["https:\/\/hudo.com\/si\/aktualno\/slovenija\/od-danes-velja-zakon-o-zasciti-zvizgacev\/"]}]},{"@type":"BreadcrumbList","@id":"https:\/\/hudo.com\/si\/aktualno\/slovenija\/od-danes-velja-zakon-o-zasciti-zvizgacev\/#breadcrumb","itemListElement":[{"@type":"ListItem","position":1,"name":"Home","item":"https:\/\/hudo.com\/si\/"},{"@type":"ListItem","position":2,"name":"Od danes velja zakon o za\u0161\u010diti \u017evi\u017ega\u010dev"}]},{"@type":"WebSite","@id":"https:\/\/hudo.com\/si\/#website","url":"https:\/\/hudo.com\/si\/","name":"Hudo Slovenija","description":"Vse novice iz Slovenije in sveta","publisher":{"@id":"https:\/\/hudo.com\/si\/#organization"},"potentialAction":[{"@type":"SearchAction","target":{"@type":"EntryPoint","urlTemplate":"https:\/\/hudo.com\/si\/?s={search_term_string}"},"query-input":"required name=search_term_string"}],"inLanguage":"sl-SI"},{"@type":"Organization","@id":"https:\/\/hudo.com\/si\/#organization","name":"VSN Media","url":"https:\/\/hudo.com\/si\/","logo":{"@type":"ImageObject","inLanguage":"sl-SI","@id":"https:\/\/hudo.com\/si\/#\/schema\/logo\/image\/","url":"https:\/\/hudo.com\/si\/wp-content\/uploads\/sites\/2\/2021\/03\/hudo-app-2.png","contentUrl":"https:\/\/hudo.com\/si\/wp-content\/uploads\/sites\/2\/2021\/03\/hudo-app-2.png","width":2185,"height":2167,"caption":"VSN Media"},"image":{"@id":"https:\/\/hudo.com\/si\/#\/schema\/logo\/image\/"},"sameAs":["https:\/\/www.facebook.com\/hudo.si","https:\/\/twitter.com\/hudo_si"]},{"@type":"Person","@id":"https:\/\/hudo.com\/si\/#\/schema\/person\/18f09c02475ba9e606e941a565b80cff","name":"A. P., STA","image":{"@type":"ImageObject","inLanguage":"sl-SI","@id":"https:\/\/hudo.com\/si\/#\/schema\/person\/image\/","url":"https:\/\/secure.gravatar.com\/avatar\/03eac8e609f5f04383125d80eaeaaf3e?s=96&d=mm&r=g","contentUrl":"https:\/\/secure.gravatar.com\/avatar\/03eac8e609f5f04383125d80eaeaaf3e?s=96&d=mm&r=g","caption":"A. P., STA"},"url":"https:\/\/hudo.com\/si\/author\/lubu\/"}]}},"amp_enabled":true,"_links":{"self":[{"href":"https:\/\/hudo.com\/si\/wp-json\/wp\/v2\/posts\/477498"}],"collection":[{"href":"https:\/\/hudo.com\/si\/wp-json\/wp\/v2\/posts"}],"about":[{"href":"https:\/\/hudo.com\/si\/wp-json\/wp\/v2\/types\/post"}],"author":[{"embeddable":true,"href":"https:\/\/hudo.com\/si\/wp-json\/wp\/v2\/users\/7"}],"replies":[{"embeddable":true,"href":"https:\/\/hudo.com\/si\/wp-json\/wp\/v2\/comments?post=477498"}],"version-history":[{"count":1,"href":"https:\/\/hudo.com\/si\/wp-json\/wp\/v2\/posts\/477498\/revisions"}],"predecessor-version":[{"id":477499,"href":"https:\/\/hudo.com\/si\/wp-json\/wp\/v2\/posts\/477498\/revisions\/477499"}],"wp:featuredmedia":[{"embeddable":true,"href":"https:\/\/hudo.com\/si\/wp-json\/wp\/v2\/media\/445434"}],"wp:attachment":[{"href":"https:\/\/hudo.com\/si\/wp-json\/wp\/v2\/media?parent=477498"}],"wp:term":[{"taxonomy":"category","embeddable":true,"href":"https:\/\/hudo.com\/si\/wp-json\/wp\/v2\/categories?post=477498"},{"taxonomy":"post_tag","embeddable":true,"href":"https:\/\/hudo.com\/si\/wp-json\/wp\/v2\/tags?post=477498"},{"taxonomy":"source","embeddable":true,"href":"https:\/\/hudo.com\/si\/wp-json\/wp\/v2\/source?post=477498"},{"taxonomy":"supertag","embeddable":true,"href":"https:\/\/hudo.com\/si\/wp-json\/wp\/v2\/supertag?post=477498"}],"curies":[{"name":"wp","href":"https:\/\/api.w.org\/{rel}","templated":true}]}}