{"id":477572,"date":"2023-02-24T09:59:47","date_gmt":"2023-02-24T08:59:47","guid":{"rendered":"https:\/\/hudo.com\/si\/?p=477572"},"modified":"2023-02-24T09:59:47","modified_gmt":"2023-02-24T08:59:47","slug":"hrvaski-sabor-do-jutra-razpravljal-o-nezaupnici-plenkovicu-odlocitev-bo-znana-prihodnji-teden","status":"publish","type":"post","link":"https:\/\/hudo.com\/si\/aktualno\/svet\/hrvaski-sabor-do-jutra-razpravljal-o-nezaupnici-plenkovicu-odlocitev-bo-znana-prihodnji-teden\/","title":{"rendered":"Hrva\u0161ki sabor do jutra razpravljal o nezaupnici Plenkovi\u0107u, odlo\u010ditev bo znana prihodnji teden"},"content":{"rendered":"<p>Gre za prvo glasovanje o nezaupnici Plenkovi\u0107u, odkar je leta 2016 postal premier. Zahtevo za njegov odpoklic je vlo\u017eila stranka Domovinsko gibanje, podprlo pa jo je 33 opozicijskih poslancev.<\/p>\n<p>&#8220;Na Hrva\u0161kem ste ustvarili okolje Divjega zahoda, v katerem cveti korupcija in kjer mislite, da lahko delate, kar ho\u010dete, a ko na vrata potrka evropski javni to\u017eilec, vidimo, da temu ni ravno tako,&#8221; je ob za\u010detku razprave med drugim dejal vodja Domovinskega gibanja Ivan Penava.<\/p>\n<p>Med drugim je bil kriti\u010den glede prepo\u010dasne obnove po potresu v Petrinji. &#8220;Po dveh letih in treh zimah vse, kar smo videli, ko gre za obnovo, sodi v anale hrva\u0161ke nesposobnosti, ker smo bili pri\u010da aretaciji in zamenjavi ministra za gradbeni\u0161tvo Darka Horvata, odstopu direktorja sklada za obnovo (Damirja) Van\u0111eli\u0107a, premestitvi dr\u017eavnega sekretarja (Gordana) Han\u017eka in zamenjavi ministra (Ivana) Paladine pa tudi obnovi \u0161estih hi\u0161 in prihodu ministra (Branka) Ba\u010di\u0107a, ki nas je obvestil, da na\u010drt za obnovo ne obstaja,&#8221; je izpostavil Penava.<\/p>\n<p>Plenkovi\u0107 je poudaril, da je vlada doslej dosegla vse temeljne strate\u0161ke cilje, ki si jih je zadala. Med njimi je izpostavil izgradnjo Pelje\u0161kega mosta, vstop Hrva\u0161ke v schengenski prostor in obmo\u010dje evra ter to, da &#8220;so leta 2022 premostili jesen in zimo, ko je eksistencialnemu obstoju grozila energetska kriza&#8221;.<\/p>\n<p>&#8220;Demokratska praksa je, da poslanci lahko zahtevajo glasovanje o nezaupnici. Danes je eden od tak\u0161nih primerov in mi smo tu, da bi iz spo\u0161tovanja do sabora odgovorili na to, za kar imajo odgovorne mene osebno in s tem celo vlado. Ali se \u010dutimo odgovorne? Da. Ali se \u010dutimo izdajalce? Ne. Ali je ta razprava dolgo\u010dasna in naporna? Da. Zdaj bo \u0161e bolj dolgo\u010dasno za gledalce, ampak tudi to je demokracija,&#8221; je dejal.<\/p>\n<p>Plenkovi\u0107 je po koncu replik na svoj nastop po \u0161estih urah zapustil sabor. Opozicija je potezo premierja ocenila kot pomanjkanja politi\u010dnega poguma.<\/p>\n","protected":false},"excerpt":{"rendered":"<p>V hrva\u0161kem saboru so zgodaj davi kon\u010dali 11-urno razpravo o nezaupnici hrva\u0161kemu premierju Andreju Plenkovi\u0107u. Opozicija mu je v razpravi o\u010ditala korupcijo, vse slab\u0161i \u017eivljenjski standard, prepo\u010dasno popotresno obnovo in vrsto afer, ki so v zadnjem \u010dasu pretresle vlado. Poslanci bodo o nezaupnici odlo\u010dali naslednji teden.<\/p>\n","protected":false},"author":7,"featured_media":477098,"comment_status":"closed","ping_status":"closed","sticky":false,"template":"","format":"standard","meta":{"footnotes":""},"categories":[18202],"tags":[6285,1810],"source":[4511],"supertag":[],"acf":[],"yoast_head":"<!-- This site is optimized with the Yoast SEO plugin v21.3 - https:\/\/yoast.com\/wordpress\/plugins\/seo\/ -->\n<title>Hrva\u0161ki sabor do jutra razpravljal o nezaupnici Plenkovi\u0107u, odlo\u010ditev bo znana prihodnji teden - Hudo Slovenija<\/title>\n<meta name=\"robots\" content=\"index, follow, max-snippet:-1, max-image-preview:large, max-video-preview:-1\" \/>\n<link rel=\"canonical\" href=\"https:\/\/hudo.com\/si\/aktualno\/svet\/hrvaski-sabor-do-jutra-razpravljal-o-nezaupnici-plenkovicu-odlocitev-bo-znana-prihodnji-teden\/\" \/>\n<meta property=\"og:locale\" content=\"sl_SI\" \/>\n<meta property=\"og:type\" content=\"article\" \/>\n<meta property=\"og:title\" content=\"Hrva\u0161ki sabor do jutra razpravljal o nezaupnici Plenkovi\u0107u, odlo\u010ditev bo znana prihodnji teden - Hudo Slovenija\" \/>\n<meta property=\"og:description\" content=\"V hrva\u0161kem saboru so zgodaj davi kon\u010dali 11-urno razpravo o nezaupnici hrva\u0161kemu premierju Andreju Plenkovi\u0107u. Opozicija mu je v razpravi o\u010ditala korupcijo, vse slab\u0161i \u017eivljenjski standard, prepo\u010dasno popotresno obnovo in vrsto afer, ki so v zadnjem \u010dasu pretresle vlado. Poslanci bodo o nezaupnici odlo\u010dali naslednji teden.\" \/>\n<meta property=\"og:url\" content=\"https:\/\/hudo.com\/si\/aktualno\/svet\/hrvaski-sabor-do-jutra-razpravljal-o-nezaupnici-plenkovicu-odlocitev-bo-znana-prihodnji-teden\/\" \/>\n<meta property=\"og:site_name\" content=\"Hudo Slovenija\" \/>\n<meta property=\"article:publisher\" content=\"https:\/\/www.facebook.com\/hudo.si\" \/>\n<meta property=\"article:published_time\" content=\"2023-02-24T08:59:47+00:00\" \/>\n<meta property=\"og:image\" content=\"https:\/\/hudo.com\/si\/wp-content\/uploads\/sites\/2\/2023\/02\/profimedia-0621650769.jpg\" \/>\n\t<meta property=\"og:image:width\" content=\"1250\" \/>\n\t<meta property=\"og:image:height\" content=\"850\" \/>\n\t<meta property=\"og:image:type\" content=\"image\/jpeg\" \/>\n<meta name=\"author\" content=\"A. P., STA\" \/>\n<meta name=\"twitter:card\" content=\"summary_large_image\" \/>\n<meta name=\"twitter:creator\" content=\"@hudo_si\" \/>\n<meta name=\"twitter:site\" content=\"@hudo_si\" \/>\n<meta name=\"twitter:label1\" content=\"Written by\" \/>\n\t<meta name=\"twitter:data1\" content=\"A. P., STA\" \/>\n\t<meta name=\"twitter:label2\" content=\"Est. reading time\" \/>\n\t<meta name=\"twitter:data2\" content=\"2 minuti\" \/>\n<script type=\"application\/ld+json\" class=\"yoast-schema-graph\">{\"@context\":\"https:\/\/schema.org\",\"@graph\":[{\"@type\":\"Article\",\"@id\":\"https:\/\/hudo.com\/si\/aktualno\/svet\/hrvaski-sabor-do-jutra-razpravljal-o-nezaupnici-plenkovicu-odlocitev-bo-znana-prihodnji-teden\/#article\",\"isPartOf\":{\"@id\":\"https:\/\/hudo.com\/si\/aktualno\/svet\/hrvaski-sabor-do-jutra-razpravljal-o-nezaupnici-plenkovicu-odlocitev-bo-znana-prihodnji-teden\/\"},\"author\":{\"name\":\"A. P., STA\",\"@id\":\"https:\/\/hudo.com\/si\/#\/schema\/person\/18f09c02475ba9e606e941a565b80cff\"},\"headline\":\"Hrva\u0161ki sabor do jutra razpravljal o nezaupnici Plenkovi\u0107u, odlo\u010ditev bo znana prihodnji teden\",\"datePublished\":\"2023-02-24T08:59:47+00:00\",\"dateModified\":\"2023-02-24T08:59:47+00:00\",\"mainEntityOfPage\":{\"@id\":\"https:\/\/hudo.com\/si\/aktualno\/svet\/hrvaski-sabor-do-jutra-razpravljal-o-nezaupnici-plenkovicu-odlocitev-bo-znana-prihodnji-teden\/\"},\"wordCount\":340,\"publisher\":{\"@id\":\"https:\/\/hudo.com\/si\/#organization\"},\"keywords\":[\"Andrej Plenkovi\u0107\",\"hrva\u0161ka\"],\"articleSection\":[\"Svet\"],\"inLanguage\":\"sl-SI\"},{\"@type\":\"WebPage\",\"@id\":\"https:\/\/hudo.com\/si\/aktualno\/svet\/hrvaski-sabor-do-jutra-razpravljal-o-nezaupnici-plenkovicu-odlocitev-bo-znana-prihodnji-teden\/\",\"url\":\"https:\/\/hudo.com\/si\/aktualno\/svet\/hrvaski-sabor-do-jutra-razpravljal-o-nezaupnici-plenkovicu-odlocitev-bo-znana-prihodnji-teden\/\",\"name\":\"Hrva\u0161ki sabor do jutra razpravljal o nezaupnici Plenkovi\u0107u, odlo\u010ditev bo znana prihodnji teden - Hudo Slovenija\",\"isPartOf\":{\"@id\":\"https:\/\/hudo.com\/si\/#website\"},\"datePublished\":\"2023-02-24T08:59:47+00:00\",\"dateModified\":\"2023-02-24T08:59:47+00:00\",\"breadcrumb\":{\"@id\":\"https:\/\/hudo.com\/si\/aktualno\/svet\/hrvaski-sabor-do-jutra-razpravljal-o-nezaupnici-plenkovicu-odlocitev-bo-znana-prihodnji-teden\/#breadcrumb\"},\"inLanguage\":\"sl-SI\",\"potentialAction\":[{\"@type\":\"ReadAction\",\"target\":[\"https:\/\/hudo.com\/si\/aktualno\/svet\/hrvaski-sabor-do-jutra-razpravljal-o-nezaupnici-plenkovicu-odlocitev-bo-znana-prihodnji-teden\/\"]}]},{\"@type\":\"BreadcrumbList\",\"@id\":\"https:\/\/hudo.com\/si\/aktualno\/svet\/hrvaski-sabor-do-jutra-razpravljal-o-nezaupnici-plenkovicu-odlocitev-bo-znana-prihodnji-teden\/#breadcrumb\",\"itemListElement\":[{\"@type\":\"ListItem\",\"position\":1,\"name\":\"Home\",\"item\":\"https:\/\/hudo.com\/si\/\"},{\"@type\":\"ListItem\",\"position\":2,\"name\":\"Hrva\u0161ki sabor do jutra razpravljal o nezaupnici Plenkovi\u0107u, odlo\u010ditev bo znana prihodnji teden\"}]},{\"@type\":\"WebSite\",\"@id\":\"https:\/\/hudo.com\/si\/#website\",\"url\":\"https:\/\/hudo.com\/si\/\",\"name\":\"Hudo Slovenija\",\"description\":\"Vse novice iz Slovenije in sveta\",\"publisher\":{\"@id\":\"https:\/\/hudo.com\/si\/#organization\"},\"potentialAction\":[{\"@type\":\"SearchAction\",\"target\":{\"@type\":\"EntryPoint\",\"urlTemplate\":\"https:\/\/hudo.com\/si\/?s={search_term_string}\"},\"query-input\":\"required name=search_term_string\"}],\"inLanguage\":\"sl-SI\"},{\"@type\":\"Organization\",\"@id\":\"https:\/\/hudo.com\/si\/#organization\",\"name\":\"VSN Media\",\"url\":\"https:\/\/hudo.com\/si\/\",\"logo\":{\"@type\":\"ImageObject\",\"inLanguage\":\"sl-SI\",\"@id\":\"https:\/\/hudo.com\/si\/#\/schema\/logo\/image\/\",\"url\":\"https:\/\/hudo.com\/si\/wp-content\/uploads\/sites\/2\/2021\/03\/hudo-app-2.png\",\"contentUrl\":\"https:\/\/hudo.com\/si\/wp-content\/uploads\/sites\/2\/2021\/03\/hudo-app-2.png\",\"width\":2185,\"height\":2167,\"caption\":\"VSN Media\"},\"image\":{\"@id\":\"https:\/\/hudo.com\/si\/#\/schema\/logo\/image\/\"},\"sameAs\":[\"https:\/\/www.facebook.com\/hudo.si\",\"https:\/\/twitter.com\/hudo_si\"]},{\"@type\":\"Person\",\"@id\":\"https:\/\/hudo.com\/si\/#\/schema\/person\/18f09c02475ba9e606e941a565b80cff\",\"name\":\"A. P., STA\",\"image\":{\"@type\":\"ImageObject\",\"inLanguage\":\"sl-SI\",\"@id\":\"https:\/\/hudo.com\/si\/#\/schema\/person\/image\/\",\"url\":\"https:\/\/secure.gravatar.com\/avatar\/03eac8e609f5f04383125d80eaeaaf3e?s=96&d=mm&r=g\",\"contentUrl\":\"https:\/\/secure.gravatar.com\/avatar\/03eac8e609f5f04383125d80eaeaaf3e?s=96&d=mm&r=g\",\"caption\":\"A. P., STA\"},\"url\":\"https:\/\/hudo.com\/si\/author\/lubu\/\"}]}<\/script>\n<!-- \/ Yoast SEO plugin. -->","yoast_head_json":{"title":"Hrva\u0161ki sabor do jutra razpravljal o nezaupnici Plenkovi\u0107u, odlo\u010ditev bo znana prihodnji teden - Hudo Slovenija","robots":{"index":"index","follow":"follow","max-snippet":"max-snippet:-1","max-image-preview":"max-image-preview:large","max-video-preview":"max-video-preview:-1"},"canonical":"https:\/\/hudo.com\/si\/aktualno\/svet\/hrvaski-sabor-do-jutra-razpravljal-o-nezaupnici-plenkovicu-odlocitev-bo-znana-prihodnji-teden\/","og_locale":"sl_SI","og_type":"article","og_title":"Hrva\u0161ki sabor do jutra razpravljal o nezaupnici Plenkovi\u0107u, odlo\u010ditev bo znana prihodnji teden - Hudo Slovenija","og_description":"V hrva\u0161kem saboru so zgodaj davi kon\u010dali 11-urno razpravo o nezaupnici hrva\u0161kemu premierju Andreju Plenkovi\u0107u. Opozicija mu je v razpravi o\u010ditala korupcijo, vse slab\u0161i \u017eivljenjski standard, prepo\u010dasno popotresno obnovo in vrsto afer, ki so v zadnjem \u010dasu pretresle vlado. Poslanci bodo o nezaupnici odlo\u010dali naslednji teden.","og_url":"https:\/\/hudo.com\/si\/aktualno\/svet\/hrvaski-sabor-do-jutra-razpravljal-o-nezaupnici-plenkovicu-odlocitev-bo-znana-prihodnji-teden\/","og_site_name":"Hudo Slovenija","article_publisher":"https:\/\/www.facebook.com\/hudo.si","article_published_time":"2023-02-24T08:59:47+00:00","og_image":[{"width":1250,"height":850,"url":"https:\/\/hudo.com\/si\/wp-content\/uploads\/sites\/2\/2023\/02\/profimedia-0621650769.jpg","type":"image\/jpeg"}],"author":"A. P., STA","twitter_card":"summary_large_image","twitter_creator":"@hudo_si","twitter_site":"@hudo_si","twitter_misc":{"Written by":"A. P., STA","Est. reading time":"2 minuti"},"schema":{"@context":"https:\/\/schema.org","@graph":[{"@type":"Article","@id":"https:\/\/hudo.com\/si\/aktualno\/svet\/hrvaski-sabor-do-jutra-razpravljal-o-nezaupnici-plenkovicu-odlocitev-bo-znana-prihodnji-teden\/#article","isPartOf":{"@id":"https:\/\/hudo.com\/si\/aktualno\/svet\/hrvaski-sabor-do-jutra-razpravljal-o-nezaupnici-plenkovicu-odlocitev-bo-znana-prihodnji-teden\/"},"author":{"name":"A. P., STA","@id":"https:\/\/hudo.com\/si\/#\/schema\/person\/18f09c02475ba9e606e941a565b80cff"},"headline":"Hrva\u0161ki sabor do jutra razpravljal o nezaupnici Plenkovi\u0107u, odlo\u010ditev bo znana prihodnji teden","datePublished":"2023-02-24T08:59:47+00:00","dateModified":"2023-02-24T08:59:47+00:00","mainEntityOfPage":{"@id":"https:\/\/hudo.com\/si\/aktualno\/svet\/hrvaski-sabor-do-jutra-razpravljal-o-nezaupnici-plenkovicu-odlocitev-bo-znana-prihodnji-teden\/"},"wordCount":340,"publisher":{"@id":"https:\/\/hudo.com\/si\/#organization"},"keywords":["Andrej Plenkovi\u0107","hrva\u0161ka"],"articleSection":["Svet"],"inLanguage":"sl-SI"},{"@type":"WebPage","@id":"https:\/\/hudo.com\/si\/aktualno\/svet\/hrvaski-sabor-do-jutra-razpravljal-o-nezaupnici-plenkovicu-odlocitev-bo-znana-prihodnji-teden\/","url":"https:\/\/hudo.com\/si\/aktualno\/svet\/hrvaski-sabor-do-jutra-razpravljal-o-nezaupnici-plenkovicu-odlocitev-bo-znana-prihodnji-teden\/","name":"Hrva\u0161ki sabor do jutra razpravljal o nezaupnici Plenkovi\u0107u, odlo\u010ditev bo znana prihodnji teden - Hudo Slovenija","isPartOf":{"@id":"https:\/\/hudo.com\/si\/#website"},"datePublished":"2023-02-24T08:59:47+00:00","dateModified":"2023-02-24T08:59:47+00:00","breadcrumb":{"@id":"https:\/\/hudo.com\/si\/aktualno\/svet\/hrvaski-sabor-do-jutra-razpravljal-o-nezaupnici-plenkovicu-odlocitev-bo-znana-prihodnji-teden\/#breadcrumb"},"inLanguage":"sl-SI","potentialAction":[{"@type":"ReadAction","target":["https:\/\/hudo.com\/si\/aktualno\/svet\/hrvaski-sabor-do-jutra-razpravljal-o-nezaupnici-plenkovicu-odlocitev-bo-znana-prihodnji-teden\/"]}]},{"@type":"BreadcrumbList","@id":"https:\/\/hudo.com\/si\/aktualno\/svet\/hrvaski-sabor-do-jutra-razpravljal-o-nezaupnici-plenkovicu-odlocitev-bo-znana-prihodnji-teden\/#breadcrumb","itemListElement":[{"@type":"ListItem","position":1,"name":"Home","item":"https:\/\/hudo.com\/si\/"},{"@type":"ListItem","position":2,"name":"Hrva\u0161ki sabor do jutra razpravljal o nezaupnici Plenkovi\u0107u, odlo\u010ditev bo znana prihodnji teden"}]},{"@type":"WebSite","@id":"https:\/\/hudo.com\/si\/#website","url":"https:\/\/hudo.com\/si\/","name":"Hudo Slovenija","description":"Vse novice iz Slovenije in sveta","publisher":{"@id":"https:\/\/hudo.com\/si\/#organization"},"potentialAction":[{"@type":"SearchAction","target":{"@type":"EntryPoint","urlTemplate":"https:\/\/hudo.com\/si\/?s={search_term_string}"},"query-input":"required name=search_term_string"}],"inLanguage":"sl-SI"},{"@type":"Organization","@id":"https:\/\/hudo.com\/si\/#organization","name":"VSN Media","url":"https:\/\/hudo.com\/si\/","logo":{"@type":"ImageObject","inLanguage":"sl-SI","@id":"https:\/\/hudo.com\/si\/#\/schema\/logo\/image\/","url":"https:\/\/hudo.com\/si\/wp-content\/uploads\/sites\/2\/2021\/03\/hudo-app-2.png","contentUrl":"https:\/\/hudo.com\/si\/wp-content\/uploads\/sites\/2\/2021\/03\/hudo-app-2.png","width":2185,"height":2167,"caption":"VSN Media"},"image":{"@id":"https:\/\/hudo.com\/si\/#\/schema\/logo\/image\/"},"sameAs":["https:\/\/www.facebook.com\/hudo.si","https:\/\/twitter.com\/hudo_si"]},{"@type":"Person","@id":"https:\/\/hudo.com\/si\/#\/schema\/person\/18f09c02475ba9e606e941a565b80cff","name":"A. P., STA","image":{"@type":"ImageObject","inLanguage":"sl-SI","@id":"https:\/\/hudo.com\/si\/#\/schema\/person\/image\/","url":"https:\/\/secure.gravatar.com\/avatar\/03eac8e609f5f04383125d80eaeaaf3e?s=96&d=mm&r=g","contentUrl":"https:\/\/secure.gravatar.com\/avatar\/03eac8e609f5f04383125d80eaeaaf3e?s=96&d=mm&r=g","caption":"A. P., STA"},"url":"https:\/\/hudo.com\/si\/author\/lubu\/"}]}},"amp_enabled":true,"_links":{"self":[{"href":"https:\/\/hudo.com\/si\/wp-json\/wp\/v2\/posts\/477572"}],"collection":[{"href":"https:\/\/hudo.com\/si\/wp-json\/wp\/v2\/posts"}],"about":[{"href":"https:\/\/hudo.com\/si\/wp-json\/wp\/v2\/types\/post"}],"author":[{"embeddable":true,"href":"https:\/\/hudo.com\/si\/wp-json\/wp\/v2\/users\/7"}],"replies":[{"embeddable":true,"href":"https:\/\/hudo.com\/si\/wp-json\/wp\/v2\/comments?post=477572"}],"version-history":[{"count":1,"href":"https:\/\/hudo.com\/si\/wp-json\/wp\/v2\/posts\/477572\/revisions"}],"predecessor-version":[{"id":477573,"href":"https:\/\/hudo.com\/si\/wp-json\/wp\/v2\/posts\/477572\/revisions\/477573"}],"wp:featuredmedia":[{"embeddable":true,"href":"https:\/\/hudo.com\/si\/wp-json\/wp\/v2\/media\/477098"}],"wp:attachment":[{"href":"https:\/\/hudo.com\/si\/wp-json\/wp\/v2\/media?parent=477572"}],"wp:term":[{"taxonomy":"category","embeddable":true,"href":"https:\/\/hudo.com\/si\/wp-json\/wp\/v2\/categories?post=477572"},{"taxonomy":"post_tag","embeddable":true,"href":"https:\/\/hudo.com\/si\/wp-json\/wp\/v2\/tags?post=477572"},{"taxonomy":"source","embeddable":true,"href":"https:\/\/hudo.com\/si\/wp-json\/wp\/v2\/source?post=477572"},{"taxonomy":"supertag","embeddable":true,"href":"https:\/\/hudo.com\/si\/wp-json\/wp\/v2\/supertag?post=477572"}],"curies":[{"name":"wp","href":"https:\/\/api.w.org\/{rel}","templated":true}]}}