{"id":477574,"date":"2023-02-24T13:56:27","date_gmt":"2023-02-24T12:56:27","guid":{"rendered":"https:\/\/hudo.com\/si\/?p=477574"},"modified":"2023-02-24T13:57:03","modified_gmt":"2023-02-24T12:57:03","slug":"razpuscena-posvetovalna-skupina-za-spremljanje-koronavirusa","status":"publish","type":"post","link":"https:\/\/hudo.com\/si\/aktualno\/slovenija\/razpuscena-posvetovalna-skupina-za-spremljanje-koronavirusa\/","title":{"rendered":"Razpu\u0161\u010dena posvetovalna skupina za spremljanje koronavirusa"},"content":{"rendered":"<p>Fafangel je poudaril, da je epidemi\u010dna slika stabilna, stanje, povezano s covidom-19, pa obvladljivo. V veljavi so obstoje\u010da epidemi\u010dna poro\u010dila, situacijo pa epidemiologi spremljajo.<\/p>\n<p>&#8220;Vstopamo v \u010detrto leto covida, zadeve so bistveno druga\u010dne, kot so bile leta 2020, ne moremo ve\u010d re\u010di, da je zadeva nepri\u010dakovana na globalni ravni,&#8221; je dejal. Tudi Svetovna zdravstvena organizacija (WHO) bo po njegovih besedah za\u010dela razmi\u0161ljati, ali je covid-19 \u0161e vedno globalna gro\u017enja javnemu zdravju.<\/p>\n<p>Zato potrebe po posebni skupini, tako Fafangel, ni ve\u010d, odlo\u010ditev so soglasno sprejeli vsi \u010dlani skupine, ki se jim je ob tem zahvalil za opravljeno delo.<\/p>\n<p>Pojasnil je, da so se \u010dlani skupine sre\u010dali na 21 sejah, sprejeli so 28 mnenj in pripravili dva osrednja dokumenta. Spomnil je, da so lani poleti pripravili strokovna izhodi\u0161\u010da in usmeritve za pripravljenost in odzivanje na oku\u017ebe s koronavirusom v jesensko-zimski sezoni 2022\/2023 v Sloveniji. Ta priporo\u010dila so \u0161e vedno v veljavi, je poudaril.<\/p>\n<p>Ob tem je skupina pripravila nov dokument, namenjen odlo\u010devalcem, ki vklju\u010duje srednjero\u010dna in dolgoro\u010dna priporo\u010dila za upravljanje s covidom-19 in drugimi povzro\u010ditelji nalezljivih bolezni.<\/p>\n<p>Poudaril je, da cepljenje \u0161e vedno ostaja &#8220;prva obrambna linija&#8221;. Starej\u0161im od 60 let je tako priporo\u010den sezonski odmerek cepiva proti covidu-19, saj covid-19 \u0161e vedno, \u010deprav ne predstavlja ve\u010d populacijske gro\u017enje, predstavlja tveganje za posameznika.<\/p>\n<p>Ob sklenitvi dela posvetovalne skupine Fafangel zapu\u0161\u010da mesto predstojnika centra za nalezljive bolezni NIJZ. Na NIJZ se bo po novem posve\u010dal raziskovanju in razvoju, modeliranju, mednarodnim misijam in sodelovanju z Evropskim centrom za nalezljive bolezni (ECDC).<\/p>\n<p>&#8220;Se enkrat bi \u0161el \u010dez vse to, kar je bilo, ker smo lahko pomagali takrat, ko je bilo potrebno,&#8221; je ob tem dejal in dodal, da je nastopil trenutek, ko bo lahko ve\u010d \u010dasa posvetil dru\u017eini.<\/p>\n<p>Mesto predstojnice centra bo prevzela Marta Grgi\u010d Vitek, sicer nacionalna koordinatorica za cepljenje.<\/p>\n<p>Prva vodja strokovne skupine za covid-19, ki je takrat delovala v okviru ministrstva za zdravje, infektologinja Bojana Beovi\u0107 je vodenje skupine prevzela 12. marca 2020 ob za\u010detku epidemije covida-19 v Sloveniji. Po skoraj letu dni je skupino 1. marca 2021 prevzela Mateja Logar, prav tako specialistka infektologije na ljubljanski infekcijski kliniki.<\/p>\n<p>V strokovno skupino je bil sicer med drugimi dvakrat imenovan tudi Fafangel, ki pa je iz skupine dvakrat tudi izstopil. Ob drugem odstopu je pojasnil, da so bile sprejete odlo\u010ditve skupine pogosto v nasprotju z mnenjem epidemiolo\u0161ke slu\u017ebe NIJZ ter ustaljenimi protokoli in na\u010dinom dela epidemiologov.<\/p>\n<p>Strokovna skupina je konec maja lani predlagala prenehanje svojega delovanja, takratni minister za zdravje Janez Poklukar pa je predlog sprejel.<\/p>\n<p>Nova posvetovalna skupina za spremljanje koronavirusa je v okviru NIJZ z delom pri\u010dela v juniju 2022. V skupino so bili poleg vodje Fafangla imenovani tudi epidemiologinji Alenka Trop Skaza (namestnica vodje) in Marta Grgi\u010d Vitek, imunolog Alojz Ihan, infektologinja Tatjana Lejko Zupanc, antropolog Dan Podjed, specialist javnega zdravja Rade Pribakovi\u0107 Brinovec, mikrobiologinja Viktorija Tomi\u010d, komunikolog Mitja Vrdelja, matematik Janez \u017dibert in sanitarna in\u017eenirka Andreja Kukec.<\/p>\n","protected":false},"excerpt":{"rendered":"<p>Posvetovalna skupina za spremljanje koronavirusa pri Nacionalnem in\u0161titutu za javno zdravje (NIJZ) je prenehala z delom, saj je bolezen covid-19 obvladljiva z obstoje\u010dimi sistemi, je povedal nekdanji vodja skupine Mario Fafangel. Ob tem je pojasnil, da zapu\u0161\u010da mesto predstojnika centra za nalezljive bolezni, znotraj NIJZ bo prevzel druge naloge.<\/p>\n","protected":false},"author":5,"featured_media":425970,"comment_status":"closed","ping_status":"closed","sticky":false,"template":"","format":"standard","meta":{"footnotes":""},"categories":[18201],"tags":[15632,5670,1595],"source":[4511],"supertag":[5675],"acf":[],"yoast_head":"<!-- This site is optimized with the Yoast SEO plugin v21.3 - https:\/\/yoast.com\/wordpress\/plugins\/seo\/ -->\n<title>Razpu\u0161\u010dena posvetovalna skupina za spremljanje koronavirusa - Hudo Slovenija<\/title>\n<meta name=\"robots\" content=\"index, follow, max-snippet:-1, max-image-preview:large, max-video-preview:-1\" \/>\n<link rel=\"canonical\" href=\"https:\/\/hudo.com\/si\/aktualno\/slovenija\/razpuscena-posvetovalna-skupina-za-spremljanje-koronavirusa\/\" \/>\n<meta property=\"og:locale\" content=\"sl_SI\" \/>\n<meta property=\"og:type\" content=\"article\" \/>\n<meta property=\"og:title\" content=\"Razpu\u0161\u010dena posvetovalna skupina za spremljanje koronavirusa - Hudo Slovenija\" \/>\n<meta property=\"og:description\" content=\"Posvetovalna skupina za spremljanje koronavirusa pri Nacionalnem in\u0161titutu za javno zdravje (NIJZ) je prenehala z delom, saj je bolezen covid-19 obvladljiva z obstoje\u010dimi sistemi, je povedal nekdanji vodja skupine Mario Fafangel. Ob tem je pojasnil, da zapu\u0161\u010da mesto predstojnika centra za nalezljive bolezni, znotraj NIJZ bo prevzel druge naloge.\" \/>\n<meta property=\"og:url\" content=\"https:\/\/hudo.com\/si\/aktualno\/slovenija\/razpuscena-posvetovalna-skupina-za-spremljanje-koronavirusa\/\" \/>\n<meta property=\"og:site_name\" content=\"Hudo Slovenija\" \/>\n<meta property=\"article:publisher\" content=\"https:\/\/www.facebook.com\/hudo.si\" \/>\n<meta property=\"article:published_time\" content=\"2023-02-24T12:56:27+00:00\" \/>\n<meta property=\"article:modified_time\" content=\"2023-02-24T12:57:03+00:00\" \/>\n<meta property=\"og:image\" content=\"https:\/\/hudo.com\/si\/wp-content\/uploads\/sites\/2\/2020\/06\/20200623-01011681.jpg\" \/>\n\t<meta property=\"og:image:width\" content=\"640\" \/>\n\t<meta property=\"og:image:height\" content=\"426\" \/>\n\t<meta property=\"og:image:type\" content=\"image\/jpeg\" \/>\n<meta name=\"author\" content=\"A. G., STA\" \/>\n<meta name=\"twitter:card\" content=\"summary_large_image\" \/>\n<meta name=\"twitter:creator\" content=\"@hudo_si\" \/>\n<meta name=\"twitter:site\" content=\"@hudo_si\" \/>\n<meta name=\"twitter:label1\" content=\"Written by\" \/>\n\t<meta name=\"twitter:data1\" content=\"A. G., STA\" \/>\n\t<meta name=\"twitter:label2\" content=\"Est. reading time\" \/>\n\t<meta name=\"twitter:data2\" content=\"3 minute\" \/>\n<script type=\"application\/ld+json\" class=\"yoast-schema-graph\">{\"@context\":\"https:\/\/schema.org\",\"@graph\":[{\"@type\":\"Article\",\"@id\":\"https:\/\/hudo.com\/si\/aktualno\/slovenija\/razpuscena-posvetovalna-skupina-za-spremljanje-koronavirusa\/#article\",\"isPartOf\":{\"@id\":\"https:\/\/hudo.com\/si\/aktualno\/slovenija\/razpuscena-posvetovalna-skupina-za-spremljanje-koronavirusa\/\"},\"author\":{\"name\":\"A. G., STA\",\"@id\":\"https:\/\/hudo.com\/si\/#\/schema\/person\/2391667a63ea075ba94f2f2dc6b77537\"},\"headline\":\"Razpu\u0161\u010dena posvetovalna skupina za spremljanje koronavirusa\",\"datePublished\":\"2023-02-24T12:56:27+00:00\",\"dateModified\":\"2023-02-24T12:57:03+00:00\",\"mainEntityOfPage\":{\"@id\":\"https:\/\/hudo.com\/si\/aktualno\/slovenija\/razpuscena-posvetovalna-skupina-za-spremljanje-koronavirusa\/\"},\"wordCount\":509,\"publisher\":{\"@id\":\"https:\/\/hudo.com\/si\/#organization\"},\"keywords\":[\"koronavirus\",\"nijz\",\"Slovenija\"],\"articleSection\":[\"Slovenija\"],\"inLanguage\":\"sl-SI\"},{\"@type\":\"WebPage\",\"@id\":\"https:\/\/hudo.com\/si\/aktualno\/slovenija\/razpuscena-posvetovalna-skupina-za-spremljanje-koronavirusa\/\",\"url\":\"https:\/\/hudo.com\/si\/aktualno\/slovenija\/razpuscena-posvetovalna-skupina-za-spremljanje-koronavirusa\/\",\"name\":\"Razpu\u0161\u010dena posvetovalna skupina za spremljanje koronavirusa - Hudo Slovenija\",\"isPartOf\":{\"@id\":\"https:\/\/hudo.com\/si\/#website\"},\"datePublished\":\"2023-02-24T12:56:27+00:00\",\"dateModified\":\"2023-02-24T12:57:03+00:00\",\"breadcrumb\":{\"@id\":\"https:\/\/hudo.com\/si\/aktualno\/slovenija\/razpuscena-posvetovalna-skupina-za-spremljanje-koronavirusa\/#breadcrumb\"},\"inLanguage\":\"sl-SI\",\"potentialAction\":[{\"@type\":\"ReadAction\",\"target\":[\"https:\/\/hudo.com\/si\/aktualno\/slovenija\/razpuscena-posvetovalna-skupina-za-spremljanje-koronavirusa\/\"]}]},{\"@type\":\"BreadcrumbList\",\"@id\":\"https:\/\/hudo.com\/si\/aktualno\/slovenija\/razpuscena-posvetovalna-skupina-za-spremljanje-koronavirusa\/#breadcrumb\",\"itemListElement\":[{\"@type\":\"ListItem\",\"position\":1,\"name\":\"Home\",\"item\":\"https:\/\/hudo.com\/si\/\"},{\"@type\":\"ListItem\",\"position\":2,\"name\":\"Razpu\u0161\u010dena posvetovalna skupina za spremljanje koronavirusa\"}]},{\"@type\":\"WebSite\",\"@id\":\"https:\/\/hudo.com\/si\/#website\",\"url\":\"https:\/\/hudo.com\/si\/\",\"name\":\"Hudo Slovenija\",\"description\":\"Vse novice iz Slovenije in sveta\",\"publisher\":{\"@id\":\"https:\/\/hudo.com\/si\/#organization\"},\"potentialAction\":[{\"@type\":\"SearchAction\",\"target\":{\"@type\":\"EntryPoint\",\"urlTemplate\":\"https:\/\/hudo.com\/si\/?s={search_term_string}\"},\"query-input\":\"required name=search_term_string\"}],\"inLanguage\":\"sl-SI\"},{\"@type\":\"Organization\",\"@id\":\"https:\/\/hudo.com\/si\/#organization\",\"name\":\"VSN Media\",\"url\":\"https:\/\/hudo.com\/si\/\",\"logo\":{\"@type\":\"ImageObject\",\"inLanguage\":\"sl-SI\",\"@id\":\"https:\/\/hudo.com\/si\/#\/schema\/logo\/image\/\",\"url\":\"https:\/\/hudo.com\/si\/wp-content\/uploads\/sites\/2\/2021\/03\/hudo-app-2.png\",\"contentUrl\":\"https:\/\/hudo.com\/si\/wp-content\/uploads\/sites\/2\/2021\/03\/hudo-app-2.png\",\"width\":2185,\"height\":2167,\"caption\":\"VSN Media\"},\"image\":{\"@id\":\"https:\/\/hudo.com\/si\/#\/schema\/logo\/image\/\"},\"sameAs\":[\"https:\/\/www.facebook.com\/hudo.si\",\"https:\/\/twitter.com\/hudo_si\"]},{\"@type\":\"Person\",\"@id\":\"https:\/\/hudo.com\/si\/#\/schema\/person\/2391667a63ea075ba94f2f2dc6b77537\",\"name\":\"A. G., STA\",\"image\":{\"@type\":\"ImageObject\",\"inLanguage\":\"sl-SI\",\"@id\":\"https:\/\/hudo.com\/si\/#\/schema\/person\/image\/\",\"url\":\"https:\/\/secure.gravatar.com\/avatar\/e13d22ac3e442658d5025fbbe6238a79?s=96&d=mm&r=g\",\"contentUrl\":\"https:\/\/secure.gravatar.com\/avatar\/e13d22ac3e442658d5025fbbe6238a79?s=96&d=mm&r=g\",\"caption\":\"A. G., STA\"},\"url\":\"https:\/\/hudo.com\/si\/author\/alenka\/\"}]}<\/script>\n<!-- \/ Yoast SEO plugin. -->","yoast_head_json":{"title":"Razpu\u0161\u010dena posvetovalna skupina za spremljanje koronavirusa - Hudo Slovenija","robots":{"index":"index","follow":"follow","max-snippet":"max-snippet:-1","max-image-preview":"max-image-preview:large","max-video-preview":"max-video-preview:-1"},"canonical":"https:\/\/hudo.com\/si\/aktualno\/slovenija\/razpuscena-posvetovalna-skupina-za-spremljanje-koronavirusa\/","og_locale":"sl_SI","og_type":"article","og_title":"Razpu\u0161\u010dena posvetovalna skupina za spremljanje koronavirusa - Hudo Slovenija","og_description":"Posvetovalna skupina za spremljanje koronavirusa pri Nacionalnem in\u0161titutu za javno zdravje (NIJZ) je prenehala z delom, saj je bolezen covid-19 obvladljiva z obstoje\u010dimi sistemi, je povedal nekdanji vodja skupine Mario Fafangel. Ob tem je pojasnil, da zapu\u0161\u010da mesto predstojnika centra za nalezljive bolezni, znotraj NIJZ bo prevzel druge naloge.","og_url":"https:\/\/hudo.com\/si\/aktualno\/slovenija\/razpuscena-posvetovalna-skupina-za-spremljanje-koronavirusa\/","og_site_name":"Hudo Slovenija","article_publisher":"https:\/\/www.facebook.com\/hudo.si","article_published_time":"2023-02-24T12:56:27+00:00","article_modified_time":"2023-02-24T12:57:03+00:00","og_image":[{"width":640,"height":426,"url":"https:\/\/hudo.com\/si\/wp-content\/uploads\/sites\/2\/2020\/06\/20200623-01011681.jpg","type":"image\/jpeg"}],"author":"A. G., STA","twitter_card":"summary_large_image","twitter_creator":"@hudo_si","twitter_site":"@hudo_si","twitter_misc":{"Written by":"A. G., STA","Est. reading time":"3 minute"},"schema":{"@context":"https:\/\/schema.org","@graph":[{"@type":"Article","@id":"https:\/\/hudo.com\/si\/aktualno\/slovenija\/razpuscena-posvetovalna-skupina-za-spremljanje-koronavirusa\/#article","isPartOf":{"@id":"https:\/\/hudo.com\/si\/aktualno\/slovenija\/razpuscena-posvetovalna-skupina-za-spremljanje-koronavirusa\/"},"author":{"name":"A. G., STA","@id":"https:\/\/hudo.com\/si\/#\/schema\/person\/2391667a63ea075ba94f2f2dc6b77537"},"headline":"Razpu\u0161\u010dena posvetovalna skupina za spremljanje koronavirusa","datePublished":"2023-02-24T12:56:27+00:00","dateModified":"2023-02-24T12:57:03+00:00","mainEntityOfPage":{"@id":"https:\/\/hudo.com\/si\/aktualno\/slovenija\/razpuscena-posvetovalna-skupina-za-spremljanje-koronavirusa\/"},"wordCount":509,"publisher":{"@id":"https:\/\/hudo.com\/si\/#organization"},"keywords":["koronavirus","nijz","Slovenija"],"articleSection":["Slovenija"],"inLanguage":"sl-SI"},{"@type":"WebPage","@id":"https:\/\/hudo.com\/si\/aktualno\/slovenija\/razpuscena-posvetovalna-skupina-za-spremljanje-koronavirusa\/","url":"https:\/\/hudo.com\/si\/aktualno\/slovenija\/razpuscena-posvetovalna-skupina-za-spremljanje-koronavirusa\/","name":"Razpu\u0161\u010dena posvetovalna skupina za spremljanje koronavirusa - Hudo Slovenija","isPartOf":{"@id":"https:\/\/hudo.com\/si\/#website"},"datePublished":"2023-02-24T12:56:27+00:00","dateModified":"2023-02-24T12:57:03+00:00","breadcrumb":{"@id":"https:\/\/hudo.com\/si\/aktualno\/slovenija\/razpuscena-posvetovalna-skupina-za-spremljanje-koronavirusa\/#breadcrumb"},"inLanguage":"sl-SI","potentialAction":[{"@type":"ReadAction","target":["https:\/\/hudo.com\/si\/aktualno\/slovenija\/razpuscena-posvetovalna-skupina-za-spremljanje-koronavirusa\/"]}]},{"@type":"BreadcrumbList","@id":"https:\/\/hudo.com\/si\/aktualno\/slovenija\/razpuscena-posvetovalna-skupina-za-spremljanje-koronavirusa\/#breadcrumb","itemListElement":[{"@type":"ListItem","position":1,"name":"Home","item":"https:\/\/hudo.com\/si\/"},{"@type":"ListItem","position":2,"name":"Razpu\u0161\u010dena posvetovalna skupina za spremljanje koronavirusa"}]},{"@type":"WebSite","@id":"https:\/\/hudo.com\/si\/#website","url":"https:\/\/hudo.com\/si\/","name":"Hudo Slovenija","description":"Vse novice iz Slovenije in sveta","publisher":{"@id":"https:\/\/hudo.com\/si\/#organization"},"potentialAction":[{"@type":"SearchAction","target":{"@type":"EntryPoint","urlTemplate":"https:\/\/hudo.com\/si\/?s={search_term_string}"},"query-input":"required name=search_term_string"}],"inLanguage":"sl-SI"},{"@type":"Organization","@id":"https:\/\/hudo.com\/si\/#organization","name":"VSN Media","url":"https:\/\/hudo.com\/si\/","logo":{"@type":"ImageObject","inLanguage":"sl-SI","@id":"https:\/\/hudo.com\/si\/#\/schema\/logo\/image\/","url":"https:\/\/hudo.com\/si\/wp-content\/uploads\/sites\/2\/2021\/03\/hudo-app-2.png","contentUrl":"https:\/\/hudo.com\/si\/wp-content\/uploads\/sites\/2\/2021\/03\/hudo-app-2.png","width":2185,"height":2167,"caption":"VSN Media"},"image":{"@id":"https:\/\/hudo.com\/si\/#\/schema\/logo\/image\/"},"sameAs":["https:\/\/www.facebook.com\/hudo.si","https:\/\/twitter.com\/hudo_si"]},{"@type":"Person","@id":"https:\/\/hudo.com\/si\/#\/schema\/person\/2391667a63ea075ba94f2f2dc6b77537","name":"A. G., STA","image":{"@type":"ImageObject","inLanguage":"sl-SI","@id":"https:\/\/hudo.com\/si\/#\/schema\/person\/image\/","url":"https:\/\/secure.gravatar.com\/avatar\/e13d22ac3e442658d5025fbbe6238a79?s=96&d=mm&r=g","contentUrl":"https:\/\/secure.gravatar.com\/avatar\/e13d22ac3e442658d5025fbbe6238a79?s=96&d=mm&r=g","caption":"A. G., STA"},"url":"https:\/\/hudo.com\/si\/author\/alenka\/"}]}},"amp_enabled":true,"_links":{"self":[{"href":"https:\/\/hudo.com\/si\/wp-json\/wp\/v2\/posts\/477574"}],"collection":[{"href":"https:\/\/hudo.com\/si\/wp-json\/wp\/v2\/posts"}],"about":[{"href":"https:\/\/hudo.com\/si\/wp-json\/wp\/v2\/types\/post"}],"author":[{"embeddable":true,"href":"https:\/\/hudo.com\/si\/wp-json\/wp\/v2\/users\/5"}],"replies":[{"embeddable":true,"href":"https:\/\/hudo.com\/si\/wp-json\/wp\/v2\/comments?post=477574"}],"version-history":[{"count":2,"href":"https:\/\/hudo.com\/si\/wp-json\/wp\/v2\/posts\/477574\/revisions"}],"predecessor-version":[{"id":477576,"href":"https:\/\/hudo.com\/si\/wp-json\/wp\/v2\/posts\/477574\/revisions\/477576"}],"wp:featuredmedia":[{"embeddable":true,"href":"https:\/\/hudo.com\/si\/wp-json\/wp\/v2\/media\/425970"}],"wp:attachment":[{"href":"https:\/\/hudo.com\/si\/wp-json\/wp\/v2\/media?parent=477574"}],"wp:term":[{"taxonomy":"category","embeddable":true,"href":"https:\/\/hudo.com\/si\/wp-json\/wp\/v2\/categories?post=477574"},{"taxonomy":"post_tag","embeddable":true,"href":"https:\/\/hudo.com\/si\/wp-json\/wp\/v2\/tags?post=477574"},{"taxonomy":"source","embeddable":true,"href":"https:\/\/hudo.com\/si\/wp-json\/wp\/v2\/source?post=477574"},{"taxonomy":"supertag","embeddable":true,"href":"https:\/\/hudo.com\/si\/wp-json\/wp\/v2\/supertag?post=477574"}],"curies":[{"name":"wp","href":"https:\/\/api.w.org\/{rel}","templated":true}]}}