{"id":480066,"date":"2023-03-09T17:30:10","date_gmt":"2023-03-09T16:30:10","guid":{"rendered":"https:\/\/hudo.com\/si\/?p=480066"},"modified":"2023-03-09T17:30:10","modified_gmt":"2023-03-09T16:30:10","slug":"po-volilnem-porazu-stranke-sds-je-slovenija-obcutno-napredovala-na-podrocju-pravic-in-svoboscin","status":"publish","type":"post","link":"https:\/\/hudo.com\/si\/aktualno\/slovenija\/po-volilnem-porazu-stranke-sds-je-slovenija-obcutno-napredovala-na-podrocju-pravic-in-svoboscin\/","title":{"rendered":"Po volilnem porazu stranke SDS je Slovenija ob\u010dutno napredovala na podro\u010dju pravic in svobo\u0161\u010din"},"content":{"rendered":"<p>Najnovej\u0161e poro\u010dilo z naslovom Svoboda v svetu je \u017ee 50. v seriji letnih poro\u010dil, v katerem Freedom House ocenjuje dostop ljudi do politi\u010dnih pravic in dr\u017eavljanskih svobo\u0161\u010din v 210 dr\u017eavah in ozemljih.<\/p>\n<p>V danes objavljenem poro\u010dilu navaja, da bi preteklo leto lahko bilo prelomno v globalnem boju za demokracijo. \u010ceprav ugotavlja, da je \u017ee 17. leto zapored pri\u0161lo do zmanj\u0161anja pravic in svobo\u0161\u010din v svetu, se je ta negativni trend upo\u010dasnil.<\/p>\n<p>Poro\u010dilo za leto 2022 &#8220;dokumentira nadaljevanje zaskrbljujo\u010dih trendov, vendar daje tudi nekaj razloga za upanje, da se recesija svobode v zadnjih 17 letih morda obra\u010da&#8221;, je povedal predsednik Freedom House Michael Abramowitz.<\/p>\n<p>V letu 2022 je 34 dr\u017eav doseglo izbolj\u0161anje, medtem ko je bilo v 35 dr\u017eavah zabele\u017eeno zmanj\u0161anje svobo\u0161\u010din, kar je najmanj\u0161e \u0161tevilo od za\u010detka negativnega vzorca. Leto pred tem je bilo takih dr\u017eav 60, v letu 2020 pa 70.<\/p>\n<p>Poro\u010dilo med drugim omenja poslab\u0161anje pravic in svobode v Ukrajini po ruski invaziji na to dr\u017eavo s ciljem strmoglavljenja demokrati\u010dno izvoljene vlade v Kijevu. Med dr\u017eavami, kjer je pri\u0161lo do poslab\u0161anja stanja, izpostavlja Peru in Burkino Faso, ter ugotavlja zmanj\u0161anje svobo\u0161\u010din v Rusiji, Nikaragvi, Salvadorju in na Mad\u017earskem.<\/p>\n<p>Med dr\u017eavami, za katere poro\u010dilo ugotavlja izbolj\u0161anje, je tudi Slovenija, ki je ozna\u010dena kot &#8220;svobodna dr\u017eava&#8221;. Na lestvici globalne ocene svobode je zbrala 95 od 100 mo\u017enih to\u010dk in v primerjavi z letom 2021 napredovala za pet to\u010dk. Za politi\u010dne pravice je dobila 39 to\u010dk, 56 to\u010dk pa za dr\u017eavljanske svobo\u0161\u010dine.<\/p>\n<p>V poro\u010dilu o Sloveniji Freedom House kot pomembnej\u0161e dogodke, ki so se zgodili v letu 2022, navaja poraz stranke SDS Janeza Jan\u0161e na aprilskih volitvah in izvolitev Roberta Goloba za premierja. Omenja \u0161e izvolitev Nata\u0161e Pirc Musar za predsednico republike in razsodbo ustavnega sodi\u0161\u010da, da je zakonodaja, ki onemogo\u010da istospolne poroke in posvojitve, neustavna. Omenja tudi podporo vladnemu predlogu na novembrskem referendumu glede zakona o RTV.<\/p>\n<p>V oceni stanja pravic in svobo\u0161\u010din po posameznih podro\u010djih pa poro\u010dilo med drugim kot zaskrbljujo\u010do v letu 2022 omenja korupcijo. Glede svobode izra\u017eanja poudarja, da imajo podjetja v dr\u017eavni lasti dele\u017ee v ve\u010d medijih, zaradi \u010desar so ti ranljivi za vladne posege. Lastni\u0161tvo medijev je v\u010dasih nepregledno, na novinarje pa pritiskajo mo\u010dni poslovni interesi in so zaradi svojega poro\u010danja ob\u010dasno dele\u017eni nadlegovanja, navaja.<\/p>\n<p>Opozarja tudi na nekatere pomanjkljivosti glede varstva enakosti pravic, pri \u010demer omenja polo\u017eaj Romov, ki se soo\u010dajo z rev\u0161\u010dino ter so med drugim izpostavljeni sovra\u017enemu govoru in dru\u017ebeno marginalizirani. \u010ceprav obstaja pravna za\u0161\u010dita pred diskriminacijo na podlagi spolne usmerjenosti, pa diskriminacija proti pripadnikom skupnosti LGBT+ ostaja izziv, \u0161e pi\u0161e v poro\u010dilu. To omenja tudi polo\u017eaj tujih delavcev v Sloveniji, ki da so izpostavljeni tveganju izkori\u0161\u010danja.<\/p>\n<p>Med dr\u017eavami \u010dlanicami EU sta bili najbolje ocenjeni \u0160vedska in Finska, ki sta prejeli vsaka po 100 to\u010dk. Sledijo Nizozemska, Irska, Luksemburg in Danska s po 97 to\u010dkami. Mad\u017earska je edina \u010dlanica, ki je s 66 to\u010dkami ozna\u010dena kot &#8220;delno svobodna&#8221;.<\/p>\n<p>Sosednja Hrva\u0161ka ima 84 to\u010dk, pri \u010demer je v primerjavi z letom prej izgubila eno to\u010dko. Poro\u010dilo pri tem kot zaskrbljujo\u010de navaja korupcijo in diskriminacijo dolo\u010denih manj\u0161in.<\/p>\n<p>Dr\u017eave Zahodnega Balkana so ozna\u010dene kot delno svobodne, pri \u010demer ima Severna Makedonija 68 to\u010dk, Albanija in \u010crna gora po 67, Srbija in Kosovo po 60 to\u010dk, Bosna in Hercegovina pa 52 to\u010dk.<\/p>\n","protected":false},"excerpt":{"rendered":"<p>Ameri\u0161ka nevladna organizacija Freedom House, ki ocenjuje raven svobode in demokracije po svetu, v najnovej\u0161em letnem poro\u010dilu ugotavlja, da je kljub nazadovanju na podro\u010dju pravic in svobo\u0161\u010din v svetu v lanskem letu mo\u010d opaziti izbolj\u0161anje v posameznih dr\u017eavah. Med temi omenja tudi Slovenijo, ki je na lestvici svobo\u0161\u010din pridobila pet to\u010dk.<\/p>\n","protected":false},"author":7,"featured_media":468411,"comment_status":"closed","ping_status":"closed","sticky":false,"template":"","format":"standard","meta":{"footnotes":""},"categories":[18201],"tags":[11885,4632],"source":[4511],"supertag":[],"acf":[],"yoast_head":"<!-- This site is optimized with the Yoast SEO plugin v21.3 - https:\/\/yoast.com\/wordpress\/plugins\/seo\/ -->\n<title>Po volilnem porazu stranke SDS je Slovenija ob\u010dutno napredovala na podro\u010dju pravic in svobo\u0161\u010din - Hudo Slovenija<\/title>\n<meta name=\"robots\" content=\"index, follow, max-snippet:-1, max-image-preview:large, max-video-preview:-1\" \/>\n<link rel=\"canonical\" href=\"https:\/\/hudo.com\/si\/aktualno\/slovenija\/po-volilnem-porazu-stranke-sds-je-slovenija-obcutno-napredovala-na-podrocju-pravic-in-svoboscin\/\" \/>\n<meta property=\"og:locale\" content=\"sl_SI\" \/>\n<meta property=\"og:type\" content=\"article\" \/>\n<meta property=\"og:title\" content=\"Po volilnem porazu stranke SDS je Slovenija ob\u010dutno napredovala na podro\u010dju pravic in svobo\u0161\u010din - Hudo Slovenija\" \/>\n<meta property=\"og:description\" content=\"Ameri\u0161ka nevladna organizacija Freedom House, ki ocenjuje raven svobode in demokracije po svetu, v najnovej\u0161em letnem poro\u010dilu ugotavlja, da je kljub nazadovanju na podro\u010dju pravic in svobo\u0161\u010din v svetu v lanskem letu mo\u010d opaziti izbolj\u0161anje v posameznih dr\u017eavah. Med temi omenja tudi Slovenijo, ki je na lestvici svobo\u0161\u010din pridobila pet to\u010dk.\" \/>\n<meta property=\"og:url\" content=\"https:\/\/hudo.com\/si\/aktualno\/slovenija\/po-volilnem-porazu-stranke-sds-je-slovenija-obcutno-napredovala-na-podrocju-pravic-in-svoboscin\/\" \/>\n<meta property=\"og:site_name\" content=\"Hudo Slovenija\" \/>\n<meta property=\"article:publisher\" content=\"https:\/\/www.facebook.com\/hudo.si\" \/>\n<meta property=\"article:published_time\" content=\"2023-03-09T16:30:10+00:00\" \/>\n<meta property=\"og:image\" content=\"https:\/\/hudo.com\/si\/wp-content\/uploads\/sites\/2\/2022\/05\/20210908-01081210.jpg\" \/>\n\t<meta property=\"og:image:width\" content=\"640\" \/>\n\t<meta property=\"og:image:height\" content=\"426\" \/>\n\t<meta property=\"og:image:type\" content=\"image\/jpeg\" \/>\n<meta name=\"author\" content=\"A. P., STA\" \/>\n<meta name=\"twitter:card\" content=\"summary_large_image\" \/>\n<meta name=\"twitter:creator\" content=\"@hudo_si\" \/>\n<meta name=\"twitter:site\" content=\"@hudo_si\" \/>\n<meta name=\"twitter:label1\" content=\"Written by\" \/>\n\t<meta name=\"twitter:data1\" content=\"A. P., STA\" \/>\n\t<meta name=\"twitter:label2\" content=\"Est. reading time\" \/>\n\t<meta name=\"twitter:data2\" content=\"3 minute\" \/>\n<script type=\"application\/ld+json\" class=\"yoast-schema-graph\">{\"@context\":\"https:\/\/schema.org\",\"@graph\":[{\"@type\":\"Article\",\"@id\":\"https:\/\/hudo.com\/si\/aktualno\/slovenija\/po-volilnem-porazu-stranke-sds-je-slovenija-obcutno-napredovala-na-podrocju-pravic-in-svoboscin\/#article\",\"isPartOf\":{\"@id\":\"https:\/\/hudo.com\/si\/aktualno\/slovenija\/po-volilnem-porazu-stranke-sds-je-slovenija-obcutno-napredovala-na-podrocju-pravic-in-svoboscin\/\"},\"author\":{\"name\":\"A. P., STA\",\"@id\":\"https:\/\/hudo.com\/si\/#\/schema\/person\/18f09c02475ba9e606e941a565b80cff\"},\"headline\":\"Po volilnem porazu stranke SDS je Slovenija ob\u010dutno napredovala na podro\u010dju pravic in svobo\u0161\u010din\",\"datePublished\":\"2023-03-09T16:30:10+00:00\",\"dateModified\":\"2023-03-09T16:30:10+00:00\",\"mainEntityOfPage\":{\"@id\":\"https:\/\/hudo.com\/si\/aktualno\/slovenija\/po-volilnem-porazu-stranke-sds-je-slovenija-obcutno-napredovala-na-podrocju-pravic-in-svoboscin\/\"},\"wordCount\":621,\"publisher\":{\"@id\":\"https:\/\/hudo.com\/si\/#organization\"},\"keywords\":[\"demokracija\",\"SDS\"],\"articleSection\":[\"Slovenija\"],\"inLanguage\":\"sl-SI\"},{\"@type\":\"WebPage\",\"@id\":\"https:\/\/hudo.com\/si\/aktualno\/slovenija\/po-volilnem-porazu-stranke-sds-je-slovenija-obcutno-napredovala-na-podrocju-pravic-in-svoboscin\/\",\"url\":\"https:\/\/hudo.com\/si\/aktualno\/slovenija\/po-volilnem-porazu-stranke-sds-je-slovenija-obcutno-napredovala-na-podrocju-pravic-in-svoboscin\/\",\"name\":\"Po volilnem porazu stranke SDS je Slovenija ob\u010dutno napredovala na podro\u010dju pravic in svobo\u0161\u010din - Hudo Slovenija\",\"isPartOf\":{\"@id\":\"https:\/\/hudo.com\/si\/#website\"},\"datePublished\":\"2023-03-09T16:30:10+00:00\",\"dateModified\":\"2023-03-09T16:30:10+00:00\",\"breadcrumb\":{\"@id\":\"https:\/\/hudo.com\/si\/aktualno\/slovenija\/po-volilnem-porazu-stranke-sds-je-slovenija-obcutno-napredovala-na-podrocju-pravic-in-svoboscin\/#breadcrumb\"},\"inLanguage\":\"sl-SI\",\"potentialAction\":[{\"@type\":\"ReadAction\",\"target\":[\"https:\/\/hudo.com\/si\/aktualno\/slovenija\/po-volilnem-porazu-stranke-sds-je-slovenija-obcutno-napredovala-na-podrocju-pravic-in-svoboscin\/\"]}]},{\"@type\":\"BreadcrumbList\",\"@id\":\"https:\/\/hudo.com\/si\/aktualno\/slovenija\/po-volilnem-porazu-stranke-sds-je-slovenija-obcutno-napredovala-na-podrocju-pravic-in-svoboscin\/#breadcrumb\",\"itemListElement\":[{\"@type\":\"ListItem\",\"position\":1,\"name\":\"Home\",\"item\":\"https:\/\/hudo.com\/si\/\"},{\"@type\":\"ListItem\",\"position\":2,\"name\":\"Po volilnem porazu stranke SDS je Slovenija ob\u010dutno napredovala na podro\u010dju pravic in svobo\u0161\u010din\"}]},{\"@type\":\"WebSite\",\"@id\":\"https:\/\/hudo.com\/si\/#website\",\"url\":\"https:\/\/hudo.com\/si\/\",\"name\":\"Hudo Slovenija\",\"description\":\"Vse novice iz Slovenije in sveta\",\"publisher\":{\"@id\":\"https:\/\/hudo.com\/si\/#organization\"},\"potentialAction\":[{\"@type\":\"SearchAction\",\"target\":{\"@type\":\"EntryPoint\",\"urlTemplate\":\"https:\/\/hudo.com\/si\/?s={search_term_string}\"},\"query-input\":\"required name=search_term_string\"}],\"inLanguage\":\"sl-SI\"},{\"@type\":\"Organization\",\"@id\":\"https:\/\/hudo.com\/si\/#organization\",\"name\":\"VSN Media\",\"url\":\"https:\/\/hudo.com\/si\/\",\"logo\":{\"@type\":\"ImageObject\",\"inLanguage\":\"sl-SI\",\"@id\":\"https:\/\/hudo.com\/si\/#\/schema\/logo\/image\/\",\"url\":\"https:\/\/hudo.com\/si\/wp-content\/uploads\/sites\/2\/2021\/03\/hudo-app-2.png\",\"contentUrl\":\"https:\/\/hudo.com\/si\/wp-content\/uploads\/sites\/2\/2021\/03\/hudo-app-2.png\",\"width\":2185,\"height\":2167,\"caption\":\"VSN Media\"},\"image\":{\"@id\":\"https:\/\/hudo.com\/si\/#\/schema\/logo\/image\/\"},\"sameAs\":[\"https:\/\/www.facebook.com\/hudo.si\",\"https:\/\/twitter.com\/hudo_si\"]},{\"@type\":\"Person\",\"@id\":\"https:\/\/hudo.com\/si\/#\/schema\/person\/18f09c02475ba9e606e941a565b80cff\",\"name\":\"A. P., STA\",\"image\":{\"@type\":\"ImageObject\",\"inLanguage\":\"sl-SI\",\"@id\":\"https:\/\/hudo.com\/si\/#\/schema\/person\/image\/\",\"url\":\"https:\/\/secure.gravatar.com\/avatar\/03eac8e609f5f04383125d80eaeaaf3e?s=96&d=mm&r=g\",\"contentUrl\":\"https:\/\/secure.gravatar.com\/avatar\/03eac8e609f5f04383125d80eaeaaf3e?s=96&d=mm&r=g\",\"caption\":\"A. P., STA\"},\"url\":\"https:\/\/hudo.com\/si\/author\/lubu\/\"}]}<\/script>\n<!-- \/ Yoast SEO plugin. -->","yoast_head_json":{"title":"Po volilnem porazu stranke SDS je Slovenija ob\u010dutno napredovala na podro\u010dju pravic in svobo\u0161\u010din - Hudo Slovenija","robots":{"index":"index","follow":"follow","max-snippet":"max-snippet:-1","max-image-preview":"max-image-preview:large","max-video-preview":"max-video-preview:-1"},"canonical":"https:\/\/hudo.com\/si\/aktualno\/slovenija\/po-volilnem-porazu-stranke-sds-je-slovenija-obcutno-napredovala-na-podrocju-pravic-in-svoboscin\/","og_locale":"sl_SI","og_type":"article","og_title":"Po volilnem porazu stranke SDS je Slovenija ob\u010dutno napredovala na podro\u010dju pravic in svobo\u0161\u010din - Hudo Slovenija","og_description":"Ameri\u0161ka nevladna organizacija Freedom House, ki ocenjuje raven svobode in demokracije po svetu, v najnovej\u0161em letnem poro\u010dilu ugotavlja, da je kljub nazadovanju na podro\u010dju pravic in svobo\u0161\u010din v svetu v lanskem letu mo\u010d opaziti izbolj\u0161anje v posameznih dr\u017eavah. Med temi omenja tudi Slovenijo, ki je na lestvici svobo\u0161\u010din pridobila pet to\u010dk.","og_url":"https:\/\/hudo.com\/si\/aktualno\/slovenija\/po-volilnem-porazu-stranke-sds-je-slovenija-obcutno-napredovala-na-podrocju-pravic-in-svoboscin\/","og_site_name":"Hudo Slovenija","article_publisher":"https:\/\/www.facebook.com\/hudo.si","article_published_time":"2023-03-09T16:30:10+00:00","og_image":[{"width":640,"height":426,"url":"https:\/\/hudo.com\/si\/wp-content\/uploads\/sites\/2\/2022\/05\/20210908-01081210.jpg","type":"image\/jpeg"}],"author":"A. P., STA","twitter_card":"summary_large_image","twitter_creator":"@hudo_si","twitter_site":"@hudo_si","twitter_misc":{"Written by":"A. P., STA","Est. reading time":"3 minute"},"schema":{"@context":"https:\/\/schema.org","@graph":[{"@type":"Article","@id":"https:\/\/hudo.com\/si\/aktualno\/slovenija\/po-volilnem-porazu-stranke-sds-je-slovenija-obcutno-napredovala-na-podrocju-pravic-in-svoboscin\/#article","isPartOf":{"@id":"https:\/\/hudo.com\/si\/aktualno\/slovenija\/po-volilnem-porazu-stranke-sds-je-slovenija-obcutno-napredovala-na-podrocju-pravic-in-svoboscin\/"},"author":{"name":"A. P., STA","@id":"https:\/\/hudo.com\/si\/#\/schema\/person\/18f09c02475ba9e606e941a565b80cff"},"headline":"Po volilnem porazu stranke SDS je Slovenija ob\u010dutno napredovala na podro\u010dju pravic in svobo\u0161\u010din","datePublished":"2023-03-09T16:30:10+00:00","dateModified":"2023-03-09T16:30:10+00:00","mainEntityOfPage":{"@id":"https:\/\/hudo.com\/si\/aktualno\/slovenija\/po-volilnem-porazu-stranke-sds-je-slovenija-obcutno-napredovala-na-podrocju-pravic-in-svoboscin\/"},"wordCount":621,"publisher":{"@id":"https:\/\/hudo.com\/si\/#organization"},"keywords":["demokracija","SDS"],"articleSection":["Slovenija"],"inLanguage":"sl-SI"},{"@type":"WebPage","@id":"https:\/\/hudo.com\/si\/aktualno\/slovenija\/po-volilnem-porazu-stranke-sds-je-slovenija-obcutno-napredovala-na-podrocju-pravic-in-svoboscin\/","url":"https:\/\/hudo.com\/si\/aktualno\/slovenija\/po-volilnem-porazu-stranke-sds-je-slovenija-obcutno-napredovala-na-podrocju-pravic-in-svoboscin\/","name":"Po volilnem porazu stranke SDS je Slovenija ob\u010dutno napredovala na podro\u010dju pravic in svobo\u0161\u010din - Hudo Slovenija","isPartOf":{"@id":"https:\/\/hudo.com\/si\/#website"},"datePublished":"2023-03-09T16:30:10+00:00","dateModified":"2023-03-09T16:30:10+00:00","breadcrumb":{"@id":"https:\/\/hudo.com\/si\/aktualno\/slovenija\/po-volilnem-porazu-stranke-sds-je-slovenija-obcutno-napredovala-na-podrocju-pravic-in-svoboscin\/#breadcrumb"},"inLanguage":"sl-SI","potentialAction":[{"@type":"ReadAction","target":["https:\/\/hudo.com\/si\/aktualno\/slovenija\/po-volilnem-porazu-stranke-sds-je-slovenija-obcutno-napredovala-na-podrocju-pravic-in-svoboscin\/"]}]},{"@type":"BreadcrumbList","@id":"https:\/\/hudo.com\/si\/aktualno\/slovenija\/po-volilnem-porazu-stranke-sds-je-slovenija-obcutno-napredovala-na-podrocju-pravic-in-svoboscin\/#breadcrumb","itemListElement":[{"@type":"ListItem","position":1,"name":"Home","item":"https:\/\/hudo.com\/si\/"},{"@type":"ListItem","position":2,"name":"Po volilnem porazu stranke SDS je Slovenija ob\u010dutno napredovala na podro\u010dju pravic in svobo\u0161\u010din"}]},{"@type":"WebSite","@id":"https:\/\/hudo.com\/si\/#website","url":"https:\/\/hudo.com\/si\/","name":"Hudo Slovenija","description":"Vse novice iz Slovenije in sveta","publisher":{"@id":"https:\/\/hudo.com\/si\/#organization"},"potentialAction":[{"@type":"SearchAction","target":{"@type":"EntryPoint","urlTemplate":"https:\/\/hudo.com\/si\/?s={search_term_string}"},"query-input":"required name=search_term_string"}],"inLanguage":"sl-SI"},{"@type":"Organization","@id":"https:\/\/hudo.com\/si\/#organization","name":"VSN Media","url":"https:\/\/hudo.com\/si\/","logo":{"@type":"ImageObject","inLanguage":"sl-SI","@id":"https:\/\/hudo.com\/si\/#\/schema\/logo\/image\/","url":"https:\/\/hudo.com\/si\/wp-content\/uploads\/sites\/2\/2021\/03\/hudo-app-2.png","contentUrl":"https:\/\/hudo.com\/si\/wp-content\/uploads\/sites\/2\/2021\/03\/hudo-app-2.png","width":2185,"height":2167,"caption":"VSN Media"},"image":{"@id":"https:\/\/hudo.com\/si\/#\/schema\/logo\/image\/"},"sameAs":["https:\/\/www.facebook.com\/hudo.si","https:\/\/twitter.com\/hudo_si"]},{"@type":"Person","@id":"https:\/\/hudo.com\/si\/#\/schema\/person\/18f09c02475ba9e606e941a565b80cff","name":"A. P., STA","image":{"@type":"ImageObject","inLanguage":"sl-SI","@id":"https:\/\/hudo.com\/si\/#\/schema\/person\/image\/","url":"https:\/\/secure.gravatar.com\/avatar\/03eac8e609f5f04383125d80eaeaaf3e?s=96&d=mm&r=g","contentUrl":"https:\/\/secure.gravatar.com\/avatar\/03eac8e609f5f04383125d80eaeaaf3e?s=96&d=mm&r=g","caption":"A. P., STA"},"url":"https:\/\/hudo.com\/si\/author\/lubu\/"}]}},"amp_enabled":true,"_links":{"self":[{"href":"https:\/\/hudo.com\/si\/wp-json\/wp\/v2\/posts\/480066"}],"collection":[{"href":"https:\/\/hudo.com\/si\/wp-json\/wp\/v2\/posts"}],"about":[{"href":"https:\/\/hudo.com\/si\/wp-json\/wp\/v2\/types\/post"}],"author":[{"embeddable":true,"href":"https:\/\/hudo.com\/si\/wp-json\/wp\/v2\/users\/7"}],"replies":[{"embeddable":true,"href":"https:\/\/hudo.com\/si\/wp-json\/wp\/v2\/comments?post=480066"}],"version-history":[{"count":1,"href":"https:\/\/hudo.com\/si\/wp-json\/wp\/v2\/posts\/480066\/revisions"}],"predecessor-version":[{"id":480067,"href":"https:\/\/hudo.com\/si\/wp-json\/wp\/v2\/posts\/480066\/revisions\/480067"}],"wp:featuredmedia":[{"embeddable":true,"href":"https:\/\/hudo.com\/si\/wp-json\/wp\/v2\/media\/468411"}],"wp:attachment":[{"href":"https:\/\/hudo.com\/si\/wp-json\/wp\/v2\/media?parent=480066"}],"wp:term":[{"taxonomy":"category","embeddable":true,"href":"https:\/\/hudo.com\/si\/wp-json\/wp\/v2\/categories?post=480066"},{"taxonomy":"post_tag","embeddable":true,"href":"https:\/\/hudo.com\/si\/wp-json\/wp\/v2\/tags?post=480066"},{"taxonomy":"source","embeddable":true,"href":"https:\/\/hudo.com\/si\/wp-json\/wp\/v2\/source?post=480066"},{"taxonomy":"supertag","embeddable":true,"href":"https:\/\/hudo.com\/si\/wp-json\/wp\/v2\/supertag?post=480066"}],"curies":[{"name":"wp","href":"https:\/\/api.w.org\/{rel}","templated":true}]}}