{"id":480694,"date":"2023-04-06T17:46:40","date_gmt":"2023-04-06T15:46:40","guid":{"rendered":"https:\/\/hudo.com\/si\/?p=480694"},"modified":"2023-04-06T17:46:40","modified_gmt":"2023-04-06T15:46:40","slug":"stevilke-dokazujejo-da-dvig-premij-dopolnilnega-zavarovanja-ni-upravicen","status":"publish","type":"post","link":"https:\/\/hudo.com\/si\/aktualno\/slovenija\/stevilke-dokazujejo-da-dvig-premij-dopolnilnega-zavarovanja-ni-upravicen\/","title":{"rendered":"&#8220;\u0160tevilke dokazujejo, da dvig premij dopolnilnega zavarovanja ni upravi\u010den&#8221;"},"content":{"rendered":"<p>Iz letnega poro\u010dila Agencije za zavarovalni\u0161ki nadzor je razvidno, da so zavarovalnice v letu 2020 zbrale 626 milijonov evrov iz naslova premij za dopolnilno zavarovanje. Od tega je \u0161lo za izvajanje storitev zdravstvenega zavarovanja 498 milijonov evrov, pri \u010demer so obratovalni stro\u0161ki zavarovalnic predstavljali 47 milijonov evrov, \u010distega izida pa so imele 17 milijonov evrov. 60 milijonov evrov, ki bi jim sicer pripadel kot del dobi\u010dka, so morale vlo\u017eiti v program skraj\u0161evanja \u010dakalnih vrst. Za 2021 so \u0161tevilke podobne &#8211; zbranega je bilo malo manj denarja, za zdravljenje pa ga je bilo porabljenega nekaj ve\u010d, so v Levici izsledke poro\u010dila povzeli v sporo\u010dilu za javnost.<\/p>\n<p>Zavarovalnice za pla\u010dilo zdravstvenih stro\u0161kov namenijo dobrih 87 odstotkov sredstev, zbranih iz naslova dopolnilnega zdravstvenega zavarovanja. Od leta 2006 so imele vse skupaj 120,9 milijonov evrov \u010distega izida. Obratovalni stro\u0161ki zavarovalnic predstavljajo dobrih 10 odstotkov prihodkov. \u0160tevilka se od leta 2006 vsako leto giblje okoli 50 milijonov evrov.<\/p>\n<p>\u010ce bi s temi sredstvi upravljal Zavod za zdravstveno zavarovanje Slovenije (ZZZS), \u010digar obratovalni stro\u0161ki predstavljajo 1,8 odstotka zbranih sredstev, bi na letni ravni za zdravstvo lahko namenili dodatnih 45 milijonov. Od leta 2006 bi se tako v zdravstveni blagajni nabralo dodatnih 750,52 milijonov evrov, navajajo v Levici.<\/p>\n<p>Dopolnilno zdravstveno zavarovanje je izjemno nesocialna, nepravi\u010dna in prikrito obvezna dajatev, ki nesorazmerno obremenjuje najranljivej\u0161e skupine prebivalstva, medtem ko se v \u017eepe zavarovalnic kanalizira ogromne koli\u010dine denarja, so zapisali v stranki.<\/p>\n<p>Po njihovih navedbah je zavarovalnica Generali, ki je napovedala dvig premije dopolnilnega zavarovanja, lani pridelala 15.006.220 evrov \u010distega dobi\u010dka, leto prej pa 26.413.811 evrov. Od tega je predstavljal \u010disti izid iz naslova dopolnilnega zavarovanja za 2021 dobre tri milijone evrov, dopolnilno zavarovanje je torej zavarovalnici Generali v letu 2021 predstavljalo dobrih 10 odstotkov dobi\u010dka, so navedli.<\/p>\n<p>&#8220;Ker je dajatev za dopolnilno zavarovanje nepravi\u010dna in nesocialna, smo v Levici pred leti (2019) tudi predlagali prenos te de facto dajatve v pla\u010dni sistem, kar bi za posledico imelo solidarno in pravi\u010dnej\u0161o porazdelitev bremen. Za veliko ve\u010dino ljudi bi tak prenos predstavljal manj\u0161i stro\u0161ek &#8211; \u0161e posebej po dodatnem dvigu, ki ga zavarovalnice na\u010drtujejo,&#8221; so poudarili v Levici.<\/p>\n<p>Zavarovalnice si po mnenju stranke ne smejo na ra\u010dun najranljivej\u0161ih skupin prebivalstva vzeti pravice skrbeti za svoje dobi\u010dke, sploh ne v \u010dasu cenovne krize in \u017ee tako velikih negotovosti v zdravstveni oskrbi.<\/p>\n<p>&#8220;V Levici bomo vztrajali, da v skladu s koalicijskim dogovorom in skladno s \u010dasovnico ministrstva za zdravje do konca leta ukinemo dopolnilno zdravstveno zavarovanje ter poskrbimo, da se zdravstvena oskrba ne bo izvajala z namenom polnjenja \u017eepov delni\u010darjev zavarovalnic,&#8221; so napovedali.<\/p>\n","protected":false},"excerpt":{"rendered":"<p>V Levici po pregledu letnih poro\u010dil zavarovalni\u0161kega sektorja ugotavljajo, da 30-odstotni dvig premije dopolnilnega zdravstvenega zavarovanja ene od zavarovalnic ni upravi\u010den. Ocenjujejo tudi, da bi bilo mogo\u010de na leto pri obratovalnih stro\u0161kih prihraniti najmanj 45 milijonov evrov, ki bi jih lahko namenili javni blagajni.<\/p>\n","protected":false},"author":5,"featured_media":480695,"comment_status":"closed","ping_status":"closed","sticky":false,"template":"","format":"standard","meta":{"footnotes":""},"categories":[18201],"tags":[14596,8983,1595,4997],"source":[4511],"supertag":[5675],"acf":[],"yoast_head":"<!-- This site is optimized with the Yoast SEO plugin v21.3 - https:\/\/yoast.com\/wordpress\/plugins\/seo\/ -->\n<title>&quot;\u0160tevilke dokazujejo, da dvig premij dopolnilnega zavarovanja ni upravi\u010den&quot; - Hudo Slovenija<\/title>\n<meta name=\"robots\" content=\"index, follow, max-snippet:-1, max-image-preview:large, max-video-preview:-1\" \/>\n<link rel=\"canonical\" href=\"https:\/\/hudo.com\/si\/aktualno\/slovenija\/stevilke-dokazujejo-da-dvig-premij-dopolnilnega-zavarovanja-ni-upravicen\/\" \/>\n<meta property=\"og:locale\" content=\"sl_SI\" \/>\n<meta property=\"og:type\" content=\"article\" \/>\n<meta property=\"og:title\" content=\"&quot;\u0160tevilke dokazujejo, da dvig premij dopolnilnega zavarovanja ni upravi\u010den&quot; - Hudo Slovenija\" \/>\n<meta property=\"og:description\" content=\"V Levici po pregledu letnih poro\u010dil zavarovalni\u0161kega sektorja ugotavljajo, da 30-odstotni dvig premije dopolnilnega zdravstvenega zavarovanja ene od zavarovalnic ni upravi\u010den. Ocenjujejo tudi, da bi bilo mogo\u010de na leto pri obratovalnih stro\u0161kih prihraniti najmanj 45 milijonov evrov, ki bi jih lahko namenili javni blagajni.\" \/>\n<meta property=\"og:url\" content=\"https:\/\/hudo.com\/si\/aktualno\/slovenija\/stevilke-dokazujejo-da-dvig-premij-dopolnilnega-zavarovanja-ni-upravicen\/\" \/>\n<meta property=\"og:site_name\" content=\"Hudo Slovenija\" \/>\n<meta property=\"article:publisher\" content=\"https:\/\/www.facebook.com\/hudo.si\" \/>\n<meta property=\"article:published_time\" content=\"2023-04-06T15:46:40+00:00\" \/>\n<meta property=\"og:image\" content=\"https:\/\/hudo.com\/si\/wp-content\/uploads\/sites\/2\/2023\/04\/profimedia-0658317296.jpg\" \/>\n\t<meta property=\"og:image:width\" content=\"1536\" \/>\n\t<meta property=\"og:image:height\" content=\"1024\" \/>\n\t<meta property=\"og:image:type\" content=\"image\/jpeg\" \/>\n<meta name=\"author\" content=\"A. G., STA\" \/>\n<meta name=\"twitter:card\" content=\"summary_large_image\" \/>\n<meta name=\"twitter:creator\" content=\"@hudo_si\" \/>\n<meta name=\"twitter:site\" content=\"@hudo_si\" \/>\n<meta name=\"twitter:label1\" content=\"Written by\" \/>\n\t<meta name=\"twitter:data1\" content=\"A. G., STA\" \/>\n\t<meta name=\"twitter:label2\" content=\"Est. reading time\" \/>\n\t<meta name=\"twitter:data2\" content=\"2 minuti\" \/>\n<script type=\"application\/ld+json\" class=\"yoast-schema-graph\">{\"@context\":\"https:\/\/schema.org\",\"@graph\":[{\"@type\":\"Article\",\"@id\":\"https:\/\/hudo.com\/si\/aktualno\/slovenija\/stevilke-dokazujejo-da-dvig-premij-dopolnilnega-zavarovanja-ni-upravicen\/#article\",\"isPartOf\":{\"@id\":\"https:\/\/hudo.com\/si\/aktualno\/slovenija\/stevilke-dokazujejo-da-dvig-premij-dopolnilnega-zavarovanja-ni-upravicen\/\"},\"author\":{\"name\":\"A. G., STA\",\"@id\":\"https:\/\/hudo.com\/si\/#\/schema\/person\/2391667a63ea075ba94f2f2dc6b77537\"},\"headline\":\"&#8220;\u0160tevilke dokazujejo, da dvig premij dopolnilnega zavarovanja ni upravi\u010den&#8221;\",\"datePublished\":\"2023-04-06T15:46:40+00:00\",\"dateModified\":\"2023-04-06T15:46:40+00:00\",\"mainEntityOfPage\":{\"@id\":\"https:\/\/hudo.com\/si\/aktualno\/slovenija\/stevilke-dokazujejo-da-dvig-premij-dopolnilnega-zavarovanja-ni-upravicen\/\"},\"wordCount\":436,\"publisher\":{\"@id\":\"https:\/\/hudo.com\/si\/#organization\"},\"keywords\":[\"dopolnilno zdravstveno zavarovanje\",\"levica\",\"Slovenija\",\"zdravstvo\"],\"articleSection\":[\"Slovenija\"],\"inLanguage\":\"sl-SI\"},{\"@type\":\"WebPage\",\"@id\":\"https:\/\/hudo.com\/si\/aktualno\/slovenija\/stevilke-dokazujejo-da-dvig-premij-dopolnilnega-zavarovanja-ni-upravicen\/\",\"url\":\"https:\/\/hudo.com\/si\/aktualno\/slovenija\/stevilke-dokazujejo-da-dvig-premij-dopolnilnega-zavarovanja-ni-upravicen\/\",\"name\":\"\\\"\u0160tevilke dokazujejo, da dvig premij dopolnilnega zavarovanja ni upravi\u010den\\\" - Hudo Slovenija\",\"isPartOf\":{\"@id\":\"https:\/\/hudo.com\/si\/#website\"},\"datePublished\":\"2023-04-06T15:46:40+00:00\",\"dateModified\":\"2023-04-06T15:46:40+00:00\",\"breadcrumb\":{\"@id\":\"https:\/\/hudo.com\/si\/aktualno\/slovenija\/stevilke-dokazujejo-da-dvig-premij-dopolnilnega-zavarovanja-ni-upravicen\/#breadcrumb\"},\"inLanguage\":\"sl-SI\",\"potentialAction\":[{\"@type\":\"ReadAction\",\"target\":[\"https:\/\/hudo.com\/si\/aktualno\/slovenija\/stevilke-dokazujejo-da-dvig-premij-dopolnilnega-zavarovanja-ni-upravicen\/\"]}]},{\"@type\":\"BreadcrumbList\",\"@id\":\"https:\/\/hudo.com\/si\/aktualno\/slovenija\/stevilke-dokazujejo-da-dvig-premij-dopolnilnega-zavarovanja-ni-upravicen\/#breadcrumb\",\"itemListElement\":[{\"@type\":\"ListItem\",\"position\":1,\"name\":\"Home\",\"item\":\"https:\/\/hudo.com\/si\/\"},{\"@type\":\"ListItem\",\"position\":2,\"name\":\"&#8220;\u0160tevilke dokazujejo, da dvig premij dopolnilnega zavarovanja ni upravi\u010den&#8221;\"}]},{\"@type\":\"WebSite\",\"@id\":\"https:\/\/hudo.com\/si\/#website\",\"url\":\"https:\/\/hudo.com\/si\/\",\"name\":\"Hudo Slovenija\",\"description\":\"Vse novice iz Slovenije in sveta\",\"publisher\":{\"@id\":\"https:\/\/hudo.com\/si\/#organization\"},\"potentialAction\":[{\"@type\":\"SearchAction\",\"target\":{\"@type\":\"EntryPoint\",\"urlTemplate\":\"https:\/\/hudo.com\/si\/?s={search_term_string}\"},\"query-input\":\"required name=search_term_string\"}],\"inLanguage\":\"sl-SI\"},{\"@type\":\"Organization\",\"@id\":\"https:\/\/hudo.com\/si\/#organization\",\"name\":\"VSN Media\",\"url\":\"https:\/\/hudo.com\/si\/\",\"logo\":{\"@type\":\"ImageObject\",\"inLanguage\":\"sl-SI\",\"@id\":\"https:\/\/hudo.com\/si\/#\/schema\/logo\/image\/\",\"url\":\"https:\/\/hudo.com\/si\/wp-content\/uploads\/sites\/2\/2021\/03\/hudo-app-2.png\",\"contentUrl\":\"https:\/\/hudo.com\/si\/wp-content\/uploads\/sites\/2\/2021\/03\/hudo-app-2.png\",\"width\":2185,\"height\":2167,\"caption\":\"VSN Media\"},\"image\":{\"@id\":\"https:\/\/hudo.com\/si\/#\/schema\/logo\/image\/\"},\"sameAs\":[\"https:\/\/www.facebook.com\/hudo.si\",\"https:\/\/twitter.com\/hudo_si\"]},{\"@type\":\"Person\",\"@id\":\"https:\/\/hudo.com\/si\/#\/schema\/person\/2391667a63ea075ba94f2f2dc6b77537\",\"name\":\"A. G., STA\",\"image\":{\"@type\":\"ImageObject\",\"inLanguage\":\"sl-SI\",\"@id\":\"https:\/\/hudo.com\/si\/#\/schema\/person\/image\/\",\"url\":\"https:\/\/secure.gravatar.com\/avatar\/e13d22ac3e442658d5025fbbe6238a79?s=96&d=mm&r=g\",\"contentUrl\":\"https:\/\/secure.gravatar.com\/avatar\/e13d22ac3e442658d5025fbbe6238a79?s=96&d=mm&r=g\",\"caption\":\"A. G., STA\"},\"url\":\"https:\/\/hudo.com\/si\/author\/alenka\/\"}]}<\/script>\n<!-- \/ Yoast SEO plugin. -->","yoast_head_json":{"title":"\"\u0160tevilke dokazujejo, da dvig premij dopolnilnega zavarovanja ni upravi\u010den\" - Hudo Slovenija","robots":{"index":"index","follow":"follow","max-snippet":"max-snippet:-1","max-image-preview":"max-image-preview:large","max-video-preview":"max-video-preview:-1"},"canonical":"https:\/\/hudo.com\/si\/aktualno\/slovenija\/stevilke-dokazujejo-da-dvig-premij-dopolnilnega-zavarovanja-ni-upravicen\/","og_locale":"sl_SI","og_type":"article","og_title":"\"\u0160tevilke dokazujejo, da dvig premij dopolnilnega zavarovanja ni upravi\u010den\" - Hudo Slovenija","og_description":"V Levici po pregledu letnih poro\u010dil zavarovalni\u0161kega sektorja ugotavljajo, da 30-odstotni dvig premije dopolnilnega zdravstvenega zavarovanja ene od zavarovalnic ni upravi\u010den. Ocenjujejo tudi, da bi bilo mogo\u010de na leto pri obratovalnih stro\u0161kih prihraniti najmanj 45 milijonov evrov, ki bi jih lahko namenili javni blagajni.","og_url":"https:\/\/hudo.com\/si\/aktualno\/slovenija\/stevilke-dokazujejo-da-dvig-premij-dopolnilnega-zavarovanja-ni-upravicen\/","og_site_name":"Hudo Slovenija","article_publisher":"https:\/\/www.facebook.com\/hudo.si","article_published_time":"2023-04-06T15:46:40+00:00","og_image":[{"width":1536,"height":1024,"url":"https:\/\/hudo.com\/si\/wp-content\/uploads\/sites\/2\/2023\/04\/profimedia-0658317296.jpg","type":"image\/jpeg"}],"author":"A. G., STA","twitter_card":"summary_large_image","twitter_creator":"@hudo_si","twitter_site":"@hudo_si","twitter_misc":{"Written by":"A. G., STA","Est. reading time":"2 minuti"},"schema":{"@context":"https:\/\/schema.org","@graph":[{"@type":"Article","@id":"https:\/\/hudo.com\/si\/aktualno\/slovenija\/stevilke-dokazujejo-da-dvig-premij-dopolnilnega-zavarovanja-ni-upravicen\/#article","isPartOf":{"@id":"https:\/\/hudo.com\/si\/aktualno\/slovenija\/stevilke-dokazujejo-da-dvig-premij-dopolnilnega-zavarovanja-ni-upravicen\/"},"author":{"name":"A. G., STA","@id":"https:\/\/hudo.com\/si\/#\/schema\/person\/2391667a63ea075ba94f2f2dc6b77537"},"headline":"&#8220;\u0160tevilke dokazujejo, da dvig premij dopolnilnega zavarovanja ni upravi\u010den&#8221;","datePublished":"2023-04-06T15:46:40+00:00","dateModified":"2023-04-06T15:46:40+00:00","mainEntityOfPage":{"@id":"https:\/\/hudo.com\/si\/aktualno\/slovenija\/stevilke-dokazujejo-da-dvig-premij-dopolnilnega-zavarovanja-ni-upravicen\/"},"wordCount":436,"publisher":{"@id":"https:\/\/hudo.com\/si\/#organization"},"keywords":["dopolnilno zdravstveno zavarovanje","levica","Slovenija","zdravstvo"],"articleSection":["Slovenija"],"inLanguage":"sl-SI"},{"@type":"WebPage","@id":"https:\/\/hudo.com\/si\/aktualno\/slovenija\/stevilke-dokazujejo-da-dvig-premij-dopolnilnega-zavarovanja-ni-upravicen\/","url":"https:\/\/hudo.com\/si\/aktualno\/slovenija\/stevilke-dokazujejo-da-dvig-premij-dopolnilnega-zavarovanja-ni-upravicen\/","name":"\"\u0160tevilke dokazujejo, da dvig premij dopolnilnega zavarovanja ni upravi\u010den\" - Hudo Slovenija","isPartOf":{"@id":"https:\/\/hudo.com\/si\/#website"},"datePublished":"2023-04-06T15:46:40+00:00","dateModified":"2023-04-06T15:46:40+00:00","breadcrumb":{"@id":"https:\/\/hudo.com\/si\/aktualno\/slovenija\/stevilke-dokazujejo-da-dvig-premij-dopolnilnega-zavarovanja-ni-upravicen\/#breadcrumb"},"inLanguage":"sl-SI","potentialAction":[{"@type":"ReadAction","target":["https:\/\/hudo.com\/si\/aktualno\/slovenija\/stevilke-dokazujejo-da-dvig-premij-dopolnilnega-zavarovanja-ni-upravicen\/"]}]},{"@type":"BreadcrumbList","@id":"https:\/\/hudo.com\/si\/aktualno\/slovenija\/stevilke-dokazujejo-da-dvig-premij-dopolnilnega-zavarovanja-ni-upravicen\/#breadcrumb","itemListElement":[{"@type":"ListItem","position":1,"name":"Home","item":"https:\/\/hudo.com\/si\/"},{"@type":"ListItem","position":2,"name":"&#8220;\u0160tevilke dokazujejo, da dvig premij dopolnilnega zavarovanja ni upravi\u010den&#8221;"}]},{"@type":"WebSite","@id":"https:\/\/hudo.com\/si\/#website","url":"https:\/\/hudo.com\/si\/","name":"Hudo Slovenija","description":"Vse novice iz Slovenije in sveta","publisher":{"@id":"https:\/\/hudo.com\/si\/#organization"},"potentialAction":[{"@type":"SearchAction","target":{"@type":"EntryPoint","urlTemplate":"https:\/\/hudo.com\/si\/?s={search_term_string}"},"query-input":"required name=search_term_string"}],"inLanguage":"sl-SI"},{"@type":"Organization","@id":"https:\/\/hudo.com\/si\/#organization","name":"VSN Media","url":"https:\/\/hudo.com\/si\/","logo":{"@type":"ImageObject","inLanguage":"sl-SI","@id":"https:\/\/hudo.com\/si\/#\/schema\/logo\/image\/","url":"https:\/\/hudo.com\/si\/wp-content\/uploads\/sites\/2\/2021\/03\/hudo-app-2.png","contentUrl":"https:\/\/hudo.com\/si\/wp-content\/uploads\/sites\/2\/2021\/03\/hudo-app-2.png","width":2185,"height":2167,"caption":"VSN Media"},"image":{"@id":"https:\/\/hudo.com\/si\/#\/schema\/logo\/image\/"},"sameAs":["https:\/\/www.facebook.com\/hudo.si","https:\/\/twitter.com\/hudo_si"]},{"@type":"Person","@id":"https:\/\/hudo.com\/si\/#\/schema\/person\/2391667a63ea075ba94f2f2dc6b77537","name":"A. G., STA","image":{"@type":"ImageObject","inLanguage":"sl-SI","@id":"https:\/\/hudo.com\/si\/#\/schema\/person\/image\/","url":"https:\/\/secure.gravatar.com\/avatar\/e13d22ac3e442658d5025fbbe6238a79?s=96&d=mm&r=g","contentUrl":"https:\/\/secure.gravatar.com\/avatar\/e13d22ac3e442658d5025fbbe6238a79?s=96&d=mm&r=g","caption":"A. G., STA"},"url":"https:\/\/hudo.com\/si\/author\/alenka\/"}]}},"amp_enabled":true,"_links":{"self":[{"href":"https:\/\/hudo.com\/si\/wp-json\/wp\/v2\/posts\/480694"}],"collection":[{"href":"https:\/\/hudo.com\/si\/wp-json\/wp\/v2\/posts"}],"about":[{"href":"https:\/\/hudo.com\/si\/wp-json\/wp\/v2\/types\/post"}],"author":[{"embeddable":true,"href":"https:\/\/hudo.com\/si\/wp-json\/wp\/v2\/users\/5"}],"replies":[{"embeddable":true,"href":"https:\/\/hudo.com\/si\/wp-json\/wp\/v2\/comments?post=480694"}],"version-history":[{"count":1,"href":"https:\/\/hudo.com\/si\/wp-json\/wp\/v2\/posts\/480694\/revisions"}],"predecessor-version":[{"id":480696,"href":"https:\/\/hudo.com\/si\/wp-json\/wp\/v2\/posts\/480694\/revisions\/480696"}],"wp:featuredmedia":[{"embeddable":true,"href":"https:\/\/hudo.com\/si\/wp-json\/wp\/v2\/media\/480695"}],"wp:attachment":[{"href":"https:\/\/hudo.com\/si\/wp-json\/wp\/v2\/media?parent=480694"}],"wp:term":[{"taxonomy":"category","embeddable":true,"href":"https:\/\/hudo.com\/si\/wp-json\/wp\/v2\/categories?post=480694"},{"taxonomy":"post_tag","embeddable":true,"href":"https:\/\/hudo.com\/si\/wp-json\/wp\/v2\/tags?post=480694"},{"taxonomy":"source","embeddable":true,"href":"https:\/\/hudo.com\/si\/wp-json\/wp\/v2\/source?post=480694"},{"taxonomy":"supertag","embeddable":true,"href":"https:\/\/hudo.com\/si\/wp-json\/wp\/v2\/supertag?post=480694"}],"curies":[{"name":"wp","href":"https:\/\/api.w.org\/{rel}","templated":true}]}}