{"id":480866,"date":"2023-04-14T11:09:44","date_gmt":"2023-04-14T09:09:44","guid":{"rendered":"https:\/\/hudo.com\/si\/?p=480866"},"modified":"2023-04-14T11:09:44","modified_gmt":"2023-04-14T09:09:44","slug":"pocivalsek-koncno-pred-sodisce-zaradi-sporne-nabave-ventilatorjev","status":"publish","type":"post","link":"https:\/\/hudo.com\/si\/aktualno\/slovenija\/pocivalsek-koncno-pred-sodisce-zaradi-sporne-nabave-ventilatorjev\/","title":{"rendered":"Po\u010dival\u0161ek kon\u010dno pred sodi\u0161\u010de zaradi sporne nabave ventilatorjev"},"content":{"rendered":"<p>Po\u010dival\u0161ek naj bi kot uradna oseba zlorabil svoj polo\u017eaj, ko je marca 2020 pri naro\u010danju za\u0161\u010ditne opreme, konkretno ventilatorjev za umetno predihavanje plju\u010d, domnevno deloval v nasprotju s pravili zakona o javnem naro\u010danju in tudi zakona o javnih uslu\u017ebencih. Kr\u0161eni naj bi bili \u010dleni, ki dolo\u010dajo, da morajo javna naro\u010dila, \u010detudi gre za epidemijo, zagotavljati gospodarno porabo prora\u010dunskih sredstev, poro\u010da 24ur.<\/p>\n<p>Ker naj bi bila v nabavo za\u0161\u010ditne opreme vpletena tudi Poto\u010dnikova, to\u017eilstvo sodno preiskavo zahteva tudi zoper njo, ter zoper dobavitelja Bitenca. Na potezi je zdaj ljubljansko sodi\u0161\u010de, ki bo odlo\u010dilo, ali bo sledilo zahtevi to\u017eilstva in uvedlo sodno preiskavo. V tem primeru se bodo zasli\u0161anja vseh vpletenih preselila v sodno dvorano. Vsi trije osumljenci medtem o\u010ditke zanikajo, \u0161e pi\u0161e 24 ur.<\/p>\n<p>Od prvotnih o\u010ditkov se je med kriminalisti\u010dno preiskavo spremenila vi\u0161ina domnevne protipravne premo\u017eenjske koristi, ki zdaj po poro\u010danju 24ur zna\u0161a 1,7 milijona evrov. \u0160lo naj bi za razliko med prodajno in nabavno ceno za 90 ventilatorjev, saj podjetje ni dobavilo 220 ventilatorjev za osem milijonov evrov brez DDV, kot je bilo sprva dogovorjeno, ampak le 90.<\/p>\n","protected":false},"excerpt":{"rendered":"<p>Specializirano dr\u017eavno to\u017eilstvo (SDT) je na ljubljansko okro\u017eno sodi\u0161\u010de v zvezi z nabavo ventilatorjev v \u010dasu epidemije vlo\u017eilo zahtevo za preiskavo zoper nekdanjega gospodarskega ministra Zdravka Po\u010dival\u0161ka, njegovo sodelavko Andrejo Poto\u010dnik in dobavitelja medicinskih ventilatorjev, direktorja dru\u017ebe Geneplanet Marka Bitenca, poro\u010da portal 24ur.<\/p>\n","protected":false},"author":7,"featured_media":480867,"comment_status":"closed","ping_status":"closed","sticky":false,"template":"","format":"standard","meta":{"footnotes":""},"categories":[18201],"tags":[5221,17601,4992],"source":[4511],"supertag":[7150],"acf":[],"yoast_head":"<!-- This site is optimized with the Yoast SEO plugin v21.3 - https:\/\/yoast.com\/wordpress\/plugins\/seo\/ -->\n<title>Po\u010dival\u0161ek kon\u010dno pred sodi\u0161\u010de zaradi sporne nabave ventilatorjev - Hudo Slovenija<\/title>\n<meta name=\"robots\" content=\"index, follow, max-snippet:-1, max-image-preview:large, max-video-preview:-1\" \/>\n<link rel=\"canonical\" href=\"https:\/\/hudo.com\/si\/aktualno\/slovenija\/pocivalsek-koncno-pred-sodisce-zaradi-sporne-nabave-ventilatorjev\/\" \/>\n<meta property=\"og:locale\" content=\"sl_SI\" \/>\n<meta property=\"og:type\" content=\"article\" \/>\n<meta property=\"og:title\" content=\"Po\u010dival\u0161ek kon\u010dno pred sodi\u0161\u010de zaradi sporne nabave ventilatorjev - Hudo Slovenija\" \/>\n<meta property=\"og:description\" content=\"Specializirano dr\u017eavno to\u017eilstvo (SDT) je na ljubljansko okro\u017eno sodi\u0161\u010de v zvezi z nabavo ventilatorjev v \u010dasu epidemije vlo\u017eilo zahtevo za preiskavo zoper nekdanjega gospodarskega ministra Zdravka Po\u010dival\u0161ka, njegovo sodelavko Andrejo Poto\u010dnik in dobavitelja medicinskih ventilatorjev, direktorja dru\u017ebe Geneplanet Marka Bitenca, poro\u010da portal 24ur.\" \/>\n<meta property=\"og:url\" content=\"https:\/\/hudo.com\/si\/aktualno\/slovenija\/pocivalsek-koncno-pred-sodisce-zaradi-sporne-nabave-ventilatorjev\/\" \/>\n<meta property=\"og:site_name\" content=\"Hudo Slovenija\" \/>\n<meta property=\"article:publisher\" content=\"https:\/\/www.facebook.com\/hudo.si\" \/>\n<meta property=\"article:published_time\" content=\"2023-04-14T09:09:44+00:00\" \/>\n<meta property=\"og:image\" content=\"https:\/\/hudo.com\/si\/wp-content\/uploads\/sites\/2\/2023\/04\/20200329-00997764.jpg\" \/>\n\t<meta property=\"og:image:width\" content=\"1517\" \/>\n\t<meta property=\"og:image:height\" content=\"1024\" \/>\n\t<meta property=\"og:image:type\" content=\"image\/jpeg\" \/>\n<meta name=\"author\" content=\"A. P., STA\" \/>\n<meta name=\"twitter:card\" content=\"summary_large_image\" \/>\n<meta name=\"twitter:creator\" content=\"@hudo_si\" \/>\n<meta name=\"twitter:site\" content=\"@hudo_si\" \/>\n<meta name=\"twitter:label1\" content=\"Written by\" \/>\n\t<meta name=\"twitter:data1\" content=\"A. P., STA\" \/>\n\t<meta name=\"twitter:label2\" content=\"Est. reading time\" \/>\n\t<meta name=\"twitter:data2\" content=\"1 minuta\" \/>\n<script type=\"application\/ld+json\" class=\"yoast-schema-graph\">{\"@context\":\"https:\/\/schema.org\",\"@graph\":[{\"@type\":\"Article\",\"@id\":\"https:\/\/hudo.com\/si\/aktualno\/slovenija\/pocivalsek-koncno-pred-sodisce-zaradi-sporne-nabave-ventilatorjev\/#article\",\"isPartOf\":{\"@id\":\"https:\/\/hudo.com\/si\/aktualno\/slovenija\/pocivalsek-koncno-pred-sodisce-zaradi-sporne-nabave-ventilatorjev\/\"},\"author\":{\"name\":\"A. P., STA\",\"@id\":\"https:\/\/hudo.com\/si\/#\/schema\/person\/18f09c02475ba9e606e941a565b80cff\"},\"headline\":\"Po\u010dival\u0161ek kon\u010dno pred sodi\u0161\u010de zaradi sporne nabave ventilatorjev\",\"datePublished\":\"2023-04-14T09:09:44+00:00\",\"dateModified\":\"2023-04-14T09:09:44+00:00\",\"mainEntityOfPage\":{\"@id\":\"https:\/\/hudo.com\/si\/aktualno\/slovenija\/pocivalsek-koncno-pred-sodisce-zaradi-sporne-nabave-ventilatorjev\/\"},\"wordCount\":212,\"publisher\":{\"@id\":\"https:\/\/hudo.com\/si\/#organization\"},\"keywords\":[\"korupcija\",\"ventilatorji\",\"Zdravko Po\u010dival\u0161ek\"],\"articleSection\":[\"Slovenija\"],\"inLanguage\":\"sl-SI\"},{\"@type\":\"WebPage\",\"@id\":\"https:\/\/hudo.com\/si\/aktualno\/slovenija\/pocivalsek-koncno-pred-sodisce-zaradi-sporne-nabave-ventilatorjev\/\",\"url\":\"https:\/\/hudo.com\/si\/aktualno\/slovenija\/pocivalsek-koncno-pred-sodisce-zaradi-sporne-nabave-ventilatorjev\/\",\"name\":\"Po\u010dival\u0161ek kon\u010dno pred sodi\u0161\u010de zaradi sporne nabave ventilatorjev - Hudo Slovenija\",\"isPartOf\":{\"@id\":\"https:\/\/hudo.com\/si\/#website\"},\"datePublished\":\"2023-04-14T09:09:44+00:00\",\"dateModified\":\"2023-04-14T09:09:44+00:00\",\"breadcrumb\":{\"@id\":\"https:\/\/hudo.com\/si\/aktualno\/slovenija\/pocivalsek-koncno-pred-sodisce-zaradi-sporne-nabave-ventilatorjev\/#breadcrumb\"},\"inLanguage\":\"sl-SI\",\"potentialAction\":[{\"@type\":\"ReadAction\",\"target\":[\"https:\/\/hudo.com\/si\/aktualno\/slovenija\/pocivalsek-koncno-pred-sodisce-zaradi-sporne-nabave-ventilatorjev\/\"]}]},{\"@type\":\"BreadcrumbList\",\"@id\":\"https:\/\/hudo.com\/si\/aktualno\/slovenija\/pocivalsek-koncno-pred-sodisce-zaradi-sporne-nabave-ventilatorjev\/#breadcrumb\",\"itemListElement\":[{\"@type\":\"ListItem\",\"position\":1,\"name\":\"Home\",\"item\":\"https:\/\/hudo.com\/si\/\"},{\"@type\":\"ListItem\",\"position\":2,\"name\":\"Po\u010dival\u0161ek kon\u010dno pred sodi\u0161\u010de zaradi sporne nabave ventilatorjev\"}]},{\"@type\":\"WebSite\",\"@id\":\"https:\/\/hudo.com\/si\/#website\",\"url\":\"https:\/\/hudo.com\/si\/\",\"name\":\"Hudo Slovenija\",\"description\":\"Vse novice iz Slovenije in sveta\",\"publisher\":{\"@id\":\"https:\/\/hudo.com\/si\/#organization\"},\"potentialAction\":[{\"@type\":\"SearchAction\",\"target\":{\"@type\":\"EntryPoint\",\"urlTemplate\":\"https:\/\/hudo.com\/si\/?s={search_term_string}\"},\"query-input\":\"required name=search_term_string\"}],\"inLanguage\":\"sl-SI\"},{\"@type\":\"Organization\",\"@id\":\"https:\/\/hudo.com\/si\/#organization\",\"name\":\"VSN Media\",\"url\":\"https:\/\/hudo.com\/si\/\",\"logo\":{\"@type\":\"ImageObject\",\"inLanguage\":\"sl-SI\",\"@id\":\"https:\/\/hudo.com\/si\/#\/schema\/logo\/image\/\",\"url\":\"https:\/\/hudo.com\/si\/wp-content\/uploads\/sites\/2\/2021\/03\/hudo-app-2.png\",\"contentUrl\":\"https:\/\/hudo.com\/si\/wp-content\/uploads\/sites\/2\/2021\/03\/hudo-app-2.png\",\"width\":2185,\"height\":2167,\"caption\":\"VSN Media\"},\"image\":{\"@id\":\"https:\/\/hudo.com\/si\/#\/schema\/logo\/image\/\"},\"sameAs\":[\"https:\/\/www.facebook.com\/hudo.si\",\"https:\/\/twitter.com\/hudo_si\"]},{\"@type\":\"Person\",\"@id\":\"https:\/\/hudo.com\/si\/#\/schema\/person\/18f09c02475ba9e606e941a565b80cff\",\"name\":\"A. P., STA\",\"image\":{\"@type\":\"ImageObject\",\"inLanguage\":\"sl-SI\",\"@id\":\"https:\/\/hudo.com\/si\/#\/schema\/person\/image\/\",\"url\":\"https:\/\/secure.gravatar.com\/avatar\/03eac8e609f5f04383125d80eaeaaf3e?s=96&d=mm&r=g\",\"contentUrl\":\"https:\/\/secure.gravatar.com\/avatar\/03eac8e609f5f04383125d80eaeaaf3e?s=96&d=mm&r=g\",\"caption\":\"A. P., STA\"},\"url\":\"https:\/\/hudo.com\/si\/author\/lubu\/\"}]}<\/script>\n<!-- \/ Yoast SEO plugin. -->","yoast_head_json":{"title":"Po\u010dival\u0161ek kon\u010dno pred sodi\u0161\u010de zaradi sporne nabave ventilatorjev - Hudo Slovenija","robots":{"index":"index","follow":"follow","max-snippet":"max-snippet:-1","max-image-preview":"max-image-preview:large","max-video-preview":"max-video-preview:-1"},"canonical":"https:\/\/hudo.com\/si\/aktualno\/slovenija\/pocivalsek-koncno-pred-sodisce-zaradi-sporne-nabave-ventilatorjev\/","og_locale":"sl_SI","og_type":"article","og_title":"Po\u010dival\u0161ek kon\u010dno pred sodi\u0161\u010de zaradi sporne nabave ventilatorjev - Hudo Slovenija","og_description":"Specializirano dr\u017eavno to\u017eilstvo (SDT) je na ljubljansko okro\u017eno sodi\u0161\u010de v zvezi z nabavo ventilatorjev v \u010dasu epidemije vlo\u017eilo zahtevo za preiskavo zoper nekdanjega gospodarskega ministra Zdravka Po\u010dival\u0161ka, njegovo sodelavko Andrejo Poto\u010dnik in dobavitelja medicinskih ventilatorjev, direktorja dru\u017ebe Geneplanet Marka Bitenca, poro\u010da portal 24ur.","og_url":"https:\/\/hudo.com\/si\/aktualno\/slovenija\/pocivalsek-koncno-pred-sodisce-zaradi-sporne-nabave-ventilatorjev\/","og_site_name":"Hudo Slovenija","article_publisher":"https:\/\/www.facebook.com\/hudo.si","article_published_time":"2023-04-14T09:09:44+00:00","og_image":[{"width":1517,"height":1024,"url":"https:\/\/hudo.com\/si\/wp-content\/uploads\/sites\/2\/2023\/04\/20200329-00997764.jpg","type":"image\/jpeg"}],"author":"A. P., STA","twitter_card":"summary_large_image","twitter_creator":"@hudo_si","twitter_site":"@hudo_si","twitter_misc":{"Written by":"A. P., STA","Est. reading time":"1 minuta"},"schema":{"@context":"https:\/\/schema.org","@graph":[{"@type":"Article","@id":"https:\/\/hudo.com\/si\/aktualno\/slovenija\/pocivalsek-koncno-pred-sodisce-zaradi-sporne-nabave-ventilatorjev\/#article","isPartOf":{"@id":"https:\/\/hudo.com\/si\/aktualno\/slovenija\/pocivalsek-koncno-pred-sodisce-zaradi-sporne-nabave-ventilatorjev\/"},"author":{"name":"A. P., STA","@id":"https:\/\/hudo.com\/si\/#\/schema\/person\/18f09c02475ba9e606e941a565b80cff"},"headline":"Po\u010dival\u0161ek kon\u010dno pred sodi\u0161\u010de zaradi sporne nabave ventilatorjev","datePublished":"2023-04-14T09:09:44+00:00","dateModified":"2023-04-14T09:09:44+00:00","mainEntityOfPage":{"@id":"https:\/\/hudo.com\/si\/aktualno\/slovenija\/pocivalsek-koncno-pred-sodisce-zaradi-sporne-nabave-ventilatorjev\/"},"wordCount":212,"publisher":{"@id":"https:\/\/hudo.com\/si\/#organization"},"keywords":["korupcija","ventilatorji","Zdravko Po\u010dival\u0161ek"],"articleSection":["Slovenija"],"inLanguage":"sl-SI"},{"@type":"WebPage","@id":"https:\/\/hudo.com\/si\/aktualno\/slovenija\/pocivalsek-koncno-pred-sodisce-zaradi-sporne-nabave-ventilatorjev\/","url":"https:\/\/hudo.com\/si\/aktualno\/slovenija\/pocivalsek-koncno-pred-sodisce-zaradi-sporne-nabave-ventilatorjev\/","name":"Po\u010dival\u0161ek kon\u010dno pred sodi\u0161\u010de zaradi sporne nabave ventilatorjev - Hudo Slovenija","isPartOf":{"@id":"https:\/\/hudo.com\/si\/#website"},"datePublished":"2023-04-14T09:09:44+00:00","dateModified":"2023-04-14T09:09:44+00:00","breadcrumb":{"@id":"https:\/\/hudo.com\/si\/aktualno\/slovenija\/pocivalsek-koncno-pred-sodisce-zaradi-sporne-nabave-ventilatorjev\/#breadcrumb"},"inLanguage":"sl-SI","potentialAction":[{"@type":"ReadAction","target":["https:\/\/hudo.com\/si\/aktualno\/slovenija\/pocivalsek-koncno-pred-sodisce-zaradi-sporne-nabave-ventilatorjev\/"]}]},{"@type":"BreadcrumbList","@id":"https:\/\/hudo.com\/si\/aktualno\/slovenija\/pocivalsek-koncno-pred-sodisce-zaradi-sporne-nabave-ventilatorjev\/#breadcrumb","itemListElement":[{"@type":"ListItem","position":1,"name":"Home","item":"https:\/\/hudo.com\/si\/"},{"@type":"ListItem","position":2,"name":"Po\u010dival\u0161ek kon\u010dno pred sodi\u0161\u010de zaradi sporne nabave ventilatorjev"}]},{"@type":"WebSite","@id":"https:\/\/hudo.com\/si\/#website","url":"https:\/\/hudo.com\/si\/","name":"Hudo Slovenija","description":"Vse novice iz Slovenije in sveta","publisher":{"@id":"https:\/\/hudo.com\/si\/#organization"},"potentialAction":[{"@type":"SearchAction","target":{"@type":"EntryPoint","urlTemplate":"https:\/\/hudo.com\/si\/?s={search_term_string}"},"query-input":"required name=search_term_string"}],"inLanguage":"sl-SI"},{"@type":"Organization","@id":"https:\/\/hudo.com\/si\/#organization","name":"VSN Media","url":"https:\/\/hudo.com\/si\/","logo":{"@type":"ImageObject","inLanguage":"sl-SI","@id":"https:\/\/hudo.com\/si\/#\/schema\/logo\/image\/","url":"https:\/\/hudo.com\/si\/wp-content\/uploads\/sites\/2\/2021\/03\/hudo-app-2.png","contentUrl":"https:\/\/hudo.com\/si\/wp-content\/uploads\/sites\/2\/2021\/03\/hudo-app-2.png","width":2185,"height":2167,"caption":"VSN Media"},"image":{"@id":"https:\/\/hudo.com\/si\/#\/schema\/logo\/image\/"},"sameAs":["https:\/\/www.facebook.com\/hudo.si","https:\/\/twitter.com\/hudo_si"]},{"@type":"Person","@id":"https:\/\/hudo.com\/si\/#\/schema\/person\/18f09c02475ba9e606e941a565b80cff","name":"A. P., STA","image":{"@type":"ImageObject","inLanguage":"sl-SI","@id":"https:\/\/hudo.com\/si\/#\/schema\/person\/image\/","url":"https:\/\/secure.gravatar.com\/avatar\/03eac8e609f5f04383125d80eaeaaf3e?s=96&d=mm&r=g","contentUrl":"https:\/\/secure.gravatar.com\/avatar\/03eac8e609f5f04383125d80eaeaaf3e?s=96&d=mm&r=g","caption":"A. P., STA"},"url":"https:\/\/hudo.com\/si\/author\/lubu\/"}]}},"amp_enabled":true,"_links":{"self":[{"href":"https:\/\/hudo.com\/si\/wp-json\/wp\/v2\/posts\/480866"}],"collection":[{"href":"https:\/\/hudo.com\/si\/wp-json\/wp\/v2\/posts"}],"about":[{"href":"https:\/\/hudo.com\/si\/wp-json\/wp\/v2\/types\/post"}],"author":[{"embeddable":true,"href":"https:\/\/hudo.com\/si\/wp-json\/wp\/v2\/users\/7"}],"replies":[{"embeddable":true,"href":"https:\/\/hudo.com\/si\/wp-json\/wp\/v2\/comments?post=480866"}],"version-history":[{"count":1,"href":"https:\/\/hudo.com\/si\/wp-json\/wp\/v2\/posts\/480866\/revisions"}],"predecessor-version":[{"id":480868,"href":"https:\/\/hudo.com\/si\/wp-json\/wp\/v2\/posts\/480866\/revisions\/480868"}],"wp:featuredmedia":[{"embeddable":true,"href":"https:\/\/hudo.com\/si\/wp-json\/wp\/v2\/media\/480867"}],"wp:attachment":[{"href":"https:\/\/hudo.com\/si\/wp-json\/wp\/v2\/media?parent=480866"}],"wp:term":[{"taxonomy":"category","embeddable":true,"href":"https:\/\/hudo.com\/si\/wp-json\/wp\/v2\/categories?post=480866"},{"taxonomy":"post_tag","embeddable":true,"href":"https:\/\/hudo.com\/si\/wp-json\/wp\/v2\/tags?post=480866"},{"taxonomy":"source","embeddable":true,"href":"https:\/\/hudo.com\/si\/wp-json\/wp\/v2\/source?post=480866"},{"taxonomy":"supertag","embeddable":true,"href":"https:\/\/hudo.com\/si\/wp-json\/wp\/v2\/supertag?post=480866"}],"curies":[{"name":"wp","href":"https:\/\/api.w.org\/{rel}","templated":true}]}}