{"id":481332,"date":"2023-05-08T13:20:07","date_gmt":"2023-05-08T11:20:07","guid":{"rendered":"https:\/\/hudo.com\/si\/?p=481332"},"modified":"2023-05-08T13:20:07","modified_gmt":"2023-05-08T11:20:07","slug":"ne-skrivata-da-se-ne-preneseta-kruto-poteza-bodocega-kralja-williama-je-harryja-mocno-prizadela","status":"publish","type":"post","link":"https:\/\/hudo.com\/si\/vip\/ne-skrivata-da-se-ne-preneseta-kruto-poteza-bodocega-kralja-williama-je-harryja-mocno-prizadela\/","title":{"rendered":"Ne skrivata, da se ne preneseta: Kruto, poteza bodo\u010dega kralja Williama je Harryja mo\u010dno prizadela"},"content":{"rendered":"<p>In medtem ko je vali\u017eanski princ slovesnost spremljal iz prve vrste, je pobegli sin sede\u017e dobil v oddaljeni tretji, kjer je sedel s princesama Beatrice in Eugenio, h\u010derkama princa Andrewa in Sarah Ferguson.<\/p>\n<p>To je bilo prvo sre\u010danje bratov po Harryjevih eksplozivnih spominih &#8220;Reserve&#8221;, v katerih je izrekel vrsto obto\u017eb na ra\u010dun svoje dru\u017eine, zato ne presene\u010da, da so bile vse o\u010di uprte v njiju dva. Neko\u010d tesno povezana brata se sploh nista spogledala, niti takrat, ko sta William in Kate (41) vstopila v Westminstrsko opatijo.<\/p>\n<p>Ko sta hodila do svojih sede\u017eev, je Harryjev obraz iskal Williamov pogled, a brez uspeha.<\/p>\n<p>Med obredom so ga kamere ujele tudi, kako se je ve\u010dkrat ozrl proti svojemu bratu, bodo\u010demu kralju, a prav tako neuspe\u0161no.<\/p>\n<p>Harry je bil navzo\u010d na kronanju v Westminstrski opatiji, ni pa ga bilo zraven, ko je kraljeva dru\u017eina z balkona Buckinghamske pala\u010de pozdravila zbrano mno\u017eico.<\/p>\n<p>Harry se je \u017ee v soboto zve\u010der po lokalnem \u010dasu vrnil v Los Angeles, kjer \u017eivita s soprogo Meghan. Ta se kronanja ni udele\u017eila, prav tako ne njuna otroka Archie in Lilibet.<\/p>\n<figure id=\"attachment_481334\" aria-describedby=\"caption-attachment-481334\" style=\"width: 1024px\" class=\"wp-caption alignnone\"><a href=\"https:\/\/hudo.com\/si\/wp-content\/uploads\/sites\/2\/2023\/05\/profimedia-0774268041.jpg\"><img loading=\"lazy\" decoding=\"async\" class=\"size-large wp-image-481334\" src=\"https:\/\/hudo.com\/si\/wp-content\/uploads\/sites\/2\/2023\/05\/profimedia-0774268041-1024x802.jpg\" alt=\"\" width=\"1024\" height=\"802\" srcset=\"https:\/\/hudo.com\/si\/wp-content\/uploads\/sites\/2\/2023\/05\/profimedia-0774268041-1024x802.jpg 1024w, https:\/\/hudo.com\/si\/wp-content\/uploads\/sites\/2\/2023\/05\/profimedia-0774268041-300x235.jpg 300w, https:\/\/hudo.com\/si\/wp-content\/uploads\/sites\/2\/2023\/05\/profimedia-0774268041-768x602.jpg 768w, https:\/\/hudo.com\/si\/wp-content\/uploads\/sites\/2\/2023\/05\/profimedia-0774268041.jpg 1307w\" sizes=\"(max-width: 1024px) 100vw, 1024px\" \/><\/a><figcaption id=\"caption-attachment-481334\" class=\"wp-caption-text\">Foto: Profimedia<\/figcaption><\/figure>\n<p>Strokovnjakinja za govorico telesa Judy James je za The Mirror komentirala Harryjevo obna\u0161anje in razkrila, da je bil princ zelo \u017eiv\u010den, ko je \u010dakal, da se pojavi njegov o\u010de, kralj Karel.<\/p>\n<p>&#8220;Medtem ko je sedel in \u010dakal na brata in o\u010deta, so se videli znaki nara\u0161\u010dajo\u010de napetosti in tesnobe. Grizel si je ustnice in se oblizoval, za\u010del je hitreje me\u017eikati,&#8221; je povedala.<\/p>\n<p>Ko sta se pojavila William in Kate, je Harry pogledal svojega brata, nato pa &#8220;naredil kretnjo ignoriranja&#8221;.<\/p>\n<p>&#8220;Harry je naredil nekaj, kar se je izpadlo kot \u010dudna gesta ignoriranja ali odvra\u010danja svoje pozornosti, ko so njegov o\u010de, brat in svakinja \u0161li mimo njega,&#8221; je rekla.<\/p>\n<p>&#8220;Za\u010del je veselo klepetati z Andrewom, si nekaj potiskati \u010dez ramo in se hihitati. Harry je pogledal Charlesa, ko je skupaj z Williamom in Kate odhajal, nato pa obrnil glavo in nadaljeval pogovor v klju\u010dnem trenutku, ko so bile o\u010di vseh na slovesnosti uprte v Charlesa in Williama,&#8221; je opisala Judy.<\/p>\n","protected":false},"excerpt":{"rendered":"<p>Kronanje kralja Karla III (74) je zgodovinski dogodek, o katerem se bo govorilo \u0161e dneve, ena glavnih tem pa sta zagotovo sprta brata, Harry (38) in William (40).<\/p>\n","protected":false},"author":6,"featured_media":481333,"comment_status":"closed","ping_status":"closed","sticky":false,"template":"","format":"standard","meta":{"footnotes":""},"categories":[1093],"tags":[3240,2601],"source":[4511],"supertag":[],"acf":[],"yoast_head":"<!-- This site is optimized with the Yoast SEO plugin v21.3 - https:\/\/yoast.com\/wordpress\/plugins\/seo\/ -->\n<title>Ne skrivata, da se ne preneseta: Kruto, poteza bodo\u010dega kralja Williama je Harryja mo\u010dno prizadela - Hudo Slovenija<\/title>\n<meta name=\"robots\" content=\"index, follow, max-snippet:-1, max-image-preview:large, max-video-preview:-1\" \/>\n<link rel=\"canonical\" href=\"https:\/\/hudo.com\/si\/vip\/ne-skrivata-da-se-ne-preneseta-kruto-poteza-bodocega-kralja-williama-je-harryja-mocno-prizadela\/\" \/>\n<meta property=\"og:locale\" content=\"sl_SI\" \/>\n<meta property=\"og:type\" content=\"article\" \/>\n<meta property=\"og:title\" content=\"Ne skrivata, da se ne preneseta: Kruto, poteza bodo\u010dega kralja Williama je Harryja mo\u010dno prizadela - Hudo Slovenija\" \/>\n<meta property=\"og:description\" content=\"Kronanje kralja Karla III (74) je zgodovinski dogodek, o katerem se bo govorilo \u0161e dneve, ena glavnih tem pa sta zagotovo sprta brata, Harry (38) in William (40).\" \/>\n<meta property=\"og:url\" content=\"https:\/\/hudo.com\/si\/vip\/ne-skrivata-da-se-ne-preneseta-kruto-poteza-bodocega-kralja-williama-je-harryja-mocno-prizadela\/\" \/>\n<meta property=\"og:site_name\" content=\"Hudo Slovenija\" \/>\n<meta property=\"article:publisher\" content=\"https:\/\/www.facebook.com\/hudo.si\" \/>\n<meta property=\"article:published_time\" content=\"2023-05-08T11:20:07+00:00\" \/>\n<meta property=\"og:image\" content=\"https:\/\/hudo.com\/si\/wp-content\/uploads\/sites\/2\/2023\/05\/profimedia-0774176408.jpg\" \/>\n\t<meta property=\"og:image:width\" content=\"1491\" \/>\n\t<meta property=\"og:image:height\" content=\"1024\" \/>\n\t<meta property=\"og:image:type\" content=\"image\/jpeg\" \/>\n<meta name=\"author\" content=\"A. G.\" \/>\n<meta name=\"twitter:card\" content=\"summary_large_image\" \/>\n<meta name=\"twitter:creator\" content=\"@hudo_si\" \/>\n<meta name=\"twitter:site\" content=\"@hudo_si\" \/>\n<meta name=\"twitter:label1\" content=\"Written by\" \/>\n\t<meta name=\"twitter:data1\" content=\"A. G.\" \/>\n\t<meta name=\"twitter:label2\" content=\"Est. reading time\" \/>\n\t<meta name=\"twitter:data2\" content=\"2 minuti\" \/>\n<script type=\"application\/ld+json\" class=\"yoast-schema-graph\">{\"@context\":\"https:\/\/schema.org\",\"@graph\":[{\"@type\":\"Article\",\"@id\":\"https:\/\/hudo.com\/si\/vip\/ne-skrivata-da-se-ne-preneseta-kruto-poteza-bodocega-kralja-williama-je-harryja-mocno-prizadela\/#article\",\"isPartOf\":{\"@id\":\"https:\/\/hudo.com\/si\/vip\/ne-skrivata-da-se-ne-preneseta-kruto-poteza-bodocega-kralja-williama-je-harryja-mocno-prizadela\/\"},\"author\":{\"name\":\"A. G.\",\"@id\":\"https:\/\/hudo.com\/si\/#\/schema\/person\/f95639a66e0dd2c682b0568634e85b8b\"},\"headline\":\"Ne skrivata, da se ne preneseta: Kruto, poteza bodo\u010dega kralja Williama je Harryja mo\u010dno prizadela\",\"datePublished\":\"2023-05-08T11:20:07+00:00\",\"dateModified\":\"2023-05-08T11:20:07+00:00\",\"mainEntityOfPage\":{\"@id\":\"https:\/\/hudo.com\/si\/vip\/ne-skrivata-da-se-ne-preneseta-kruto-poteza-bodocega-kralja-williama-je-harryja-mocno-prizadela\/\"},\"wordCount\":392,\"publisher\":{\"@id\":\"https:\/\/hudo.com\/si\/#organization\"},\"keywords\":[\"princ Harry\",\"Princ William\"],\"articleSection\":[\"VIP\"],\"inLanguage\":\"sl-SI\"},{\"@type\":\"WebPage\",\"@id\":\"https:\/\/hudo.com\/si\/vip\/ne-skrivata-da-se-ne-preneseta-kruto-poteza-bodocega-kralja-williama-je-harryja-mocno-prizadela\/\",\"url\":\"https:\/\/hudo.com\/si\/vip\/ne-skrivata-da-se-ne-preneseta-kruto-poteza-bodocega-kralja-williama-je-harryja-mocno-prizadela\/\",\"name\":\"Ne skrivata, da se ne preneseta: Kruto, poteza bodo\u010dega kralja Williama je Harryja mo\u010dno prizadela - Hudo Slovenija\",\"isPartOf\":{\"@id\":\"https:\/\/hudo.com\/si\/#website\"},\"datePublished\":\"2023-05-08T11:20:07+00:00\",\"dateModified\":\"2023-05-08T11:20:07+00:00\",\"breadcrumb\":{\"@id\":\"https:\/\/hudo.com\/si\/vip\/ne-skrivata-da-se-ne-preneseta-kruto-poteza-bodocega-kralja-williama-je-harryja-mocno-prizadela\/#breadcrumb\"},\"inLanguage\":\"sl-SI\",\"potentialAction\":[{\"@type\":\"ReadAction\",\"target\":[\"https:\/\/hudo.com\/si\/vip\/ne-skrivata-da-se-ne-preneseta-kruto-poteza-bodocega-kralja-williama-je-harryja-mocno-prizadela\/\"]}]},{\"@type\":\"BreadcrumbList\",\"@id\":\"https:\/\/hudo.com\/si\/vip\/ne-skrivata-da-se-ne-preneseta-kruto-poteza-bodocega-kralja-williama-je-harryja-mocno-prizadela\/#breadcrumb\",\"itemListElement\":[{\"@type\":\"ListItem\",\"position\":1,\"name\":\"Home\",\"item\":\"https:\/\/hudo.com\/si\/\"},{\"@type\":\"ListItem\",\"position\":2,\"name\":\"Ne skrivata, da se ne preneseta: Kruto, poteza bodo\u010dega kralja Williama je Harryja mo\u010dno prizadela\"}]},{\"@type\":\"WebSite\",\"@id\":\"https:\/\/hudo.com\/si\/#website\",\"url\":\"https:\/\/hudo.com\/si\/\",\"name\":\"Hudo Slovenija\",\"description\":\"Vse novice iz Slovenije in sveta\",\"publisher\":{\"@id\":\"https:\/\/hudo.com\/si\/#organization\"},\"potentialAction\":[{\"@type\":\"SearchAction\",\"target\":{\"@type\":\"EntryPoint\",\"urlTemplate\":\"https:\/\/hudo.com\/si\/?s={search_term_string}\"},\"query-input\":\"required name=search_term_string\"}],\"inLanguage\":\"sl-SI\"},{\"@type\":\"Organization\",\"@id\":\"https:\/\/hudo.com\/si\/#organization\",\"name\":\"VSN Media\",\"url\":\"https:\/\/hudo.com\/si\/\",\"logo\":{\"@type\":\"ImageObject\",\"inLanguage\":\"sl-SI\",\"@id\":\"https:\/\/hudo.com\/si\/#\/schema\/logo\/image\/\",\"url\":\"https:\/\/hudo.com\/si\/wp-content\/uploads\/sites\/2\/2021\/03\/hudo-app-2.png\",\"contentUrl\":\"https:\/\/hudo.com\/si\/wp-content\/uploads\/sites\/2\/2021\/03\/hudo-app-2.png\",\"width\":2185,\"height\":2167,\"caption\":\"VSN Media\"},\"image\":{\"@id\":\"https:\/\/hudo.com\/si\/#\/schema\/logo\/image\/\"},\"sameAs\":[\"https:\/\/www.facebook.com\/hudo.si\",\"https:\/\/twitter.com\/hudo_si\"]},{\"@type\":\"Person\",\"@id\":\"https:\/\/hudo.com\/si\/#\/schema\/person\/f95639a66e0dd2c682b0568634e85b8b\",\"name\":\"A. G.\",\"image\":{\"@type\":\"ImageObject\",\"inLanguage\":\"sl-SI\",\"@id\":\"https:\/\/hudo.com\/si\/#\/schema\/person\/image\/\",\"url\":\"https:\/\/secure.gravatar.com\/avatar\/9f44de561c70d5d80348d3ed0f4b142d?s=96&d=mm&r=g\",\"contentUrl\":\"https:\/\/secure.gravatar.com\/avatar\/9f44de561c70d5d80348d3ed0f4b142d?s=96&d=mm&r=g\",\"caption\":\"A. G.\"},\"url\":\"https:\/\/hudo.com\/si\/author\/alenkagrmek\/\"}]}<\/script>\n<!-- \/ Yoast SEO plugin. -->","yoast_head_json":{"title":"Ne skrivata, da se ne preneseta: Kruto, poteza bodo\u010dega kralja Williama je Harryja mo\u010dno prizadela - Hudo Slovenija","robots":{"index":"index","follow":"follow","max-snippet":"max-snippet:-1","max-image-preview":"max-image-preview:large","max-video-preview":"max-video-preview:-1"},"canonical":"https:\/\/hudo.com\/si\/vip\/ne-skrivata-da-se-ne-preneseta-kruto-poteza-bodocega-kralja-williama-je-harryja-mocno-prizadela\/","og_locale":"sl_SI","og_type":"article","og_title":"Ne skrivata, da se ne preneseta: Kruto, poteza bodo\u010dega kralja Williama je Harryja mo\u010dno prizadela - Hudo Slovenija","og_description":"Kronanje kralja Karla III (74) je zgodovinski dogodek, o katerem se bo govorilo \u0161e dneve, ena glavnih tem pa sta zagotovo sprta brata, Harry (38) in William (40).","og_url":"https:\/\/hudo.com\/si\/vip\/ne-skrivata-da-se-ne-preneseta-kruto-poteza-bodocega-kralja-williama-je-harryja-mocno-prizadela\/","og_site_name":"Hudo Slovenija","article_publisher":"https:\/\/www.facebook.com\/hudo.si","article_published_time":"2023-05-08T11:20:07+00:00","og_image":[{"width":1491,"height":1024,"url":"https:\/\/hudo.com\/si\/wp-content\/uploads\/sites\/2\/2023\/05\/profimedia-0774176408.jpg","type":"image\/jpeg"}],"author":"A. G.","twitter_card":"summary_large_image","twitter_creator":"@hudo_si","twitter_site":"@hudo_si","twitter_misc":{"Written by":"A. G.","Est. reading time":"2 minuti"},"schema":{"@context":"https:\/\/schema.org","@graph":[{"@type":"Article","@id":"https:\/\/hudo.com\/si\/vip\/ne-skrivata-da-se-ne-preneseta-kruto-poteza-bodocega-kralja-williama-je-harryja-mocno-prizadela\/#article","isPartOf":{"@id":"https:\/\/hudo.com\/si\/vip\/ne-skrivata-da-se-ne-preneseta-kruto-poteza-bodocega-kralja-williama-je-harryja-mocno-prizadela\/"},"author":{"name":"A. G.","@id":"https:\/\/hudo.com\/si\/#\/schema\/person\/f95639a66e0dd2c682b0568634e85b8b"},"headline":"Ne skrivata, da se ne preneseta: Kruto, poteza bodo\u010dega kralja Williama je Harryja mo\u010dno prizadela","datePublished":"2023-05-08T11:20:07+00:00","dateModified":"2023-05-08T11:20:07+00:00","mainEntityOfPage":{"@id":"https:\/\/hudo.com\/si\/vip\/ne-skrivata-da-se-ne-preneseta-kruto-poteza-bodocega-kralja-williama-je-harryja-mocno-prizadela\/"},"wordCount":392,"publisher":{"@id":"https:\/\/hudo.com\/si\/#organization"},"keywords":["princ Harry","Princ William"],"articleSection":["VIP"],"inLanguage":"sl-SI"},{"@type":"WebPage","@id":"https:\/\/hudo.com\/si\/vip\/ne-skrivata-da-se-ne-preneseta-kruto-poteza-bodocega-kralja-williama-je-harryja-mocno-prizadela\/","url":"https:\/\/hudo.com\/si\/vip\/ne-skrivata-da-se-ne-preneseta-kruto-poteza-bodocega-kralja-williama-je-harryja-mocno-prizadela\/","name":"Ne skrivata, da se ne preneseta: Kruto, poteza bodo\u010dega kralja Williama je Harryja mo\u010dno prizadela - Hudo Slovenija","isPartOf":{"@id":"https:\/\/hudo.com\/si\/#website"},"datePublished":"2023-05-08T11:20:07+00:00","dateModified":"2023-05-08T11:20:07+00:00","breadcrumb":{"@id":"https:\/\/hudo.com\/si\/vip\/ne-skrivata-da-se-ne-preneseta-kruto-poteza-bodocega-kralja-williama-je-harryja-mocno-prizadela\/#breadcrumb"},"inLanguage":"sl-SI","potentialAction":[{"@type":"ReadAction","target":["https:\/\/hudo.com\/si\/vip\/ne-skrivata-da-se-ne-preneseta-kruto-poteza-bodocega-kralja-williama-je-harryja-mocno-prizadela\/"]}]},{"@type":"BreadcrumbList","@id":"https:\/\/hudo.com\/si\/vip\/ne-skrivata-da-se-ne-preneseta-kruto-poteza-bodocega-kralja-williama-je-harryja-mocno-prizadela\/#breadcrumb","itemListElement":[{"@type":"ListItem","position":1,"name":"Home","item":"https:\/\/hudo.com\/si\/"},{"@type":"ListItem","position":2,"name":"Ne skrivata, da se ne preneseta: Kruto, poteza bodo\u010dega kralja Williama je Harryja mo\u010dno prizadela"}]},{"@type":"WebSite","@id":"https:\/\/hudo.com\/si\/#website","url":"https:\/\/hudo.com\/si\/","name":"Hudo Slovenija","description":"Vse novice iz Slovenije in sveta","publisher":{"@id":"https:\/\/hudo.com\/si\/#organization"},"potentialAction":[{"@type":"SearchAction","target":{"@type":"EntryPoint","urlTemplate":"https:\/\/hudo.com\/si\/?s={search_term_string}"},"query-input":"required name=search_term_string"}],"inLanguage":"sl-SI"},{"@type":"Organization","@id":"https:\/\/hudo.com\/si\/#organization","name":"VSN Media","url":"https:\/\/hudo.com\/si\/","logo":{"@type":"ImageObject","inLanguage":"sl-SI","@id":"https:\/\/hudo.com\/si\/#\/schema\/logo\/image\/","url":"https:\/\/hudo.com\/si\/wp-content\/uploads\/sites\/2\/2021\/03\/hudo-app-2.png","contentUrl":"https:\/\/hudo.com\/si\/wp-content\/uploads\/sites\/2\/2021\/03\/hudo-app-2.png","width":2185,"height":2167,"caption":"VSN Media"},"image":{"@id":"https:\/\/hudo.com\/si\/#\/schema\/logo\/image\/"},"sameAs":["https:\/\/www.facebook.com\/hudo.si","https:\/\/twitter.com\/hudo_si"]},{"@type":"Person","@id":"https:\/\/hudo.com\/si\/#\/schema\/person\/f95639a66e0dd2c682b0568634e85b8b","name":"A. G.","image":{"@type":"ImageObject","inLanguage":"sl-SI","@id":"https:\/\/hudo.com\/si\/#\/schema\/person\/image\/","url":"https:\/\/secure.gravatar.com\/avatar\/9f44de561c70d5d80348d3ed0f4b142d?s=96&d=mm&r=g","contentUrl":"https:\/\/secure.gravatar.com\/avatar\/9f44de561c70d5d80348d3ed0f4b142d?s=96&d=mm&r=g","caption":"A. G."},"url":"https:\/\/hudo.com\/si\/author\/alenkagrmek\/"}]}},"amp_enabled":true,"_links":{"self":[{"href":"https:\/\/hudo.com\/si\/wp-json\/wp\/v2\/posts\/481332"}],"collection":[{"href":"https:\/\/hudo.com\/si\/wp-json\/wp\/v2\/posts"}],"about":[{"href":"https:\/\/hudo.com\/si\/wp-json\/wp\/v2\/types\/post"}],"author":[{"embeddable":true,"href":"https:\/\/hudo.com\/si\/wp-json\/wp\/v2\/users\/6"}],"replies":[{"embeddable":true,"href":"https:\/\/hudo.com\/si\/wp-json\/wp\/v2\/comments?post=481332"}],"version-history":[{"count":3,"href":"https:\/\/hudo.com\/si\/wp-json\/wp\/v2\/posts\/481332\/revisions"}],"predecessor-version":[{"id":481337,"href":"https:\/\/hudo.com\/si\/wp-json\/wp\/v2\/posts\/481332\/revisions\/481337"}],"wp:featuredmedia":[{"embeddable":true,"href":"https:\/\/hudo.com\/si\/wp-json\/wp\/v2\/media\/481333"}],"wp:attachment":[{"href":"https:\/\/hudo.com\/si\/wp-json\/wp\/v2\/media?parent=481332"}],"wp:term":[{"taxonomy":"category","embeddable":true,"href":"https:\/\/hudo.com\/si\/wp-json\/wp\/v2\/categories?post=481332"},{"taxonomy":"post_tag","embeddable":true,"href":"https:\/\/hudo.com\/si\/wp-json\/wp\/v2\/tags?post=481332"},{"taxonomy":"source","embeddable":true,"href":"https:\/\/hudo.com\/si\/wp-json\/wp\/v2\/source?post=481332"},{"taxonomy":"supertag","embeddable":true,"href":"https:\/\/hudo.com\/si\/wp-json\/wp\/v2\/supertag?post=481332"}],"curies":[{"name":"wp","href":"https:\/\/api.w.org\/{rel}","templated":true}]}}