{"id":481553,"date":"2023-05-16T20:10:17","date_gmt":"2023-05-16T18:10:17","guid":{"rendered":"https:\/\/hudo.com\/si\/?p=481553"},"modified":"2023-05-16T20:10:17","modified_gmt":"2023-05-16T18:10:17","slug":"zaradi-mocnega-dezevja-danes-vec-plazov-krka-in-kolpa-se-razlivata","status":"publish","type":"post","link":"https:\/\/hudo.com\/si\/aktualno\/slovenija\/zaradi-mocnega-dezevja-danes-vec-plazov-krka-in-kolpa-se-razlivata\/","title":{"rendered":"Zaradi mo\u010dnega de\u017eevja danes ve\u010d plazov, Krka in Kolpa se razlivata"},"content":{"rendered":"<p>Za sanacijo plazov je bilo danes aktiviranih 18 gasilskih enot. Gasilci so plazi\u0161\u010da prekrivali s folijo in urejali odvodnjavanje.<\/p>\n<p>Na obmo\u010djih regijskih centrov za obve\u0161\u010danje Ptuj, Maribor, Celje, Murska Sobota in Novo mesto so gasilci danes odpravljali posledice obilnega de\u017eevja, v 52 dogodkih je bilo aktiviranih 43 gasilskih enot.<\/p>\n<p>Gasilci so pre\u010drpavali meteorno vodo iz stanovanjskih in drugih objektov, \u010distili prepuste, odstranjevali podrta drevesa, v objekte name\u0161\u010dali potopne \u010drpalke ter s protipoplavnimi vre\u010dami za\u0161\u010ditili ogro\u017eene objekte. Meteorne vode so zalile ve\u010d cesti\u0161\u010d.<\/p>\n<p>V naselju Bora\u010deva v ob\u010dini Radenci in v naselju Grabono\u0161 v ob\u010dini Sveti Jurij ob \u0160\u010davnici je potok prestopil bregove.<\/p>\n<p>Po podatkih Agencije RS za okolje se Krka razliva ob celotnem toku, zve\u010der in pono\u010di pa bo poplavljala na obmo\u010dju pogostih poplav. Nara\u0161\u010dala bo tudi v sredo, v spodnjem toku predvidoma do popoldneva. Poplave ob Krki se bodo v sredo nadaljevale, popravljene povr\u0161ine pa se bodo ve\u010dale. Mo\u010dno nara\u0161\u010da tudi Kolpa, ki se trenutno razliva v srednjem toku.<\/p>\n<p>V prihodnjih urah in v prvem delu no\u010di bodo ob mo\u010dnej\u0161ih nalivih ponovno narasli vodotoki s povirji v Slovenskih goricah, na Pohorju in v Halozah. Mo\u017ena so poplavljanja hudourni\u0161kih vodotokov, na ve\u010d mestih lahko zastaja in poplavlja padavinska in zaledna voda. Poplavijo lahko Dravinja, \u0160\u010davnica in Pesnica, visoka bo tudi Mura, ki se v sredo lahko razlije znotraj protipoplavnih nasipov.<\/p>\n<p>Ponekod na Primorskem je danes pihal mo\u010dan veter, ponekod tudi v sunkih do 100 kilometrov na uro. Najve\u010d te\u017eav je povzro\u010dil na obmo\u010dju regijskih centrov Koper, Nova Gorica in Postojna. Podrlo se je ve\u010dje \u0161tevilo dreves, ki so po\u0161kodovala vozili, sunek vetra je prevrnil prikolico tovornega vozila, na obmo\u010dju naselja Bor\u0161t v ob\u010dini Koper, pa je pri\u0161lo do prekinitve oskrbe z elektri\u010dno energijo pri 560 odjemalcih.<\/p>\n<p>Po trenutnih podatkih so zabele\u017eili 37 dogodkov, za odpravo posledic pa je bilo aktiviranih 22 gasilskih enot in drugih slu\u017eb, so \u0161e sporo\u010dili iz uprave za za\u0161\u010dito in re\u0161evanje.<\/p>\n","protected":false},"excerpt":{"rendered":"<p>Zaradi mo\u010dnega de\u017eevja in razmo\u010denega terena se je danes spro\u017eilo 15 zemeljskih plazov, najve\u010d na severovzhodnem delu Slovenije. Plazovi ve\u010dinoma ogro\u017eajo infrastrukturo in objekte, nekaj \u0161kode so povzro\u010dili tudi v naravi, so sporo\u010dili iz uprave za za\u0161\u010dito in re\u0161evanje. Reke \u0161e nara\u0161\u010dajo, razlivata se Krka in njeni pritoki ter Kolpa.<\/p>\n","protected":false},"author":5,"featured_media":472717,"comment_status":"closed","ping_status":"closed","sticky":false,"template":"","format":"standard","meta":{"footnotes":""},"categories":[18201],"tags":[5015,5405,1595,2149],"source":[4511],"supertag":[5675,12922],"acf":[],"yoast_head":"<!-- This site is optimized with the Yoast SEO plugin v21.3 - https:\/\/yoast.com\/wordpress\/plugins\/seo\/ -->\n<title>Zaradi mo\u010dnega de\u017eevja danes ve\u010d plazov, Krka in Kolpa se razlivata - Hudo Slovenija<\/title>\n<meta name=\"robots\" content=\"index, follow, max-snippet:-1, max-image-preview:large, max-video-preview:-1\" \/>\n<link rel=\"canonical\" href=\"https:\/\/hudo.com\/si\/aktualno\/slovenija\/zaradi-mocnega-dezevja-danes-vec-plazov-krka-in-kolpa-se-razlivata\/\" \/>\n<meta property=\"og:locale\" content=\"sl_SI\" \/>\n<meta property=\"og:type\" content=\"article\" \/>\n<meta property=\"og:title\" content=\"Zaradi mo\u010dnega de\u017eevja danes ve\u010d plazov, Krka in Kolpa se razlivata - Hudo Slovenija\" \/>\n<meta property=\"og:description\" content=\"Zaradi mo\u010dnega de\u017eevja in razmo\u010denega terena se je danes spro\u017eilo 15 zemeljskih plazov, najve\u010d na severovzhodnem delu Slovenije. Plazovi ve\u010dinoma ogro\u017eajo infrastrukturo in objekte, nekaj \u0161kode so povzro\u010dili tudi v naravi, so sporo\u010dili iz uprave za za\u0161\u010dito in re\u0161evanje. Reke \u0161e nara\u0161\u010dajo, razlivata se Krka in njeni pritoki ter Kolpa.\" \/>\n<meta property=\"og:url\" content=\"https:\/\/hudo.com\/si\/aktualno\/slovenija\/zaradi-mocnega-dezevja-danes-vec-plazov-krka-in-kolpa-se-razlivata\/\" \/>\n<meta property=\"og:site_name\" content=\"Hudo Slovenija\" \/>\n<meta property=\"article:publisher\" content=\"https:\/\/www.facebook.com\/hudo.si\" \/>\n<meta property=\"article:published_time\" content=\"2023-05-16T18:10:17+00:00\" \/>\n<meta property=\"og:image\" content=\"https:\/\/hudo.com\/si\/wp-content\/uploads\/sites\/2\/2022\/09\/Screenshot-from-2022-09-16-09-25-33.jpg\" \/>\n\t<meta property=\"og:image:width\" content=\"636\" \/>\n\t<meta property=\"og:image:height\" content=\"474\" \/>\n\t<meta property=\"og:image:type\" content=\"image\/jpeg\" \/>\n<meta name=\"author\" content=\"A. G., STA\" \/>\n<meta name=\"twitter:card\" content=\"summary_large_image\" \/>\n<meta name=\"twitter:creator\" content=\"@hudo_si\" \/>\n<meta name=\"twitter:site\" content=\"@hudo_si\" \/>\n<meta name=\"twitter:label1\" content=\"Written by\" \/>\n\t<meta name=\"twitter:data1\" content=\"A. G., STA\" \/>\n\t<meta name=\"twitter:label2\" content=\"Est. reading time\" \/>\n\t<meta name=\"twitter:data2\" content=\"2 minuti\" \/>\n<script type=\"application\/ld+json\" class=\"yoast-schema-graph\">{\"@context\":\"https:\/\/schema.org\",\"@graph\":[{\"@type\":\"Article\",\"@id\":\"https:\/\/hudo.com\/si\/aktualno\/slovenija\/zaradi-mocnega-dezevja-danes-vec-plazov-krka-in-kolpa-se-razlivata\/#article\",\"isPartOf\":{\"@id\":\"https:\/\/hudo.com\/si\/aktualno\/slovenija\/zaradi-mocnega-dezevja-danes-vec-plazov-krka-in-kolpa-se-razlivata\/\"},\"author\":{\"name\":\"A. G., STA\",\"@id\":\"https:\/\/hudo.com\/si\/#\/schema\/person\/2391667a63ea075ba94f2f2dc6b77537\"},\"headline\":\"Zaradi mo\u010dnega de\u017eevja danes ve\u010d plazov, Krka in Kolpa se razlivata\",\"datePublished\":\"2023-05-16T18:10:17+00:00\",\"dateModified\":\"2023-05-16T18:10:17+00:00\",\"mainEntityOfPage\":{\"@id\":\"https:\/\/hudo.com\/si\/aktualno\/slovenija\/zaradi-mocnega-dezevja-danes-vec-plazov-krka-in-kolpa-se-razlivata\/\"},\"wordCount\":362,\"publisher\":{\"@id\":\"https:\/\/hudo.com\/si\/#organization\"},\"keywords\":[\"opozorilo\",\"poplave\",\"Slovenija\",\"vreme\"],\"articleSection\":[\"Slovenija\"],\"inLanguage\":\"sl-SI\"},{\"@type\":\"WebPage\",\"@id\":\"https:\/\/hudo.com\/si\/aktualno\/slovenija\/zaradi-mocnega-dezevja-danes-vec-plazov-krka-in-kolpa-se-razlivata\/\",\"url\":\"https:\/\/hudo.com\/si\/aktualno\/slovenija\/zaradi-mocnega-dezevja-danes-vec-plazov-krka-in-kolpa-se-razlivata\/\",\"name\":\"Zaradi mo\u010dnega de\u017eevja danes ve\u010d plazov, Krka in Kolpa se razlivata - Hudo Slovenija\",\"isPartOf\":{\"@id\":\"https:\/\/hudo.com\/si\/#website\"},\"datePublished\":\"2023-05-16T18:10:17+00:00\",\"dateModified\":\"2023-05-16T18:10:17+00:00\",\"breadcrumb\":{\"@id\":\"https:\/\/hudo.com\/si\/aktualno\/slovenija\/zaradi-mocnega-dezevja-danes-vec-plazov-krka-in-kolpa-se-razlivata\/#breadcrumb\"},\"inLanguage\":\"sl-SI\",\"potentialAction\":[{\"@type\":\"ReadAction\",\"target\":[\"https:\/\/hudo.com\/si\/aktualno\/slovenija\/zaradi-mocnega-dezevja-danes-vec-plazov-krka-in-kolpa-se-razlivata\/\"]}]},{\"@type\":\"BreadcrumbList\",\"@id\":\"https:\/\/hudo.com\/si\/aktualno\/slovenija\/zaradi-mocnega-dezevja-danes-vec-plazov-krka-in-kolpa-se-razlivata\/#breadcrumb\",\"itemListElement\":[{\"@type\":\"ListItem\",\"position\":1,\"name\":\"Home\",\"item\":\"https:\/\/hudo.com\/si\/\"},{\"@type\":\"ListItem\",\"position\":2,\"name\":\"Zaradi mo\u010dnega de\u017eevja danes ve\u010d plazov, Krka in Kolpa se razlivata\"}]},{\"@type\":\"WebSite\",\"@id\":\"https:\/\/hudo.com\/si\/#website\",\"url\":\"https:\/\/hudo.com\/si\/\",\"name\":\"Hudo Slovenija\",\"description\":\"Vse novice iz Slovenije in sveta\",\"publisher\":{\"@id\":\"https:\/\/hudo.com\/si\/#organization\"},\"potentialAction\":[{\"@type\":\"SearchAction\",\"target\":{\"@type\":\"EntryPoint\",\"urlTemplate\":\"https:\/\/hudo.com\/si\/?s={search_term_string}\"},\"query-input\":\"required name=search_term_string\"}],\"inLanguage\":\"sl-SI\"},{\"@type\":\"Organization\",\"@id\":\"https:\/\/hudo.com\/si\/#organization\",\"name\":\"VSN Media\",\"url\":\"https:\/\/hudo.com\/si\/\",\"logo\":{\"@type\":\"ImageObject\",\"inLanguage\":\"sl-SI\",\"@id\":\"https:\/\/hudo.com\/si\/#\/schema\/logo\/image\/\",\"url\":\"https:\/\/hudo.com\/si\/wp-content\/uploads\/sites\/2\/2021\/03\/hudo-app-2.png\",\"contentUrl\":\"https:\/\/hudo.com\/si\/wp-content\/uploads\/sites\/2\/2021\/03\/hudo-app-2.png\",\"width\":2185,\"height\":2167,\"caption\":\"VSN Media\"},\"image\":{\"@id\":\"https:\/\/hudo.com\/si\/#\/schema\/logo\/image\/\"},\"sameAs\":[\"https:\/\/www.facebook.com\/hudo.si\",\"https:\/\/twitter.com\/hudo_si\"]},{\"@type\":\"Person\",\"@id\":\"https:\/\/hudo.com\/si\/#\/schema\/person\/2391667a63ea075ba94f2f2dc6b77537\",\"name\":\"A. G., STA\",\"image\":{\"@type\":\"ImageObject\",\"inLanguage\":\"sl-SI\",\"@id\":\"https:\/\/hudo.com\/si\/#\/schema\/person\/image\/\",\"url\":\"https:\/\/secure.gravatar.com\/avatar\/e13d22ac3e442658d5025fbbe6238a79?s=96&d=mm&r=g\",\"contentUrl\":\"https:\/\/secure.gravatar.com\/avatar\/e13d22ac3e442658d5025fbbe6238a79?s=96&d=mm&r=g\",\"caption\":\"A. G., STA\"},\"url\":\"https:\/\/hudo.com\/si\/author\/alenka\/\"}]}<\/script>\n<!-- \/ Yoast SEO plugin. -->","yoast_head_json":{"title":"Zaradi mo\u010dnega de\u017eevja danes ve\u010d plazov, Krka in Kolpa se razlivata - Hudo Slovenija","robots":{"index":"index","follow":"follow","max-snippet":"max-snippet:-1","max-image-preview":"max-image-preview:large","max-video-preview":"max-video-preview:-1"},"canonical":"https:\/\/hudo.com\/si\/aktualno\/slovenija\/zaradi-mocnega-dezevja-danes-vec-plazov-krka-in-kolpa-se-razlivata\/","og_locale":"sl_SI","og_type":"article","og_title":"Zaradi mo\u010dnega de\u017eevja danes ve\u010d plazov, Krka in Kolpa se razlivata - Hudo Slovenija","og_description":"Zaradi mo\u010dnega de\u017eevja in razmo\u010denega terena se je danes spro\u017eilo 15 zemeljskih plazov, najve\u010d na severovzhodnem delu Slovenije. Plazovi ve\u010dinoma ogro\u017eajo infrastrukturo in objekte, nekaj \u0161kode so povzro\u010dili tudi v naravi, so sporo\u010dili iz uprave za za\u0161\u010dito in re\u0161evanje. Reke \u0161e nara\u0161\u010dajo, razlivata se Krka in njeni pritoki ter Kolpa.","og_url":"https:\/\/hudo.com\/si\/aktualno\/slovenija\/zaradi-mocnega-dezevja-danes-vec-plazov-krka-in-kolpa-se-razlivata\/","og_site_name":"Hudo Slovenija","article_publisher":"https:\/\/www.facebook.com\/hudo.si","article_published_time":"2023-05-16T18:10:17+00:00","og_image":[{"width":636,"height":474,"url":"https:\/\/hudo.com\/si\/wp-content\/uploads\/sites\/2\/2022\/09\/Screenshot-from-2022-09-16-09-25-33.jpg","type":"image\/jpeg"}],"author":"A. G., STA","twitter_card":"summary_large_image","twitter_creator":"@hudo_si","twitter_site":"@hudo_si","twitter_misc":{"Written by":"A. G., STA","Est. reading time":"2 minuti"},"schema":{"@context":"https:\/\/schema.org","@graph":[{"@type":"Article","@id":"https:\/\/hudo.com\/si\/aktualno\/slovenija\/zaradi-mocnega-dezevja-danes-vec-plazov-krka-in-kolpa-se-razlivata\/#article","isPartOf":{"@id":"https:\/\/hudo.com\/si\/aktualno\/slovenija\/zaradi-mocnega-dezevja-danes-vec-plazov-krka-in-kolpa-se-razlivata\/"},"author":{"name":"A. G., STA","@id":"https:\/\/hudo.com\/si\/#\/schema\/person\/2391667a63ea075ba94f2f2dc6b77537"},"headline":"Zaradi mo\u010dnega de\u017eevja danes ve\u010d plazov, Krka in Kolpa se razlivata","datePublished":"2023-05-16T18:10:17+00:00","dateModified":"2023-05-16T18:10:17+00:00","mainEntityOfPage":{"@id":"https:\/\/hudo.com\/si\/aktualno\/slovenija\/zaradi-mocnega-dezevja-danes-vec-plazov-krka-in-kolpa-se-razlivata\/"},"wordCount":362,"publisher":{"@id":"https:\/\/hudo.com\/si\/#organization"},"keywords":["opozorilo","poplave","Slovenija","vreme"],"articleSection":["Slovenija"],"inLanguage":"sl-SI"},{"@type":"WebPage","@id":"https:\/\/hudo.com\/si\/aktualno\/slovenija\/zaradi-mocnega-dezevja-danes-vec-plazov-krka-in-kolpa-se-razlivata\/","url":"https:\/\/hudo.com\/si\/aktualno\/slovenija\/zaradi-mocnega-dezevja-danes-vec-plazov-krka-in-kolpa-se-razlivata\/","name":"Zaradi mo\u010dnega de\u017eevja danes ve\u010d plazov, Krka in Kolpa se razlivata - Hudo Slovenija","isPartOf":{"@id":"https:\/\/hudo.com\/si\/#website"},"datePublished":"2023-05-16T18:10:17+00:00","dateModified":"2023-05-16T18:10:17+00:00","breadcrumb":{"@id":"https:\/\/hudo.com\/si\/aktualno\/slovenija\/zaradi-mocnega-dezevja-danes-vec-plazov-krka-in-kolpa-se-razlivata\/#breadcrumb"},"inLanguage":"sl-SI","potentialAction":[{"@type":"ReadAction","target":["https:\/\/hudo.com\/si\/aktualno\/slovenija\/zaradi-mocnega-dezevja-danes-vec-plazov-krka-in-kolpa-se-razlivata\/"]}]},{"@type":"BreadcrumbList","@id":"https:\/\/hudo.com\/si\/aktualno\/slovenija\/zaradi-mocnega-dezevja-danes-vec-plazov-krka-in-kolpa-se-razlivata\/#breadcrumb","itemListElement":[{"@type":"ListItem","position":1,"name":"Home","item":"https:\/\/hudo.com\/si\/"},{"@type":"ListItem","position":2,"name":"Zaradi mo\u010dnega de\u017eevja danes ve\u010d plazov, Krka in Kolpa se razlivata"}]},{"@type":"WebSite","@id":"https:\/\/hudo.com\/si\/#website","url":"https:\/\/hudo.com\/si\/","name":"Hudo Slovenija","description":"Vse novice iz Slovenije in sveta","publisher":{"@id":"https:\/\/hudo.com\/si\/#organization"},"potentialAction":[{"@type":"SearchAction","target":{"@type":"EntryPoint","urlTemplate":"https:\/\/hudo.com\/si\/?s={search_term_string}"},"query-input":"required name=search_term_string"}],"inLanguage":"sl-SI"},{"@type":"Organization","@id":"https:\/\/hudo.com\/si\/#organization","name":"VSN Media","url":"https:\/\/hudo.com\/si\/","logo":{"@type":"ImageObject","inLanguage":"sl-SI","@id":"https:\/\/hudo.com\/si\/#\/schema\/logo\/image\/","url":"https:\/\/hudo.com\/si\/wp-content\/uploads\/sites\/2\/2021\/03\/hudo-app-2.png","contentUrl":"https:\/\/hudo.com\/si\/wp-content\/uploads\/sites\/2\/2021\/03\/hudo-app-2.png","width":2185,"height":2167,"caption":"VSN Media"},"image":{"@id":"https:\/\/hudo.com\/si\/#\/schema\/logo\/image\/"},"sameAs":["https:\/\/www.facebook.com\/hudo.si","https:\/\/twitter.com\/hudo_si"]},{"@type":"Person","@id":"https:\/\/hudo.com\/si\/#\/schema\/person\/2391667a63ea075ba94f2f2dc6b77537","name":"A. G., STA","image":{"@type":"ImageObject","inLanguage":"sl-SI","@id":"https:\/\/hudo.com\/si\/#\/schema\/person\/image\/","url":"https:\/\/secure.gravatar.com\/avatar\/e13d22ac3e442658d5025fbbe6238a79?s=96&d=mm&r=g","contentUrl":"https:\/\/secure.gravatar.com\/avatar\/e13d22ac3e442658d5025fbbe6238a79?s=96&d=mm&r=g","caption":"A. G., STA"},"url":"https:\/\/hudo.com\/si\/author\/alenka\/"}]}},"amp_enabled":true,"_links":{"self":[{"href":"https:\/\/hudo.com\/si\/wp-json\/wp\/v2\/posts\/481553"}],"collection":[{"href":"https:\/\/hudo.com\/si\/wp-json\/wp\/v2\/posts"}],"about":[{"href":"https:\/\/hudo.com\/si\/wp-json\/wp\/v2\/types\/post"}],"author":[{"embeddable":true,"href":"https:\/\/hudo.com\/si\/wp-json\/wp\/v2\/users\/5"}],"replies":[{"embeddable":true,"href":"https:\/\/hudo.com\/si\/wp-json\/wp\/v2\/comments?post=481553"}],"version-history":[{"count":1,"href":"https:\/\/hudo.com\/si\/wp-json\/wp\/v2\/posts\/481553\/revisions"}],"predecessor-version":[{"id":481554,"href":"https:\/\/hudo.com\/si\/wp-json\/wp\/v2\/posts\/481553\/revisions\/481554"}],"wp:featuredmedia":[{"embeddable":true,"href":"https:\/\/hudo.com\/si\/wp-json\/wp\/v2\/media\/472717"}],"wp:attachment":[{"href":"https:\/\/hudo.com\/si\/wp-json\/wp\/v2\/media?parent=481553"}],"wp:term":[{"taxonomy":"category","embeddable":true,"href":"https:\/\/hudo.com\/si\/wp-json\/wp\/v2\/categories?post=481553"},{"taxonomy":"post_tag","embeddable":true,"href":"https:\/\/hudo.com\/si\/wp-json\/wp\/v2\/tags?post=481553"},{"taxonomy":"source","embeddable":true,"href":"https:\/\/hudo.com\/si\/wp-json\/wp\/v2\/source?post=481553"},{"taxonomy":"supertag","embeddable":true,"href":"https:\/\/hudo.com\/si\/wp-json\/wp\/v2\/supertag?post=481553"}],"curies":[{"name":"wp","href":"https:\/\/api.w.org\/{rel}","templated":true}]}}