{"id":481728,"date":"2023-05-25T14:23:09","date_gmt":"2023-05-25T12:23:09","guid":{"rendered":"https:\/\/hudo.com\/si\/?p=481728"},"modified":"2023-05-25T14:23:09","modified_gmt":"2023-05-25T12:23:09","slug":"sarec-drzava-bo-prizadetim-obcinam-namenila-17-milijona-evrov","status":"publish","type":"post","link":"https:\/\/hudo.com\/si\/aktualno\/slovenija\/sarec-drzava-bo-prizadetim-obcinam-namenila-17-milijona-evrov\/","title":{"rendered":"\u0160arec: Dr\u017eava bo prizadetim ob\u010dinam namenila 1,7 milijona evrov"},"content":{"rendered":"<p>Gre za stro\u0161ke, za katere so ob\u010dine ocenile, da so jih imele s tehni\u010dno opremo, hrano, orodjem, ponjavami in podobnimi zadevami na intervenciji. Obrambni minister je ob tem dejal, da bo dr\u017eava ob\u010dinam te stro\u0161ke povrnila rekordno hitro v roku enega tedna, tako bodo lahko svoje prora\u010dune namenile za druge zadeve.<\/p>\n<p>Dodal je, da gre le za povrnitev intervencijskih stro\u0161kov, stro\u0161ki sanacije pa bodo povrnjeni ko bodo zaklju\u010deni nekoliko dalj\u0161i postopki. Pojasnil je, da oceno \u0161kode izvedeta obrambno ministrstvo oz. uprava za za\u0161\u010dito in re\u0161evanje, za stro\u0161ke sanacije pa so pristojni drugi resorji.<\/p>\n<p>V tem mesecu je severovzhod dr\u017eave zajelo ve\u010d ve\u010djih neurij, samo v ob\u010dini \u0160entilj so na\u0161teli 122 zemeljskih plazov ob cestah in objektih, od tega jih je okoli 80 ve\u010djega obsega, ter \u0161e okoli 300 plazov na kmetijskih zemlji\u0161\u010dih. Ve\u010d stanovanjskih hi\u0161 je trajno neprimernih za bivanje, pet dru\u017ein pa je bilo v\u010deraj \u0161e vedno nastanjenih v kontejnerjih.<\/p>\n","protected":false},"excerpt":{"rendered":"<p>Obrambni minister Marjan \u0160arec je na novinarski konferenci po seji vlade povedal, da je vlada s sklepi ob\u010dinam prizadetim s poplavami in plazovi zagotovila sredstva v vi\u0161ini 1,7 milijona evrov za intervencijske stro\u0161ke. Stro\u0161ki sanacije pa bodo povrnjeni po nekoliko dalj\u0161ih postopkih, je pojasnil.<\/p>\n","protected":false},"author":5,"featured_media":481562,"comment_status":"closed","ping_status":"closed","sticky":false,"template":"","format":"standard","meta":{"footnotes":""},"categories":[18201],"tags":[7810,4143,3850,1595,8987],"source":[4511],"supertag":[5675],"acf":[],"yoast_head":"<!-- This site is optimized with the Yoast SEO plugin v21.3 - https:\/\/yoast.com\/wordpress\/plugins\/seo\/ -->\n<title>\u0160arec: Dr\u017eava bo prizadetim ob\u010dinam namenila 1,7 milijona evrov - Hudo Slovenija<\/title>\n<meta name=\"robots\" content=\"index, follow, max-snippet:-1, max-image-preview:large, max-video-preview:-1\" \/>\n<link rel=\"canonical\" href=\"https:\/\/hudo.com\/si\/aktualno\/slovenija\/sarec-drzava-bo-prizadetim-obcinam-namenila-17-milijona-evrov\/\" \/>\n<meta property=\"og:locale\" content=\"sl_SI\" \/>\n<meta property=\"og:type\" content=\"article\" \/>\n<meta property=\"og:title\" content=\"\u0160arec: Dr\u017eava bo prizadetim ob\u010dinam namenila 1,7 milijona evrov - Hudo Slovenija\" \/>\n<meta property=\"og:description\" content=\"Obrambni minister Marjan \u0160arec je na novinarski konferenci po seji vlade povedal, da je vlada s sklepi ob\u010dinam prizadetim s poplavami in plazovi zagotovila sredstva v vi\u0161ini 1,7 milijona evrov za intervencijske stro\u0161ke. Stro\u0161ki sanacije pa bodo povrnjeni po nekoliko dalj\u0161ih postopkih, je pojasnil.\" \/>\n<meta property=\"og:url\" content=\"https:\/\/hudo.com\/si\/aktualno\/slovenija\/sarec-drzava-bo-prizadetim-obcinam-namenila-17-milijona-evrov\/\" \/>\n<meta property=\"og:site_name\" content=\"Hudo Slovenija\" \/>\n<meta property=\"article:publisher\" content=\"https:\/\/www.facebook.com\/hudo.si\" \/>\n<meta property=\"article:published_time\" content=\"2023-05-25T12:23:09+00:00\" \/>\n<meta property=\"og:image\" content=\"https:\/\/hudo.com\/si\/wp-content\/uploads\/sites\/2\/2023\/05\/20230516-01237804.jpg\" \/>\n\t<meta property=\"og:image:width\" content=\"1365\" \/>\n\t<meta property=\"og:image:height\" content=\"1024\" \/>\n\t<meta property=\"og:image:type\" content=\"image\/jpeg\" \/>\n<meta name=\"author\" content=\"A. G., STA\" \/>\n<meta name=\"twitter:card\" content=\"summary_large_image\" \/>\n<meta name=\"twitter:creator\" content=\"@hudo_si\" \/>\n<meta name=\"twitter:site\" content=\"@hudo_si\" \/>\n<meta name=\"twitter:label1\" content=\"Written by\" \/>\n\t<meta name=\"twitter:data1\" content=\"A. G., STA\" \/>\n\t<meta name=\"twitter:label2\" content=\"Est. reading time\" \/>\n\t<meta name=\"twitter:data2\" content=\"1 minuta\" \/>\n<script type=\"application\/ld+json\" class=\"yoast-schema-graph\">{\"@context\":\"https:\/\/schema.org\",\"@graph\":[{\"@type\":\"Article\",\"@id\":\"https:\/\/hudo.com\/si\/aktualno\/slovenija\/sarec-drzava-bo-prizadetim-obcinam-namenila-17-milijona-evrov\/#article\",\"isPartOf\":{\"@id\":\"https:\/\/hudo.com\/si\/aktualno\/slovenija\/sarec-drzava-bo-prizadetim-obcinam-namenila-17-milijona-evrov\/\"},\"author\":{\"name\":\"A. G., STA\",\"@id\":\"https:\/\/hudo.com\/si\/#\/schema\/person\/2391667a63ea075ba94f2f2dc6b77537\"},\"headline\":\"\u0160arec: Dr\u017eava bo prizadetim ob\u010dinam namenila 1,7 milijona evrov\",\"datePublished\":\"2023-05-25T12:23:09+00:00\",\"dateModified\":\"2023-05-25T12:23:09+00:00\",\"mainEntityOfPage\":{\"@id\":\"https:\/\/hudo.com\/si\/aktualno\/slovenija\/sarec-drzava-bo-prizadetim-obcinam-namenila-17-milijona-evrov\/\"},\"wordCount\":180,\"publisher\":{\"@id\":\"https:\/\/hudo.com\/si\/#organization\"},\"keywords\":[\"Marjan \u0160arec\",\"plaz\",\"pomo\u010d\",\"Slovenija\",\"ujme\"],\"articleSection\":[\"Slovenija\"],\"inLanguage\":\"sl-SI\"},{\"@type\":\"WebPage\",\"@id\":\"https:\/\/hudo.com\/si\/aktualno\/slovenija\/sarec-drzava-bo-prizadetim-obcinam-namenila-17-milijona-evrov\/\",\"url\":\"https:\/\/hudo.com\/si\/aktualno\/slovenija\/sarec-drzava-bo-prizadetim-obcinam-namenila-17-milijona-evrov\/\",\"name\":\"\u0160arec: Dr\u017eava bo prizadetim ob\u010dinam namenila 1,7 milijona evrov - Hudo Slovenija\",\"isPartOf\":{\"@id\":\"https:\/\/hudo.com\/si\/#website\"},\"datePublished\":\"2023-05-25T12:23:09+00:00\",\"dateModified\":\"2023-05-25T12:23:09+00:00\",\"breadcrumb\":{\"@id\":\"https:\/\/hudo.com\/si\/aktualno\/slovenija\/sarec-drzava-bo-prizadetim-obcinam-namenila-17-milijona-evrov\/#breadcrumb\"},\"inLanguage\":\"sl-SI\",\"potentialAction\":[{\"@type\":\"ReadAction\",\"target\":[\"https:\/\/hudo.com\/si\/aktualno\/slovenija\/sarec-drzava-bo-prizadetim-obcinam-namenila-17-milijona-evrov\/\"]}]},{\"@type\":\"BreadcrumbList\",\"@id\":\"https:\/\/hudo.com\/si\/aktualno\/slovenija\/sarec-drzava-bo-prizadetim-obcinam-namenila-17-milijona-evrov\/#breadcrumb\",\"itemListElement\":[{\"@type\":\"ListItem\",\"position\":1,\"name\":\"Home\",\"item\":\"https:\/\/hudo.com\/si\/\"},{\"@type\":\"ListItem\",\"position\":2,\"name\":\"\u0160arec: Dr\u017eava bo prizadetim ob\u010dinam namenila 1,7 milijona evrov\"}]},{\"@type\":\"WebSite\",\"@id\":\"https:\/\/hudo.com\/si\/#website\",\"url\":\"https:\/\/hudo.com\/si\/\",\"name\":\"Hudo Slovenija\",\"description\":\"Vse novice iz Slovenije in sveta\",\"publisher\":{\"@id\":\"https:\/\/hudo.com\/si\/#organization\"},\"potentialAction\":[{\"@type\":\"SearchAction\",\"target\":{\"@type\":\"EntryPoint\",\"urlTemplate\":\"https:\/\/hudo.com\/si\/?s={search_term_string}\"},\"query-input\":\"required name=search_term_string\"}],\"inLanguage\":\"sl-SI\"},{\"@type\":\"Organization\",\"@id\":\"https:\/\/hudo.com\/si\/#organization\",\"name\":\"VSN Media\",\"url\":\"https:\/\/hudo.com\/si\/\",\"logo\":{\"@type\":\"ImageObject\",\"inLanguage\":\"sl-SI\",\"@id\":\"https:\/\/hudo.com\/si\/#\/schema\/logo\/image\/\",\"url\":\"https:\/\/hudo.com\/si\/wp-content\/uploads\/sites\/2\/2021\/03\/hudo-app-2.png\",\"contentUrl\":\"https:\/\/hudo.com\/si\/wp-content\/uploads\/sites\/2\/2021\/03\/hudo-app-2.png\",\"width\":2185,\"height\":2167,\"caption\":\"VSN Media\"},\"image\":{\"@id\":\"https:\/\/hudo.com\/si\/#\/schema\/logo\/image\/\"},\"sameAs\":[\"https:\/\/www.facebook.com\/hudo.si\",\"https:\/\/twitter.com\/hudo_si\"]},{\"@type\":\"Person\",\"@id\":\"https:\/\/hudo.com\/si\/#\/schema\/person\/2391667a63ea075ba94f2f2dc6b77537\",\"name\":\"A. G., STA\",\"image\":{\"@type\":\"ImageObject\",\"inLanguage\":\"sl-SI\",\"@id\":\"https:\/\/hudo.com\/si\/#\/schema\/person\/image\/\",\"url\":\"https:\/\/secure.gravatar.com\/avatar\/e13d22ac3e442658d5025fbbe6238a79?s=96&d=mm&r=g\",\"contentUrl\":\"https:\/\/secure.gravatar.com\/avatar\/e13d22ac3e442658d5025fbbe6238a79?s=96&d=mm&r=g\",\"caption\":\"A. G., STA\"},\"url\":\"https:\/\/hudo.com\/si\/author\/alenka\/\"}]}<\/script>\n<!-- \/ Yoast SEO plugin. -->","yoast_head_json":{"title":"\u0160arec: Dr\u017eava bo prizadetim ob\u010dinam namenila 1,7 milijona evrov - Hudo Slovenija","robots":{"index":"index","follow":"follow","max-snippet":"max-snippet:-1","max-image-preview":"max-image-preview:large","max-video-preview":"max-video-preview:-1"},"canonical":"https:\/\/hudo.com\/si\/aktualno\/slovenija\/sarec-drzava-bo-prizadetim-obcinam-namenila-17-milijona-evrov\/","og_locale":"sl_SI","og_type":"article","og_title":"\u0160arec: Dr\u017eava bo prizadetim ob\u010dinam namenila 1,7 milijona evrov - Hudo Slovenija","og_description":"Obrambni minister Marjan \u0160arec je na novinarski konferenci po seji vlade povedal, da je vlada s sklepi ob\u010dinam prizadetim s poplavami in plazovi zagotovila sredstva v vi\u0161ini 1,7 milijona evrov za intervencijske stro\u0161ke. Stro\u0161ki sanacije pa bodo povrnjeni po nekoliko dalj\u0161ih postopkih, je pojasnil.","og_url":"https:\/\/hudo.com\/si\/aktualno\/slovenija\/sarec-drzava-bo-prizadetim-obcinam-namenila-17-milijona-evrov\/","og_site_name":"Hudo Slovenija","article_publisher":"https:\/\/www.facebook.com\/hudo.si","article_published_time":"2023-05-25T12:23:09+00:00","og_image":[{"width":1365,"height":1024,"url":"https:\/\/hudo.com\/si\/wp-content\/uploads\/sites\/2\/2023\/05\/20230516-01237804.jpg","type":"image\/jpeg"}],"author":"A. G., STA","twitter_card":"summary_large_image","twitter_creator":"@hudo_si","twitter_site":"@hudo_si","twitter_misc":{"Written by":"A. G., STA","Est. reading time":"1 minuta"},"schema":{"@context":"https:\/\/schema.org","@graph":[{"@type":"Article","@id":"https:\/\/hudo.com\/si\/aktualno\/slovenija\/sarec-drzava-bo-prizadetim-obcinam-namenila-17-milijona-evrov\/#article","isPartOf":{"@id":"https:\/\/hudo.com\/si\/aktualno\/slovenija\/sarec-drzava-bo-prizadetim-obcinam-namenila-17-milijona-evrov\/"},"author":{"name":"A. G., STA","@id":"https:\/\/hudo.com\/si\/#\/schema\/person\/2391667a63ea075ba94f2f2dc6b77537"},"headline":"\u0160arec: Dr\u017eava bo prizadetim ob\u010dinam namenila 1,7 milijona evrov","datePublished":"2023-05-25T12:23:09+00:00","dateModified":"2023-05-25T12:23:09+00:00","mainEntityOfPage":{"@id":"https:\/\/hudo.com\/si\/aktualno\/slovenija\/sarec-drzava-bo-prizadetim-obcinam-namenila-17-milijona-evrov\/"},"wordCount":180,"publisher":{"@id":"https:\/\/hudo.com\/si\/#organization"},"keywords":["Marjan \u0160arec","plaz","pomo\u010d","Slovenija","ujme"],"articleSection":["Slovenija"],"inLanguage":"sl-SI"},{"@type":"WebPage","@id":"https:\/\/hudo.com\/si\/aktualno\/slovenija\/sarec-drzava-bo-prizadetim-obcinam-namenila-17-milijona-evrov\/","url":"https:\/\/hudo.com\/si\/aktualno\/slovenija\/sarec-drzava-bo-prizadetim-obcinam-namenila-17-milijona-evrov\/","name":"\u0160arec: Dr\u017eava bo prizadetim ob\u010dinam namenila 1,7 milijona evrov - Hudo Slovenija","isPartOf":{"@id":"https:\/\/hudo.com\/si\/#website"},"datePublished":"2023-05-25T12:23:09+00:00","dateModified":"2023-05-25T12:23:09+00:00","breadcrumb":{"@id":"https:\/\/hudo.com\/si\/aktualno\/slovenija\/sarec-drzava-bo-prizadetim-obcinam-namenila-17-milijona-evrov\/#breadcrumb"},"inLanguage":"sl-SI","potentialAction":[{"@type":"ReadAction","target":["https:\/\/hudo.com\/si\/aktualno\/slovenija\/sarec-drzava-bo-prizadetim-obcinam-namenila-17-milijona-evrov\/"]}]},{"@type":"BreadcrumbList","@id":"https:\/\/hudo.com\/si\/aktualno\/slovenija\/sarec-drzava-bo-prizadetim-obcinam-namenila-17-milijona-evrov\/#breadcrumb","itemListElement":[{"@type":"ListItem","position":1,"name":"Home","item":"https:\/\/hudo.com\/si\/"},{"@type":"ListItem","position":2,"name":"\u0160arec: Dr\u017eava bo prizadetim ob\u010dinam namenila 1,7 milijona evrov"}]},{"@type":"WebSite","@id":"https:\/\/hudo.com\/si\/#website","url":"https:\/\/hudo.com\/si\/","name":"Hudo Slovenija","description":"Vse novice iz Slovenije in sveta","publisher":{"@id":"https:\/\/hudo.com\/si\/#organization"},"potentialAction":[{"@type":"SearchAction","target":{"@type":"EntryPoint","urlTemplate":"https:\/\/hudo.com\/si\/?s={search_term_string}"},"query-input":"required name=search_term_string"}],"inLanguage":"sl-SI"},{"@type":"Organization","@id":"https:\/\/hudo.com\/si\/#organization","name":"VSN Media","url":"https:\/\/hudo.com\/si\/","logo":{"@type":"ImageObject","inLanguage":"sl-SI","@id":"https:\/\/hudo.com\/si\/#\/schema\/logo\/image\/","url":"https:\/\/hudo.com\/si\/wp-content\/uploads\/sites\/2\/2021\/03\/hudo-app-2.png","contentUrl":"https:\/\/hudo.com\/si\/wp-content\/uploads\/sites\/2\/2021\/03\/hudo-app-2.png","width":2185,"height":2167,"caption":"VSN Media"},"image":{"@id":"https:\/\/hudo.com\/si\/#\/schema\/logo\/image\/"},"sameAs":["https:\/\/www.facebook.com\/hudo.si","https:\/\/twitter.com\/hudo_si"]},{"@type":"Person","@id":"https:\/\/hudo.com\/si\/#\/schema\/person\/2391667a63ea075ba94f2f2dc6b77537","name":"A. G., STA","image":{"@type":"ImageObject","inLanguage":"sl-SI","@id":"https:\/\/hudo.com\/si\/#\/schema\/person\/image\/","url":"https:\/\/secure.gravatar.com\/avatar\/e13d22ac3e442658d5025fbbe6238a79?s=96&d=mm&r=g","contentUrl":"https:\/\/secure.gravatar.com\/avatar\/e13d22ac3e442658d5025fbbe6238a79?s=96&d=mm&r=g","caption":"A. G., STA"},"url":"https:\/\/hudo.com\/si\/author\/alenka\/"}]}},"amp_enabled":true,"_links":{"self":[{"href":"https:\/\/hudo.com\/si\/wp-json\/wp\/v2\/posts\/481728"}],"collection":[{"href":"https:\/\/hudo.com\/si\/wp-json\/wp\/v2\/posts"}],"about":[{"href":"https:\/\/hudo.com\/si\/wp-json\/wp\/v2\/types\/post"}],"author":[{"embeddable":true,"href":"https:\/\/hudo.com\/si\/wp-json\/wp\/v2\/users\/5"}],"replies":[{"embeddable":true,"href":"https:\/\/hudo.com\/si\/wp-json\/wp\/v2\/comments?post=481728"}],"version-history":[{"count":1,"href":"https:\/\/hudo.com\/si\/wp-json\/wp\/v2\/posts\/481728\/revisions"}],"predecessor-version":[{"id":481729,"href":"https:\/\/hudo.com\/si\/wp-json\/wp\/v2\/posts\/481728\/revisions\/481729"}],"wp:featuredmedia":[{"embeddable":true,"href":"https:\/\/hudo.com\/si\/wp-json\/wp\/v2\/media\/481562"}],"wp:attachment":[{"href":"https:\/\/hudo.com\/si\/wp-json\/wp\/v2\/media?parent=481728"}],"wp:term":[{"taxonomy":"category","embeddable":true,"href":"https:\/\/hudo.com\/si\/wp-json\/wp\/v2\/categories?post=481728"},{"taxonomy":"post_tag","embeddable":true,"href":"https:\/\/hudo.com\/si\/wp-json\/wp\/v2\/tags?post=481728"},{"taxonomy":"source","embeddable":true,"href":"https:\/\/hudo.com\/si\/wp-json\/wp\/v2\/source?post=481728"},{"taxonomy":"supertag","embeddable":true,"href":"https:\/\/hudo.com\/si\/wp-json\/wp\/v2\/supertag?post=481728"}],"curies":[{"name":"wp","href":"https:\/\/api.w.org\/{rel}","templated":true}]}}