{"id":482014,"date":"2023-06-07T16:07:03","date_gmt":"2023-06-07T14:07:03","guid":{"rendered":"https:\/\/hudo.com\/si\/?p=482014"},"modified":"2023-06-07T16:07:03","modified_gmt":"2023-06-07T14:07:03","slug":"slovenija-bo-letos-stala-cestno-omrezje-ne-prenese-takega-stevila-avtomobilov-kdaj-bo-najhuje","status":"publish","type":"post","link":"https:\/\/hudo.com\/si\/aktualno\/slovenija\/slovenija-bo-letos-stala-cestno-omrezje-ne-prenese-takega-stevila-avtomobilov-kdaj-bo-najhuje\/","title":{"rendered":"&#8221;Slovenija bo letos stala, cestno omre\u017eje ne prenese takega \u0161tevila avtomobilov&#8230;&#8221; Kdaj bo najhuje?"},"content":{"rendered":"<p>O ponedeljkovem zastoju v Toma\u010devem je Jankovi\u0107 dejal, da sicer zelo dobro sodelujejo z Darsom in usklajujejo odpiranje in zapiranje cest.<\/p>\n<p>Opozoril je, da bo prometni kaos tudi v Ljubljani \u0161e trajal. V bli\u017enji prihodnosti bodo dela med drugim izvajali na Tr\u017ea\u0161ki cesti in na ve\u010dini stranskih cest, ki vodijo nanjo, na delu Zalo\u0161ke ceste med gostilno Jurman in trgovino Spar ter na Litijski cesti med Hru\u0161evsko cesto in Kajuhovo ulico, je na\u0161tel \u017eupan.<\/p>\n<p>Omenil je tudi prenovo Vilharjeve, Linhartove, Masarykove, trga OF in raz\u0161iritev podvoza pod \u017eelezni\u0161ko progo pri Orto baru. Ob tem bodo prihodnji mesec odprli \u010crnova\u0161ko cesto, za katero Jankovi\u0107 upa, da bo delno razbremenila Tr\u017ea\u0161ko cesto.<\/p>\n<p>Meni, da se v kratkem stanje na cestah ne bo izbolj\u0161alo. &#8220;Ra\u010dunamo, da poleti vsaj Ljubljan\u010danov ne bo toliko, ker bodo na po\u010ditnicah, tako da bomo ta \u010das izkoristili,&#8221; je dejal. &#8220;Dejstvo je, da nas prometni kaos \u0161e \u010daka. Najhuj\u0161i del bo izgradnja \u017eelezni\u0161ke postaje,&#8221; je pojasnil.<\/p>\n<p>&#8220;Trdno sem prepri\u010dan, da bo Slovenija letos stala, kajti na\u0161e cestno omre\u017eje enostavno ne prenese takega \u0161tevila avtomobilov,&#8221; je dejal. Meni, da bo letos ve\u010d gne\u010de na cestah predvsem, ker ni kon\u010dana hitra \u017eelezni\u0161ka proga in ve\u010dji del prometa s Primorske poteka s kamioni. Re\u0161itev vidi v petem in \u0161estem pasu na obvoznici med Dom\u017ealami in Vrhniko. &#8220;Po mojem mnenju peti in \u0161esti pas ne pomenita dodatnega prometa, kajti ne vem, od kje bi pri\u0161el. Omogo\u010dila pa bi hitrej\u0161e praznjenje,&#8221; je dejal.<\/p>\n<p>\u017dupan je prepri\u010dan tudi, da je treba spremeniti miselnost in za\u010deti z redno uporabo car-sharinga. Vse, ki se v Ljubljano vozijo sami, pa poziva, naj se dogovorijo z drugimi in se pripeljejo skupaj, saj v 90 odstotkih avtomobilov sedi le voznik.<\/p>\n<p>Na novinarski konferenci so sicer predstavili \u0161tiri mednarodne nagrade Liveable Communities 2023, ki jih je Ljubljana prej\u0161nji teden prejela na malte\u0161ki univerzi v Valletti. Prejeli so zlato nagrado za \u0161iritev ljubljanske cone za pe\u0161ce proti vzhodu in bronaste nagrade za medgeneracijski projekt Urbano vrti\u010dkanje z babico in dedkom, za \u010detrtni center Golovec in za skupnostni projekt Stara celina Mednarodnega grafi\u010dnega likovnega centra.<\/p>\n","protected":false},"excerpt":{"rendered":"<p>Ljubljanski \u017eupan Zoran Jankovi\u0107 je prepri\u010dan, da bo prometni kaos v Ljubljani in po Sloveniji \u0161e trajal. V prestolnici trenutno prenavljajo \u0161tevilne ceste, na\u010drtujejo pa prenovo \u0161e ve\u010d kot sto cest, je povedal na redni novinarski konferenci. Dodal je, da \u017eelijo poletne mesece izkoristiti za prenove, saj &#8220;bodo poleti Ljubljan\u010dani na po\u010ditnicah&#8221;.<\/p>\n","protected":false},"author":7,"featured_media":482015,"comment_status":"closed","ping_status":"closed","sticky":false,"template":"","format":"standard","meta":{"footnotes":""},"categories":[18201],"tags":[2112,5622,4441],"source":[4511],"supertag":[],"acf":[],"yoast_head":"<!-- This site is optimized with the Yoast SEO plugin v21.3 - https:\/\/yoast.com\/wordpress\/plugins\/seo\/ -->\n<title>&#039;&#039;Slovenija bo letos stala, cestno omre\u017eje ne prenese takega \u0161tevila avtomobilov...&#039;&#039; Kdaj bo najhuje? - Hudo Slovenija<\/title>\n<meta name=\"robots\" content=\"index, follow, max-snippet:-1, max-image-preview:large, max-video-preview:-1\" \/>\n<link rel=\"canonical\" href=\"https:\/\/hudo.com\/si\/aktualno\/slovenija\/slovenija-bo-letos-stala-cestno-omrezje-ne-prenese-takega-stevila-avtomobilov-kdaj-bo-najhuje\/\" \/>\n<meta property=\"og:locale\" content=\"sl_SI\" \/>\n<meta property=\"og:type\" content=\"article\" \/>\n<meta property=\"og:title\" content=\"&#039;&#039;Slovenija bo letos stala, cestno omre\u017eje ne prenese takega \u0161tevila avtomobilov...&#039;&#039; Kdaj bo najhuje? - Hudo Slovenija\" \/>\n<meta property=\"og:description\" content=\"Ljubljanski \u017eupan Zoran Jankovi\u0107 je prepri\u010dan, da bo prometni kaos v Ljubljani in po Sloveniji \u0161e trajal. V prestolnici trenutno prenavljajo \u0161tevilne ceste, na\u010drtujejo pa prenovo \u0161e ve\u010d kot sto cest, je povedal na redni novinarski konferenci. Dodal je, da \u017eelijo poletne mesece izkoristiti za prenove, saj &quot;bodo poleti Ljubljan\u010dani na po\u010ditnicah&quot;.\" \/>\n<meta property=\"og:url\" content=\"https:\/\/hudo.com\/si\/aktualno\/slovenija\/slovenija-bo-letos-stala-cestno-omrezje-ne-prenese-takega-stevila-avtomobilov-kdaj-bo-najhuje\/\" \/>\n<meta property=\"og:site_name\" content=\"Hudo Slovenija\" \/>\n<meta property=\"article:publisher\" content=\"https:\/\/www.facebook.com\/hudo.si\" \/>\n<meta property=\"article:published_time\" content=\"2023-06-07T14:07:03+00:00\" \/>\n<meta property=\"og:image\" content=\"https:\/\/hudo.com\/si\/wp-content\/uploads\/sites\/2\/2023\/06\/20220913-01166485.jpg\" \/>\n\t<meta property=\"og:image:width\" content=\"640\" \/>\n\t<meta property=\"og:image:height\" content=\"426\" \/>\n\t<meta property=\"og:image:type\" content=\"image\/jpeg\" \/>\n<meta name=\"author\" content=\"A. P., STA\" \/>\n<meta name=\"twitter:card\" content=\"summary_large_image\" \/>\n<meta name=\"twitter:creator\" content=\"@hudo_si\" \/>\n<meta name=\"twitter:site\" content=\"@hudo_si\" \/>\n<meta name=\"twitter:label1\" content=\"Written by\" \/>\n\t<meta name=\"twitter:data1\" content=\"A. P., STA\" \/>\n\t<meta name=\"twitter:label2\" content=\"Est. reading time\" \/>\n\t<meta name=\"twitter:data2\" content=\"2 minuti\" \/>\n<script type=\"application\/ld+json\" class=\"yoast-schema-graph\">{\"@context\":\"https:\/\/schema.org\",\"@graph\":[{\"@type\":\"Article\",\"@id\":\"https:\/\/hudo.com\/si\/aktualno\/slovenija\/slovenija-bo-letos-stala-cestno-omrezje-ne-prenese-takega-stevila-avtomobilov-kdaj-bo-najhuje\/#article\",\"isPartOf\":{\"@id\":\"https:\/\/hudo.com\/si\/aktualno\/slovenija\/slovenija-bo-letos-stala-cestno-omrezje-ne-prenese-takega-stevila-avtomobilov-kdaj-bo-najhuje\/\"},\"author\":{\"name\":\"A. P., STA\",\"@id\":\"https:\/\/hudo.com\/si\/#\/schema\/person\/18f09c02475ba9e606e941a565b80cff\"},\"headline\":\"&#8221;Slovenija bo letos stala, cestno omre\u017eje ne prenese takega \u0161tevila avtomobilov&#8230;&#8221; Kdaj bo najhuje?\",\"datePublished\":\"2023-06-07T14:07:03+00:00\",\"dateModified\":\"2023-06-07T14:07:03+00:00\",\"mainEntityOfPage\":{\"@id\":\"https:\/\/hudo.com\/si\/aktualno\/slovenija\/slovenija-bo-letos-stala-cestno-omrezje-ne-prenese-takega-stevila-avtomobilov-kdaj-bo-najhuje\/\"},\"wordCount\":394,\"publisher\":{\"@id\":\"https:\/\/hudo.com\/si\/#organization\"},\"keywords\":[\"ceste\",\"infrastruktura\",\"Zoran Jankovi\u0107\"],\"articleSection\":[\"Slovenija\"],\"inLanguage\":\"sl-SI\"},{\"@type\":\"WebPage\",\"@id\":\"https:\/\/hudo.com\/si\/aktualno\/slovenija\/slovenija-bo-letos-stala-cestno-omrezje-ne-prenese-takega-stevila-avtomobilov-kdaj-bo-najhuje\/\",\"url\":\"https:\/\/hudo.com\/si\/aktualno\/slovenija\/slovenija-bo-letos-stala-cestno-omrezje-ne-prenese-takega-stevila-avtomobilov-kdaj-bo-najhuje\/\",\"name\":\"''Slovenija bo letos stala, cestno omre\u017eje ne prenese takega \u0161tevila avtomobilov...'' Kdaj bo najhuje? - Hudo Slovenija\",\"isPartOf\":{\"@id\":\"https:\/\/hudo.com\/si\/#website\"},\"datePublished\":\"2023-06-07T14:07:03+00:00\",\"dateModified\":\"2023-06-07T14:07:03+00:00\",\"breadcrumb\":{\"@id\":\"https:\/\/hudo.com\/si\/aktualno\/slovenija\/slovenija-bo-letos-stala-cestno-omrezje-ne-prenese-takega-stevila-avtomobilov-kdaj-bo-najhuje\/#breadcrumb\"},\"inLanguage\":\"sl-SI\",\"potentialAction\":[{\"@type\":\"ReadAction\",\"target\":[\"https:\/\/hudo.com\/si\/aktualno\/slovenija\/slovenija-bo-letos-stala-cestno-omrezje-ne-prenese-takega-stevila-avtomobilov-kdaj-bo-najhuje\/\"]}]},{\"@type\":\"BreadcrumbList\",\"@id\":\"https:\/\/hudo.com\/si\/aktualno\/slovenija\/slovenija-bo-letos-stala-cestno-omrezje-ne-prenese-takega-stevila-avtomobilov-kdaj-bo-najhuje\/#breadcrumb\",\"itemListElement\":[{\"@type\":\"ListItem\",\"position\":1,\"name\":\"Home\",\"item\":\"https:\/\/hudo.com\/si\/\"},{\"@type\":\"ListItem\",\"position\":2,\"name\":\"&#8221;Slovenija bo letos stala, cestno omre\u017eje ne prenese takega \u0161tevila avtomobilov&#8230;&#8221; Kdaj bo najhuje?\"}]},{\"@type\":\"WebSite\",\"@id\":\"https:\/\/hudo.com\/si\/#website\",\"url\":\"https:\/\/hudo.com\/si\/\",\"name\":\"Hudo Slovenija\",\"description\":\"Vse novice iz Slovenije in sveta\",\"publisher\":{\"@id\":\"https:\/\/hudo.com\/si\/#organization\"},\"potentialAction\":[{\"@type\":\"SearchAction\",\"target\":{\"@type\":\"EntryPoint\",\"urlTemplate\":\"https:\/\/hudo.com\/si\/?s={search_term_string}\"},\"query-input\":\"required name=search_term_string\"}],\"inLanguage\":\"sl-SI\"},{\"@type\":\"Organization\",\"@id\":\"https:\/\/hudo.com\/si\/#organization\",\"name\":\"VSN Media\",\"url\":\"https:\/\/hudo.com\/si\/\",\"logo\":{\"@type\":\"ImageObject\",\"inLanguage\":\"sl-SI\",\"@id\":\"https:\/\/hudo.com\/si\/#\/schema\/logo\/image\/\",\"url\":\"https:\/\/hudo.com\/si\/wp-content\/uploads\/sites\/2\/2021\/03\/hudo-app-2.png\",\"contentUrl\":\"https:\/\/hudo.com\/si\/wp-content\/uploads\/sites\/2\/2021\/03\/hudo-app-2.png\",\"width\":2185,\"height\":2167,\"caption\":\"VSN Media\"},\"image\":{\"@id\":\"https:\/\/hudo.com\/si\/#\/schema\/logo\/image\/\"},\"sameAs\":[\"https:\/\/www.facebook.com\/hudo.si\",\"https:\/\/twitter.com\/hudo_si\"]},{\"@type\":\"Person\",\"@id\":\"https:\/\/hudo.com\/si\/#\/schema\/person\/18f09c02475ba9e606e941a565b80cff\",\"name\":\"A. P., STA\",\"image\":{\"@type\":\"ImageObject\",\"inLanguage\":\"sl-SI\",\"@id\":\"https:\/\/hudo.com\/si\/#\/schema\/person\/image\/\",\"url\":\"https:\/\/secure.gravatar.com\/avatar\/03eac8e609f5f04383125d80eaeaaf3e?s=96&d=mm&r=g\",\"contentUrl\":\"https:\/\/secure.gravatar.com\/avatar\/03eac8e609f5f04383125d80eaeaaf3e?s=96&d=mm&r=g\",\"caption\":\"A. P., STA\"},\"url\":\"https:\/\/hudo.com\/si\/author\/lubu\/\"}]}<\/script>\n<!-- \/ Yoast SEO plugin. -->","yoast_head_json":{"title":"''Slovenija bo letos stala, cestno omre\u017eje ne prenese takega \u0161tevila avtomobilov...'' Kdaj bo najhuje? - Hudo Slovenija","robots":{"index":"index","follow":"follow","max-snippet":"max-snippet:-1","max-image-preview":"max-image-preview:large","max-video-preview":"max-video-preview:-1"},"canonical":"https:\/\/hudo.com\/si\/aktualno\/slovenija\/slovenija-bo-letos-stala-cestno-omrezje-ne-prenese-takega-stevila-avtomobilov-kdaj-bo-najhuje\/","og_locale":"sl_SI","og_type":"article","og_title":"''Slovenija bo letos stala, cestno omre\u017eje ne prenese takega \u0161tevila avtomobilov...'' Kdaj bo najhuje? - Hudo Slovenija","og_description":"Ljubljanski \u017eupan Zoran Jankovi\u0107 je prepri\u010dan, da bo prometni kaos v Ljubljani in po Sloveniji \u0161e trajal. V prestolnici trenutno prenavljajo \u0161tevilne ceste, na\u010drtujejo pa prenovo \u0161e ve\u010d kot sto cest, je povedal na redni novinarski konferenci. Dodal je, da \u017eelijo poletne mesece izkoristiti za prenove, saj \"bodo poleti Ljubljan\u010dani na po\u010ditnicah\".","og_url":"https:\/\/hudo.com\/si\/aktualno\/slovenija\/slovenija-bo-letos-stala-cestno-omrezje-ne-prenese-takega-stevila-avtomobilov-kdaj-bo-najhuje\/","og_site_name":"Hudo Slovenija","article_publisher":"https:\/\/www.facebook.com\/hudo.si","article_published_time":"2023-06-07T14:07:03+00:00","og_image":[{"width":640,"height":426,"url":"https:\/\/hudo.com\/si\/wp-content\/uploads\/sites\/2\/2023\/06\/20220913-01166485.jpg","type":"image\/jpeg"}],"author":"A. P., STA","twitter_card":"summary_large_image","twitter_creator":"@hudo_si","twitter_site":"@hudo_si","twitter_misc":{"Written by":"A. P., STA","Est. reading time":"2 minuti"},"schema":{"@context":"https:\/\/schema.org","@graph":[{"@type":"Article","@id":"https:\/\/hudo.com\/si\/aktualno\/slovenija\/slovenija-bo-letos-stala-cestno-omrezje-ne-prenese-takega-stevila-avtomobilov-kdaj-bo-najhuje\/#article","isPartOf":{"@id":"https:\/\/hudo.com\/si\/aktualno\/slovenija\/slovenija-bo-letos-stala-cestno-omrezje-ne-prenese-takega-stevila-avtomobilov-kdaj-bo-najhuje\/"},"author":{"name":"A. P., STA","@id":"https:\/\/hudo.com\/si\/#\/schema\/person\/18f09c02475ba9e606e941a565b80cff"},"headline":"&#8221;Slovenija bo letos stala, cestno omre\u017eje ne prenese takega \u0161tevila avtomobilov&#8230;&#8221; Kdaj bo najhuje?","datePublished":"2023-06-07T14:07:03+00:00","dateModified":"2023-06-07T14:07:03+00:00","mainEntityOfPage":{"@id":"https:\/\/hudo.com\/si\/aktualno\/slovenija\/slovenija-bo-letos-stala-cestno-omrezje-ne-prenese-takega-stevila-avtomobilov-kdaj-bo-najhuje\/"},"wordCount":394,"publisher":{"@id":"https:\/\/hudo.com\/si\/#organization"},"keywords":["ceste","infrastruktura","Zoran Jankovi\u0107"],"articleSection":["Slovenija"],"inLanguage":"sl-SI"},{"@type":"WebPage","@id":"https:\/\/hudo.com\/si\/aktualno\/slovenija\/slovenija-bo-letos-stala-cestno-omrezje-ne-prenese-takega-stevila-avtomobilov-kdaj-bo-najhuje\/","url":"https:\/\/hudo.com\/si\/aktualno\/slovenija\/slovenija-bo-letos-stala-cestno-omrezje-ne-prenese-takega-stevila-avtomobilov-kdaj-bo-najhuje\/","name":"''Slovenija bo letos stala, cestno omre\u017eje ne prenese takega \u0161tevila avtomobilov...'' Kdaj bo najhuje? - Hudo Slovenija","isPartOf":{"@id":"https:\/\/hudo.com\/si\/#website"},"datePublished":"2023-06-07T14:07:03+00:00","dateModified":"2023-06-07T14:07:03+00:00","breadcrumb":{"@id":"https:\/\/hudo.com\/si\/aktualno\/slovenija\/slovenija-bo-letos-stala-cestno-omrezje-ne-prenese-takega-stevila-avtomobilov-kdaj-bo-najhuje\/#breadcrumb"},"inLanguage":"sl-SI","potentialAction":[{"@type":"ReadAction","target":["https:\/\/hudo.com\/si\/aktualno\/slovenija\/slovenija-bo-letos-stala-cestno-omrezje-ne-prenese-takega-stevila-avtomobilov-kdaj-bo-najhuje\/"]}]},{"@type":"BreadcrumbList","@id":"https:\/\/hudo.com\/si\/aktualno\/slovenija\/slovenija-bo-letos-stala-cestno-omrezje-ne-prenese-takega-stevila-avtomobilov-kdaj-bo-najhuje\/#breadcrumb","itemListElement":[{"@type":"ListItem","position":1,"name":"Home","item":"https:\/\/hudo.com\/si\/"},{"@type":"ListItem","position":2,"name":"&#8221;Slovenija bo letos stala, cestno omre\u017eje ne prenese takega \u0161tevila avtomobilov&#8230;&#8221; Kdaj bo najhuje?"}]},{"@type":"WebSite","@id":"https:\/\/hudo.com\/si\/#website","url":"https:\/\/hudo.com\/si\/","name":"Hudo Slovenija","description":"Vse novice iz Slovenije in sveta","publisher":{"@id":"https:\/\/hudo.com\/si\/#organization"},"potentialAction":[{"@type":"SearchAction","target":{"@type":"EntryPoint","urlTemplate":"https:\/\/hudo.com\/si\/?s={search_term_string}"},"query-input":"required name=search_term_string"}],"inLanguage":"sl-SI"},{"@type":"Organization","@id":"https:\/\/hudo.com\/si\/#organization","name":"VSN Media","url":"https:\/\/hudo.com\/si\/","logo":{"@type":"ImageObject","inLanguage":"sl-SI","@id":"https:\/\/hudo.com\/si\/#\/schema\/logo\/image\/","url":"https:\/\/hudo.com\/si\/wp-content\/uploads\/sites\/2\/2021\/03\/hudo-app-2.png","contentUrl":"https:\/\/hudo.com\/si\/wp-content\/uploads\/sites\/2\/2021\/03\/hudo-app-2.png","width":2185,"height":2167,"caption":"VSN Media"},"image":{"@id":"https:\/\/hudo.com\/si\/#\/schema\/logo\/image\/"},"sameAs":["https:\/\/www.facebook.com\/hudo.si","https:\/\/twitter.com\/hudo_si"]},{"@type":"Person","@id":"https:\/\/hudo.com\/si\/#\/schema\/person\/18f09c02475ba9e606e941a565b80cff","name":"A. P., STA","image":{"@type":"ImageObject","inLanguage":"sl-SI","@id":"https:\/\/hudo.com\/si\/#\/schema\/person\/image\/","url":"https:\/\/secure.gravatar.com\/avatar\/03eac8e609f5f04383125d80eaeaaf3e?s=96&d=mm&r=g","contentUrl":"https:\/\/secure.gravatar.com\/avatar\/03eac8e609f5f04383125d80eaeaaf3e?s=96&d=mm&r=g","caption":"A. P., STA"},"url":"https:\/\/hudo.com\/si\/author\/lubu\/"}]}},"amp_enabled":true,"_links":{"self":[{"href":"https:\/\/hudo.com\/si\/wp-json\/wp\/v2\/posts\/482014"}],"collection":[{"href":"https:\/\/hudo.com\/si\/wp-json\/wp\/v2\/posts"}],"about":[{"href":"https:\/\/hudo.com\/si\/wp-json\/wp\/v2\/types\/post"}],"author":[{"embeddable":true,"href":"https:\/\/hudo.com\/si\/wp-json\/wp\/v2\/users\/7"}],"replies":[{"embeddable":true,"href":"https:\/\/hudo.com\/si\/wp-json\/wp\/v2\/comments?post=482014"}],"version-history":[{"count":1,"href":"https:\/\/hudo.com\/si\/wp-json\/wp\/v2\/posts\/482014\/revisions"}],"predecessor-version":[{"id":482016,"href":"https:\/\/hudo.com\/si\/wp-json\/wp\/v2\/posts\/482014\/revisions\/482016"}],"wp:featuredmedia":[{"embeddable":true,"href":"https:\/\/hudo.com\/si\/wp-json\/wp\/v2\/media\/482015"}],"wp:attachment":[{"href":"https:\/\/hudo.com\/si\/wp-json\/wp\/v2\/media?parent=482014"}],"wp:term":[{"taxonomy":"category","embeddable":true,"href":"https:\/\/hudo.com\/si\/wp-json\/wp\/v2\/categories?post=482014"},{"taxonomy":"post_tag","embeddable":true,"href":"https:\/\/hudo.com\/si\/wp-json\/wp\/v2\/tags?post=482014"},{"taxonomy":"source","embeddable":true,"href":"https:\/\/hudo.com\/si\/wp-json\/wp\/v2\/source?post=482014"},{"taxonomy":"supertag","embeddable":true,"href":"https:\/\/hudo.com\/si\/wp-json\/wp\/v2\/supertag?post=482014"}],"curies":[{"name":"wp","href":"https:\/\/api.w.org\/{rel}","templated":true}]}}