{"id":482226,"date":"2023-06-21T14:45:29","date_gmt":"2023-06-21T12:45:29","guid":{"rendered":"https:\/\/hudo.com\/si\/?p=482226"},"modified":"2023-06-21T14:45:29","modified_gmt":"2023-06-21T12:45:29","slug":"na-hrvaskem-strmoglavil-madzarski-vojaski-helikopter","status":"publish","type":"post","link":"https:\/\/hudo.com\/si\/aktualno\/svet\/na-hrvaskem-strmoglavil-madzarski-vojaski-helikopter\/","title":{"rendered":"Na Hrva\u0161kem strmoglavil mad\u017earski voja\u0161ki helikopter"},"content":{"rendered":"<p>Mad\u017earski voja\u0161ki helikopter je strmoglavil med naseljema Pakovo Selo in Miljevci v \u0161ibeni\u0161ko-kninski \u017eupaniji, je sporo\u010dilo hrva\u0161ko obrambno ministrstvo in dodalo, da sta bila v iskanje vklju\u010dena helikopter Mi-171 Sh iz Divulj ter letalo pilatus hrva\u0161kih zra\u010dnih sil.<\/p>\n<p><div class=\"embed-notice\">Za ogled vstavljene vsebine morate omogo\u010diti <a href=\"#\" onclick=\"Optanon.ToggleInfoDisplay()\">shranjevanje pi\u0161kotkov v napravi<\/a><\/div><iframe loading=\"lazy\" style=\"border: none; overflow: hidden;\"  class=\"optanon-category-C0002-C0003-C0004\" optanon-src=\"https:\/\/www.facebook.com\/plugins\/post.php?href=https%3A%2F%2Fwww.facebook.com%2Fradiodrnis%2Fposts%2Fpfbid0ZoHUmvEf8TDjRe21ZdwwYBReG31PRg3Skwh4BQmCQhx1XxKX3TNniuxtnotF3F1Bl&amp;show_text=true&amp;width=500\" width=\"500\" height=\"640\" frameborder=\"0\" scrolling=\"no\" allowfullscreen=\"allowfullscreen\"><\/iframe><\/p>\n<p>V kanjonu \u010cikole so re\u0161evalci \u017ee na\u0161li tako razbitine pogre\u0161anega helikopterja kot tudi trupli dveh \u010dlanov posadke, medtem tretjega \u0161e i\u0161\u010dejo, je za hrva\u0161ko tiskovno agencijo Hina potrdil vodja hrva\u0161ke gorske re\u0161evalne slu\u017ebe Josip Brozi\u010devi\u0107. Ob tem je dodal, da so nadzorne kamere na terenu posnele dim, ki se dviga s kraja strmoglavljenja.<\/p>\n<p>Mad\u017earski helikopter je bil na Hrva\u0161kem v okviru usposabljanja. Proti kraju strmoglavljenja se je \u017ee odpravil hrva\u0161ki obrambni minister Mario Bano\u017ei\u0107<\/p>\n","protected":false},"excerpt":{"rendered":"<p>Na Hrva\u0161kem je danes strmoglavil helikopter mad\u017earskih oboro\u017eenih sil. Re\u0161evalci so \u017ee na\u0161li razbitine ter dve trupli, medtem ko tretjega \u010dlana posadke \u0161e vedno i\u0161\u010dejo. Proti kraju strmoglavljenja se je medtem \u017ee odpravil hrva\u0161ki obrambni minister Mario Bano\u017ei\u0107, poro\u010da hrva\u0161ki portal N1.<\/p>\n","protected":false},"author":5,"featured_media":482229,"comment_status":"closed","ping_status":"closed","sticky":false,"template":"","format":"standard","meta":{"footnotes":""},"categories":[18202],"tags":[5901,1810,7105],"source":[4511],"supertag":[],"acf":[],"yoast_head":"<!-- This site is optimized with the Yoast SEO plugin v21.3 - https:\/\/yoast.com\/wordpress\/plugins\/seo\/ -->\n<title>Na Hrva\u0161kem strmoglavil mad\u017earski voja\u0161ki helikopter - Hudo Slovenija<\/title>\n<meta name=\"robots\" content=\"index, follow, max-snippet:-1, max-image-preview:large, max-video-preview:-1\" \/>\n<link rel=\"canonical\" href=\"https:\/\/hudo.com\/si\/aktualno\/svet\/na-hrvaskem-strmoglavil-madzarski-vojaski-helikopter\/\" \/>\n<meta property=\"og:locale\" content=\"sl_SI\" \/>\n<meta property=\"og:type\" content=\"article\" \/>\n<meta property=\"og:title\" content=\"Na Hrva\u0161kem strmoglavil mad\u017earski voja\u0161ki helikopter - Hudo Slovenija\" \/>\n<meta property=\"og:description\" content=\"Na Hrva\u0161kem je danes strmoglavil helikopter mad\u017earskih oboro\u017eenih sil. Re\u0161evalci so \u017ee na\u0161li razbitine ter dve trupli, medtem ko tretjega \u010dlana posadke \u0161e vedno i\u0161\u010dejo. Proti kraju strmoglavljenja se je medtem \u017ee odpravil hrva\u0161ki obrambni minister Mario Bano\u017ei\u0107, poro\u010da hrva\u0161ki portal N1.\" \/>\n<meta property=\"og:url\" content=\"https:\/\/hudo.com\/si\/aktualno\/svet\/na-hrvaskem-strmoglavil-madzarski-vojaski-helikopter\/\" \/>\n<meta property=\"og:site_name\" content=\"Hudo Slovenija\" \/>\n<meta property=\"article:publisher\" content=\"https:\/\/www.facebook.com\/hudo.si\" \/>\n<meta property=\"article:published_time\" content=\"2023-06-21T12:45:29+00:00\" \/>\n<meta property=\"og:image\" content=\"https:\/\/hudo.com\/si\/wp-content\/uploads\/sites\/2\/2023\/06\/347406369_756970196430527_8667520212070501039_n.jpg\" \/>\n\t<meta property=\"og:image:width\" content=\"1440\" \/>\n\t<meta property=\"og:image:height\" content=\"1080\" \/>\n\t<meta property=\"og:image:type\" content=\"image\/jpeg\" \/>\n<meta name=\"author\" content=\"A. G., STA\" \/>\n<meta name=\"twitter:card\" content=\"summary_large_image\" \/>\n<meta name=\"twitter:creator\" content=\"@hudo_si\" \/>\n<meta name=\"twitter:site\" content=\"@hudo_si\" \/>\n<meta name=\"twitter:label1\" content=\"Written by\" \/>\n\t<meta name=\"twitter:data1\" content=\"A. G., STA\" \/>\n\t<meta name=\"twitter:label2\" content=\"Est. reading time\" \/>\n\t<meta name=\"twitter:data2\" content=\"1 minuta\" \/>\n<script type=\"application\/ld+json\" class=\"yoast-schema-graph\">{\"@context\":\"https:\/\/schema.org\",\"@graph\":[{\"@type\":\"Article\",\"@id\":\"https:\/\/hudo.com\/si\/aktualno\/svet\/na-hrvaskem-strmoglavil-madzarski-vojaski-helikopter\/#article\",\"isPartOf\":{\"@id\":\"https:\/\/hudo.com\/si\/aktualno\/svet\/na-hrvaskem-strmoglavil-madzarski-vojaski-helikopter\/\"},\"author\":{\"name\":\"A. G., STA\",\"@id\":\"https:\/\/hudo.com\/si\/#\/schema\/person\/2391667a63ea075ba94f2f2dc6b77537\"},\"headline\":\"Na Hrva\u0161kem strmoglavil mad\u017earski voja\u0161ki helikopter\",\"datePublished\":\"2023-06-21T12:45:29+00:00\",\"dateModified\":\"2023-06-21T12:45:29+00:00\",\"mainEntityOfPage\":{\"@id\":\"https:\/\/hudo.com\/si\/aktualno\/svet\/na-hrvaskem-strmoglavil-madzarski-vojaski-helikopter\/\"},\"wordCount\":142,\"publisher\":{\"@id\":\"https:\/\/hudo.com\/si\/#organization\"},\"keywords\":[\"helikopter\",\"hrva\u0161ka\",\"nesre\u010da\"],\"articleSection\":[\"Svet\"],\"inLanguage\":\"sl-SI\"},{\"@type\":\"WebPage\",\"@id\":\"https:\/\/hudo.com\/si\/aktualno\/svet\/na-hrvaskem-strmoglavil-madzarski-vojaski-helikopter\/\",\"url\":\"https:\/\/hudo.com\/si\/aktualno\/svet\/na-hrvaskem-strmoglavil-madzarski-vojaski-helikopter\/\",\"name\":\"Na Hrva\u0161kem strmoglavil mad\u017earski voja\u0161ki helikopter - Hudo Slovenija\",\"isPartOf\":{\"@id\":\"https:\/\/hudo.com\/si\/#website\"},\"datePublished\":\"2023-06-21T12:45:29+00:00\",\"dateModified\":\"2023-06-21T12:45:29+00:00\",\"breadcrumb\":{\"@id\":\"https:\/\/hudo.com\/si\/aktualno\/svet\/na-hrvaskem-strmoglavil-madzarski-vojaski-helikopter\/#breadcrumb\"},\"inLanguage\":\"sl-SI\",\"potentialAction\":[{\"@type\":\"ReadAction\",\"target\":[\"https:\/\/hudo.com\/si\/aktualno\/svet\/na-hrvaskem-strmoglavil-madzarski-vojaski-helikopter\/\"]}]},{\"@type\":\"BreadcrumbList\",\"@id\":\"https:\/\/hudo.com\/si\/aktualno\/svet\/na-hrvaskem-strmoglavil-madzarski-vojaski-helikopter\/#breadcrumb\",\"itemListElement\":[{\"@type\":\"ListItem\",\"position\":1,\"name\":\"Home\",\"item\":\"https:\/\/hudo.com\/si\/\"},{\"@type\":\"ListItem\",\"position\":2,\"name\":\"Na Hrva\u0161kem strmoglavil mad\u017earski voja\u0161ki helikopter\"}]},{\"@type\":\"WebSite\",\"@id\":\"https:\/\/hudo.com\/si\/#website\",\"url\":\"https:\/\/hudo.com\/si\/\",\"name\":\"Hudo Slovenija\",\"description\":\"Vse novice iz Slovenije in sveta\",\"publisher\":{\"@id\":\"https:\/\/hudo.com\/si\/#organization\"},\"potentialAction\":[{\"@type\":\"SearchAction\",\"target\":{\"@type\":\"EntryPoint\",\"urlTemplate\":\"https:\/\/hudo.com\/si\/?s={search_term_string}\"},\"query-input\":\"required name=search_term_string\"}],\"inLanguage\":\"sl-SI\"},{\"@type\":\"Organization\",\"@id\":\"https:\/\/hudo.com\/si\/#organization\",\"name\":\"VSN Media\",\"url\":\"https:\/\/hudo.com\/si\/\",\"logo\":{\"@type\":\"ImageObject\",\"inLanguage\":\"sl-SI\",\"@id\":\"https:\/\/hudo.com\/si\/#\/schema\/logo\/image\/\",\"url\":\"https:\/\/hudo.com\/si\/wp-content\/uploads\/sites\/2\/2021\/03\/hudo-app-2.png\",\"contentUrl\":\"https:\/\/hudo.com\/si\/wp-content\/uploads\/sites\/2\/2021\/03\/hudo-app-2.png\",\"width\":2185,\"height\":2167,\"caption\":\"VSN Media\"},\"image\":{\"@id\":\"https:\/\/hudo.com\/si\/#\/schema\/logo\/image\/\"},\"sameAs\":[\"https:\/\/www.facebook.com\/hudo.si\",\"https:\/\/twitter.com\/hudo_si\"]},{\"@type\":\"Person\",\"@id\":\"https:\/\/hudo.com\/si\/#\/schema\/person\/2391667a63ea075ba94f2f2dc6b77537\",\"name\":\"A. G., STA\",\"image\":{\"@type\":\"ImageObject\",\"inLanguage\":\"sl-SI\",\"@id\":\"https:\/\/hudo.com\/si\/#\/schema\/person\/image\/\",\"url\":\"https:\/\/secure.gravatar.com\/avatar\/e13d22ac3e442658d5025fbbe6238a79?s=96&d=mm&r=g\",\"contentUrl\":\"https:\/\/secure.gravatar.com\/avatar\/e13d22ac3e442658d5025fbbe6238a79?s=96&d=mm&r=g\",\"caption\":\"A. G., STA\"},\"url\":\"https:\/\/hudo.com\/si\/author\/alenka\/\"}]}<\/script>\n<!-- \/ Yoast SEO plugin. -->","yoast_head_json":{"title":"Na Hrva\u0161kem strmoglavil mad\u017earski voja\u0161ki helikopter - Hudo Slovenija","robots":{"index":"index","follow":"follow","max-snippet":"max-snippet:-1","max-image-preview":"max-image-preview:large","max-video-preview":"max-video-preview:-1"},"canonical":"https:\/\/hudo.com\/si\/aktualno\/svet\/na-hrvaskem-strmoglavil-madzarski-vojaski-helikopter\/","og_locale":"sl_SI","og_type":"article","og_title":"Na Hrva\u0161kem strmoglavil mad\u017earski voja\u0161ki helikopter - Hudo Slovenija","og_description":"Na Hrva\u0161kem je danes strmoglavil helikopter mad\u017earskih oboro\u017eenih sil. Re\u0161evalci so \u017ee na\u0161li razbitine ter dve trupli, medtem ko tretjega \u010dlana posadke \u0161e vedno i\u0161\u010dejo. Proti kraju strmoglavljenja se je medtem \u017ee odpravil hrva\u0161ki obrambni minister Mario Bano\u017ei\u0107, poro\u010da hrva\u0161ki portal N1.","og_url":"https:\/\/hudo.com\/si\/aktualno\/svet\/na-hrvaskem-strmoglavil-madzarski-vojaski-helikopter\/","og_site_name":"Hudo Slovenija","article_publisher":"https:\/\/www.facebook.com\/hudo.si","article_published_time":"2023-06-21T12:45:29+00:00","og_image":[{"width":1440,"height":1080,"url":"https:\/\/hudo.com\/si\/wp-content\/uploads\/sites\/2\/2023\/06\/347406369_756970196430527_8667520212070501039_n.jpg","type":"image\/jpeg"}],"author":"A. G., STA","twitter_card":"summary_large_image","twitter_creator":"@hudo_si","twitter_site":"@hudo_si","twitter_misc":{"Written by":"A. G., STA","Est. reading time":"1 minuta"},"schema":{"@context":"https:\/\/schema.org","@graph":[{"@type":"Article","@id":"https:\/\/hudo.com\/si\/aktualno\/svet\/na-hrvaskem-strmoglavil-madzarski-vojaski-helikopter\/#article","isPartOf":{"@id":"https:\/\/hudo.com\/si\/aktualno\/svet\/na-hrvaskem-strmoglavil-madzarski-vojaski-helikopter\/"},"author":{"name":"A. G., STA","@id":"https:\/\/hudo.com\/si\/#\/schema\/person\/2391667a63ea075ba94f2f2dc6b77537"},"headline":"Na Hrva\u0161kem strmoglavil mad\u017earski voja\u0161ki helikopter","datePublished":"2023-06-21T12:45:29+00:00","dateModified":"2023-06-21T12:45:29+00:00","mainEntityOfPage":{"@id":"https:\/\/hudo.com\/si\/aktualno\/svet\/na-hrvaskem-strmoglavil-madzarski-vojaski-helikopter\/"},"wordCount":142,"publisher":{"@id":"https:\/\/hudo.com\/si\/#organization"},"keywords":["helikopter","hrva\u0161ka","nesre\u010da"],"articleSection":["Svet"],"inLanguage":"sl-SI"},{"@type":"WebPage","@id":"https:\/\/hudo.com\/si\/aktualno\/svet\/na-hrvaskem-strmoglavil-madzarski-vojaski-helikopter\/","url":"https:\/\/hudo.com\/si\/aktualno\/svet\/na-hrvaskem-strmoglavil-madzarski-vojaski-helikopter\/","name":"Na Hrva\u0161kem strmoglavil mad\u017earski voja\u0161ki helikopter - Hudo Slovenija","isPartOf":{"@id":"https:\/\/hudo.com\/si\/#website"},"datePublished":"2023-06-21T12:45:29+00:00","dateModified":"2023-06-21T12:45:29+00:00","breadcrumb":{"@id":"https:\/\/hudo.com\/si\/aktualno\/svet\/na-hrvaskem-strmoglavil-madzarski-vojaski-helikopter\/#breadcrumb"},"inLanguage":"sl-SI","potentialAction":[{"@type":"ReadAction","target":["https:\/\/hudo.com\/si\/aktualno\/svet\/na-hrvaskem-strmoglavil-madzarski-vojaski-helikopter\/"]}]},{"@type":"BreadcrumbList","@id":"https:\/\/hudo.com\/si\/aktualno\/svet\/na-hrvaskem-strmoglavil-madzarski-vojaski-helikopter\/#breadcrumb","itemListElement":[{"@type":"ListItem","position":1,"name":"Home","item":"https:\/\/hudo.com\/si\/"},{"@type":"ListItem","position":2,"name":"Na Hrva\u0161kem strmoglavil mad\u017earski voja\u0161ki helikopter"}]},{"@type":"WebSite","@id":"https:\/\/hudo.com\/si\/#website","url":"https:\/\/hudo.com\/si\/","name":"Hudo Slovenija","description":"Vse novice iz Slovenije in sveta","publisher":{"@id":"https:\/\/hudo.com\/si\/#organization"},"potentialAction":[{"@type":"SearchAction","target":{"@type":"EntryPoint","urlTemplate":"https:\/\/hudo.com\/si\/?s={search_term_string}"},"query-input":"required name=search_term_string"}],"inLanguage":"sl-SI"},{"@type":"Organization","@id":"https:\/\/hudo.com\/si\/#organization","name":"VSN Media","url":"https:\/\/hudo.com\/si\/","logo":{"@type":"ImageObject","inLanguage":"sl-SI","@id":"https:\/\/hudo.com\/si\/#\/schema\/logo\/image\/","url":"https:\/\/hudo.com\/si\/wp-content\/uploads\/sites\/2\/2021\/03\/hudo-app-2.png","contentUrl":"https:\/\/hudo.com\/si\/wp-content\/uploads\/sites\/2\/2021\/03\/hudo-app-2.png","width":2185,"height":2167,"caption":"VSN Media"},"image":{"@id":"https:\/\/hudo.com\/si\/#\/schema\/logo\/image\/"},"sameAs":["https:\/\/www.facebook.com\/hudo.si","https:\/\/twitter.com\/hudo_si"]},{"@type":"Person","@id":"https:\/\/hudo.com\/si\/#\/schema\/person\/2391667a63ea075ba94f2f2dc6b77537","name":"A. G., STA","image":{"@type":"ImageObject","inLanguage":"sl-SI","@id":"https:\/\/hudo.com\/si\/#\/schema\/person\/image\/","url":"https:\/\/secure.gravatar.com\/avatar\/e13d22ac3e442658d5025fbbe6238a79?s=96&d=mm&r=g","contentUrl":"https:\/\/secure.gravatar.com\/avatar\/e13d22ac3e442658d5025fbbe6238a79?s=96&d=mm&r=g","caption":"A. G., STA"},"url":"https:\/\/hudo.com\/si\/author\/alenka\/"}]}},"amp_enabled":true,"_links":{"self":[{"href":"https:\/\/hudo.com\/si\/wp-json\/wp\/v2\/posts\/482226"}],"collection":[{"href":"https:\/\/hudo.com\/si\/wp-json\/wp\/v2\/posts"}],"about":[{"href":"https:\/\/hudo.com\/si\/wp-json\/wp\/v2\/types\/post"}],"author":[{"embeddable":true,"href":"https:\/\/hudo.com\/si\/wp-json\/wp\/v2\/users\/5"}],"replies":[{"embeddable":true,"href":"https:\/\/hudo.com\/si\/wp-json\/wp\/v2\/comments?post=482226"}],"version-history":[{"count":1,"href":"https:\/\/hudo.com\/si\/wp-json\/wp\/v2\/posts\/482226\/revisions"}],"predecessor-version":[{"id":482227,"href":"https:\/\/hudo.com\/si\/wp-json\/wp\/v2\/posts\/482226\/revisions\/482227"}],"wp:featuredmedia":[{"embeddable":true,"href":"https:\/\/hudo.com\/si\/wp-json\/wp\/v2\/media\/482229"}],"wp:attachment":[{"href":"https:\/\/hudo.com\/si\/wp-json\/wp\/v2\/media?parent=482226"}],"wp:term":[{"taxonomy":"category","embeddable":true,"href":"https:\/\/hudo.com\/si\/wp-json\/wp\/v2\/categories?post=482226"},{"taxonomy":"post_tag","embeddable":true,"href":"https:\/\/hudo.com\/si\/wp-json\/wp\/v2\/tags?post=482226"},{"taxonomy":"source","embeddable":true,"href":"https:\/\/hudo.com\/si\/wp-json\/wp\/v2\/source?post=482226"},{"taxonomy":"supertag","embeddable":true,"href":"https:\/\/hudo.com\/si\/wp-json\/wp\/v2\/supertag?post=482226"}],"curies":[{"name":"wp","href":"https:\/\/api.w.org\/{rel}","templated":true}]}}