{"id":482270,"date":"2023-06-24T09:18:05","date_gmt":"2023-06-24T07:18:05","guid":{"rendered":"https:\/\/hudo.com\/si\/?p=482270"},"modified":"2023-06-24T09:18:05","modified_gmt":"2023-06-24T07:18:05","slug":"kljub-podrazitvam-in-povecanim-stroskom-se-slovenci-tudi-letos-ne-bodo-odpovedali-dopustu","status":"publish","type":"post","link":"https:\/\/hudo.com\/si\/aktualno\/slovenija\/kljub-podrazitvam-in-povecanim-stroskom-se-slovenci-tudi-letos-ne-bodo-odpovedali-dopustu\/","title":{"rendered":"Kljub podra\u017eitvam in pove\u010danim stro\u0161kom se Slovenci tudi letos ne bodo odpovedali dopustu"},"content":{"rendered":"<p>Raziskava o potovalnih in pla\u010dilnih namerah, ki so jo izvedli v osmih dr\u017eavah srednje in vzhodne Evrope, je pokazala, da dopust v tujini letos na\u010drtuje polovica vpra\u0161anih Slovencev. Trije od \u0161tirih vpra\u0161anih bodo pri tem zapravili med 200 in 600 evrov na osebo, v povpre\u010dju pa na\u010drtujejo devet dni po\u010ditnic.<\/p>\n<p>Med najbolj priljubljenimi po\u010ditni\u0161kimi destinacijami so Hrva\u0161ka (68 odstotkov), Italija (19 odstotkov), Gr\u010dija (15 odstotkov), Avstrija (13 odstotkov) in \u0160panija (osem odstotkov).<\/p>\n<p>Pribli\u017eno dve tretjini Slovencev, ki letos na\u010drtujejo po\u010ditnice v tujini, si \u017eeli potovati vsaj dvakrat na leto. Ob na\u010drtovanju drugega potovanja se odlo\u010dajo za kraj\u0161i nekajdnevni oddih in obiske tujih mest, ki so priljubljeni predvsem pri milenijcih in generaciji Z.<\/p>\n<p>Od tistih Slovencev, ki letos na\u010drtujejo po\u010ditnice v tujini, jih bo 68 odstotkov potovalo v lastni re\u017eij.<\/p>\n<p>Med tistimi, ki bodo kupovali po\u010ditni\u0161ke pakete za potovanja v tujino, bo 74 odstotkov tak\u0161nih, ki bodo to storili prek spletnih strani potovalnih agencij ali platform, ki zdru\u017eujejo ponudbe organizatorjev potovanj. Nakup jih bo 60 odstotkov pla\u010dalo s kartico ali digitalno denarnico.<\/p>\n<p>Spletni nakup po\u010ditnic je sicer najbolj priljubljen na Hrva\u0161kem. Za to mo\u017enost se namre\u010d odlo\u010di 78 odstotkov tamkaj\u0161njih strank turisti\u010dnih agencij, na Slova\u0161kem 76 odstotkov, v Sloveniji pa 74 odstotkov.<\/p>\n<p>Raziskava je tudi pokazala, da bo 74 odstotkov vpra\u0161anih v Sloveniji za pla\u010devanje na potovanjih v najve\u010dji meri uporabljalo pla\u010dilno kartico, pametni telefon ali uro. Med prednostmi digitalnega pla\u010devanja je 58 odstotkov anketiranih izpostavilo priro\u010dnost, 53 odstotkov varnost, 52 odstotkov pa hitrost. S karticami najve\u010d pla\u010dujejo v restavracijah, \u017eivilskih trgovinah, muzejih, zabavi\u0161\u010dnih parkih in pri uporabi javnega potni\u0161kega prometa.<\/p>\n","protected":false},"excerpt":{"rendered":"<p>Kljub visoki stopnji inflacije in vi\u0161jim \u017eivljenjskim stro\u0161kom se skoraj polovica Slovencev, ki na\u010drtujejo po\u010ditnice v tujini, svojim na\u010drtom ne bo odpovedalo. Jih bo pa 54 odstotkov razmislilo o skraj\u0161anju po\u010ditnic, je pokazala raziskava, ki jo je izvedel ameri\u0161ki ponudnik storitev karti\u010dnega poslovanja Visa.<\/p>\n","protected":false},"author":7,"featured_media":469044,"comment_status":"closed","ping_status":"closed","sticky":false,"template":"","format":"standard","meta":{"footnotes":""},"categories":[18201],"tags":[1917],"source":[4511],"supertag":[7541],"acf":[],"yoast_head":"<!-- This site is optimized with the Yoast SEO plugin v21.3 - https:\/\/yoast.com\/wordpress\/plugins\/seo\/ -->\n<title>Kljub podra\u017eitvam in pove\u010danim stro\u0161kom se Slovenci tudi letos ne bodo odpovedali dopustu - Hudo Slovenija<\/title>\n<meta name=\"robots\" content=\"index, follow, max-snippet:-1, max-image-preview:large, max-video-preview:-1\" \/>\n<link rel=\"canonical\" href=\"https:\/\/hudo.com\/si\/aktualno\/slovenija\/kljub-podrazitvam-in-povecanim-stroskom-se-slovenci-tudi-letos-ne-bodo-odpovedali-dopustu\/\" \/>\n<meta property=\"og:locale\" content=\"sl_SI\" \/>\n<meta property=\"og:type\" content=\"article\" \/>\n<meta property=\"og:title\" content=\"Kljub podra\u017eitvam in pove\u010danim stro\u0161kom se Slovenci tudi letos ne bodo odpovedali dopustu - Hudo Slovenija\" \/>\n<meta property=\"og:description\" content=\"Kljub visoki stopnji inflacije in vi\u0161jim \u017eivljenjskim stro\u0161kom se skoraj polovica Slovencev, ki na\u010drtujejo po\u010ditnice v tujini, svojim na\u010drtom ne bo odpovedalo. Jih bo pa 54 odstotkov razmislilo o skraj\u0161anju po\u010ditnic, je pokazala raziskava, ki jo je izvedel ameri\u0161ki ponudnik storitev karti\u010dnega poslovanja Visa.\" \/>\n<meta property=\"og:url\" content=\"https:\/\/hudo.com\/si\/aktualno\/slovenija\/kljub-podrazitvam-in-povecanim-stroskom-se-slovenci-tudi-letos-ne-bodo-odpovedali-dopustu\/\" \/>\n<meta property=\"og:site_name\" content=\"Hudo Slovenija\" \/>\n<meta property=\"article:publisher\" content=\"https:\/\/www.facebook.com\/hudo.si\" \/>\n<meta property=\"article:published_time\" content=\"2023-06-24T07:18:05+00:00\" \/>\n<meta property=\"og:image\" content=\"https:\/\/hudo.com\/si\/wp-content\/uploads\/sites\/2\/2022\/05\/profimedia-0146014997.jpg\" \/>\n\t<meta property=\"og:image:width\" content=\"1250\" \/>\n\t<meta property=\"og:image:height\" content=\"827\" \/>\n\t<meta property=\"og:image:type\" content=\"image\/jpeg\" \/>\n<meta name=\"author\" content=\"A. P., STA\" \/>\n<meta name=\"twitter:card\" content=\"summary_large_image\" \/>\n<meta name=\"twitter:creator\" content=\"@hudo_si\" \/>\n<meta name=\"twitter:site\" content=\"@hudo_si\" \/>\n<meta name=\"twitter:label1\" content=\"Written by\" \/>\n\t<meta name=\"twitter:data1\" content=\"A. P., STA\" \/>\n\t<meta name=\"twitter:label2\" content=\"Est. reading time\" \/>\n\t<meta name=\"twitter:data2\" content=\"1 minuta\" \/>\n<script type=\"application\/ld+json\" class=\"yoast-schema-graph\">{\"@context\":\"https:\/\/schema.org\",\"@graph\":[{\"@type\":\"Article\",\"@id\":\"https:\/\/hudo.com\/si\/aktualno\/slovenija\/kljub-podrazitvam-in-povecanim-stroskom-se-slovenci-tudi-letos-ne-bodo-odpovedali-dopustu\/#article\",\"isPartOf\":{\"@id\":\"https:\/\/hudo.com\/si\/aktualno\/slovenija\/kljub-podrazitvam-in-povecanim-stroskom-se-slovenci-tudi-letos-ne-bodo-odpovedali-dopustu\/\"},\"author\":{\"name\":\"A. P., STA\",\"@id\":\"https:\/\/hudo.com\/si\/#\/schema\/person\/18f09c02475ba9e606e941a565b80cff\"},\"headline\":\"Kljub podra\u017eitvam in pove\u010danim stro\u0161kom se Slovenci tudi letos ne bodo odpovedali dopustu\",\"datePublished\":\"2023-06-24T07:18:05+00:00\",\"dateModified\":\"2023-06-24T07:18:05+00:00\",\"mainEntityOfPage\":{\"@id\":\"https:\/\/hudo.com\/si\/aktualno\/slovenija\/kljub-podrazitvam-in-povecanim-stroskom-se-slovenci-tudi-letos-ne-bodo-odpovedali-dopustu\/\"},\"wordCount\":302,\"publisher\":{\"@id\":\"https:\/\/hudo.com\/si\/#organization\"},\"keywords\":[\"turizem\"],\"articleSection\":[\"Slovenija\"],\"inLanguage\":\"sl-SI\"},{\"@type\":\"WebPage\",\"@id\":\"https:\/\/hudo.com\/si\/aktualno\/slovenija\/kljub-podrazitvam-in-povecanim-stroskom-se-slovenci-tudi-letos-ne-bodo-odpovedali-dopustu\/\",\"url\":\"https:\/\/hudo.com\/si\/aktualno\/slovenija\/kljub-podrazitvam-in-povecanim-stroskom-se-slovenci-tudi-letos-ne-bodo-odpovedali-dopustu\/\",\"name\":\"Kljub podra\u017eitvam in pove\u010danim stro\u0161kom se Slovenci tudi letos ne bodo odpovedali dopustu - Hudo Slovenija\",\"isPartOf\":{\"@id\":\"https:\/\/hudo.com\/si\/#website\"},\"datePublished\":\"2023-06-24T07:18:05+00:00\",\"dateModified\":\"2023-06-24T07:18:05+00:00\",\"breadcrumb\":{\"@id\":\"https:\/\/hudo.com\/si\/aktualno\/slovenija\/kljub-podrazitvam-in-povecanim-stroskom-se-slovenci-tudi-letos-ne-bodo-odpovedali-dopustu\/#breadcrumb\"},\"inLanguage\":\"sl-SI\",\"potentialAction\":[{\"@type\":\"ReadAction\",\"target\":[\"https:\/\/hudo.com\/si\/aktualno\/slovenija\/kljub-podrazitvam-in-povecanim-stroskom-se-slovenci-tudi-letos-ne-bodo-odpovedali-dopustu\/\"]}]},{\"@type\":\"BreadcrumbList\",\"@id\":\"https:\/\/hudo.com\/si\/aktualno\/slovenija\/kljub-podrazitvam-in-povecanim-stroskom-se-slovenci-tudi-letos-ne-bodo-odpovedali-dopustu\/#breadcrumb\",\"itemListElement\":[{\"@type\":\"ListItem\",\"position\":1,\"name\":\"Home\",\"item\":\"https:\/\/hudo.com\/si\/\"},{\"@type\":\"ListItem\",\"position\":2,\"name\":\"Kljub podra\u017eitvam in pove\u010danim stro\u0161kom se Slovenci tudi letos ne bodo odpovedali dopustu\"}]},{\"@type\":\"WebSite\",\"@id\":\"https:\/\/hudo.com\/si\/#website\",\"url\":\"https:\/\/hudo.com\/si\/\",\"name\":\"Hudo Slovenija\",\"description\":\"Vse novice iz Slovenije in sveta\",\"publisher\":{\"@id\":\"https:\/\/hudo.com\/si\/#organization\"},\"potentialAction\":[{\"@type\":\"SearchAction\",\"target\":{\"@type\":\"EntryPoint\",\"urlTemplate\":\"https:\/\/hudo.com\/si\/?s={search_term_string}\"},\"query-input\":\"required name=search_term_string\"}],\"inLanguage\":\"sl-SI\"},{\"@type\":\"Organization\",\"@id\":\"https:\/\/hudo.com\/si\/#organization\",\"name\":\"VSN Media\",\"url\":\"https:\/\/hudo.com\/si\/\",\"logo\":{\"@type\":\"ImageObject\",\"inLanguage\":\"sl-SI\",\"@id\":\"https:\/\/hudo.com\/si\/#\/schema\/logo\/image\/\",\"url\":\"https:\/\/hudo.com\/si\/wp-content\/uploads\/sites\/2\/2021\/03\/hudo-app-2.png\",\"contentUrl\":\"https:\/\/hudo.com\/si\/wp-content\/uploads\/sites\/2\/2021\/03\/hudo-app-2.png\",\"width\":2185,\"height\":2167,\"caption\":\"VSN Media\"},\"image\":{\"@id\":\"https:\/\/hudo.com\/si\/#\/schema\/logo\/image\/\"},\"sameAs\":[\"https:\/\/www.facebook.com\/hudo.si\",\"https:\/\/twitter.com\/hudo_si\"]},{\"@type\":\"Person\",\"@id\":\"https:\/\/hudo.com\/si\/#\/schema\/person\/18f09c02475ba9e606e941a565b80cff\",\"name\":\"A. P., STA\",\"image\":{\"@type\":\"ImageObject\",\"inLanguage\":\"sl-SI\",\"@id\":\"https:\/\/hudo.com\/si\/#\/schema\/person\/image\/\",\"url\":\"https:\/\/secure.gravatar.com\/avatar\/03eac8e609f5f04383125d80eaeaaf3e?s=96&d=mm&r=g\",\"contentUrl\":\"https:\/\/secure.gravatar.com\/avatar\/03eac8e609f5f04383125d80eaeaaf3e?s=96&d=mm&r=g\",\"caption\":\"A. P., STA\"},\"url\":\"https:\/\/hudo.com\/si\/author\/lubu\/\"}]}<\/script>\n<!-- \/ Yoast SEO plugin. -->","yoast_head_json":{"title":"Kljub podra\u017eitvam in pove\u010danim stro\u0161kom se Slovenci tudi letos ne bodo odpovedali dopustu - Hudo Slovenija","robots":{"index":"index","follow":"follow","max-snippet":"max-snippet:-1","max-image-preview":"max-image-preview:large","max-video-preview":"max-video-preview:-1"},"canonical":"https:\/\/hudo.com\/si\/aktualno\/slovenija\/kljub-podrazitvam-in-povecanim-stroskom-se-slovenci-tudi-letos-ne-bodo-odpovedali-dopustu\/","og_locale":"sl_SI","og_type":"article","og_title":"Kljub podra\u017eitvam in pove\u010danim stro\u0161kom se Slovenci tudi letos ne bodo odpovedali dopustu - Hudo Slovenija","og_description":"Kljub visoki stopnji inflacije in vi\u0161jim \u017eivljenjskim stro\u0161kom se skoraj polovica Slovencev, ki na\u010drtujejo po\u010ditnice v tujini, svojim na\u010drtom ne bo odpovedalo. Jih bo pa 54 odstotkov razmislilo o skraj\u0161anju po\u010ditnic, je pokazala raziskava, ki jo je izvedel ameri\u0161ki ponudnik storitev karti\u010dnega poslovanja Visa.","og_url":"https:\/\/hudo.com\/si\/aktualno\/slovenija\/kljub-podrazitvam-in-povecanim-stroskom-se-slovenci-tudi-letos-ne-bodo-odpovedali-dopustu\/","og_site_name":"Hudo Slovenija","article_publisher":"https:\/\/www.facebook.com\/hudo.si","article_published_time":"2023-06-24T07:18:05+00:00","og_image":[{"width":1250,"height":827,"url":"https:\/\/hudo.com\/si\/wp-content\/uploads\/sites\/2\/2022\/05\/profimedia-0146014997.jpg","type":"image\/jpeg"}],"author":"A. P., STA","twitter_card":"summary_large_image","twitter_creator":"@hudo_si","twitter_site":"@hudo_si","twitter_misc":{"Written by":"A. P., STA","Est. reading time":"1 minuta"},"schema":{"@context":"https:\/\/schema.org","@graph":[{"@type":"Article","@id":"https:\/\/hudo.com\/si\/aktualno\/slovenija\/kljub-podrazitvam-in-povecanim-stroskom-se-slovenci-tudi-letos-ne-bodo-odpovedali-dopustu\/#article","isPartOf":{"@id":"https:\/\/hudo.com\/si\/aktualno\/slovenija\/kljub-podrazitvam-in-povecanim-stroskom-se-slovenci-tudi-letos-ne-bodo-odpovedali-dopustu\/"},"author":{"name":"A. P., STA","@id":"https:\/\/hudo.com\/si\/#\/schema\/person\/18f09c02475ba9e606e941a565b80cff"},"headline":"Kljub podra\u017eitvam in pove\u010danim stro\u0161kom se Slovenci tudi letos ne bodo odpovedali dopustu","datePublished":"2023-06-24T07:18:05+00:00","dateModified":"2023-06-24T07:18:05+00:00","mainEntityOfPage":{"@id":"https:\/\/hudo.com\/si\/aktualno\/slovenija\/kljub-podrazitvam-in-povecanim-stroskom-se-slovenci-tudi-letos-ne-bodo-odpovedali-dopustu\/"},"wordCount":302,"publisher":{"@id":"https:\/\/hudo.com\/si\/#organization"},"keywords":["turizem"],"articleSection":["Slovenija"],"inLanguage":"sl-SI"},{"@type":"WebPage","@id":"https:\/\/hudo.com\/si\/aktualno\/slovenija\/kljub-podrazitvam-in-povecanim-stroskom-se-slovenci-tudi-letos-ne-bodo-odpovedali-dopustu\/","url":"https:\/\/hudo.com\/si\/aktualno\/slovenija\/kljub-podrazitvam-in-povecanim-stroskom-se-slovenci-tudi-letos-ne-bodo-odpovedali-dopustu\/","name":"Kljub podra\u017eitvam in pove\u010danim stro\u0161kom se Slovenci tudi letos ne bodo odpovedali dopustu - Hudo Slovenija","isPartOf":{"@id":"https:\/\/hudo.com\/si\/#website"},"datePublished":"2023-06-24T07:18:05+00:00","dateModified":"2023-06-24T07:18:05+00:00","breadcrumb":{"@id":"https:\/\/hudo.com\/si\/aktualno\/slovenija\/kljub-podrazitvam-in-povecanim-stroskom-se-slovenci-tudi-letos-ne-bodo-odpovedali-dopustu\/#breadcrumb"},"inLanguage":"sl-SI","potentialAction":[{"@type":"ReadAction","target":["https:\/\/hudo.com\/si\/aktualno\/slovenija\/kljub-podrazitvam-in-povecanim-stroskom-se-slovenci-tudi-letos-ne-bodo-odpovedali-dopustu\/"]}]},{"@type":"BreadcrumbList","@id":"https:\/\/hudo.com\/si\/aktualno\/slovenija\/kljub-podrazitvam-in-povecanim-stroskom-se-slovenci-tudi-letos-ne-bodo-odpovedali-dopustu\/#breadcrumb","itemListElement":[{"@type":"ListItem","position":1,"name":"Home","item":"https:\/\/hudo.com\/si\/"},{"@type":"ListItem","position":2,"name":"Kljub podra\u017eitvam in pove\u010danim stro\u0161kom se Slovenci tudi letos ne bodo odpovedali dopustu"}]},{"@type":"WebSite","@id":"https:\/\/hudo.com\/si\/#website","url":"https:\/\/hudo.com\/si\/","name":"Hudo Slovenija","description":"Vse novice iz Slovenije in sveta","publisher":{"@id":"https:\/\/hudo.com\/si\/#organization"},"potentialAction":[{"@type":"SearchAction","target":{"@type":"EntryPoint","urlTemplate":"https:\/\/hudo.com\/si\/?s={search_term_string}"},"query-input":"required name=search_term_string"}],"inLanguage":"sl-SI"},{"@type":"Organization","@id":"https:\/\/hudo.com\/si\/#organization","name":"VSN Media","url":"https:\/\/hudo.com\/si\/","logo":{"@type":"ImageObject","inLanguage":"sl-SI","@id":"https:\/\/hudo.com\/si\/#\/schema\/logo\/image\/","url":"https:\/\/hudo.com\/si\/wp-content\/uploads\/sites\/2\/2021\/03\/hudo-app-2.png","contentUrl":"https:\/\/hudo.com\/si\/wp-content\/uploads\/sites\/2\/2021\/03\/hudo-app-2.png","width":2185,"height":2167,"caption":"VSN Media"},"image":{"@id":"https:\/\/hudo.com\/si\/#\/schema\/logo\/image\/"},"sameAs":["https:\/\/www.facebook.com\/hudo.si","https:\/\/twitter.com\/hudo_si"]},{"@type":"Person","@id":"https:\/\/hudo.com\/si\/#\/schema\/person\/18f09c02475ba9e606e941a565b80cff","name":"A. P., STA","image":{"@type":"ImageObject","inLanguage":"sl-SI","@id":"https:\/\/hudo.com\/si\/#\/schema\/person\/image\/","url":"https:\/\/secure.gravatar.com\/avatar\/03eac8e609f5f04383125d80eaeaaf3e?s=96&d=mm&r=g","contentUrl":"https:\/\/secure.gravatar.com\/avatar\/03eac8e609f5f04383125d80eaeaaf3e?s=96&d=mm&r=g","caption":"A. P., STA"},"url":"https:\/\/hudo.com\/si\/author\/lubu\/"}]}},"amp_enabled":true,"_links":{"self":[{"href":"https:\/\/hudo.com\/si\/wp-json\/wp\/v2\/posts\/482270"}],"collection":[{"href":"https:\/\/hudo.com\/si\/wp-json\/wp\/v2\/posts"}],"about":[{"href":"https:\/\/hudo.com\/si\/wp-json\/wp\/v2\/types\/post"}],"author":[{"embeddable":true,"href":"https:\/\/hudo.com\/si\/wp-json\/wp\/v2\/users\/7"}],"replies":[{"embeddable":true,"href":"https:\/\/hudo.com\/si\/wp-json\/wp\/v2\/comments?post=482270"}],"version-history":[{"count":1,"href":"https:\/\/hudo.com\/si\/wp-json\/wp\/v2\/posts\/482270\/revisions"}],"predecessor-version":[{"id":482271,"href":"https:\/\/hudo.com\/si\/wp-json\/wp\/v2\/posts\/482270\/revisions\/482271"}],"wp:featuredmedia":[{"embeddable":true,"href":"https:\/\/hudo.com\/si\/wp-json\/wp\/v2\/media\/469044"}],"wp:attachment":[{"href":"https:\/\/hudo.com\/si\/wp-json\/wp\/v2\/media?parent=482270"}],"wp:term":[{"taxonomy":"category","embeddable":true,"href":"https:\/\/hudo.com\/si\/wp-json\/wp\/v2\/categories?post=482270"},{"taxonomy":"post_tag","embeddable":true,"href":"https:\/\/hudo.com\/si\/wp-json\/wp\/v2\/tags?post=482270"},{"taxonomy":"source","embeddable":true,"href":"https:\/\/hudo.com\/si\/wp-json\/wp\/v2\/source?post=482270"},{"taxonomy":"supertag","embeddable":true,"href":"https:\/\/hudo.com\/si\/wp-json\/wp\/v2\/supertag?post=482270"}],"curies":[{"name":"wp","href":"https:\/\/api.w.org\/{rel}","templated":true}]}}