{"id":482283,"date":"2023-06-26T08:44:03","date_gmt":"2023-06-26T06:44:03","guid":{"rendered":"https:\/\/hudo.com\/si\/?p=482283"},"modified":"2023-06-26T08:44:03","modified_gmt":"2023-06-26T06:44:03","slug":"jansi-se-smeji-golob-tega-zagotovo-ni-pricakoval","status":"publish","type":"post","link":"https:\/\/hudo.com\/si\/aktualno\/slovenija\/jansi-se-smeji-golob-tega-zagotovo-ni-pricakoval\/","title":{"rendered":"Jan\u0161i se smeji, Golob tega zagotovo ni pri\u010dakoval"},"content":{"rendered":"<p>Vlada Roberta Goloba je junija do\u017eivela zdrs javnomnenjske podpore, ka\u017eejo podatki najnovej\u0161e ankete Mediane za POP TV. Vlado tako podpira 43,1 odstotka vpra\u0161anih, 46,7 odstotka je ne podpira. Padec podpore se ka\u017ee tudi v padcu podpore Gibanju Svoboda. To je z 21 odstotki tako junija prvi\u010d v mandatu pristalo za stranko SDS (21,8 odstotka).<\/p>\n<p>Junijska anketa je tako po majski, ki je pokazala stabilizacijo podpore v javnosti, za ministrsko ekipo Roberta Goloba prinesla slabe novice. Dele\u017e vpra\u0161anih, ki jo podpirajo, je zdrsnil za 2,5 odstotne to\u010dke na 43,1 odstotka. Ta rezultat je pribli\u017eno za 10 odstotnih to\u010dk slab\u0161i kot v prvi raziskavi po prevzemu mandata junija lani.<\/p>\n<p>Dele\u017e tistih, ki vlade ne podpirajo, je medtem narasel za 6,7 odstotne to\u010dke na 46,7 odstotka, kar je najve\u010d v dobrem letu dni vladanja. Vsak deseti (10,2 odstotka) je medtem neopredeljen.<\/p>\n<p>Padec podpore vladi je prinesel tudi preobrat v javnomnenjski podpori strank. Na prvem mestu je tako SDS za las prehitela Gibanje Svoboda, kar se je zgodilo prvi\u010d po lanskih parlamentarnih volitvah.<\/p>\n<p>\u010ce bi bile volitve to nedeljo, bi tako najve\u010djo opozicijsko stranko obkro\u017eilo 21,8 odstotka vpra\u0161anih, kar je 1,2 odstotne to\u010dke ve\u010d kot v majski raziskavi. Najve\u010djo vladno stranko bi medtem izbralo 21 odstotkov anketirancev, 4,6 odstotne to\u010dke manj kot maja.<\/p>\n<p>Zelo tesno si sledijo preostale tri parlamentarne stranke. Socialni demokrati bi na volitvah po tokratni anketi Mediane za POP TV dobili 6,7 odstotka glasov (maja 6,1 odstotka), Nova Slovenija 6,3 odstotka (maja 5,1 odstotka) in Levica 6,1 odstotka, kar je 2,2 odstotne to\u010dke ve\u010d kot maja. Pri tem pa se zaradi datuma izvedbe raziskave v rezultatih Levice \u0161e ne pozna u\u010dinek razpleta volitev v svet stranke, kjer je trenutni koordinator Luka Mesec dobil neke vrste nezaupnico.<\/p>\n<p>Na politi\u010dnem radarju s skromno podporo ostajajo \u0161e stranke Vesna (2,0 odstotka), Resnica (1,9 odstotka), Pirati (1,9 odstotka) in SLS (1,6 odstotka).<\/p>\n<p>\u0160e naprej raste dele\u017e neopredeljenih. Vsak peti (21,2 odstotka) anketiranec tako ne ve, katero stranko bi izbral. Nekaj manj kot \u0161est odstotkov vpra\u0161anih (5,8 odstotka) pa ne bi izbralo nobene stranke v ponudbi.<\/p>\n<p>Med politiki je na prvem mestu znova poslanec SDS An\u017ee Logar. Po tistem, ko je zagnal Platformo sodelovanja, so mu volivci podelili najbolj\u0161o povpre\u010dno oceno 3,16, s \u010dimer je prehitel predsednico republike Nata\u0161o Pirc Musar (3,14).<\/p>\n<p>Uspe\u0161na kandidatura Slovenije za nestalno \u010dlanico Varnostnega sveta ZN je na tretje mesto izstrelila zunanjo ministrico in predsednico SD Tanjo Fajon (2,82). Sledita gospodarski minister Matja\u017e Han (2,79) in predsednik vlade Robert Golob (2,73), \u0161esta je evropska poslanska iz vrst NSi Ljudmila Novak (2,71), sedmi pa poslanec te stranke Jernej Vrtovec (2,69).<\/p>\n<p>Osma ostaja predsednica dr\u017eavnega zbora Ur\u0161ka Klako\u010dar Zupan\u010di\u010d (2,63), najve\u010dji padec po oceni volivcev pa je tokrat zabele\u017eil zdravstveni minister Danijel Be\u0161i\u010d Loredan, ki je na 9. mestu dobil povpre\u010dno oceno 2,59. Na polovici lestvice je predsednik NSi Matej Tonin z 2,58.<\/p>\n<p>Luka Mesec je \u0161e brez upo\u0161tevanja nezaupnice na internih strankarskih volitvah zasedel 14. mesto z oceno 2,45, predsednik SDS Janez Jan\u0161a pa se je z oceno 2,38 zna\u0161el na 18. mestu. Zadnja je tokrat ministrica za infrastrukturo Alenka Bratu\u0161ek z oceno 2,32.<\/p>\n<p>Kombinirano telefonsko in spletno anketo je Mediana izpeljala med 20. in 22. junijem na vzorcu 719 polnoletnih oseb.<\/p>\n","protected":false},"excerpt":{"rendered":"<p>SDS prvi\u010d v mandatu vlade prehitela Gibanje Svoboda &#8230;<\/p>\n","protected":false},"author":5,"featured_media":482284,"comment_status":"closed","ping_status":"closed","sticky":false,"template":"","format":"standard","meta":{"footnotes":""},"categories":[18201],"tags":[19798,4532],"source":[4511],"supertag":[],"acf":[],"yoast_head":"<!-- This site is optimized with the Yoast SEO plugin v21.3 - https:\/\/yoast.com\/wordpress\/plugins\/seo\/ -->\n<title>Jan\u0161i se smeji, Golob tega zagotovo ni pri\u010dakoval - Hudo Slovenija<\/title>\n<meta name=\"robots\" content=\"index, follow, max-snippet:-1, max-image-preview:large, max-video-preview:-1\" \/>\n<link rel=\"canonical\" href=\"https:\/\/hudo.com\/si\/aktualno\/slovenija\/jansi-se-smeji-golob-tega-zagotovo-ni-pricakoval\/\" \/>\n<meta property=\"og:locale\" content=\"sl_SI\" \/>\n<meta property=\"og:type\" content=\"article\" \/>\n<meta property=\"og:title\" content=\"Jan\u0161i se smeji, Golob tega zagotovo ni pri\u010dakoval - Hudo Slovenija\" \/>\n<meta property=\"og:description\" content=\"SDS prvi\u010d v mandatu vlade prehitela Gibanje Svoboda ...\" \/>\n<meta property=\"og:url\" content=\"https:\/\/hudo.com\/si\/aktualno\/slovenija\/jansi-se-smeji-golob-tega-zagotovo-ni-pricakoval\/\" \/>\n<meta property=\"og:site_name\" content=\"Hudo Slovenija\" \/>\n<meta property=\"article:publisher\" content=\"https:\/\/www.facebook.com\/hudo.si\" \/>\n<meta property=\"article:published_time\" content=\"2023-06-26T06:44:03+00:00\" \/>\n<meta property=\"og:image\" content=\"https:\/\/hudo.com\/si\/wp-content\/uploads\/sites\/2\/2023\/06\/profimedia-0783225376.jpg\" \/>\n\t<meta property=\"og:image:width\" content=\"1250\" \/>\n\t<meta property=\"og:image:height\" content=\"833\" \/>\n\t<meta property=\"og:image:type\" content=\"image\/jpeg\" \/>\n<meta name=\"author\" content=\"A. G., STA\" \/>\n<meta name=\"twitter:card\" content=\"summary_large_image\" \/>\n<meta name=\"twitter:creator\" content=\"@hudo_si\" \/>\n<meta name=\"twitter:site\" content=\"@hudo_si\" \/>\n<meta name=\"twitter:label1\" content=\"Written by\" \/>\n\t<meta name=\"twitter:data1\" content=\"A. G., STA\" \/>\n\t<meta name=\"twitter:label2\" content=\"Est. reading time\" \/>\n\t<meta name=\"twitter:data2\" content=\"3 minute\" \/>\n<script type=\"application\/ld+json\" class=\"yoast-schema-graph\">{\"@context\":\"https:\/\/schema.org\",\"@graph\":[{\"@type\":\"Article\",\"@id\":\"https:\/\/hudo.com\/si\/aktualno\/slovenija\/jansi-se-smeji-golob-tega-zagotovo-ni-pricakoval\/#article\",\"isPartOf\":{\"@id\":\"https:\/\/hudo.com\/si\/aktualno\/slovenija\/jansi-se-smeji-golob-tega-zagotovo-ni-pricakoval\/\"},\"author\":{\"name\":\"A. G., STA\",\"@id\":\"https:\/\/hudo.com\/si\/#\/schema\/person\/2391667a63ea075ba94f2f2dc6b77537\"},\"headline\":\"Jan\u0161i se smeji, Golob tega zagotovo ni pri\u010dakoval\",\"datePublished\":\"2023-06-26T06:44:03+00:00\",\"dateModified\":\"2023-06-26T06:44:03+00:00\",\"mainEntityOfPage\":{\"@id\":\"https:\/\/hudo.com\/si\/aktualno\/slovenija\/jansi-se-smeji-golob-tega-zagotovo-ni-pricakoval\/\"},\"wordCount\":533,\"publisher\":{\"@id\":\"https:\/\/hudo.com\/si\/#organization\"},\"keywords\":[\"anketa pop tv\",\"vlada\"],\"articleSection\":[\"Slovenija\"],\"inLanguage\":\"sl-SI\"},{\"@type\":\"WebPage\",\"@id\":\"https:\/\/hudo.com\/si\/aktualno\/slovenija\/jansi-se-smeji-golob-tega-zagotovo-ni-pricakoval\/\",\"url\":\"https:\/\/hudo.com\/si\/aktualno\/slovenija\/jansi-se-smeji-golob-tega-zagotovo-ni-pricakoval\/\",\"name\":\"Jan\u0161i se smeji, Golob tega zagotovo ni pri\u010dakoval - Hudo Slovenija\",\"isPartOf\":{\"@id\":\"https:\/\/hudo.com\/si\/#website\"},\"datePublished\":\"2023-06-26T06:44:03+00:00\",\"dateModified\":\"2023-06-26T06:44:03+00:00\",\"breadcrumb\":{\"@id\":\"https:\/\/hudo.com\/si\/aktualno\/slovenija\/jansi-se-smeji-golob-tega-zagotovo-ni-pricakoval\/#breadcrumb\"},\"inLanguage\":\"sl-SI\",\"potentialAction\":[{\"@type\":\"ReadAction\",\"target\":[\"https:\/\/hudo.com\/si\/aktualno\/slovenija\/jansi-se-smeji-golob-tega-zagotovo-ni-pricakoval\/\"]}]},{\"@type\":\"BreadcrumbList\",\"@id\":\"https:\/\/hudo.com\/si\/aktualno\/slovenija\/jansi-se-smeji-golob-tega-zagotovo-ni-pricakoval\/#breadcrumb\",\"itemListElement\":[{\"@type\":\"ListItem\",\"position\":1,\"name\":\"Home\",\"item\":\"https:\/\/hudo.com\/si\/\"},{\"@type\":\"ListItem\",\"position\":2,\"name\":\"Jan\u0161i se smeji, Golob tega zagotovo ni pri\u010dakoval\"}]},{\"@type\":\"WebSite\",\"@id\":\"https:\/\/hudo.com\/si\/#website\",\"url\":\"https:\/\/hudo.com\/si\/\",\"name\":\"Hudo Slovenija\",\"description\":\"Vse novice iz Slovenije in sveta\",\"publisher\":{\"@id\":\"https:\/\/hudo.com\/si\/#organization\"},\"potentialAction\":[{\"@type\":\"SearchAction\",\"target\":{\"@type\":\"EntryPoint\",\"urlTemplate\":\"https:\/\/hudo.com\/si\/?s={search_term_string}\"},\"query-input\":\"required name=search_term_string\"}],\"inLanguage\":\"sl-SI\"},{\"@type\":\"Organization\",\"@id\":\"https:\/\/hudo.com\/si\/#organization\",\"name\":\"VSN Media\",\"url\":\"https:\/\/hudo.com\/si\/\",\"logo\":{\"@type\":\"ImageObject\",\"inLanguage\":\"sl-SI\",\"@id\":\"https:\/\/hudo.com\/si\/#\/schema\/logo\/image\/\",\"url\":\"https:\/\/hudo.com\/si\/wp-content\/uploads\/sites\/2\/2021\/03\/hudo-app-2.png\",\"contentUrl\":\"https:\/\/hudo.com\/si\/wp-content\/uploads\/sites\/2\/2021\/03\/hudo-app-2.png\",\"width\":2185,\"height\":2167,\"caption\":\"VSN Media\"},\"image\":{\"@id\":\"https:\/\/hudo.com\/si\/#\/schema\/logo\/image\/\"},\"sameAs\":[\"https:\/\/www.facebook.com\/hudo.si\",\"https:\/\/twitter.com\/hudo_si\"]},{\"@type\":\"Person\",\"@id\":\"https:\/\/hudo.com\/si\/#\/schema\/person\/2391667a63ea075ba94f2f2dc6b77537\",\"name\":\"A. G., STA\",\"image\":{\"@type\":\"ImageObject\",\"inLanguage\":\"sl-SI\",\"@id\":\"https:\/\/hudo.com\/si\/#\/schema\/person\/image\/\",\"url\":\"https:\/\/secure.gravatar.com\/avatar\/e13d22ac3e442658d5025fbbe6238a79?s=96&d=mm&r=g\",\"contentUrl\":\"https:\/\/secure.gravatar.com\/avatar\/e13d22ac3e442658d5025fbbe6238a79?s=96&d=mm&r=g\",\"caption\":\"A. G., STA\"},\"url\":\"https:\/\/hudo.com\/si\/author\/alenka\/\"}]}<\/script>\n<!-- \/ Yoast SEO plugin. -->","yoast_head_json":{"title":"Jan\u0161i se smeji, Golob tega zagotovo ni pri\u010dakoval - Hudo Slovenija","robots":{"index":"index","follow":"follow","max-snippet":"max-snippet:-1","max-image-preview":"max-image-preview:large","max-video-preview":"max-video-preview:-1"},"canonical":"https:\/\/hudo.com\/si\/aktualno\/slovenija\/jansi-se-smeji-golob-tega-zagotovo-ni-pricakoval\/","og_locale":"sl_SI","og_type":"article","og_title":"Jan\u0161i se smeji, Golob tega zagotovo ni pri\u010dakoval - Hudo Slovenija","og_description":"SDS prvi\u010d v mandatu vlade prehitela Gibanje Svoboda ...","og_url":"https:\/\/hudo.com\/si\/aktualno\/slovenija\/jansi-se-smeji-golob-tega-zagotovo-ni-pricakoval\/","og_site_name":"Hudo Slovenija","article_publisher":"https:\/\/www.facebook.com\/hudo.si","article_published_time":"2023-06-26T06:44:03+00:00","og_image":[{"width":1250,"height":833,"url":"https:\/\/hudo.com\/si\/wp-content\/uploads\/sites\/2\/2023\/06\/profimedia-0783225376.jpg","type":"image\/jpeg"}],"author":"A. G., STA","twitter_card":"summary_large_image","twitter_creator":"@hudo_si","twitter_site":"@hudo_si","twitter_misc":{"Written by":"A. G., STA","Est. reading time":"3 minute"},"schema":{"@context":"https:\/\/schema.org","@graph":[{"@type":"Article","@id":"https:\/\/hudo.com\/si\/aktualno\/slovenija\/jansi-se-smeji-golob-tega-zagotovo-ni-pricakoval\/#article","isPartOf":{"@id":"https:\/\/hudo.com\/si\/aktualno\/slovenija\/jansi-se-smeji-golob-tega-zagotovo-ni-pricakoval\/"},"author":{"name":"A. G., STA","@id":"https:\/\/hudo.com\/si\/#\/schema\/person\/2391667a63ea075ba94f2f2dc6b77537"},"headline":"Jan\u0161i se smeji, Golob tega zagotovo ni pri\u010dakoval","datePublished":"2023-06-26T06:44:03+00:00","dateModified":"2023-06-26T06:44:03+00:00","mainEntityOfPage":{"@id":"https:\/\/hudo.com\/si\/aktualno\/slovenija\/jansi-se-smeji-golob-tega-zagotovo-ni-pricakoval\/"},"wordCount":533,"publisher":{"@id":"https:\/\/hudo.com\/si\/#organization"},"keywords":["anketa pop tv","vlada"],"articleSection":["Slovenija"],"inLanguage":"sl-SI"},{"@type":"WebPage","@id":"https:\/\/hudo.com\/si\/aktualno\/slovenija\/jansi-se-smeji-golob-tega-zagotovo-ni-pricakoval\/","url":"https:\/\/hudo.com\/si\/aktualno\/slovenija\/jansi-se-smeji-golob-tega-zagotovo-ni-pricakoval\/","name":"Jan\u0161i se smeji, Golob tega zagotovo ni pri\u010dakoval - Hudo Slovenija","isPartOf":{"@id":"https:\/\/hudo.com\/si\/#website"},"datePublished":"2023-06-26T06:44:03+00:00","dateModified":"2023-06-26T06:44:03+00:00","breadcrumb":{"@id":"https:\/\/hudo.com\/si\/aktualno\/slovenija\/jansi-se-smeji-golob-tega-zagotovo-ni-pricakoval\/#breadcrumb"},"inLanguage":"sl-SI","potentialAction":[{"@type":"ReadAction","target":["https:\/\/hudo.com\/si\/aktualno\/slovenija\/jansi-se-smeji-golob-tega-zagotovo-ni-pricakoval\/"]}]},{"@type":"BreadcrumbList","@id":"https:\/\/hudo.com\/si\/aktualno\/slovenija\/jansi-se-smeji-golob-tega-zagotovo-ni-pricakoval\/#breadcrumb","itemListElement":[{"@type":"ListItem","position":1,"name":"Home","item":"https:\/\/hudo.com\/si\/"},{"@type":"ListItem","position":2,"name":"Jan\u0161i se smeji, Golob tega zagotovo ni pri\u010dakoval"}]},{"@type":"WebSite","@id":"https:\/\/hudo.com\/si\/#website","url":"https:\/\/hudo.com\/si\/","name":"Hudo Slovenija","description":"Vse novice iz Slovenije in sveta","publisher":{"@id":"https:\/\/hudo.com\/si\/#organization"},"potentialAction":[{"@type":"SearchAction","target":{"@type":"EntryPoint","urlTemplate":"https:\/\/hudo.com\/si\/?s={search_term_string}"},"query-input":"required name=search_term_string"}],"inLanguage":"sl-SI"},{"@type":"Organization","@id":"https:\/\/hudo.com\/si\/#organization","name":"VSN Media","url":"https:\/\/hudo.com\/si\/","logo":{"@type":"ImageObject","inLanguage":"sl-SI","@id":"https:\/\/hudo.com\/si\/#\/schema\/logo\/image\/","url":"https:\/\/hudo.com\/si\/wp-content\/uploads\/sites\/2\/2021\/03\/hudo-app-2.png","contentUrl":"https:\/\/hudo.com\/si\/wp-content\/uploads\/sites\/2\/2021\/03\/hudo-app-2.png","width":2185,"height":2167,"caption":"VSN Media"},"image":{"@id":"https:\/\/hudo.com\/si\/#\/schema\/logo\/image\/"},"sameAs":["https:\/\/www.facebook.com\/hudo.si","https:\/\/twitter.com\/hudo_si"]},{"@type":"Person","@id":"https:\/\/hudo.com\/si\/#\/schema\/person\/2391667a63ea075ba94f2f2dc6b77537","name":"A. G., STA","image":{"@type":"ImageObject","inLanguage":"sl-SI","@id":"https:\/\/hudo.com\/si\/#\/schema\/person\/image\/","url":"https:\/\/secure.gravatar.com\/avatar\/e13d22ac3e442658d5025fbbe6238a79?s=96&d=mm&r=g","contentUrl":"https:\/\/secure.gravatar.com\/avatar\/e13d22ac3e442658d5025fbbe6238a79?s=96&d=mm&r=g","caption":"A. G., STA"},"url":"https:\/\/hudo.com\/si\/author\/alenka\/"}]}},"amp_enabled":true,"_links":{"self":[{"href":"https:\/\/hudo.com\/si\/wp-json\/wp\/v2\/posts\/482283"}],"collection":[{"href":"https:\/\/hudo.com\/si\/wp-json\/wp\/v2\/posts"}],"about":[{"href":"https:\/\/hudo.com\/si\/wp-json\/wp\/v2\/types\/post"}],"author":[{"embeddable":true,"href":"https:\/\/hudo.com\/si\/wp-json\/wp\/v2\/users\/5"}],"replies":[{"embeddable":true,"href":"https:\/\/hudo.com\/si\/wp-json\/wp\/v2\/comments?post=482283"}],"version-history":[{"count":1,"href":"https:\/\/hudo.com\/si\/wp-json\/wp\/v2\/posts\/482283\/revisions"}],"predecessor-version":[{"id":482285,"href":"https:\/\/hudo.com\/si\/wp-json\/wp\/v2\/posts\/482283\/revisions\/482285"}],"wp:featuredmedia":[{"embeddable":true,"href":"https:\/\/hudo.com\/si\/wp-json\/wp\/v2\/media\/482284"}],"wp:attachment":[{"href":"https:\/\/hudo.com\/si\/wp-json\/wp\/v2\/media?parent=482283"}],"wp:term":[{"taxonomy":"category","embeddable":true,"href":"https:\/\/hudo.com\/si\/wp-json\/wp\/v2\/categories?post=482283"},{"taxonomy":"post_tag","embeddable":true,"href":"https:\/\/hudo.com\/si\/wp-json\/wp\/v2\/tags?post=482283"},{"taxonomy":"source","embeddable":true,"href":"https:\/\/hudo.com\/si\/wp-json\/wp\/v2\/source?post=482283"},{"taxonomy":"supertag","embeddable":true,"href":"https:\/\/hudo.com\/si\/wp-json\/wp\/v2\/supertag?post=482283"}],"curies":[{"name":"wp","href":"https:\/\/api.w.org\/{rel}","templated":true}]}}