{"id":482535,"date":"2023-07-05T12:13:37","date_gmt":"2023-07-05T10:13:37","guid":{"rendered":"https:\/\/hudo.com\/si\/?p=482535"},"modified":"2023-07-05T12:13:37","modified_gmt":"2023-07-05T10:13:37","slug":"za-pomembne-odseke-hitre-ceste-na-korosko-drzava-se-ni-pripravila-niti-prostorskih-nacrtov","status":"publish","type":"post","link":"https:\/\/hudo.com\/si\/aktualno\/slovenija\/za-pomembne-odseke-hitre-ceste-na-korosko-drzava-se-ni-pripravila-niti-prostorskih-nacrtov\/","title":{"rendered":"Za pomembne odseke hitre ceste na Koro\u0161ko dr\u017eava \u0161e ni pripravila niti prostorskih na\u010drtov"},"content":{"rendered":"<p>O rokih ter pripravi dr\u017eavnih prostorskih na\u010drtov na trasi tretje razvojne osi od Slovenj Gradca naprej proti Oti\u0161kemu Vrhu oz. Dravogradu in Prevaljam so se na dana\u0161njem sestanku z ministrico za infrastrukturo Alenko Bratu\u0161ek pogovarjali koro\u0161ki \u017eupani. Sestanka se je udele\u017eil tudi predsednik uprave Darsa, ki je investitor tretje razvojne osi, Valentin Hajdinjak.<\/p>\n<p>Kot so po sestanku sporo\u010dili z ministrstva za infrastrukturo, je dr\u017eavni prostorski na\u010drt za dr\u017eavno cesto od priklju\u010dka Slovenj Gradec-jug do Dravograda \u017ee v fazi predloga. Sprejem je predviden decembra letos, kar je v skladu s terminskim na\u010drtom ministrstva za naravne vire in prostor. Trenutno potekajo z Direkcijo RS za vode usklajevanja tehni\u010dnih re\u0161itev protipoplavnih ukrepov na Me\u017ei in Mislinji za zagotavljanje poplavne varnosti na obmo\u010dju Pame\u010d in Oti\u0161kega Vrha.<\/p>\n<p>Dr\u017eavni prostorski na\u010drt za hitro cesto Oti\u0161ki Vrh-Prevalje pa je trenutno v fazi pridobivanja strokovnih podlag. V izdelavi je idejni projekt, izvajajo se geolo\u0161ke in geomehanske raziskave, hkrati se trasa hitre ceste usklajuje s projektom nadgradnje \u017eelezni\u0161ke proge. V izdelavi je tudi hidrolo\u0161ko-hidravli\u010dna \u0161tudija. Predvideni rok za sprejem tega dr\u017eavnega prostorskega na\u010drta je december 2024.<\/p>\n<p>Znano je \u017ee, da je na odseku od Oti\u0161kega Vrha do Raven na Koro\u0161kem predvidena \u0161tiripasovna cesta, na odseku od Raven do Prevalj pa dvopasovna. Od Prevalj do meje z Avstrijo na Holmcu se po navedbah ministrstva obnavlja obstoje\u010da dr\u017eavna cesta Holmec-Poljane, kar je v pristojnosti direkcije za infrastrukturo.<\/p>\n<p>\u017dupan Ob\u010dine Prevalje Matic Tasi\u010d je po dana\u0161njem sestanku za STA dejal, da se ob koordinaciji, ki jo vodi dr\u017eavni sekretar na infrastrukturnem ministrstvu Andrej Rajh, stvari premikajo, da pa \u017eal v preteklosti zamujenega \u010dasa ni mogo\u010de nadoknaditi. Tasi\u010d pri\u010dakuje, da bodo na naslednjem sestanku, ki bo predvidoma septembra, seznanjeni tudi s terminskimi na\u010drti glede projektiranja in nadalje glede gradnje odsekov hitre ceste naprej od Slovenj Gradca.<\/p>\n<p>Je pa znan predviden zaklju\u010dek gradnje severnega dela tretje razvojne osi od \u0160entruperta do Velenja in naprej do Slovenj Gradca, in sicer naj bi ga zgradili do junija 2028.<\/p>\n","protected":false},"excerpt":{"rendered":"<p>Medtem ko gradnja delov odseka hitre ceste med Velenjem in Slovenj Gradcem \u017ee nekaj \u010dasa poteka, je cesta severno od Slovenj Gradca \u0161e v postopku ume\u0161\u010danja. Dr\u017eavni prostorski na\u010drt za odsek od priklju\u010dka Slovenj Gradec-jug do Dravograda bo predvidoma sprejet decembra letos, za hitro cesto Oti\u0161ki Vrh-Prevalje pa predvidoma leto dni pozneje.<\/p>\n","protected":false},"author":7,"featured_media":482536,"comment_status":"closed","ping_status":"closed","sticky":false,"template":"","format":"standard","meta":{"footnotes":""},"categories":[18201],"tags":[5784,6796],"source":[4511],"supertag":[5675],"acf":[],"yoast_head":"<!-- This site is optimized with the Yoast SEO plugin v21.3 - https:\/\/yoast.com\/wordpress\/plugins\/seo\/ -->\n<title>Za pomembne odseke hitre ceste na Koro\u0161ko dr\u017eava \u0161e ni pripravila niti prostorskih na\u010drtov - Hudo Slovenija<\/title>\n<meta name=\"robots\" content=\"index, follow, max-snippet:-1, max-image-preview:large, max-video-preview:-1\" \/>\n<link rel=\"canonical\" href=\"https:\/\/hudo.com\/si\/aktualno\/slovenija\/za-pomembne-odseke-hitre-ceste-na-korosko-drzava-se-ni-pripravila-niti-prostorskih-nacrtov\/\" \/>\n<meta property=\"og:locale\" content=\"sl_SI\" \/>\n<meta property=\"og:type\" content=\"article\" \/>\n<meta property=\"og:title\" content=\"Za pomembne odseke hitre ceste na Koro\u0161ko dr\u017eava \u0161e ni pripravila niti prostorskih na\u010drtov - Hudo Slovenija\" \/>\n<meta property=\"og:description\" content=\"Medtem ko gradnja delov odseka hitre ceste med Velenjem in Slovenj Gradcem \u017ee nekaj \u010dasa poteka, je cesta severno od Slovenj Gradca \u0161e v postopku ume\u0161\u010danja. Dr\u017eavni prostorski na\u010drt za odsek od priklju\u010dka Slovenj Gradec-jug do Dravograda bo predvidoma sprejet decembra letos, za hitro cesto Oti\u0161ki Vrh-Prevalje pa predvidoma leto dni pozneje.\" \/>\n<meta property=\"og:url\" content=\"https:\/\/hudo.com\/si\/aktualno\/slovenija\/za-pomembne-odseke-hitre-ceste-na-korosko-drzava-se-ni-pripravila-niti-prostorskih-nacrtov\/\" \/>\n<meta property=\"og:site_name\" content=\"Hudo Slovenija\" \/>\n<meta property=\"article:publisher\" content=\"https:\/\/www.facebook.com\/hudo.si\" \/>\n<meta property=\"article:published_time\" content=\"2023-07-05T10:13:37+00:00\" \/>\n<meta property=\"og:image\" content=\"https:\/\/hudo.com\/si\/wp-content\/uploads\/sites\/2\/2023\/07\/20120508-00356158.jpg\" \/>\n\t<meta property=\"og:image:width\" content=\"640\" \/>\n\t<meta property=\"og:image:height\" content=\"478\" \/>\n\t<meta property=\"og:image:type\" content=\"image\/jpeg\" \/>\n<meta name=\"author\" content=\"A. P., STA\" \/>\n<meta name=\"twitter:card\" content=\"summary_large_image\" \/>\n<meta name=\"twitter:creator\" content=\"@hudo_si\" \/>\n<meta name=\"twitter:site\" content=\"@hudo_si\" \/>\n<meta name=\"twitter:label1\" content=\"Written by\" \/>\n\t<meta name=\"twitter:data1\" content=\"A. P., STA\" \/>\n\t<meta name=\"twitter:label2\" content=\"Est. reading time\" \/>\n\t<meta name=\"twitter:data2\" content=\"2 minuti\" \/>\n<script type=\"application\/ld+json\" class=\"yoast-schema-graph\">{\"@context\":\"https:\/\/schema.org\",\"@graph\":[{\"@type\":\"Article\",\"@id\":\"https:\/\/hudo.com\/si\/aktualno\/slovenija\/za-pomembne-odseke-hitre-ceste-na-korosko-drzava-se-ni-pripravila-niti-prostorskih-nacrtov\/#article\",\"isPartOf\":{\"@id\":\"https:\/\/hudo.com\/si\/aktualno\/slovenija\/za-pomembne-odseke-hitre-ceste-na-korosko-drzava-se-ni-pripravila-niti-prostorskih-nacrtov\/\"},\"author\":{\"name\":\"A. P., STA\",\"@id\":\"https:\/\/hudo.com\/si\/#\/schema\/person\/18f09c02475ba9e606e941a565b80cff\"},\"headline\":\"Za pomembne odseke hitre ceste na Koro\u0161ko dr\u017eava \u0161e ni pripravila niti prostorskih na\u010drtov\",\"datePublished\":\"2023-07-05T10:13:37+00:00\",\"dateModified\":\"2023-07-05T10:13:37+00:00\",\"mainEntityOfPage\":{\"@id\":\"https:\/\/hudo.com\/si\/aktualno\/slovenija\/za-pomembne-odseke-hitre-ceste-na-korosko-drzava-se-ni-pripravila-niti-prostorskih-nacrtov\/\"},\"wordCount\":376,\"publisher\":{\"@id\":\"https:\/\/hudo.com\/si\/#organization\"},\"keywords\":[\"koro\u0161ka\",\"tretja razvojna os\"],\"articleSection\":[\"Slovenija\"],\"inLanguage\":\"sl-SI\"},{\"@type\":\"WebPage\",\"@id\":\"https:\/\/hudo.com\/si\/aktualno\/slovenija\/za-pomembne-odseke-hitre-ceste-na-korosko-drzava-se-ni-pripravila-niti-prostorskih-nacrtov\/\",\"url\":\"https:\/\/hudo.com\/si\/aktualno\/slovenija\/za-pomembne-odseke-hitre-ceste-na-korosko-drzava-se-ni-pripravila-niti-prostorskih-nacrtov\/\",\"name\":\"Za pomembne odseke hitre ceste na Koro\u0161ko dr\u017eava \u0161e ni pripravila niti prostorskih na\u010drtov - Hudo Slovenija\",\"isPartOf\":{\"@id\":\"https:\/\/hudo.com\/si\/#website\"},\"datePublished\":\"2023-07-05T10:13:37+00:00\",\"dateModified\":\"2023-07-05T10:13:37+00:00\",\"breadcrumb\":{\"@id\":\"https:\/\/hudo.com\/si\/aktualno\/slovenija\/za-pomembne-odseke-hitre-ceste-na-korosko-drzava-se-ni-pripravila-niti-prostorskih-nacrtov\/#breadcrumb\"},\"inLanguage\":\"sl-SI\",\"potentialAction\":[{\"@type\":\"ReadAction\",\"target\":[\"https:\/\/hudo.com\/si\/aktualno\/slovenija\/za-pomembne-odseke-hitre-ceste-na-korosko-drzava-se-ni-pripravila-niti-prostorskih-nacrtov\/\"]}]},{\"@type\":\"BreadcrumbList\",\"@id\":\"https:\/\/hudo.com\/si\/aktualno\/slovenija\/za-pomembne-odseke-hitre-ceste-na-korosko-drzava-se-ni-pripravila-niti-prostorskih-nacrtov\/#breadcrumb\",\"itemListElement\":[{\"@type\":\"ListItem\",\"position\":1,\"name\":\"Home\",\"item\":\"https:\/\/hudo.com\/si\/\"},{\"@type\":\"ListItem\",\"position\":2,\"name\":\"Za pomembne odseke hitre ceste na Koro\u0161ko dr\u017eava \u0161e ni pripravila niti prostorskih na\u010drtov\"}]},{\"@type\":\"WebSite\",\"@id\":\"https:\/\/hudo.com\/si\/#website\",\"url\":\"https:\/\/hudo.com\/si\/\",\"name\":\"Hudo Slovenija\",\"description\":\"Vse novice iz Slovenije in sveta\",\"publisher\":{\"@id\":\"https:\/\/hudo.com\/si\/#organization\"},\"potentialAction\":[{\"@type\":\"SearchAction\",\"target\":{\"@type\":\"EntryPoint\",\"urlTemplate\":\"https:\/\/hudo.com\/si\/?s={search_term_string}\"},\"query-input\":\"required name=search_term_string\"}],\"inLanguage\":\"sl-SI\"},{\"@type\":\"Organization\",\"@id\":\"https:\/\/hudo.com\/si\/#organization\",\"name\":\"VSN Media\",\"url\":\"https:\/\/hudo.com\/si\/\",\"logo\":{\"@type\":\"ImageObject\",\"inLanguage\":\"sl-SI\",\"@id\":\"https:\/\/hudo.com\/si\/#\/schema\/logo\/image\/\",\"url\":\"https:\/\/hudo.com\/si\/wp-content\/uploads\/sites\/2\/2021\/03\/hudo-app-2.png\",\"contentUrl\":\"https:\/\/hudo.com\/si\/wp-content\/uploads\/sites\/2\/2021\/03\/hudo-app-2.png\",\"width\":2185,\"height\":2167,\"caption\":\"VSN Media\"},\"image\":{\"@id\":\"https:\/\/hudo.com\/si\/#\/schema\/logo\/image\/\"},\"sameAs\":[\"https:\/\/www.facebook.com\/hudo.si\",\"https:\/\/twitter.com\/hudo_si\"]},{\"@type\":\"Person\",\"@id\":\"https:\/\/hudo.com\/si\/#\/schema\/person\/18f09c02475ba9e606e941a565b80cff\",\"name\":\"A. P., STA\",\"image\":{\"@type\":\"ImageObject\",\"inLanguage\":\"sl-SI\",\"@id\":\"https:\/\/hudo.com\/si\/#\/schema\/person\/image\/\",\"url\":\"https:\/\/secure.gravatar.com\/avatar\/03eac8e609f5f04383125d80eaeaaf3e?s=96&d=mm&r=g\",\"contentUrl\":\"https:\/\/secure.gravatar.com\/avatar\/03eac8e609f5f04383125d80eaeaaf3e?s=96&d=mm&r=g\",\"caption\":\"A. P., STA\"},\"url\":\"https:\/\/hudo.com\/si\/author\/lubu\/\"}]}<\/script>\n<!-- \/ Yoast SEO plugin. -->","yoast_head_json":{"title":"Za pomembne odseke hitre ceste na Koro\u0161ko dr\u017eava \u0161e ni pripravila niti prostorskih na\u010drtov - Hudo Slovenija","robots":{"index":"index","follow":"follow","max-snippet":"max-snippet:-1","max-image-preview":"max-image-preview:large","max-video-preview":"max-video-preview:-1"},"canonical":"https:\/\/hudo.com\/si\/aktualno\/slovenija\/za-pomembne-odseke-hitre-ceste-na-korosko-drzava-se-ni-pripravila-niti-prostorskih-nacrtov\/","og_locale":"sl_SI","og_type":"article","og_title":"Za pomembne odseke hitre ceste na Koro\u0161ko dr\u017eava \u0161e ni pripravila niti prostorskih na\u010drtov - Hudo Slovenija","og_description":"Medtem ko gradnja delov odseka hitre ceste med Velenjem in Slovenj Gradcem \u017ee nekaj \u010dasa poteka, je cesta severno od Slovenj Gradca \u0161e v postopku ume\u0161\u010danja. Dr\u017eavni prostorski na\u010drt za odsek od priklju\u010dka Slovenj Gradec-jug do Dravograda bo predvidoma sprejet decembra letos, za hitro cesto Oti\u0161ki Vrh-Prevalje pa predvidoma leto dni pozneje.","og_url":"https:\/\/hudo.com\/si\/aktualno\/slovenija\/za-pomembne-odseke-hitre-ceste-na-korosko-drzava-se-ni-pripravila-niti-prostorskih-nacrtov\/","og_site_name":"Hudo Slovenija","article_publisher":"https:\/\/www.facebook.com\/hudo.si","article_published_time":"2023-07-05T10:13:37+00:00","og_image":[{"width":640,"height":478,"url":"https:\/\/hudo.com\/si\/wp-content\/uploads\/sites\/2\/2023\/07\/20120508-00356158.jpg","type":"image\/jpeg"}],"author":"A. P., STA","twitter_card":"summary_large_image","twitter_creator":"@hudo_si","twitter_site":"@hudo_si","twitter_misc":{"Written by":"A. P., STA","Est. reading time":"2 minuti"},"schema":{"@context":"https:\/\/schema.org","@graph":[{"@type":"Article","@id":"https:\/\/hudo.com\/si\/aktualno\/slovenija\/za-pomembne-odseke-hitre-ceste-na-korosko-drzava-se-ni-pripravila-niti-prostorskih-nacrtov\/#article","isPartOf":{"@id":"https:\/\/hudo.com\/si\/aktualno\/slovenija\/za-pomembne-odseke-hitre-ceste-na-korosko-drzava-se-ni-pripravila-niti-prostorskih-nacrtov\/"},"author":{"name":"A. P., STA","@id":"https:\/\/hudo.com\/si\/#\/schema\/person\/18f09c02475ba9e606e941a565b80cff"},"headline":"Za pomembne odseke hitre ceste na Koro\u0161ko dr\u017eava \u0161e ni pripravila niti prostorskih na\u010drtov","datePublished":"2023-07-05T10:13:37+00:00","dateModified":"2023-07-05T10:13:37+00:00","mainEntityOfPage":{"@id":"https:\/\/hudo.com\/si\/aktualno\/slovenija\/za-pomembne-odseke-hitre-ceste-na-korosko-drzava-se-ni-pripravila-niti-prostorskih-nacrtov\/"},"wordCount":376,"publisher":{"@id":"https:\/\/hudo.com\/si\/#organization"},"keywords":["koro\u0161ka","tretja razvojna os"],"articleSection":["Slovenija"],"inLanguage":"sl-SI"},{"@type":"WebPage","@id":"https:\/\/hudo.com\/si\/aktualno\/slovenija\/za-pomembne-odseke-hitre-ceste-na-korosko-drzava-se-ni-pripravila-niti-prostorskih-nacrtov\/","url":"https:\/\/hudo.com\/si\/aktualno\/slovenija\/za-pomembne-odseke-hitre-ceste-na-korosko-drzava-se-ni-pripravila-niti-prostorskih-nacrtov\/","name":"Za pomembne odseke hitre ceste na Koro\u0161ko dr\u017eava \u0161e ni pripravila niti prostorskih na\u010drtov - Hudo Slovenija","isPartOf":{"@id":"https:\/\/hudo.com\/si\/#website"},"datePublished":"2023-07-05T10:13:37+00:00","dateModified":"2023-07-05T10:13:37+00:00","breadcrumb":{"@id":"https:\/\/hudo.com\/si\/aktualno\/slovenija\/za-pomembne-odseke-hitre-ceste-na-korosko-drzava-se-ni-pripravila-niti-prostorskih-nacrtov\/#breadcrumb"},"inLanguage":"sl-SI","potentialAction":[{"@type":"ReadAction","target":["https:\/\/hudo.com\/si\/aktualno\/slovenija\/za-pomembne-odseke-hitre-ceste-na-korosko-drzava-se-ni-pripravila-niti-prostorskih-nacrtov\/"]}]},{"@type":"BreadcrumbList","@id":"https:\/\/hudo.com\/si\/aktualno\/slovenija\/za-pomembne-odseke-hitre-ceste-na-korosko-drzava-se-ni-pripravila-niti-prostorskih-nacrtov\/#breadcrumb","itemListElement":[{"@type":"ListItem","position":1,"name":"Home","item":"https:\/\/hudo.com\/si\/"},{"@type":"ListItem","position":2,"name":"Za pomembne odseke hitre ceste na Koro\u0161ko dr\u017eava \u0161e ni pripravila niti prostorskih na\u010drtov"}]},{"@type":"WebSite","@id":"https:\/\/hudo.com\/si\/#website","url":"https:\/\/hudo.com\/si\/","name":"Hudo Slovenija","description":"Vse novice iz Slovenije in sveta","publisher":{"@id":"https:\/\/hudo.com\/si\/#organization"},"potentialAction":[{"@type":"SearchAction","target":{"@type":"EntryPoint","urlTemplate":"https:\/\/hudo.com\/si\/?s={search_term_string}"},"query-input":"required name=search_term_string"}],"inLanguage":"sl-SI"},{"@type":"Organization","@id":"https:\/\/hudo.com\/si\/#organization","name":"VSN Media","url":"https:\/\/hudo.com\/si\/","logo":{"@type":"ImageObject","inLanguage":"sl-SI","@id":"https:\/\/hudo.com\/si\/#\/schema\/logo\/image\/","url":"https:\/\/hudo.com\/si\/wp-content\/uploads\/sites\/2\/2021\/03\/hudo-app-2.png","contentUrl":"https:\/\/hudo.com\/si\/wp-content\/uploads\/sites\/2\/2021\/03\/hudo-app-2.png","width":2185,"height":2167,"caption":"VSN Media"},"image":{"@id":"https:\/\/hudo.com\/si\/#\/schema\/logo\/image\/"},"sameAs":["https:\/\/www.facebook.com\/hudo.si","https:\/\/twitter.com\/hudo_si"]},{"@type":"Person","@id":"https:\/\/hudo.com\/si\/#\/schema\/person\/18f09c02475ba9e606e941a565b80cff","name":"A. P., STA","image":{"@type":"ImageObject","inLanguage":"sl-SI","@id":"https:\/\/hudo.com\/si\/#\/schema\/person\/image\/","url":"https:\/\/secure.gravatar.com\/avatar\/03eac8e609f5f04383125d80eaeaaf3e?s=96&d=mm&r=g","contentUrl":"https:\/\/secure.gravatar.com\/avatar\/03eac8e609f5f04383125d80eaeaaf3e?s=96&d=mm&r=g","caption":"A. P., STA"},"url":"https:\/\/hudo.com\/si\/author\/lubu\/"}]}},"amp_enabled":true,"_links":{"self":[{"href":"https:\/\/hudo.com\/si\/wp-json\/wp\/v2\/posts\/482535"}],"collection":[{"href":"https:\/\/hudo.com\/si\/wp-json\/wp\/v2\/posts"}],"about":[{"href":"https:\/\/hudo.com\/si\/wp-json\/wp\/v2\/types\/post"}],"author":[{"embeddable":true,"href":"https:\/\/hudo.com\/si\/wp-json\/wp\/v2\/users\/7"}],"replies":[{"embeddable":true,"href":"https:\/\/hudo.com\/si\/wp-json\/wp\/v2\/comments?post=482535"}],"version-history":[{"count":1,"href":"https:\/\/hudo.com\/si\/wp-json\/wp\/v2\/posts\/482535\/revisions"}],"predecessor-version":[{"id":482537,"href":"https:\/\/hudo.com\/si\/wp-json\/wp\/v2\/posts\/482535\/revisions\/482537"}],"wp:featuredmedia":[{"embeddable":true,"href":"https:\/\/hudo.com\/si\/wp-json\/wp\/v2\/media\/482536"}],"wp:attachment":[{"href":"https:\/\/hudo.com\/si\/wp-json\/wp\/v2\/media?parent=482535"}],"wp:term":[{"taxonomy":"category","embeddable":true,"href":"https:\/\/hudo.com\/si\/wp-json\/wp\/v2\/categories?post=482535"},{"taxonomy":"post_tag","embeddable":true,"href":"https:\/\/hudo.com\/si\/wp-json\/wp\/v2\/tags?post=482535"},{"taxonomy":"source","embeddable":true,"href":"https:\/\/hudo.com\/si\/wp-json\/wp\/v2\/source?post=482535"},{"taxonomy":"supertag","embeddable":true,"href":"https:\/\/hudo.com\/si\/wp-json\/wp\/v2\/supertag?post=482535"}],"curies":[{"name":"wp","href":"https:\/\/api.w.org\/{rel}","templated":true}]}}