{"id":482583,"date":"2023-07-10T08:58:51","date_gmt":"2023-07-10T06:58:51","guid":{"rendered":"https:\/\/hudo.com\/si\/?p=482583"},"modified":"2023-07-10T08:58:51","modified_gmt":"2023-07-10T06:58:51","slug":"bosanskemu-letoviscu-zaradi-hrvaskega-pohlepa-padla-sekira-v-med","status":"publish","type":"post","link":"https:\/\/hudo.com\/si\/aktualno\/svet\/bosanskemu-letoviscu-zaradi-hrvaskega-pohlepa-padla-sekira-v-med\/","title":{"rendered":"Bosanskemu letovi\u0161\u010du zaradi hrva\u0161kega pohlepa padla sekira v med"},"content":{"rendered":"<p>Ko so lani odprli Pelje\u0161ki most, so se v mestecu Neum v BiH bali, da bodo zaradi nove pridobitve ostali brez turistov in zaslu\u017eka. A zgodilo se je nasprotno.<\/p>\n<p>Medtem ko so Hrvati ob prelomnem dogodku \u010dutili ponos in veselje, pa so bila ob\u010dutja prebivalcev mesteca Neum v Bosni in Hercegovini povsem druga\u010dna. Zaradi novega mostu potniki namre\u010d niso ve\u010d morali skozi Neum, kar je negativno vplivalo na gospodarsko stanje kraja, \u0161e posebej na manj\u0161e poslovalnice in lokale, ki so mo\u010dno odvisni od tranzitnega prometa.<\/p>\n<p>Gostinec je za hrva\u0161ki N1 takrat komentiral, da bo otvoritev mostu pomenila konec njegovega posla. &#8220;To je zna\u010dilno za kraje, ki so na robu. Ne bomo imeli dela, to je konec \u017eivljenja v Neumu,&#8221; je dejal.<\/p>\n<p>A leto pozneje se je zgodba popolnoma obrnila v nasprotju z pri\u010dakovanji. Zanimanje za dopustovanje v Neumu je izjemno veliko. \u017de zdaj je ve\u010d kot 80 odstotkov namestitev zasedenih. V naslednjih dneh, ko se bo prava poletna sezona za\u010dela, pa pri\u010dakujejo, da ne bo dovolj prostora za vse turiste.<\/p>\n<p>\u017dupan Neuma, Dragan Jurkovi\u0107, je napovedal, da bo leto\u0161nja sezona predvidoma presegla rekordno sezono iz leta 2019. &#8220;Interes za letovanje v na\u0161em edinem obmorskem mestu je ve\u010dji kot kadarkoli doslej,&#8221; je povedal za Klix.ba. Poleg doma\u010dih gostov iz Bosne in Hercegovine, najve\u010d turistov prihaja iz Poljske, \u010ce\u0161ke, Francije, Nem\u010dije, Belgije in Avstrije. \u017dupan je opazil tudi porast gostov iz sosednje Hrva\u0161ke.<\/p>\n<p>Razlog, da je Neum poln, ni presenetljiv. Del jadranske obale v Bosni in Hercegovini privablja goste z bistveno ni\u017ejimi cenami. V Neumu so preno\u010ditve tudi do 25 odstotkov cenej\u0161e kot v nekaj kilometrov oddaljenem Slanem na hrva\u0161ki strani meje. Visoke cene so marsikaterega turista odvrnile od obiska hrva\u0161kega morja.<\/p>\n","protected":false},"excerpt":{"rendered":"<p>V Neumu poletna sezona, ki je ne pomnijo. Zahvala za to pa gre Hrvatom in njihovim podivjanim cenam&#8230;<\/p>\n","protected":false},"author":3,"featured_media":482584,"comment_status":"closed","ping_status":"closed","sticky":false,"template":"","format":"standard","meta":{"footnotes":""},"categories":[18202],"tags":[3755,1810,20293,1917],"source":[4511],"supertag":[7541],"acf":[],"yoast_head":"<!-- This site is optimized with the Yoast SEO plugin v21.3 - https:\/\/yoast.com\/wordpress\/plugins\/seo\/ -->\n<title>Bosanskemu letovi\u0161\u010du zaradi hrva\u0161kega pohlepa padla sekira v med - Hudo Slovenija<\/title>\n<meta name=\"robots\" content=\"index, follow, max-snippet:-1, max-image-preview:large, max-video-preview:-1\" \/>\n<link rel=\"canonical\" href=\"https:\/\/hudo.com\/si\/aktualno\/svet\/bosanskemu-letoviscu-zaradi-hrvaskega-pohlepa-padla-sekira-v-med\/\" \/>\n<meta property=\"og:locale\" content=\"sl_SI\" \/>\n<meta property=\"og:type\" content=\"article\" \/>\n<meta property=\"og:title\" content=\"Bosanskemu letovi\u0161\u010du zaradi hrva\u0161kega pohlepa padla sekira v med - Hudo Slovenija\" \/>\n<meta property=\"og:description\" content=\"V Neumu poletna sezona, ki je ne pomnijo. Zahvala za to pa gre Hrvatom in njihovim podivjanim cenam...\" \/>\n<meta property=\"og:url\" content=\"https:\/\/hudo.com\/si\/aktualno\/svet\/bosanskemu-letoviscu-zaradi-hrvaskega-pohlepa-padla-sekira-v-med\/\" \/>\n<meta property=\"og:site_name\" content=\"Hudo Slovenija\" \/>\n<meta property=\"article:publisher\" content=\"https:\/\/www.facebook.com\/hudo.si\" \/>\n<meta property=\"article:published_time\" content=\"2023-07-10T06:58:51+00:00\" \/>\n<meta property=\"og:image\" content=\"https:\/\/hudo.com\/si\/wp-content\/uploads\/sites\/2\/2023\/07\/profimedia-0251815058.jpg\" \/>\n\t<meta property=\"og:image:width\" content=\"1250\" \/>\n\t<meta property=\"og:image:height\" content=\"833\" \/>\n\t<meta property=\"og:image:type\" content=\"image\/jpeg\" \/>\n<meta name=\"author\" content=\"AP\" \/>\n<meta name=\"twitter:card\" content=\"summary_large_image\" \/>\n<meta name=\"twitter:creator\" content=\"@hudo_si\" \/>\n<meta name=\"twitter:site\" content=\"@hudo_si\" \/>\n<meta name=\"twitter:label1\" content=\"Written by\" \/>\n\t<meta name=\"twitter:data1\" content=\"AP\" \/>\n\t<meta name=\"twitter:label2\" content=\"Est. reading time\" \/>\n\t<meta name=\"twitter:data2\" content=\"2 minuti\" \/>\n<script type=\"application\/ld+json\" class=\"yoast-schema-graph\">{\"@context\":\"https:\/\/schema.org\",\"@graph\":[{\"@type\":\"Article\",\"@id\":\"https:\/\/hudo.com\/si\/aktualno\/svet\/bosanskemu-letoviscu-zaradi-hrvaskega-pohlepa-padla-sekira-v-med\/#article\",\"isPartOf\":{\"@id\":\"https:\/\/hudo.com\/si\/aktualno\/svet\/bosanskemu-letoviscu-zaradi-hrvaskega-pohlepa-padla-sekira-v-med\/\"},\"author\":{\"name\":\"AP\",\"@id\":\"https:\/\/hudo.com\/si\/#\/schema\/person\/1d2551e7d4d07b6e4fc507d8f1038c77\"},\"headline\":\"Bosanskemu letovi\u0161\u010du zaradi hrva\u0161kega pohlepa padla sekira v med\",\"datePublished\":\"2023-07-10T06:58:51+00:00\",\"dateModified\":\"2023-07-10T06:58:51+00:00\",\"mainEntityOfPage\":{\"@id\":\"https:\/\/hudo.com\/si\/aktualno\/svet\/bosanskemu-letoviscu-zaradi-hrvaskega-pohlepa-padla-sekira-v-med\/\"},\"wordCount\":312,\"publisher\":{\"@id\":\"https:\/\/hudo.com\/si\/#organization\"},\"keywords\":[\"bosna in hercegovina\",\"hrva\u0161ka\",\"neum\",\"turizem\"],\"articleSection\":[\"Svet\"],\"inLanguage\":\"sl-SI\"},{\"@type\":\"WebPage\",\"@id\":\"https:\/\/hudo.com\/si\/aktualno\/svet\/bosanskemu-letoviscu-zaradi-hrvaskega-pohlepa-padla-sekira-v-med\/\",\"url\":\"https:\/\/hudo.com\/si\/aktualno\/svet\/bosanskemu-letoviscu-zaradi-hrvaskega-pohlepa-padla-sekira-v-med\/\",\"name\":\"Bosanskemu letovi\u0161\u010du zaradi hrva\u0161kega pohlepa padla sekira v med - Hudo Slovenija\",\"isPartOf\":{\"@id\":\"https:\/\/hudo.com\/si\/#website\"},\"datePublished\":\"2023-07-10T06:58:51+00:00\",\"dateModified\":\"2023-07-10T06:58:51+00:00\",\"breadcrumb\":{\"@id\":\"https:\/\/hudo.com\/si\/aktualno\/svet\/bosanskemu-letoviscu-zaradi-hrvaskega-pohlepa-padla-sekira-v-med\/#breadcrumb\"},\"inLanguage\":\"sl-SI\",\"potentialAction\":[{\"@type\":\"ReadAction\",\"target\":[\"https:\/\/hudo.com\/si\/aktualno\/svet\/bosanskemu-letoviscu-zaradi-hrvaskega-pohlepa-padla-sekira-v-med\/\"]}]},{\"@type\":\"BreadcrumbList\",\"@id\":\"https:\/\/hudo.com\/si\/aktualno\/svet\/bosanskemu-letoviscu-zaradi-hrvaskega-pohlepa-padla-sekira-v-med\/#breadcrumb\",\"itemListElement\":[{\"@type\":\"ListItem\",\"position\":1,\"name\":\"Home\",\"item\":\"https:\/\/hudo.com\/si\/\"},{\"@type\":\"ListItem\",\"position\":2,\"name\":\"Bosanskemu letovi\u0161\u010du zaradi hrva\u0161kega pohlepa padla sekira v med\"}]},{\"@type\":\"WebSite\",\"@id\":\"https:\/\/hudo.com\/si\/#website\",\"url\":\"https:\/\/hudo.com\/si\/\",\"name\":\"Hudo Slovenija\",\"description\":\"Vse novice iz Slovenije in sveta\",\"publisher\":{\"@id\":\"https:\/\/hudo.com\/si\/#organization\"},\"potentialAction\":[{\"@type\":\"SearchAction\",\"target\":{\"@type\":\"EntryPoint\",\"urlTemplate\":\"https:\/\/hudo.com\/si\/?s={search_term_string}\"},\"query-input\":\"required name=search_term_string\"}],\"inLanguage\":\"sl-SI\"},{\"@type\":\"Organization\",\"@id\":\"https:\/\/hudo.com\/si\/#organization\",\"name\":\"VSN Media\",\"url\":\"https:\/\/hudo.com\/si\/\",\"logo\":{\"@type\":\"ImageObject\",\"inLanguage\":\"sl-SI\",\"@id\":\"https:\/\/hudo.com\/si\/#\/schema\/logo\/image\/\",\"url\":\"https:\/\/hudo.com\/si\/wp-content\/uploads\/sites\/2\/2021\/03\/hudo-app-2.png\",\"contentUrl\":\"https:\/\/hudo.com\/si\/wp-content\/uploads\/sites\/2\/2021\/03\/hudo-app-2.png\",\"width\":2185,\"height\":2167,\"caption\":\"VSN Media\"},\"image\":{\"@id\":\"https:\/\/hudo.com\/si\/#\/schema\/logo\/image\/\"},\"sameAs\":[\"https:\/\/www.facebook.com\/hudo.si\",\"https:\/\/twitter.com\/hudo_si\"]},{\"@type\":\"Person\",\"@id\":\"https:\/\/hudo.com\/si\/#\/schema\/person\/1d2551e7d4d07b6e4fc507d8f1038c77\",\"name\":\"AP\",\"image\":{\"@type\":\"ImageObject\",\"inLanguage\":\"sl-SI\",\"@id\":\"https:\/\/hudo.com\/si\/#\/schema\/person\/image\/\",\"url\":\"https:\/\/secure.gravatar.com\/avatar\/7b3f3d93af66e8912bbd99653b3496ee?s=96&d=mm&r=g\",\"contentUrl\":\"https:\/\/secure.gravatar.com\/avatar\/7b3f3d93af66e8912bbd99653b3496ee?s=96&d=mm&r=g\",\"caption\":\"AP\"},\"url\":\"https:\/\/hudo.com\/si\/author\/aljaz\/\"}]}<\/script>\n<!-- \/ Yoast SEO plugin. -->","yoast_head_json":{"title":"Bosanskemu letovi\u0161\u010du zaradi hrva\u0161kega pohlepa padla sekira v med - Hudo Slovenija","robots":{"index":"index","follow":"follow","max-snippet":"max-snippet:-1","max-image-preview":"max-image-preview:large","max-video-preview":"max-video-preview:-1"},"canonical":"https:\/\/hudo.com\/si\/aktualno\/svet\/bosanskemu-letoviscu-zaradi-hrvaskega-pohlepa-padla-sekira-v-med\/","og_locale":"sl_SI","og_type":"article","og_title":"Bosanskemu letovi\u0161\u010du zaradi hrva\u0161kega pohlepa padla sekira v med - Hudo Slovenija","og_description":"V Neumu poletna sezona, ki je ne pomnijo. Zahvala za to pa gre Hrvatom in njihovim podivjanim cenam...","og_url":"https:\/\/hudo.com\/si\/aktualno\/svet\/bosanskemu-letoviscu-zaradi-hrvaskega-pohlepa-padla-sekira-v-med\/","og_site_name":"Hudo Slovenija","article_publisher":"https:\/\/www.facebook.com\/hudo.si","article_published_time":"2023-07-10T06:58:51+00:00","og_image":[{"width":1250,"height":833,"url":"https:\/\/hudo.com\/si\/wp-content\/uploads\/sites\/2\/2023\/07\/profimedia-0251815058.jpg","type":"image\/jpeg"}],"author":"AP","twitter_card":"summary_large_image","twitter_creator":"@hudo_si","twitter_site":"@hudo_si","twitter_misc":{"Written by":"AP","Est. reading time":"2 minuti"},"schema":{"@context":"https:\/\/schema.org","@graph":[{"@type":"Article","@id":"https:\/\/hudo.com\/si\/aktualno\/svet\/bosanskemu-letoviscu-zaradi-hrvaskega-pohlepa-padla-sekira-v-med\/#article","isPartOf":{"@id":"https:\/\/hudo.com\/si\/aktualno\/svet\/bosanskemu-letoviscu-zaradi-hrvaskega-pohlepa-padla-sekira-v-med\/"},"author":{"name":"AP","@id":"https:\/\/hudo.com\/si\/#\/schema\/person\/1d2551e7d4d07b6e4fc507d8f1038c77"},"headline":"Bosanskemu letovi\u0161\u010du zaradi hrva\u0161kega pohlepa padla sekira v med","datePublished":"2023-07-10T06:58:51+00:00","dateModified":"2023-07-10T06:58:51+00:00","mainEntityOfPage":{"@id":"https:\/\/hudo.com\/si\/aktualno\/svet\/bosanskemu-letoviscu-zaradi-hrvaskega-pohlepa-padla-sekira-v-med\/"},"wordCount":312,"publisher":{"@id":"https:\/\/hudo.com\/si\/#organization"},"keywords":["bosna in hercegovina","hrva\u0161ka","neum","turizem"],"articleSection":["Svet"],"inLanguage":"sl-SI"},{"@type":"WebPage","@id":"https:\/\/hudo.com\/si\/aktualno\/svet\/bosanskemu-letoviscu-zaradi-hrvaskega-pohlepa-padla-sekira-v-med\/","url":"https:\/\/hudo.com\/si\/aktualno\/svet\/bosanskemu-letoviscu-zaradi-hrvaskega-pohlepa-padla-sekira-v-med\/","name":"Bosanskemu letovi\u0161\u010du zaradi hrva\u0161kega pohlepa padla sekira v med - Hudo Slovenija","isPartOf":{"@id":"https:\/\/hudo.com\/si\/#website"},"datePublished":"2023-07-10T06:58:51+00:00","dateModified":"2023-07-10T06:58:51+00:00","breadcrumb":{"@id":"https:\/\/hudo.com\/si\/aktualno\/svet\/bosanskemu-letoviscu-zaradi-hrvaskega-pohlepa-padla-sekira-v-med\/#breadcrumb"},"inLanguage":"sl-SI","potentialAction":[{"@type":"ReadAction","target":["https:\/\/hudo.com\/si\/aktualno\/svet\/bosanskemu-letoviscu-zaradi-hrvaskega-pohlepa-padla-sekira-v-med\/"]}]},{"@type":"BreadcrumbList","@id":"https:\/\/hudo.com\/si\/aktualno\/svet\/bosanskemu-letoviscu-zaradi-hrvaskega-pohlepa-padla-sekira-v-med\/#breadcrumb","itemListElement":[{"@type":"ListItem","position":1,"name":"Home","item":"https:\/\/hudo.com\/si\/"},{"@type":"ListItem","position":2,"name":"Bosanskemu letovi\u0161\u010du zaradi hrva\u0161kega pohlepa padla sekira v med"}]},{"@type":"WebSite","@id":"https:\/\/hudo.com\/si\/#website","url":"https:\/\/hudo.com\/si\/","name":"Hudo Slovenija","description":"Vse novice iz Slovenije in sveta","publisher":{"@id":"https:\/\/hudo.com\/si\/#organization"},"potentialAction":[{"@type":"SearchAction","target":{"@type":"EntryPoint","urlTemplate":"https:\/\/hudo.com\/si\/?s={search_term_string}"},"query-input":"required name=search_term_string"}],"inLanguage":"sl-SI"},{"@type":"Organization","@id":"https:\/\/hudo.com\/si\/#organization","name":"VSN Media","url":"https:\/\/hudo.com\/si\/","logo":{"@type":"ImageObject","inLanguage":"sl-SI","@id":"https:\/\/hudo.com\/si\/#\/schema\/logo\/image\/","url":"https:\/\/hudo.com\/si\/wp-content\/uploads\/sites\/2\/2021\/03\/hudo-app-2.png","contentUrl":"https:\/\/hudo.com\/si\/wp-content\/uploads\/sites\/2\/2021\/03\/hudo-app-2.png","width":2185,"height":2167,"caption":"VSN Media"},"image":{"@id":"https:\/\/hudo.com\/si\/#\/schema\/logo\/image\/"},"sameAs":["https:\/\/www.facebook.com\/hudo.si","https:\/\/twitter.com\/hudo_si"]},{"@type":"Person","@id":"https:\/\/hudo.com\/si\/#\/schema\/person\/1d2551e7d4d07b6e4fc507d8f1038c77","name":"AP","image":{"@type":"ImageObject","inLanguage":"sl-SI","@id":"https:\/\/hudo.com\/si\/#\/schema\/person\/image\/","url":"https:\/\/secure.gravatar.com\/avatar\/7b3f3d93af66e8912bbd99653b3496ee?s=96&d=mm&r=g","contentUrl":"https:\/\/secure.gravatar.com\/avatar\/7b3f3d93af66e8912bbd99653b3496ee?s=96&d=mm&r=g","caption":"AP"},"url":"https:\/\/hudo.com\/si\/author\/aljaz\/"}]}},"amp_enabled":true,"_links":{"self":[{"href":"https:\/\/hudo.com\/si\/wp-json\/wp\/v2\/posts\/482583"}],"collection":[{"href":"https:\/\/hudo.com\/si\/wp-json\/wp\/v2\/posts"}],"about":[{"href":"https:\/\/hudo.com\/si\/wp-json\/wp\/v2\/types\/post"}],"author":[{"embeddable":true,"href":"https:\/\/hudo.com\/si\/wp-json\/wp\/v2\/users\/3"}],"replies":[{"embeddable":true,"href":"https:\/\/hudo.com\/si\/wp-json\/wp\/v2\/comments?post=482583"}],"version-history":[{"count":1,"href":"https:\/\/hudo.com\/si\/wp-json\/wp\/v2\/posts\/482583\/revisions"}],"predecessor-version":[{"id":482585,"href":"https:\/\/hudo.com\/si\/wp-json\/wp\/v2\/posts\/482583\/revisions\/482585"}],"wp:featuredmedia":[{"embeddable":true,"href":"https:\/\/hudo.com\/si\/wp-json\/wp\/v2\/media\/482584"}],"wp:attachment":[{"href":"https:\/\/hudo.com\/si\/wp-json\/wp\/v2\/media?parent=482583"}],"wp:term":[{"taxonomy":"category","embeddable":true,"href":"https:\/\/hudo.com\/si\/wp-json\/wp\/v2\/categories?post=482583"},{"taxonomy":"post_tag","embeddable":true,"href":"https:\/\/hudo.com\/si\/wp-json\/wp\/v2\/tags?post=482583"},{"taxonomy":"source","embeddable":true,"href":"https:\/\/hudo.com\/si\/wp-json\/wp\/v2\/source?post=482583"},{"taxonomy":"supertag","embeddable":true,"href":"https:\/\/hudo.com\/si\/wp-json\/wp\/v2\/supertag?post=482583"}],"curies":[{"name":"wp","href":"https:\/\/api.w.org\/{rel}","templated":true}]}}