{"id":482705,"date":"2023-07-20T10:31:36","date_gmt":"2023-07-20T08:31:36","guid":{"rendered":"https:\/\/hudo.com\/si\/?p=482705"},"modified":"2023-07-20T10:31:36","modified_gmt":"2023-07-20T08:31:36","slug":"fotografija-pove-vec-kot-tisoc-besed-tanja-zagar-objavila-veselo-novico-druzinica-ima-najlepsi-razlog-za-praznovanje","status":"publish","type":"post","link":"https:\/\/hudo.com\/si\/vip\/fotografija-pove-vec-kot-tisoc-besed-tanja-zagar-objavila-veselo-novico-druzinica-ima-najlepsi-razlog-za-praznovanje\/","title":{"rendered":"Fotografija pove ve\u010d kot tiso\u010d besed: Tanja \u017dagar objavila veselo novico, dru\u017einica ima najlep\u0161i razlog za praznovanje"},"content":{"rendered":"<p>Priljubljena pevka Tanja \u017dagar se je oglasila na Facebooku. Prilo\u017enost je izkoristila, da je \u010destitala svoji h\u010derki Marini, ki je praznovala drugi rojstni dan. Ob tej prilo\u017enosti ji je spekla tudi prav posebno torto.<\/p>\n<p>Tako je s svojimi spletnimi sledilci delila prisr\u010den pogovor, ki ga je imela s svojo h\u010derko.<\/p>\n<p>&#8211; Marina, kaj ima\u0161 ti danes?<br \/>\n* Ojtni dan!<br \/>\n&#8211; Koliko si pa stara?<br \/>\n* De eti.<br \/>\n&#8211; Kaj pa bomo jedli?<br \/>\n* Toticooooooo!!!<br \/>\nOb tem je ponosna mamica dodala: &#8220;Pa je nastal tale son\u010dek za na\u0161o son\u010dico, ki danes praznuje svoj drugi rojstni dan.&#8221;<\/p>\n<p><div class=\"embed-notice\">Za ogled vstavljene vsebine morate omogo\u010diti <a href=\"#\" onclick=\"Optanon.ToggleInfoDisplay()\">shranjevanje pi\u0161kotkov v napravi<\/a><\/div><iframe loading=\"lazy\" style=\"border: none; overflow: hidden;\"  class=\"optanon-category-C0002-C0003-C0004\" optanon-src=\"https:\/\/www.facebook.com\/plugins\/post.php?href=https%3A%2F%2Fwww.facebook.com%2Ftanjazagar%2Fposts%2Fpfbid0ogBM9HJPH6Fa4AfsTcNKPHyYNzD4kihT2bb3c11TcqCh3xHR38kQ6cEWFSEvpYVGl&amp;show_text=false&amp;width=500\" width=\"500\" height=\"497\" frameborder=\"0\" scrolling=\"no\" allowfullscreen=\"allowfullscreen\"><\/iframe><\/p>\n<p>Obo\u017eevalci so bili seveda navdu\u0161eni, malo slavljenko pa so zasuli s \u010destitkami in dobrimi \u017eeljami.<\/p>\n","protected":false},"excerpt":{"rendered":"<p>Pevka \u017eari od sre\u010de &#8230;<\/p>\n","protected":false},"author":6,"featured_media":442270,"comment_status":"closed","ping_status":"closed","sticky":false,"template":"","format":"standard","meta":{"footnotes":""},"categories":[1093],"tags":[9669],"source":[4511],"supertag":[],"acf":[],"yoast_head":"<!-- This site is optimized with the Yoast SEO plugin v21.3 - https:\/\/yoast.com\/wordpress\/plugins\/seo\/ -->\n<title>Fotografija pove ve\u010d kot tiso\u010d besed: Tanja \u017dagar objavila veselo novico, dru\u017einica ima najlep\u0161i razlog za praznovanje - Hudo Slovenija<\/title>\n<meta name=\"robots\" content=\"index, follow, max-snippet:-1, max-image-preview:large, max-video-preview:-1\" \/>\n<link rel=\"canonical\" href=\"https:\/\/hudo.com\/si\/vip\/fotografija-pove-vec-kot-tisoc-besed-tanja-zagar-objavila-veselo-novico-druzinica-ima-najlepsi-razlog-za-praznovanje\/\" \/>\n<meta property=\"og:locale\" content=\"sl_SI\" \/>\n<meta property=\"og:type\" content=\"article\" \/>\n<meta property=\"og:title\" content=\"Fotografija pove ve\u010d kot tiso\u010d besed: Tanja \u017dagar objavila veselo novico, dru\u017einica ima najlep\u0161i razlog za praznovanje - Hudo Slovenija\" \/>\n<meta property=\"og:description\" content=\"Pevka \u017eari od sre\u010de ...\" \/>\n<meta property=\"og:url\" content=\"https:\/\/hudo.com\/si\/vip\/fotografija-pove-vec-kot-tisoc-besed-tanja-zagar-objavila-veselo-novico-druzinica-ima-najlepsi-razlog-za-praznovanje\/\" \/>\n<meta property=\"og:site_name\" content=\"Hudo Slovenija\" \/>\n<meta property=\"article:publisher\" content=\"https:\/\/www.facebook.com\/hudo.si\" \/>\n<meta property=\"article:published_time\" content=\"2023-07-20T08:31:36+00:00\" \/>\n<meta property=\"og:image\" content=\"https:\/\/hudo.com\/si\/wp-content\/uploads\/sites\/2\/2021\/01\/profimedia-0307201045.jpg\" \/>\n\t<meta property=\"og:image:width\" content=\"1250\" \/>\n\t<meta property=\"og:image:height\" content=\"833\" \/>\n\t<meta property=\"og:image:type\" content=\"image\/jpeg\" \/>\n<meta name=\"author\" content=\"A. G.\" \/>\n<meta name=\"twitter:card\" content=\"summary_large_image\" \/>\n<meta name=\"twitter:creator\" content=\"@hudo_si\" \/>\n<meta name=\"twitter:site\" content=\"@hudo_si\" \/>\n<meta name=\"twitter:label1\" content=\"Written by\" \/>\n\t<meta name=\"twitter:data1\" content=\"A. G.\" \/>\n\t<meta name=\"twitter:label2\" content=\"Est. reading time\" \/>\n\t<meta name=\"twitter:data2\" content=\"1 minuta\" \/>\n<script type=\"application\/ld+json\" class=\"yoast-schema-graph\">{\"@context\":\"https:\/\/schema.org\",\"@graph\":[{\"@type\":\"Article\",\"@id\":\"https:\/\/hudo.com\/si\/vip\/fotografija-pove-vec-kot-tisoc-besed-tanja-zagar-objavila-veselo-novico-druzinica-ima-najlepsi-razlog-za-praznovanje\/#article\",\"isPartOf\":{\"@id\":\"https:\/\/hudo.com\/si\/vip\/fotografija-pove-vec-kot-tisoc-besed-tanja-zagar-objavila-veselo-novico-druzinica-ima-najlepsi-razlog-za-praznovanje\/\"},\"author\":{\"name\":\"A. G.\",\"@id\":\"https:\/\/hudo.com\/si\/#\/schema\/person\/f95639a66e0dd2c682b0568634e85b8b\"},\"headline\":\"Fotografija pove ve\u010d kot tiso\u010d besed: Tanja \u017dagar objavila veselo novico, dru\u017einica ima najlep\u0161i razlog za praznovanje\",\"datePublished\":\"2023-07-20T08:31:36+00:00\",\"dateModified\":\"2023-07-20T08:31:36+00:00\",\"mainEntityOfPage\":{\"@id\":\"https:\/\/hudo.com\/si\/vip\/fotografija-pove-vec-kot-tisoc-besed-tanja-zagar-objavila-veselo-novico-druzinica-ima-najlepsi-razlog-za-praznovanje\/\"},\"wordCount\":136,\"publisher\":{\"@id\":\"https:\/\/hudo.com\/si\/#organization\"},\"keywords\":[\"Tanja \u017dagar\"],\"articleSection\":[\"VIP\"],\"inLanguage\":\"sl-SI\"},{\"@type\":\"WebPage\",\"@id\":\"https:\/\/hudo.com\/si\/vip\/fotografija-pove-vec-kot-tisoc-besed-tanja-zagar-objavila-veselo-novico-druzinica-ima-najlepsi-razlog-za-praznovanje\/\",\"url\":\"https:\/\/hudo.com\/si\/vip\/fotografija-pove-vec-kot-tisoc-besed-tanja-zagar-objavila-veselo-novico-druzinica-ima-najlepsi-razlog-za-praznovanje\/\",\"name\":\"Fotografija pove ve\u010d kot tiso\u010d besed: Tanja \u017dagar objavila veselo novico, dru\u017einica ima najlep\u0161i razlog za praznovanje - Hudo Slovenija\",\"isPartOf\":{\"@id\":\"https:\/\/hudo.com\/si\/#website\"},\"datePublished\":\"2023-07-20T08:31:36+00:00\",\"dateModified\":\"2023-07-20T08:31:36+00:00\",\"breadcrumb\":{\"@id\":\"https:\/\/hudo.com\/si\/vip\/fotografija-pove-vec-kot-tisoc-besed-tanja-zagar-objavila-veselo-novico-druzinica-ima-najlepsi-razlog-za-praznovanje\/#breadcrumb\"},\"inLanguage\":\"sl-SI\",\"potentialAction\":[{\"@type\":\"ReadAction\",\"target\":[\"https:\/\/hudo.com\/si\/vip\/fotografija-pove-vec-kot-tisoc-besed-tanja-zagar-objavila-veselo-novico-druzinica-ima-najlepsi-razlog-za-praznovanje\/\"]}]},{\"@type\":\"BreadcrumbList\",\"@id\":\"https:\/\/hudo.com\/si\/vip\/fotografija-pove-vec-kot-tisoc-besed-tanja-zagar-objavila-veselo-novico-druzinica-ima-najlepsi-razlog-za-praznovanje\/#breadcrumb\",\"itemListElement\":[{\"@type\":\"ListItem\",\"position\":1,\"name\":\"Home\",\"item\":\"https:\/\/hudo.com\/si\/\"},{\"@type\":\"ListItem\",\"position\":2,\"name\":\"Fotografija pove ve\u010d kot tiso\u010d besed: Tanja \u017dagar objavila veselo novico, dru\u017einica ima najlep\u0161i razlog za praznovanje\"}]},{\"@type\":\"WebSite\",\"@id\":\"https:\/\/hudo.com\/si\/#website\",\"url\":\"https:\/\/hudo.com\/si\/\",\"name\":\"Hudo Slovenija\",\"description\":\"Vse novice iz Slovenije in sveta\",\"publisher\":{\"@id\":\"https:\/\/hudo.com\/si\/#organization\"},\"potentialAction\":[{\"@type\":\"SearchAction\",\"target\":{\"@type\":\"EntryPoint\",\"urlTemplate\":\"https:\/\/hudo.com\/si\/?s={search_term_string}\"},\"query-input\":\"required name=search_term_string\"}],\"inLanguage\":\"sl-SI\"},{\"@type\":\"Organization\",\"@id\":\"https:\/\/hudo.com\/si\/#organization\",\"name\":\"VSN Media\",\"url\":\"https:\/\/hudo.com\/si\/\",\"logo\":{\"@type\":\"ImageObject\",\"inLanguage\":\"sl-SI\",\"@id\":\"https:\/\/hudo.com\/si\/#\/schema\/logo\/image\/\",\"url\":\"https:\/\/hudo.com\/si\/wp-content\/uploads\/sites\/2\/2021\/03\/hudo-app-2.png\",\"contentUrl\":\"https:\/\/hudo.com\/si\/wp-content\/uploads\/sites\/2\/2021\/03\/hudo-app-2.png\",\"width\":2185,\"height\":2167,\"caption\":\"VSN Media\"},\"image\":{\"@id\":\"https:\/\/hudo.com\/si\/#\/schema\/logo\/image\/\"},\"sameAs\":[\"https:\/\/www.facebook.com\/hudo.si\",\"https:\/\/twitter.com\/hudo_si\"]},{\"@type\":\"Person\",\"@id\":\"https:\/\/hudo.com\/si\/#\/schema\/person\/f95639a66e0dd2c682b0568634e85b8b\",\"name\":\"A. G.\",\"image\":{\"@type\":\"ImageObject\",\"inLanguage\":\"sl-SI\",\"@id\":\"https:\/\/hudo.com\/si\/#\/schema\/person\/image\/\",\"url\":\"https:\/\/secure.gravatar.com\/avatar\/9f44de561c70d5d80348d3ed0f4b142d?s=96&d=mm&r=g\",\"contentUrl\":\"https:\/\/secure.gravatar.com\/avatar\/9f44de561c70d5d80348d3ed0f4b142d?s=96&d=mm&r=g\",\"caption\":\"A. G.\"},\"url\":\"https:\/\/hudo.com\/si\/author\/alenkagrmek\/\"}]}<\/script>\n<!-- \/ Yoast SEO plugin. -->","yoast_head_json":{"title":"Fotografija pove ve\u010d kot tiso\u010d besed: Tanja \u017dagar objavila veselo novico, dru\u017einica ima najlep\u0161i razlog za praznovanje - Hudo Slovenija","robots":{"index":"index","follow":"follow","max-snippet":"max-snippet:-1","max-image-preview":"max-image-preview:large","max-video-preview":"max-video-preview:-1"},"canonical":"https:\/\/hudo.com\/si\/vip\/fotografija-pove-vec-kot-tisoc-besed-tanja-zagar-objavila-veselo-novico-druzinica-ima-najlepsi-razlog-za-praznovanje\/","og_locale":"sl_SI","og_type":"article","og_title":"Fotografija pove ve\u010d kot tiso\u010d besed: Tanja \u017dagar objavila veselo novico, dru\u017einica ima najlep\u0161i razlog za praznovanje - Hudo Slovenija","og_description":"Pevka \u017eari od sre\u010de ...","og_url":"https:\/\/hudo.com\/si\/vip\/fotografija-pove-vec-kot-tisoc-besed-tanja-zagar-objavila-veselo-novico-druzinica-ima-najlepsi-razlog-za-praznovanje\/","og_site_name":"Hudo Slovenija","article_publisher":"https:\/\/www.facebook.com\/hudo.si","article_published_time":"2023-07-20T08:31:36+00:00","og_image":[{"width":1250,"height":833,"url":"https:\/\/hudo.com\/si\/wp-content\/uploads\/sites\/2\/2021\/01\/profimedia-0307201045.jpg","type":"image\/jpeg"}],"author":"A. G.","twitter_card":"summary_large_image","twitter_creator":"@hudo_si","twitter_site":"@hudo_si","twitter_misc":{"Written by":"A. G.","Est. reading time":"1 minuta"},"schema":{"@context":"https:\/\/schema.org","@graph":[{"@type":"Article","@id":"https:\/\/hudo.com\/si\/vip\/fotografija-pove-vec-kot-tisoc-besed-tanja-zagar-objavila-veselo-novico-druzinica-ima-najlepsi-razlog-za-praznovanje\/#article","isPartOf":{"@id":"https:\/\/hudo.com\/si\/vip\/fotografija-pove-vec-kot-tisoc-besed-tanja-zagar-objavila-veselo-novico-druzinica-ima-najlepsi-razlog-za-praznovanje\/"},"author":{"name":"A. G.","@id":"https:\/\/hudo.com\/si\/#\/schema\/person\/f95639a66e0dd2c682b0568634e85b8b"},"headline":"Fotografija pove ve\u010d kot tiso\u010d besed: Tanja \u017dagar objavila veselo novico, dru\u017einica ima najlep\u0161i razlog za praznovanje","datePublished":"2023-07-20T08:31:36+00:00","dateModified":"2023-07-20T08:31:36+00:00","mainEntityOfPage":{"@id":"https:\/\/hudo.com\/si\/vip\/fotografija-pove-vec-kot-tisoc-besed-tanja-zagar-objavila-veselo-novico-druzinica-ima-najlepsi-razlog-za-praznovanje\/"},"wordCount":136,"publisher":{"@id":"https:\/\/hudo.com\/si\/#organization"},"keywords":["Tanja \u017dagar"],"articleSection":["VIP"],"inLanguage":"sl-SI"},{"@type":"WebPage","@id":"https:\/\/hudo.com\/si\/vip\/fotografija-pove-vec-kot-tisoc-besed-tanja-zagar-objavila-veselo-novico-druzinica-ima-najlepsi-razlog-za-praznovanje\/","url":"https:\/\/hudo.com\/si\/vip\/fotografija-pove-vec-kot-tisoc-besed-tanja-zagar-objavila-veselo-novico-druzinica-ima-najlepsi-razlog-za-praznovanje\/","name":"Fotografija pove ve\u010d kot tiso\u010d besed: Tanja \u017dagar objavila veselo novico, dru\u017einica ima najlep\u0161i razlog za praznovanje - Hudo Slovenija","isPartOf":{"@id":"https:\/\/hudo.com\/si\/#website"},"datePublished":"2023-07-20T08:31:36+00:00","dateModified":"2023-07-20T08:31:36+00:00","breadcrumb":{"@id":"https:\/\/hudo.com\/si\/vip\/fotografija-pove-vec-kot-tisoc-besed-tanja-zagar-objavila-veselo-novico-druzinica-ima-najlepsi-razlog-za-praznovanje\/#breadcrumb"},"inLanguage":"sl-SI","potentialAction":[{"@type":"ReadAction","target":["https:\/\/hudo.com\/si\/vip\/fotografija-pove-vec-kot-tisoc-besed-tanja-zagar-objavila-veselo-novico-druzinica-ima-najlepsi-razlog-za-praznovanje\/"]}]},{"@type":"BreadcrumbList","@id":"https:\/\/hudo.com\/si\/vip\/fotografija-pove-vec-kot-tisoc-besed-tanja-zagar-objavila-veselo-novico-druzinica-ima-najlepsi-razlog-za-praznovanje\/#breadcrumb","itemListElement":[{"@type":"ListItem","position":1,"name":"Home","item":"https:\/\/hudo.com\/si\/"},{"@type":"ListItem","position":2,"name":"Fotografija pove ve\u010d kot tiso\u010d besed: Tanja \u017dagar objavila veselo novico, dru\u017einica ima najlep\u0161i razlog za praznovanje"}]},{"@type":"WebSite","@id":"https:\/\/hudo.com\/si\/#website","url":"https:\/\/hudo.com\/si\/","name":"Hudo Slovenija","description":"Vse novice iz Slovenije in sveta","publisher":{"@id":"https:\/\/hudo.com\/si\/#organization"},"potentialAction":[{"@type":"SearchAction","target":{"@type":"EntryPoint","urlTemplate":"https:\/\/hudo.com\/si\/?s={search_term_string}"},"query-input":"required name=search_term_string"}],"inLanguage":"sl-SI"},{"@type":"Organization","@id":"https:\/\/hudo.com\/si\/#organization","name":"VSN Media","url":"https:\/\/hudo.com\/si\/","logo":{"@type":"ImageObject","inLanguage":"sl-SI","@id":"https:\/\/hudo.com\/si\/#\/schema\/logo\/image\/","url":"https:\/\/hudo.com\/si\/wp-content\/uploads\/sites\/2\/2021\/03\/hudo-app-2.png","contentUrl":"https:\/\/hudo.com\/si\/wp-content\/uploads\/sites\/2\/2021\/03\/hudo-app-2.png","width":2185,"height":2167,"caption":"VSN Media"},"image":{"@id":"https:\/\/hudo.com\/si\/#\/schema\/logo\/image\/"},"sameAs":["https:\/\/www.facebook.com\/hudo.si","https:\/\/twitter.com\/hudo_si"]},{"@type":"Person","@id":"https:\/\/hudo.com\/si\/#\/schema\/person\/f95639a66e0dd2c682b0568634e85b8b","name":"A. G.","image":{"@type":"ImageObject","inLanguage":"sl-SI","@id":"https:\/\/hudo.com\/si\/#\/schema\/person\/image\/","url":"https:\/\/secure.gravatar.com\/avatar\/9f44de561c70d5d80348d3ed0f4b142d?s=96&d=mm&r=g","contentUrl":"https:\/\/secure.gravatar.com\/avatar\/9f44de561c70d5d80348d3ed0f4b142d?s=96&d=mm&r=g","caption":"A. G."},"url":"https:\/\/hudo.com\/si\/author\/alenkagrmek\/"}]}},"amp_enabled":true,"_links":{"self":[{"href":"https:\/\/hudo.com\/si\/wp-json\/wp\/v2\/posts\/482705"}],"collection":[{"href":"https:\/\/hudo.com\/si\/wp-json\/wp\/v2\/posts"}],"about":[{"href":"https:\/\/hudo.com\/si\/wp-json\/wp\/v2\/types\/post"}],"author":[{"embeddable":true,"href":"https:\/\/hudo.com\/si\/wp-json\/wp\/v2\/users\/6"}],"replies":[{"embeddable":true,"href":"https:\/\/hudo.com\/si\/wp-json\/wp\/v2\/comments?post=482705"}],"version-history":[{"count":1,"href":"https:\/\/hudo.com\/si\/wp-json\/wp\/v2\/posts\/482705\/revisions"}],"predecessor-version":[{"id":482706,"href":"https:\/\/hudo.com\/si\/wp-json\/wp\/v2\/posts\/482705\/revisions\/482706"}],"wp:featuredmedia":[{"embeddable":true,"href":"https:\/\/hudo.com\/si\/wp-json\/wp\/v2\/media\/442270"}],"wp:attachment":[{"href":"https:\/\/hudo.com\/si\/wp-json\/wp\/v2\/media?parent=482705"}],"wp:term":[{"taxonomy":"category","embeddable":true,"href":"https:\/\/hudo.com\/si\/wp-json\/wp\/v2\/categories?post=482705"},{"taxonomy":"post_tag","embeddable":true,"href":"https:\/\/hudo.com\/si\/wp-json\/wp\/v2\/tags?post=482705"},{"taxonomy":"source","embeddable":true,"href":"https:\/\/hudo.com\/si\/wp-json\/wp\/v2\/source?post=482705"},{"taxonomy":"supertag","embeddable":true,"href":"https:\/\/hudo.com\/si\/wp-json\/wp\/v2\/supertag?post=482705"}],"curies":[{"name":"wp","href":"https:\/\/api.w.org\/{rel}","templated":true}]}}