{"id":482906,"date":"2023-08-06T08:41:03","date_gmt":"2023-08-06T06:41:03","guid":{"rendered":"https:\/\/hudo.com\/si\/?p=482906"},"modified":"2023-08-06T08:41:03","modified_gmt":"2023-08-06T06:41:03","slug":"ljubljana-jo-je-v-poplavah-relativno-dobro-odnesla-jankovic-ve-zakaj","status":"publish","type":"post","link":"https:\/\/hudo.com\/si\/aktualno\/slovenija\/ljubljana-jo-je-v-poplavah-relativno-dobro-odnesla-jankovic-ve-zakaj\/","title":{"rendered":"Ljubljana jo je v poplavah relativno dobro odnesla, Jankovi\u0107 ve zakaj"},"content":{"rendered":"<p>Dnevnik poro\u010da, da je ljubljanski \u017eupan Zoran Jankovi\u0107 danes skupaj s poveljnikom ljubljanske gasilske brigade Toma\u017eem Ku\u010di\u010dem in namestnikom poveljnika ljubljanske civilne za\u0161\u010dite Robertom Kusom obiskal poplavljene dele Ljubljane.<\/p>\n<p>V Tacnu so se zaradi visokega vodostaja reke Save odnesli kajaka\u0161ki objekti, voda pa je zalivala kleti in dnevne sobe. Podobne razmere so bile tudi v Sneberijah. Tisti, ki jim je voda zalila objekte, \u017ee izvajajo praznjenje, popoldne pa bodo pristojne slu\u017ebe za\u010dele odva\u017eati kosovni odpad.<\/p>\n<p>Od petka zjutraj do danes zjutraj je bilo na obmo\u010dju Ljubljane aktivnih ve\u010d kot 100 prostovoljnih in 60 poklicnih gasilcev, ki so opravili ve\u010d kot 200 intervencij na ve\u010d kot 300 lokacijah, delali so tudi pono\u010di. Sre\u010dno niso zabele\u017eili nobenih po\u0161kodb ali ogro\u017eanja \u017eivljenj, javne ustanove niso bile poplavljene.<\/p>\n<p>Nekateri prebivalci so morali pre\u017eiveti no\u010d v zasilnih nastanitvah v Zalogu in na policijski akademiji v Tacnu. Pono\u010di so tam nastanili tudi pribli\u017eno 20 turistov, ve\u010dinoma tujcev iz Nem\u010dije in Italije, ki so zaradi neprevoznih cest obti\u010dali v Ljubljani. Danes se bo ve\u010dina ob\u010danov \u017ee lahko vrnila na svoje domove, turisti pa bodo lahko nadaljevali svojo pot. Za tiste, ki bodo potrebovali, bodo pristojni \u0161e zagotavljali preno\u010di\u0161\u010da in oskrbo.<\/p>\n<p>Barjanski del, ki je bil tradicionalno najbolj prizadet zaradi poplav, tokrat ni bil prizadet. Protipoplavni ukrepi na Malem grabnu in Grada\u0161\u010dici so se izkazali za u\u010dinkovite, poplave so bile le na nekaterih delih na Vi\u010du in v Kozarjah, kjer ukrepi \u0161e niso dokon\u010dani. \u017dupan Jankovi\u0107 je napovedal, da bodo ta dela zaklju\u010dena \u0161e letos. Dodal je, da je nujno za\u010deti dela na zadr\u017eevalniku Razori, ki je klju\u010den za prepre\u010devanje poplav. Njegova gradnja pa naleti na nasprotovanje ob\u010dine Dobrova-Polhov Gradec.<\/p>\n<p>Brez protipoplavnih ukrepov bi bilo v tokratni poplavi verjetno prizadetih okoli 20.000 ljudi, je ocenil poveljnik Ku\u010di\u010d, ki se je spomnil poplav leta 2010, ko je bilo poplavljenih ve\u010d kot 1000 objektov.<\/p>\n<p>Jankovi\u0107 je tudi v stiku z drugimi \u017eupani ljubljanskih ob\u010din in ugotavlja, da je bilo najhuj\u0161e v Medvodah in Kamniku. Ob\u010dine si medsebojno pomagajo, kar ga veseli.<\/p>\n","protected":false},"excerpt":{"rendered":"<p>Prisojne ob\u010dinske slu\u017ebe ugotavljajo, da je prestolnica v tokratni ujmi relativno dobro prestala. Ljudje, katerih objekti so bili zaliti z vodo, danes \u017ee izvajajo praznjenje. &#8220;Ampak brez protipoplavnih ukrepov bi bilo veliko huj\u0161e. Mislim, da zdaj vsi razumejo, kako nujni so ti ukrepi,&#8221; je po poro\u010danju Dnevnika dejal \u017eupan Zoran Jankovi\u0107.<\/p>\n","protected":false},"author":3,"featured_media":474209,"comment_status":"closed","ping_status":"closed","sticky":false,"template":"","format":"standard","meta":{"footnotes":""},"categories":[18201],"tags":[1633,5405,4441],"source":[4511],"supertag":[5675],"acf":[],"yoast_head":"<!-- This site is optimized with the Yoast SEO plugin v21.3 - https:\/\/yoast.com\/wordpress\/plugins\/seo\/ -->\n<title>Ljubljana jo je v poplavah relativno dobro odnesla, Jankovi\u0107 ve zakaj - Hudo Slovenija<\/title>\n<meta name=\"robots\" content=\"index, follow, max-snippet:-1, max-image-preview:large, max-video-preview:-1\" \/>\n<link rel=\"canonical\" href=\"https:\/\/hudo.com\/si\/aktualno\/slovenija\/ljubljana-jo-je-v-poplavah-relativno-dobro-odnesla-jankovic-ve-zakaj\/\" \/>\n<meta property=\"og:locale\" content=\"sl_SI\" \/>\n<meta property=\"og:type\" content=\"article\" \/>\n<meta property=\"og:title\" content=\"Ljubljana jo je v poplavah relativno dobro odnesla, Jankovi\u0107 ve zakaj - Hudo Slovenija\" \/>\n<meta property=\"og:description\" content=\"Prisojne ob\u010dinske slu\u017ebe ugotavljajo, da je prestolnica v tokratni ujmi relativno dobro prestala. Ljudje, katerih objekti so bili zaliti z vodo, danes \u017ee izvajajo praznjenje. &quot;Ampak brez protipoplavnih ukrepov bi bilo veliko huj\u0161e. Mislim, da zdaj vsi razumejo, kako nujni so ti ukrepi,&quot; je po poro\u010danju Dnevnika dejal \u017eupan Zoran Jankovi\u0107.\" \/>\n<meta property=\"og:url\" content=\"https:\/\/hudo.com\/si\/aktualno\/slovenija\/ljubljana-jo-je-v-poplavah-relativno-dobro-odnesla-jankovic-ve-zakaj\/\" \/>\n<meta property=\"og:site_name\" content=\"Hudo Slovenija\" \/>\n<meta property=\"article:publisher\" content=\"https:\/\/www.facebook.com\/hudo.si\" \/>\n<meta property=\"article:published_time\" content=\"2023-08-06T06:41:03+00:00\" \/>\n<meta property=\"og:image\" content=\"https:\/\/hudo.com\/si\/wp-content\/uploads\/sites\/2\/2022\/11\/Screenshot-from-2022-11-08-14-17-03.jpg\" \/>\n\t<meta property=\"og:image:width\" content=\"904\" \/>\n\t<meta property=\"og:image:height\" content=\"598\" \/>\n\t<meta property=\"og:image:type\" content=\"image\/jpeg\" \/>\n<meta name=\"author\" content=\"AP\" \/>\n<meta name=\"twitter:card\" content=\"summary_large_image\" \/>\n<meta name=\"twitter:creator\" content=\"@hudo_si\" \/>\n<meta name=\"twitter:site\" content=\"@hudo_si\" \/>\n<meta name=\"twitter:label1\" content=\"Written by\" \/>\n\t<meta name=\"twitter:data1\" content=\"AP\" \/>\n\t<meta name=\"twitter:label2\" content=\"Est. reading time\" \/>\n\t<meta name=\"twitter:data2\" content=\"2 minuti\" \/>\n<script type=\"application\/ld+json\" class=\"yoast-schema-graph\">{\"@context\":\"https:\/\/schema.org\",\"@graph\":[{\"@type\":\"Article\",\"@id\":\"https:\/\/hudo.com\/si\/aktualno\/slovenija\/ljubljana-jo-je-v-poplavah-relativno-dobro-odnesla-jankovic-ve-zakaj\/#article\",\"isPartOf\":{\"@id\":\"https:\/\/hudo.com\/si\/aktualno\/slovenija\/ljubljana-jo-je-v-poplavah-relativno-dobro-odnesla-jankovic-ve-zakaj\/\"},\"author\":{\"name\":\"AP\",\"@id\":\"https:\/\/hudo.com\/si\/#\/schema\/person\/1d2551e7d4d07b6e4fc507d8f1038c77\"},\"headline\":\"Ljubljana jo je v poplavah relativno dobro odnesla, Jankovi\u0107 ve zakaj\",\"datePublished\":\"2023-08-06T06:41:03+00:00\",\"dateModified\":\"2023-08-06T06:41:03+00:00\",\"mainEntityOfPage\":{\"@id\":\"https:\/\/hudo.com\/si\/aktualno\/slovenija\/ljubljana-jo-je-v-poplavah-relativno-dobro-odnesla-jankovic-ve-zakaj\/\"},\"wordCount\":373,\"publisher\":{\"@id\":\"https:\/\/hudo.com\/si\/#organization\"},\"keywords\":[\"Ljubljana\",\"poplave\",\"Zoran Jankovi\u0107\"],\"articleSection\":[\"Slovenija\"],\"inLanguage\":\"sl-SI\"},{\"@type\":\"WebPage\",\"@id\":\"https:\/\/hudo.com\/si\/aktualno\/slovenija\/ljubljana-jo-je-v-poplavah-relativno-dobro-odnesla-jankovic-ve-zakaj\/\",\"url\":\"https:\/\/hudo.com\/si\/aktualno\/slovenija\/ljubljana-jo-je-v-poplavah-relativno-dobro-odnesla-jankovic-ve-zakaj\/\",\"name\":\"Ljubljana jo je v poplavah relativno dobro odnesla, Jankovi\u0107 ve zakaj - Hudo Slovenija\",\"isPartOf\":{\"@id\":\"https:\/\/hudo.com\/si\/#website\"},\"datePublished\":\"2023-08-06T06:41:03+00:00\",\"dateModified\":\"2023-08-06T06:41:03+00:00\",\"breadcrumb\":{\"@id\":\"https:\/\/hudo.com\/si\/aktualno\/slovenija\/ljubljana-jo-je-v-poplavah-relativno-dobro-odnesla-jankovic-ve-zakaj\/#breadcrumb\"},\"inLanguage\":\"sl-SI\",\"potentialAction\":[{\"@type\":\"ReadAction\",\"target\":[\"https:\/\/hudo.com\/si\/aktualno\/slovenija\/ljubljana-jo-je-v-poplavah-relativno-dobro-odnesla-jankovic-ve-zakaj\/\"]}]},{\"@type\":\"BreadcrumbList\",\"@id\":\"https:\/\/hudo.com\/si\/aktualno\/slovenija\/ljubljana-jo-je-v-poplavah-relativno-dobro-odnesla-jankovic-ve-zakaj\/#breadcrumb\",\"itemListElement\":[{\"@type\":\"ListItem\",\"position\":1,\"name\":\"Home\",\"item\":\"https:\/\/hudo.com\/si\/\"},{\"@type\":\"ListItem\",\"position\":2,\"name\":\"Ljubljana jo je v poplavah relativno dobro odnesla, Jankovi\u0107 ve zakaj\"}]},{\"@type\":\"WebSite\",\"@id\":\"https:\/\/hudo.com\/si\/#website\",\"url\":\"https:\/\/hudo.com\/si\/\",\"name\":\"Hudo Slovenija\",\"description\":\"Vse novice iz Slovenije in sveta\",\"publisher\":{\"@id\":\"https:\/\/hudo.com\/si\/#organization\"},\"potentialAction\":[{\"@type\":\"SearchAction\",\"target\":{\"@type\":\"EntryPoint\",\"urlTemplate\":\"https:\/\/hudo.com\/si\/?s={search_term_string}\"},\"query-input\":\"required name=search_term_string\"}],\"inLanguage\":\"sl-SI\"},{\"@type\":\"Organization\",\"@id\":\"https:\/\/hudo.com\/si\/#organization\",\"name\":\"VSN Media\",\"url\":\"https:\/\/hudo.com\/si\/\",\"logo\":{\"@type\":\"ImageObject\",\"inLanguage\":\"sl-SI\",\"@id\":\"https:\/\/hudo.com\/si\/#\/schema\/logo\/image\/\",\"url\":\"https:\/\/hudo.com\/si\/wp-content\/uploads\/sites\/2\/2021\/03\/hudo-app-2.png\",\"contentUrl\":\"https:\/\/hudo.com\/si\/wp-content\/uploads\/sites\/2\/2021\/03\/hudo-app-2.png\",\"width\":2185,\"height\":2167,\"caption\":\"VSN Media\"},\"image\":{\"@id\":\"https:\/\/hudo.com\/si\/#\/schema\/logo\/image\/\"},\"sameAs\":[\"https:\/\/www.facebook.com\/hudo.si\",\"https:\/\/twitter.com\/hudo_si\"]},{\"@type\":\"Person\",\"@id\":\"https:\/\/hudo.com\/si\/#\/schema\/person\/1d2551e7d4d07b6e4fc507d8f1038c77\",\"name\":\"AP\",\"image\":{\"@type\":\"ImageObject\",\"inLanguage\":\"sl-SI\",\"@id\":\"https:\/\/hudo.com\/si\/#\/schema\/person\/image\/\",\"url\":\"https:\/\/secure.gravatar.com\/avatar\/7b3f3d93af66e8912bbd99653b3496ee?s=96&d=mm&r=g\",\"contentUrl\":\"https:\/\/secure.gravatar.com\/avatar\/7b3f3d93af66e8912bbd99653b3496ee?s=96&d=mm&r=g\",\"caption\":\"AP\"},\"url\":\"https:\/\/hudo.com\/si\/author\/aljaz\/\"}]}<\/script>\n<!-- \/ Yoast SEO plugin. -->","yoast_head_json":{"title":"Ljubljana jo je v poplavah relativno dobro odnesla, Jankovi\u0107 ve zakaj - Hudo Slovenija","robots":{"index":"index","follow":"follow","max-snippet":"max-snippet:-1","max-image-preview":"max-image-preview:large","max-video-preview":"max-video-preview:-1"},"canonical":"https:\/\/hudo.com\/si\/aktualno\/slovenija\/ljubljana-jo-je-v-poplavah-relativno-dobro-odnesla-jankovic-ve-zakaj\/","og_locale":"sl_SI","og_type":"article","og_title":"Ljubljana jo je v poplavah relativno dobro odnesla, Jankovi\u0107 ve zakaj - Hudo Slovenija","og_description":"Prisojne ob\u010dinske slu\u017ebe ugotavljajo, da je prestolnica v tokratni ujmi relativno dobro prestala. Ljudje, katerih objekti so bili zaliti z vodo, danes \u017ee izvajajo praznjenje. \"Ampak brez protipoplavnih ukrepov bi bilo veliko huj\u0161e. Mislim, da zdaj vsi razumejo, kako nujni so ti ukrepi,\" je po poro\u010danju Dnevnika dejal \u017eupan Zoran Jankovi\u0107.","og_url":"https:\/\/hudo.com\/si\/aktualno\/slovenija\/ljubljana-jo-je-v-poplavah-relativno-dobro-odnesla-jankovic-ve-zakaj\/","og_site_name":"Hudo Slovenija","article_publisher":"https:\/\/www.facebook.com\/hudo.si","article_published_time":"2023-08-06T06:41:03+00:00","og_image":[{"width":904,"height":598,"url":"https:\/\/hudo.com\/si\/wp-content\/uploads\/sites\/2\/2022\/11\/Screenshot-from-2022-11-08-14-17-03.jpg","type":"image\/jpeg"}],"author":"AP","twitter_card":"summary_large_image","twitter_creator":"@hudo_si","twitter_site":"@hudo_si","twitter_misc":{"Written by":"AP","Est. reading time":"2 minuti"},"schema":{"@context":"https:\/\/schema.org","@graph":[{"@type":"Article","@id":"https:\/\/hudo.com\/si\/aktualno\/slovenija\/ljubljana-jo-je-v-poplavah-relativno-dobro-odnesla-jankovic-ve-zakaj\/#article","isPartOf":{"@id":"https:\/\/hudo.com\/si\/aktualno\/slovenija\/ljubljana-jo-je-v-poplavah-relativno-dobro-odnesla-jankovic-ve-zakaj\/"},"author":{"name":"AP","@id":"https:\/\/hudo.com\/si\/#\/schema\/person\/1d2551e7d4d07b6e4fc507d8f1038c77"},"headline":"Ljubljana jo je v poplavah relativno dobro odnesla, Jankovi\u0107 ve zakaj","datePublished":"2023-08-06T06:41:03+00:00","dateModified":"2023-08-06T06:41:03+00:00","mainEntityOfPage":{"@id":"https:\/\/hudo.com\/si\/aktualno\/slovenija\/ljubljana-jo-je-v-poplavah-relativno-dobro-odnesla-jankovic-ve-zakaj\/"},"wordCount":373,"publisher":{"@id":"https:\/\/hudo.com\/si\/#organization"},"keywords":["Ljubljana","poplave","Zoran Jankovi\u0107"],"articleSection":["Slovenija"],"inLanguage":"sl-SI"},{"@type":"WebPage","@id":"https:\/\/hudo.com\/si\/aktualno\/slovenija\/ljubljana-jo-je-v-poplavah-relativno-dobro-odnesla-jankovic-ve-zakaj\/","url":"https:\/\/hudo.com\/si\/aktualno\/slovenija\/ljubljana-jo-je-v-poplavah-relativno-dobro-odnesla-jankovic-ve-zakaj\/","name":"Ljubljana jo je v poplavah relativno dobro odnesla, Jankovi\u0107 ve zakaj - Hudo Slovenija","isPartOf":{"@id":"https:\/\/hudo.com\/si\/#website"},"datePublished":"2023-08-06T06:41:03+00:00","dateModified":"2023-08-06T06:41:03+00:00","breadcrumb":{"@id":"https:\/\/hudo.com\/si\/aktualno\/slovenija\/ljubljana-jo-je-v-poplavah-relativno-dobro-odnesla-jankovic-ve-zakaj\/#breadcrumb"},"inLanguage":"sl-SI","potentialAction":[{"@type":"ReadAction","target":["https:\/\/hudo.com\/si\/aktualno\/slovenija\/ljubljana-jo-je-v-poplavah-relativno-dobro-odnesla-jankovic-ve-zakaj\/"]}]},{"@type":"BreadcrumbList","@id":"https:\/\/hudo.com\/si\/aktualno\/slovenija\/ljubljana-jo-je-v-poplavah-relativno-dobro-odnesla-jankovic-ve-zakaj\/#breadcrumb","itemListElement":[{"@type":"ListItem","position":1,"name":"Home","item":"https:\/\/hudo.com\/si\/"},{"@type":"ListItem","position":2,"name":"Ljubljana jo je v poplavah relativno dobro odnesla, Jankovi\u0107 ve zakaj"}]},{"@type":"WebSite","@id":"https:\/\/hudo.com\/si\/#website","url":"https:\/\/hudo.com\/si\/","name":"Hudo Slovenija","description":"Vse novice iz Slovenije in sveta","publisher":{"@id":"https:\/\/hudo.com\/si\/#organization"},"potentialAction":[{"@type":"SearchAction","target":{"@type":"EntryPoint","urlTemplate":"https:\/\/hudo.com\/si\/?s={search_term_string}"},"query-input":"required name=search_term_string"}],"inLanguage":"sl-SI"},{"@type":"Organization","@id":"https:\/\/hudo.com\/si\/#organization","name":"VSN Media","url":"https:\/\/hudo.com\/si\/","logo":{"@type":"ImageObject","inLanguage":"sl-SI","@id":"https:\/\/hudo.com\/si\/#\/schema\/logo\/image\/","url":"https:\/\/hudo.com\/si\/wp-content\/uploads\/sites\/2\/2021\/03\/hudo-app-2.png","contentUrl":"https:\/\/hudo.com\/si\/wp-content\/uploads\/sites\/2\/2021\/03\/hudo-app-2.png","width":2185,"height":2167,"caption":"VSN Media"},"image":{"@id":"https:\/\/hudo.com\/si\/#\/schema\/logo\/image\/"},"sameAs":["https:\/\/www.facebook.com\/hudo.si","https:\/\/twitter.com\/hudo_si"]},{"@type":"Person","@id":"https:\/\/hudo.com\/si\/#\/schema\/person\/1d2551e7d4d07b6e4fc507d8f1038c77","name":"AP","image":{"@type":"ImageObject","inLanguage":"sl-SI","@id":"https:\/\/hudo.com\/si\/#\/schema\/person\/image\/","url":"https:\/\/secure.gravatar.com\/avatar\/7b3f3d93af66e8912bbd99653b3496ee?s=96&d=mm&r=g","contentUrl":"https:\/\/secure.gravatar.com\/avatar\/7b3f3d93af66e8912bbd99653b3496ee?s=96&d=mm&r=g","caption":"AP"},"url":"https:\/\/hudo.com\/si\/author\/aljaz\/"}]}},"amp_enabled":true,"_links":{"self":[{"href":"https:\/\/hudo.com\/si\/wp-json\/wp\/v2\/posts\/482906"}],"collection":[{"href":"https:\/\/hudo.com\/si\/wp-json\/wp\/v2\/posts"}],"about":[{"href":"https:\/\/hudo.com\/si\/wp-json\/wp\/v2\/types\/post"}],"author":[{"embeddable":true,"href":"https:\/\/hudo.com\/si\/wp-json\/wp\/v2\/users\/3"}],"replies":[{"embeddable":true,"href":"https:\/\/hudo.com\/si\/wp-json\/wp\/v2\/comments?post=482906"}],"version-history":[{"count":1,"href":"https:\/\/hudo.com\/si\/wp-json\/wp\/v2\/posts\/482906\/revisions"}],"predecessor-version":[{"id":482907,"href":"https:\/\/hudo.com\/si\/wp-json\/wp\/v2\/posts\/482906\/revisions\/482907"}],"wp:featuredmedia":[{"embeddable":true,"href":"https:\/\/hudo.com\/si\/wp-json\/wp\/v2\/media\/474209"}],"wp:attachment":[{"href":"https:\/\/hudo.com\/si\/wp-json\/wp\/v2\/media?parent=482906"}],"wp:term":[{"taxonomy":"category","embeddable":true,"href":"https:\/\/hudo.com\/si\/wp-json\/wp\/v2\/categories?post=482906"},{"taxonomy":"post_tag","embeddable":true,"href":"https:\/\/hudo.com\/si\/wp-json\/wp\/v2\/tags?post=482906"},{"taxonomy":"source","embeddable":true,"href":"https:\/\/hudo.com\/si\/wp-json\/wp\/v2\/source?post=482906"},{"taxonomy":"supertag","embeddable":true,"href":"https:\/\/hudo.com\/si\/wp-json\/wp\/v2\/supertag?post=482906"}],"curies":[{"name":"wp","href":"https:\/\/api.w.org\/{rel}","templated":true}]}}