{"id":482937,"date":"2023-08-08T10:05:00","date_gmt":"2023-08-08T08:05:00","guid":{"rendered":"https:\/\/hudo.com\/si\/?p=482937"},"modified":"2023-08-08T10:05:00","modified_gmt":"2023-08-08T08:05:00","slug":"na-korosko-danes-se-okrepljena-helikopterska-pomoc-skrb-zbujajo-plazovi","status":"publish","type":"post","link":"https:\/\/hudo.com\/si\/aktualno\/na-korosko-danes-se-okrepljena-helikopterska-pomoc-skrb-zbujajo-plazovi\/","title":{"rendered":"Na Koro\u0161ko danes \u0161e okrepljena helikopterska pomo\u010d, skrb zbujajo plazovi"},"content":{"rendered":"<p>Na Koro\u0161kem, kjer so od petka zgodaj zjutraj narasli vodotoki, zemeljski plazovi in nanosi uni\u010dili ogromno premo\u017eenja in infrastrukture ter ponekod tudi za dlje \u010dasa pretrgali prometne in druge komunikacijske poti, se interventne nujne zadeve po\u010dasi umirjajo, aktivnosti pa zdaj prehajajo v zagotavljanje hrane in vode ter drugih nujnih materialnih potreb\u0161\u010din za prebivalstvo. Razmere na Koro\u0161kem si bo danes po napovedih ogledala tudi predsednica republike Nata\u0161a Pirc Musar.<\/p>\n<p>Danes se tako nadaljuje oskrba prebivalstva s helikopterji z letali\u0161\u010da v Slovenj Gradcu, od koder letijo predvsem v najbolj prizadeto Me\u017ei\u0161ko dolino, predvsem \u010crno na Koro\u0161kem, po potrebi pa tudi drugam, je povedal Matijevi\u010d. Napovedanih je ve\u010d helikopterjev, morda tudi iz tujine, z velikimi nosilnostmi. Nekateri helikopterji pomo\u010d pobirajo tudi v Dravogradu in na Prevaljah in jo od tam prena\u0161ajo najbolj prizadetim.<\/p>\n<p>Zaradi zelo po\u0161kodovanih cest, uni\u010denih mostov in druge infrastrukture je po besedah regijskega poveljnika civilne za\u0161\u010dite veliko koordinacije s strokovnimi slu\u017ebami. Predvsem v Me\u017ei\u0161ki dolini je uni\u010denih ve\u010d mostov, v Me\u017eici je pogojno prehoden le eden, preostalih sedem je uni\u010denih. Podobno je na Prevaljah.<\/p>\n<p>Trenutno regijski \u0161tab civilne za\u0161\u010dite najve\u010dji poudarek namenja koordinaciji vseh potreb, v sami \u010crni na Koro\u0161kem pa delajo na tem, da \u010dim prej o\u010distijo cesti\u0161\u010da in zagotovijo mo\u017enosti za preboj delovne mehanizacije, ki jo tam te\u017eko pri\u010dakujejo, da se bodo lahko prebili do vseh zaselkov.<\/p>\n<p>\u010ceprav na Koro\u0161kem danes sije sonce, je zemlja \u0161e zelo namo\u010dena, tudi pretoki vodotokov so \u0161e vedno veliki, pro\u017eijo se \u0161e vedno novi, tudi veliki plazovi. Med drugim na obmo\u010dju ob\u010dine Dravograd, kamor pa se je v ponedeljek zve\u010der del prej evakuiranih prebivalcev lahko vrnil na svoje domove.<\/p>\n<p>Pomo\u010d prizadeti Koro\u0161ki ponujajo \u0161tevilni prostovoljci, a Matijevi\u010d pravi, da je za zdaj \u0161e nekoliko prehitro. Ocenjuje, da je trenutno najbolj dobrodo\u0161la pomo\u010d prostovoljnih gasilcev, tudi od drugod, ki imajo opremo in potrebne izku\u0161nje.<\/p>\n<p>&#8220;Vsak dan imamo nekaj sto gasilcev, ki so na pomo\u010d pri\u0161li iz drugih delov Slovenije. Tudi na\u0161i gasilci, \u010deprav so utrujeni, se ne predajajo in delajo za svoje sokrajane skoraj dan in no\u010d. Imamo tudi veliko vojske, ki s svojo mehanizacijo in znanjem veliko pripomore,&#8221; je opisal Matijevi\u010d.<\/p>\n<p>Zelo so in \u0161e bodo, kot je dejal, dobrodo\u0161li tudi ostali prostovoljci, vendar v naslednjih dneh, ko bo treba zamenjati gasilce in ko bodo potrebovali veliko rok za \u010di\u0161\u010denje. &#8220;Takrat se bodo lahko prostovoljci obra\u010dali neposredno na ob\u010dine in se bodo z njimi dogovarjali,&#8221; je dodal.<\/p>\n<p>Kot je v ponedeljek ob obisku Me\u017eice in \u010crne dejal na\u010delnik general\u0161taba Slovenske vojske Robert Glava\u0161, bodo v Me\u017eico napotili ve\u010dje \u0161tevilo vojakov, ki bodo tam nastanjeni v za\u010dasni bazi in bodo od tam pomagali pri odpravljanju posledic ujme, pripeljali bodo tudi tehniko in in\u017eenirske sile.<\/p>\n<p>Medtem so razmere \u0161e naprej zaostrene tudi na Prevaljah, prav tako je ujma zelo prizadela ob\u010dino Ravne na Koro\u0161kem. Tam je po podatkih ob\u010dinskega \u0161taba civilne za\u0161\u010dite neprevoznih \u0161est odsekov cest, nekaj jih je pogojno prevoznih, v ob\u010dini je za zdaj evidentiranih 30 plazov.<\/p>\n<p>\u0160e vedno je v ob\u010dini ogro\u017eenih ve\u010d cest, 12 stanovanjskih objektov, s Tolstega vrha se je samoevakuiralo 17 ljudi. Uradno evakuirane \u0161tiri osebe so namestili v mladinski hotel Punkl, ena tri\u010dlanska dru\u017eina je name\u0161\u010dena v Kotljah.<\/p>\n<p>V dana\u0161njem sporo\u010dilu za javnost je \u0161tab civilne za\u0161\u010dite zapisal \u0161e, da trenutno na obmo\u010dju celotne ob\u010dine Ravne \u0161e vedno potekajo akcije re\u0161evanja premo\u017eenja in zagotavljanja dostopnosti ter da celotnih razse\u017enosti naravne nesre\u010de \u0161e ne poznajo, tako tudi ne vedo, kdaj in kako bodo lahko pristopili k sanaciji.<\/p>\n<p>&#8220;Ker so Ravne vstopna to\u010dka v Me\u017ei\u0161ko dolino, se trudimo pomagati \u0161tabom sosednjih ob\u010din, kolikor lahko &#8211; v materialni in fizi\u010dni pomo\u010di &#8211; z dostavo zdravil za lekarno Me\u017eica, pri logistiki izmenjave zdravstvenih ekip, odstopili smo veze protipoplavnih vre\u010d, potopne \u010drpalke, prostovoljce, ponujene donacije &#8230; Skupaj re\u0161ujemo Koro\u0161ice in Koro\u0161ce,&#8221; so zapisali na Ravnah.<\/p>\n","protected":false},"excerpt":{"rendered":"<p>Pomo\u010d na Koro\u0161ko, ki jo je ujma zelo prizadela, prihaja z ve\u010d strani. Danes v regiji po besedah poveljnika civilne za\u0161\u010dite Alana Matijevi\u010da pri\u010dakujejo \u0161e okrepljeno helikoptersko pomo\u010d, predvidoma od pet do 10 helikopterjev. Pri odpravljanju posledic in utiranju prometnih poti pomagajo vojaki in gasilci tudi od drugod, skrb zbujajo plazovi.<\/p>\n","protected":false},"author":5,"featured_media":482938,"comment_status":"closed","ping_status":"closed","sticky":false,"template":"","format":"standard","meta":{"footnotes":""},"categories":[1179],"tags":[3850,1595,8987],"source":[4511],"supertag":[5675],"acf":[],"yoast_head":"<!-- This site is optimized with the Yoast SEO plugin v21.3 - https:\/\/yoast.com\/wordpress\/plugins\/seo\/ -->\n<title>Na Koro\u0161ko danes \u0161e okrepljena helikopterska pomo\u010d, skrb zbujajo plazovi - Hudo Slovenija<\/title>\n<meta name=\"robots\" content=\"index, follow, max-snippet:-1, max-image-preview:large, max-video-preview:-1\" \/>\n<link rel=\"canonical\" href=\"https:\/\/hudo.com\/si\/aktualno\/na-korosko-danes-se-okrepljena-helikopterska-pomoc-skrb-zbujajo-plazovi\/\" \/>\n<meta property=\"og:locale\" content=\"sl_SI\" \/>\n<meta property=\"og:type\" content=\"article\" \/>\n<meta property=\"og:title\" content=\"Na Koro\u0161ko danes \u0161e okrepljena helikopterska pomo\u010d, skrb zbujajo plazovi - Hudo Slovenija\" \/>\n<meta property=\"og:description\" content=\"Pomo\u010d na Koro\u0161ko, ki jo je ujma zelo prizadela, prihaja z ve\u010d strani. Danes v regiji po besedah poveljnika civilne za\u0161\u010dite Alana Matijevi\u010da pri\u010dakujejo \u0161e okrepljeno helikoptersko pomo\u010d, predvidoma od pet do 10 helikopterjev. Pri odpravljanju posledic in utiranju prometnih poti pomagajo vojaki in gasilci tudi od drugod, skrb zbujajo plazovi.\" \/>\n<meta property=\"og:url\" content=\"https:\/\/hudo.com\/si\/aktualno\/na-korosko-danes-se-okrepljena-helikopterska-pomoc-skrb-zbujajo-plazovi\/\" \/>\n<meta property=\"og:site_name\" content=\"Hudo Slovenija\" \/>\n<meta property=\"article:publisher\" content=\"https:\/\/www.facebook.com\/hudo.si\" \/>\n<meta property=\"article:published_time\" content=\"2023-08-08T08:05:00+00:00\" \/>\n<meta property=\"og:image\" content=\"https:\/\/hudo.com\/si\/wp-content\/uploads\/sites\/2\/2023\/08\/profimedia-0794734170.jpg\" \/>\n\t<meta property=\"og:image:width\" content=\"1250\" \/>\n\t<meta property=\"og:image:height\" content=\"833\" \/>\n\t<meta property=\"og:image:type\" content=\"image\/jpeg\" \/>\n<meta name=\"author\" content=\"A. G., STA\" \/>\n<meta name=\"twitter:card\" content=\"summary_large_image\" \/>\n<meta name=\"twitter:creator\" content=\"@hudo_si\" \/>\n<meta name=\"twitter:site\" content=\"@hudo_si\" \/>\n<meta name=\"twitter:label1\" content=\"Written by\" \/>\n\t<meta name=\"twitter:data1\" content=\"A. G., STA\" \/>\n\t<meta name=\"twitter:label2\" content=\"Est. reading time\" \/>\n\t<meta name=\"twitter:data2\" content=\"3 minute\" \/>\n<script type=\"application\/ld+json\" class=\"yoast-schema-graph\">{\"@context\":\"https:\/\/schema.org\",\"@graph\":[{\"@type\":\"Article\",\"@id\":\"https:\/\/hudo.com\/si\/aktualno\/na-korosko-danes-se-okrepljena-helikopterska-pomoc-skrb-zbujajo-plazovi\/#article\",\"isPartOf\":{\"@id\":\"https:\/\/hudo.com\/si\/aktualno\/na-korosko-danes-se-okrepljena-helikopterska-pomoc-skrb-zbujajo-plazovi\/\"},\"author\":{\"name\":\"A. G., STA\",\"@id\":\"https:\/\/hudo.com\/si\/#\/schema\/person\/2391667a63ea075ba94f2f2dc6b77537\"},\"headline\":\"Na Koro\u0161ko danes \u0161e okrepljena helikopterska pomo\u010d, skrb zbujajo plazovi\",\"datePublished\":\"2023-08-08T08:05:00+00:00\",\"dateModified\":\"2023-08-08T08:05:00+00:00\",\"mainEntityOfPage\":{\"@id\":\"https:\/\/hudo.com\/si\/aktualno\/na-korosko-danes-se-okrepljena-helikopterska-pomoc-skrb-zbujajo-plazovi\/\"},\"wordCount\":710,\"publisher\":{\"@id\":\"https:\/\/hudo.com\/si\/#organization\"},\"keywords\":[\"pomo\u010d\",\"Slovenija\",\"ujme\"],\"articleSection\":[\"Aktualno\"],\"inLanguage\":\"sl-SI\"},{\"@type\":\"WebPage\",\"@id\":\"https:\/\/hudo.com\/si\/aktualno\/na-korosko-danes-se-okrepljena-helikopterska-pomoc-skrb-zbujajo-plazovi\/\",\"url\":\"https:\/\/hudo.com\/si\/aktualno\/na-korosko-danes-se-okrepljena-helikopterska-pomoc-skrb-zbujajo-plazovi\/\",\"name\":\"Na Koro\u0161ko danes \u0161e okrepljena helikopterska pomo\u010d, skrb zbujajo plazovi - Hudo Slovenija\",\"isPartOf\":{\"@id\":\"https:\/\/hudo.com\/si\/#website\"},\"datePublished\":\"2023-08-08T08:05:00+00:00\",\"dateModified\":\"2023-08-08T08:05:00+00:00\",\"breadcrumb\":{\"@id\":\"https:\/\/hudo.com\/si\/aktualno\/na-korosko-danes-se-okrepljena-helikopterska-pomoc-skrb-zbujajo-plazovi\/#breadcrumb\"},\"inLanguage\":\"sl-SI\",\"potentialAction\":[{\"@type\":\"ReadAction\",\"target\":[\"https:\/\/hudo.com\/si\/aktualno\/na-korosko-danes-se-okrepljena-helikopterska-pomoc-skrb-zbujajo-plazovi\/\"]}]},{\"@type\":\"BreadcrumbList\",\"@id\":\"https:\/\/hudo.com\/si\/aktualno\/na-korosko-danes-se-okrepljena-helikopterska-pomoc-skrb-zbujajo-plazovi\/#breadcrumb\",\"itemListElement\":[{\"@type\":\"ListItem\",\"position\":1,\"name\":\"Home\",\"item\":\"https:\/\/hudo.com\/si\/\"},{\"@type\":\"ListItem\",\"position\":2,\"name\":\"Na Koro\u0161ko danes \u0161e okrepljena helikopterska pomo\u010d, skrb zbujajo plazovi\"}]},{\"@type\":\"WebSite\",\"@id\":\"https:\/\/hudo.com\/si\/#website\",\"url\":\"https:\/\/hudo.com\/si\/\",\"name\":\"Hudo Slovenija\",\"description\":\"Vse novice iz Slovenije in sveta\",\"publisher\":{\"@id\":\"https:\/\/hudo.com\/si\/#organization\"},\"potentialAction\":[{\"@type\":\"SearchAction\",\"target\":{\"@type\":\"EntryPoint\",\"urlTemplate\":\"https:\/\/hudo.com\/si\/?s={search_term_string}\"},\"query-input\":\"required name=search_term_string\"}],\"inLanguage\":\"sl-SI\"},{\"@type\":\"Organization\",\"@id\":\"https:\/\/hudo.com\/si\/#organization\",\"name\":\"VSN Media\",\"url\":\"https:\/\/hudo.com\/si\/\",\"logo\":{\"@type\":\"ImageObject\",\"inLanguage\":\"sl-SI\",\"@id\":\"https:\/\/hudo.com\/si\/#\/schema\/logo\/image\/\",\"url\":\"https:\/\/hudo.com\/si\/wp-content\/uploads\/sites\/2\/2021\/03\/hudo-app-2.png\",\"contentUrl\":\"https:\/\/hudo.com\/si\/wp-content\/uploads\/sites\/2\/2021\/03\/hudo-app-2.png\",\"width\":2185,\"height\":2167,\"caption\":\"VSN Media\"},\"image\":{\"@id\":\"https:\/\/hudo.com\/si\/#\/schema\/logo\/image\/\"},\"sameAs\":[\"https:\/\/www.facebook.com\/hudo.si\",\"https:\/\/twitter.com\/hudo_si\"]},{\"@type\":\"Person\",\"@id\":\"https:\/\/hudo.com\/si\/#\/schema\/person\/2391667a63ea075ba94f2f2dc6b77537\",\"name\":\"A. G., STA\",\"image\":{\"@type\":\"ImageObject\",\"inLanguage\":\"sl-SI\",\"@id\":\"https:\/\/hudo.com\/si\/#\/schema\/person\/image\/\",\"url\":\"https:\/\/secure.gravatar.com\/avatar\/e13d22ac3e442658d5025fbbe6238a79?s=96&d=mm&r=g\",\"contentUrl\":\"https:\/\/secure.gravatar.com\/avatar\/e13d22ac3e442658d5025fbbe6238a79?s=96&d=mm&r=g\",\"caption\":\"A. G., STA\"},\"url\":\"https:\/\/hudo.com\/si\/author\/alenka\/\"}]}<\/script>\n<!-- \/ Yoast SEO plugin. -->","yoast_head_json":{"title":"Na Koro\u0161ko danes \u0161e okrepljena helikopterska pomo\u010d, skrb zbujajo plazovi - Hudo Slovenija","robots":{"index":"index","follow":"follow","max-snippet":"max-snippet:-1","max-image-preview":"max-image-preview:large","max-video-preview":"max-video-preview:-1"},"canonical":"https:\/\/hudo.com\/si\/aktualno\/na-korosko-danes-se-okrepljena-helikopterska-pomoc-skrb-zbujajo-plazovi\/","og_locale":"sl_SI","og_type":"article","og_title":"Na Koro\u0161ko danes \u0161e okrepljena helikopterska pomo\u010d, skrb zbujajo plazovi - Hudo Slovenija","og_description":"Pomo\u010d na Koro\u0161ko, ki jo je ujma zelo prizadela, prihaja z ve\u010d strani. Danes v regiji po besedah poveljnika civilne za\u0161\u010dite Alana Matijevi\u010da pri\u010dakujejo \u0161e okrepljeno helikoptersko pomo\u010d, predvidoma od pet do 10 helikopterjev. Pri odpravljanju posledic in utiranju prometnih poti pomagajo vojaki in gasilci tudi od drugod, skrb zbujajo plazovi.","og_url":"https:\/\/hudo.com\/si\/aktualno\/na-korosko-danes-se-okrepljena-helikopterska-pomoc-skrb-zbujajo-plazovi\/","og_site_name":"Hudo Slovenija","article_publisher":"https:\/\/www.facebook.com\/hudo.si","article_published_time":"2023-08-08T08:05:00+00:00","og_image":[{"width":1250,"height":833,"url":"https:\/\/hudo.com\/si\/wp-content\/uploads\/sites\/2\/2023\/08\/profimedia-0794734170.jpg","type":"image\/jpeg"}],"author":"A. G., STA","twitter_card":"summary_large_image","twitter_creator":"@hudo_si","twitter_site":"@hudo_si","twitter_misc":{"Written by":"A. G., STA","Est. reading time":"3 minute"},"schema":{"@context":"https:\/\/schema.org","@graph":[{"@type":"Article","@id":"https:\/\/hudo.com\/si\/aktualno\/na-korosko-danes-se-okrepljena-helikopterska-pomoc-skrb-zbujajo-plazovi\/#article","isPartOf":{"@id":"https:\/\/hudo.com\/si\/aktualno\/na-korosko-danes-se-okrepljena-helikopterska-pomoc-skrb-zbujajo-plazovi\/"},"author":{"name":"A. G., STA","@id":"https:\/\/hudo.com\/si\/#\/schema\/person\/2391667a63ea075ba94f2f2dc6b77537"},"headline":"Na Koro\u0161ko danes \u0161e okrepljena helikopterska pomo\u010d, skrb zbujajo plazovi","datePublished":"2023-08-08T08:05:00+00:00","dateModified":"2023-08-08T08:05:00+00:00","mainEntityOfPage":{"@id":"https:\/\/hudo.com\/si\/aktualno\/na-korosko-danes-se-okrepljena-helikopterska-pomoc-skrb-zbujajo-plazovi\/"},"wordCount":710,"publisher":{"@id":"https:\/\/hudo.com\/si\/#organization"},"keywords":["pomo\u010d","Slovenija","ujme"],"articleSection":["Aktualno"],"inLanguage":"sl-SI"},{"@type":"WebPage","@id":"https:\/\/hudo.com\/si\/aktualno\/na-korosko-danes-se-okrepljena-helikopterska-pomoc-skrb-zbujajo-plazovi\/","url":"https:\/\/hudo.com\/si\/aktualno\/na-korosko-danes-se-okrepljena-helikopterska-pomoc-skrb-zbujajo-plazovi\/","name":"Na Koro\u0161ko danes \u0161e okrepljena helikopterska pomo\u010d, skrb zbujajo plazovi - Hudo Slovenija","isPartOf":{"@id":"https:\/\/hudo.com\/si\/#website"},"datePublished":"2023-08-08T08:05:00+00:00","dateModified":"2023-08-08T08:05:00+00:00","breadcrumb":{"@id":"https:\/\/hudo.com\/si\/aktualno\/na-korosko-danes-se-okrepljena-helikopterska-pomoc-skrb-zbujajo-plazovi\/#breadcrumb"},"inLanguage":"sl-SI","potentialAction":[{"@type":"ReadAction","target":["https:\/\/hudo.com\/si\/aktualno\/na-korosko-danes-se-okrepljena-helikopterska-pomoc-skrb-zbujajo-plazovi\/"]}]},{"@type":"BreadcrumbList","@id":"https:\/\/hudo.com\/si\/aktualno\/na-korosko-danes-se-okrepljena-helikopterska-pomoc-skrb-zbujajo-plazovi\/#breadcrumb","itemListElement":[{"@type":"ListItem","position":1,"name":"Home","item":"https:\/\/hudo.com\/si\/"},{"@type":"ListItem","position":2,"name":"Na Koro\u0161ko danes \u0161e okrepljena helikopterska pomo\u010d, skrb zbujajo plazovi"}]},{"@type":"WebSite","@id":"https:\/\/hudo.com\/si\/#website","url":"https:\/\/hudo.com\/si\/","name":"Hudo Slovenija","description":"Vse novice iz Slovenije in sveta","publisher":{"@id":"https:\/\/hudo.com\/si\/#organization"},"potentialAction":[{"@type":"SearchAction","target":{"@type":"EntryPoint","urlTemplate":"https:\/\/hudo.com\/si\/?s={search_term_string}"},"query-input":"required name=search_term_string"}],"inLanguage":"sl-SI"},{"@type":"Organization","@id":"https:\/\/hudo.com\/si\/#organization","name":"VSN Media","url":"https:\/\/hudo.com\/si\/","logo":{"@type":"ImageObject","inLanguage":"sl-SI","@id":"https:\/\/hudo.com\/si\/#\/schema\/logo\/image\/","url":"https:\/\/hudo.com\/si\/wp-content\/uploads\/sites\/2\/2021\/03\/hudo-app-2.png","contentUrl":"https:\/\/hudo.com\/si\/wp-content\/uploads\/sites\/2\/2021\/03\/hudo-app-2.png","width":2185,"height":2167,"caption":"VSN Media"},"image":{"@id":"https:\/\/hudo.com\/si\/#\/schema\/logo\/image\/"},"sameAs":["https:\/\/www.facebook.com\/hudo.si","https:\/\/twitter.com\/hudo_si"]},{"@type":"Person","@id":"https:\/\/hudo.com\/si\/#\/schema\/person\/2391667a63ea075ba94f2f2dc6b77537","name":"A. G., STA","image":{"@type":"ImageObject","inLanguage":"sl-SI","@id":"https:\/\/hudo.com\/si\/#\/schema\/person\/image\/","url":"https:\/\/secure.gravatar.com\/avatar\/e13d22ac3e442658d5025fbbe6238a79?s=96&d=mm&r=g","contentUrl":"https:\/\/secure.gravatar.com\/avatar\/e13d22ac3e442658d5025fbbe6238a79?s=96&d=mm&r=g","caption":"A. G., STA"},"url":"https:\/\/hudo.com\/si\/author\/alenka\/"}]}},"amp_enabled":true,"_links":{"self":[{"href":"https:\/\/hudo.com\/si\/wp-json\/wp\/v2\/posts\/482937"}],"collection":[{"href":"https:\/\/hudo.com\/si\/wp-json\/wp\/v2\/posts"}],"about":[{"href":"https:\/\/hudo.com\/si\/wp-json\/wp\/v2\/types\/post"}],"author":[{"embeddable":true,"href":"https:\/\/hudo.com\/si\/wp-json\/wp\/v2\/users\/5"}],"replies":[{"embeddable":true,"href":"https:\/\/hudo.com\/si\/wp-json\/wp\/v2\/comments?post=482937"}],"version-history":[{"count":1,"href":"https:\/\/hudo.com\/si\/wp-json\/wp\/v2\/posts\/482937\/revisions"}],"predecessor-version":[{"id":482939,"href":"https:\/\/hudo.com\/si\/wp-json\/wp\/v2\/posts\/482937\/revisions\/482939"}],"wp:featuredmedia":[{"embeddable":true,"href":"https:\/\/hudo.com\/si\/wp-json\/wp\/v2\/media\/482938"}],"wp:attachment":[{"href":"https:\/\/hudo.com\/si\/wp-json\/wp\/v2\/media?parent=482937"}],"wp:term":[{"taxonomy":"category","embeddable":true,"href":"https:\/\/hudo.com\/si\/wp-json\/wp\/v2\/categories?post=482937"},{"taxonomy":"post_tag","embeddable":true,"href":"https:\/\/hudo.com\/si\/wp-json\/wp\/v2\/tags?post=482937"},{"taxonomy":"source","embeddable":true,"href":"https:\/\/hudo.com\/si\/wp-json\/wp\/v2\/source?post=482937"},{"taxonomy":"supertag","embeddable":true,"href":"https:\/\/hudo.com\/si\/wp-json\/wp\/v2\/supertag?post=482937"}],"curies":[{"name":"wp","href":"https:\/\/api.w.org\/{rel}","templated":true}]}}