{"id":49508,"date":"2016-05-10T13:44:00","date_gmt":"2016-05-10T11:44:00","guid":{"rendered":"http:\/\/hudo.com\/si\/2016\/05\/10\/odbojkarski-spektakel-na-kongresnem-trgu\/"},"modified":"2016-05-10T19:17:21","modified_gmt":"2016-05-10T17:17:21","slug":"odbojkarski-spektakel-na-kongresnem-trgu","status":"publish","type":"post","link":"https:\/\/hudo.com\/si\/aktualno\/odbojkarski-spektakel-na-kongresnem-trgu\/","title":{"rendered":"Odbojkarski spektakel na Kongresnem trgu"},"content":{"rendered":"<p>Kategorija: Drugi \u0161porti Tue, 10 May 2016 15:44:00 +0200  Ljubljana &#8211; Med 28. in 30. julijem bo Kongresni trg tretji\u010d po vrsti gostil Ljubljana Beach Volley Challenge, najve\u010dji spektakel v odbojki na mivki v Sloveniji. Prireditelji so pove\u010dali denarni sklad za najbolj\u0161e igralce, kar bo verjetno pritegnilo mo\u010dno mednarodno konkurenco. Na leto\u0161njem dogodku bodo visoke uvrstitve naskakovali tudi slovenski udele\u017eenci in udele\u017eenke. Ti so lani osvojili kar tri kolajne &#8211; Nejc Zemljak in Aljo\u0161a Urnaut drugo mesto, Jernej Poto\u010dnik in Simon Fr\u00fchbauer pa tretje mesto v mo\u0161ki konkurenci, med dekleti pa sta srebro domov odnesli Erika Fabjan in Monika Potokar. Poleg tekmovanja v \u010dlanski kategoriji se bodo za naslov najbolj\u0161ih v \u010detrtek, 28. julija, pomerili tudi mladi odbojkarji v kategorijah U13, U15, U17, U19 in U21, ki bodo v centru Ljubljane odigrali finalne tekme,\u00a0&#8230;<\/p>\n","protected":false},"excerpt":{"rendered":"<p>Kategorija: Drugi \u0161porti Tue, 10 May 2016 15:44:00 +0200  Ljubljana &#8211; Med 28. in 30. julijem bo Kongresni trg tretji\u010d po vrsti gostil Ljubljana Beach Volley Challenge, najve\u010dji spektakel v odbojki na mivki v Sloveniji. Prireditelji so pove\u010dali denarni sklad za najbolj\u0161e igralce, kar bo verjetno pritegnilo mo\u010dno mednarodno konkurenco. Na leto\u0161njem dogodku bodo visoke uvrstitve naskakovali tudi slovenski udele\u017eenci in udele\u017eenke. Ti so lani osvojili kar tri kolajne &#8211; Nejc Zemljak in Aljo\u0161a Urnaut drugo mesto, Jernej Poto\u010dnik in Simon Fr\u00fchbauer pa tretje mesto v mo\u0161ki konkurenci, med dekleti pa sta srebro domov odnesli Erika Fabjan in Monika Potokar. Poleg tekmovanja v \u010dlanski kategoriji se bodo za naslov najbolj\u0161ih v \u010detrtek, 28. julija, pomerili tudi mladi odbojkarji v kategorijah U13, U15, U17, U19 in U21, ki bodo v centru Ljubljane odigrali finalne tekme,\u00a0&#8230;<\/p>\n","protected":false},"author":1,"featured_media":0,"comment_status":"closed","ping_status":"closed","sticky":false,"template":"","format":"standard","meta":{"footnotes":""},"categories":[1179],"tags":[],"source":[4511],"supertag":[],"acf":[],"yoast_head":"<!-- This site is optimized with the Yoast SEO plugin v21.3 - https:\/\/yoast.com\/wordpress\/plugins\/seo\/ -->\n<title>Odbojkarski spektakel na Kongresnem trgu - Hudo Slovenija<\/title>\n<meta name=\"robots\" content=\"index, follow, max-snippet:-1, max-image-preview:large, max-video-preview:-1\" \/>\n<link rel=\"canonical\" href=\"https:\/\/hudo.com\/si\/aktualno\/odbojkarski-spektakel-na-kongresnem-trgu\/\" \/>\n<meta property=\"og:locale\" content=\"sl_SI\" \/>\n<meta property=\"og:type\" content=\"article\" \/>\n<meta property=\"og:title\" content=\"Odbojkarski spektakel na Kongresnem trgu - Hudo Slovenija\" \/>\n<meta property=\"og:description\" content=\"Kategorija: Drugi \u0161porti Tue, 10 May 2016 15:44:00 +0200 Ljubljana - Med 28. in 30. julijem bo Kongresni trg tretji\u010d po vrsti gostil Ljubljana Beach Volley Challenge, najve\u010dji spektakel v odbojki na mivki v Sloveniji. Prireditelji so pove\u010dali denarni sklad za najbolj\u0161e igralce, kar bo verjetno pritegnilo mo\u010dno mednarodno konkurenco. Na leto\u0161njem dogodku bodo visoke uvrstitve naskakovali tudi slovenski udele\u017eenci in udele\u017eenke. Ti so lani osvojili kar tri kolajne - Nejc Zemljak in Aljo\u0161a Urnaut drugo mesto, Jernej Poto\u010dnik in Simon Fr\u00fchbauer pa tretje mesto v mo\u0161ki konkurenci, med dekleti pa sta srebro domov odnesli Erika Fabjan in Monika Potokar. Poleg tekmovanja v \u010dlanski kategoriji se bodo za naslov najbolj\u0161ih v \u010detrtek, 28. julija, pomerili tudi mladi odbojkarji v kategorijah U13, U15, U17, U19 in U21, ki bodo v centru Ljubljane odigrali finalne tekme,\u00a0...\" \/>\n<meta property=\"og:url\" content=\"https:\/\/hudo.com\/si\/aktualno\/odbojkarski-spektakel-na-kongresnem-trgu\/\" \/>\n<meta property=\"og:site_name\" content=\"Hudo Slovenija\" \/>\n<meta property=\"article:publisher\" content=\"https:\/\/www.facebook.com\/hudo.si\" \/>\n<meta property=\"article:published_time\" content=\"2016-05-10T11:44:00+00:00\" \/>\n<meta property=\"article:modified_time\" content=\"2016-05-10T17:17:21+00:00\" \/>\n<meta property=\"og:image\" content=\"https:\/\/hudo.com\/si\/wp-content\/uploads\/sites\/2\/2016\/05\/480x290_djvu_2154937_vrabeca_tlo-odbojka.jpeg\" \/>\n\t<meta property=\"og:image:width\" content=\"480\" \/>\n\t<meta property=\"og:image:height\" content=\"290\" \/>\n\t<meta property=\"og:image:type\" content=\"image\/jpeg\" \/>\n<meta name=\"author\" content=\"hudo\" \/>\n<meta name=\"twitter:card\" content=\"summary_large_image\" \/>\n<meta name=\"twitter:creator\" content=\"@hudo_si\" \/>\n<meta name=\"twitter:site\" content=\"@hudo_si\" \/>\n<meta name=\"twitter:label1\" content=\"Written by\" \/>\n\t<meta name=\"twitter:data1\" content=\"hudo\" \/>\n\t<meta name=\"twitter:label2\" content=\"Est. reading time\" \/>\n\t<meta name=\"twitter:data2\" content=\"1 minuta\" \/>\n<script type=\"application\/ld+json\" class=\"yoast-schema-graph\">{\"@context\":\"https:\/\/schema.org\",\"@graph\":[{\"@type\":\"Article\",\"@id\":\"https:\/\/hudo.com\/si\/aktualno\/odbojkarski-spektakel-na-kongresnem-trgu\/#article\",\"isPartOf\":{\"@id\":\"https:\/\/hudo.com\/si\/aktualno\/odbojkarski-spektakel-na-kongresnem-trgu\/\"},\"author\":{\"name\":\"hudo\",\"@id\":\"https:\/\/hudo.com\/si\/#\/schema\/person\/601cf3379633985b20f7e50f2bb47707\"},\"headline\":\"Odbojkarski spektakel na Kongresnem trgu\",\"datePublished\":\"2016-05-10T11:44:00+00:00\",\"dateModified\":\"2016-05-10T17:17:21+00:00\",\"mainEntityOfPage\":{\"@id\":\"https:\/\/hudo.com\/si\/aktualno\/odbojkarski-spektakel-na-kongresnem-trgu\/\"},\"wordCount\":144,\"publisher\":{\"@id\":\"https:\/\/hudo.com\/si\/#organization\"},\"articleSection\":[\"Aktualno\"],\"inLanguage\":\"sl-SI\"},{\"@type\":\"WebPage\",\"@id\":\"https:\/\/hudo.com\/si\/aktualno\/odbojkarski-spektakel-na-kongresnem-trgu\/\",\"url\":\"https:\/\/hudo.com\/si\/aktualno\/odbojkarski-spektakel-na-kongresnem-trgu\/\",\"name\":\"Odbojkarski spektakel na Kongresnem trgu - Hudo Slovenija\",\"isPartOf\":{\"@id\":\"https:\/\/hudo.com\/si\/#website\"},\"datePublished\":\"2016-05-10T11:44:00+00:00\",\"dateModified\":\"2016-05-10T17:17:21+00:00\",\"breadcrumb\":{\"@id\":\"https:\/\/hudo.com\/si\/aktualno\/odbojkarski-spektakel-na-kongresnem-trgu\/#breadcrumb\"},\"inLanguage\":\"sl-SI\",\"potentialAction\":[{\"@type\":\"ReadAction\",\"target\":[\"https:\/\/hudo.com\/si\/aktualno\/odbojkarski-spektakel-na-kongresnem-trgu\/\"]}]},{\"@type\":\"BreadcrumbList\",\"@id\":\"https:\/\/hudo.com\/si\/aktualno\/odbojkarski-spektakel-na-kongresnem-trgu\/#breadcrumb\",\"itemListElement\":[{\"@type\":\"ListItem\",\"position\":1,\"name\":\"Home\",\"item\":\"https:\/\/hudo.com\/si\/\"},{\"@type\":\"ListItem\",\"position\":2,\"name\":\"Odbojkarski spektakel na Kongresnem trgu\"}]},{\"@type\":\"WebSite\",\"@id\":\"https:\/\/hudo.com\/si\/#website\",\"url\":\"https:\/\/hudo.com\/si\/\",\"name\":\"Hudo Slovenija\",\"description\":\"Vse novice iz Slovenije in sveta\",\"publisher\":{\"@id\":\"https:\/\/hudo.com\/si\/#organization\"},\"potentialAction\":[{\"@type\":\"SearchAction\",\"target\":{\"@type\":\"EntryPoint\",\"urlTemplate\":\"https:\/\/hudo.com\/si\/?s={search_term_string}\"},\"query-input\":\"required name=search_term_string\"}],\"inLanguage\":\"sl-SI\"},{\"@type\":\"Organization\",\"@id\":\"https:\/\/hudo.com\/si\/#organization\",\"name\":\"VSN Media\",\"url\":\"https:\/\/hudo.com\/si\/\",\"logo\":{\"@type\":\"ImageObject\",\"inLanguage\":\"sl-SI\",\"@id\":\"https:\/\/hudo.com\/si\/#\/schema\/logo\/image\/\",\"url\":\"https:\/\/hudo.com\/si\/wp-content\/uploads\/sites\/2\/2021\/03\/hudo-app-2.png\",\"contentUrl\":\"https:\/\/hudo.com\/si\/wp-content\/uploads\/sites\/2\/2021\/03\/hudo-app-2.png\",\"width\":2185,\"height\":2167,\"caption\":\"VSN Media\"},\"image\":{\"@id\":\"https:\/\/hudo.com\/si\/#\/schema\/logo\/image\/\"},\"sameAs\":[\"https:\/\/www.facebook.com\/hudo.si\",\"https:\/\/twitter.com\/hudo_si\"]},{\"@type\":\"Person\",\"@id\":\"https:\/\/hudo.com\/si\/#\/schema\/person\/601cf3379633985b20f7e50f2bb47707\",\"name\":\"hudo\",\"image\":{\"@type\":\"ImageObject\",\"inLanguage\":\"sl-SI\",\"@id\":\"https:\/\/hudo.com\/si\/#\/schema\/person\/image\/\",\"url\":\"https:\/\/secure.gravatar.com\/avatar\/c4ca25fa72cace7a696b52ff5db9e095?s=96&d=mm&r=g\",\"contentUrl\":\"https:\/\/secure.gravatar.com\/avatar\/c4ca25fa72cace7a696b52ff5db9e095?s=96&d=mm&r=g\",\"caption\":\"hudo\"},\"url\":\"https:\/\/hudo.com\/si\/author\/hudo\/\"}]}<\/script>\n<!-- \/ Yoast SEO plugin. -->","yoast_head_json":{"title":"Odbojkarski spektakel na Kongresnem trgu - Hudo Slovenija","robots":{"index":"index","follow":"follow","max-snippet":"max-snippet:-1","max-image-preview":"max-image-preview:large","max-video-preview":"max-video-preview:-1"},"canonical":"https:\/\/hudo.com\/si\/aktualno\/odbojkarski-spektakel-na-kongresnem-trgu\/","og_locale":"sl_SI","og_type":"article","og_title":"Odbojkarski spektakel na Kongresnem trgu - Hudo Slovenija","og_description":"Kategorija: Drugi \u0161porti Tue, 10 May 2016 15:44:00 +0200 Ljubljana - Med 28. in 30. julijem bo Kongresni trg tretji\u010d po vrsti gostil Ljubljana Beach Volley Challenge, najve\u010dji spektakel v odbojki na mivki v Sloveniji. Prireditelji so pove\u010dali denarni sklad za najbolj\u0161e igralce, kar bo verjetno pritegnilo mo\u010dno mednarodno konkurenco. Na leto\u0161njem dogodku bodo visoke uvrstitve naskakovali tudi slovenski udele\u017eenci in udele\u017eenke. Ti so lani osvojili kar tri kolajne - Nejc Zemljak in Aljo\u0161a Urnaut drugo mesto, Jernej Poto\u010dnik in Simon Fr\u00fchbauer pa tretje mesto v mo\u0161ki konkurenci, med dekleti pa sta srebro domov odnesli Erika Fabjan in Monika Potokar. Poleg tekmovanja v \u010dlanski kategoriji se bodo za naslov najbolj\u0161ih v \u010detrtek, 28. julija, pomerili tudi mladi odbojkarji v kategorijah U13, U15, U17, U19 in U21, ki bodo v centru Ljubljane odigrali finalne tekme,\u00a0...","og_url":"https:\/\/hudo.com\/si\/aktualno\/odbojkarski-spektakel-na-kongresnem-trgu\/","og_site_name":"Hudo Slovenija","article_publisher":"https:\/\/www.facebook.com\/hudo.si","article_published_time":"2016-05-10T11:44:00+00:00","article_modified_time":"2016-05-10T17:17:21+00:00","og_image":[{"width":480,"height":290,"url":"https:\/\/hudo.com\/si\/wp-content\/uploads\/sites\/2\/2016\/05\/480x290_djvu_2154937_vrabeca_tlo-odbojka.jpeg","type":"image\/jpeg"}],"author":"hudo","twitter_card":"summary_large_image","twitter_creator":"@hudo_si","twitter_site":"@hudo_si","twitter_misc":{"Written by":"hudo","Est. reading time":"1 minuta"},"schema":{"@context":"https:\/\/schema.org","@graph":[{"@type":"Article","@id":"https:\/\/hudo.com\/si\/aktualno\/odbojkarski-spektakel-na-kongresnem-trgu\/#article","isPartOf":{"@id":"https:\/\/hudo.com\/si\/aktualno\/odbojkarski-spektakel-na-kongresnem-trgu\/"},"author":{"name":"hudo","@id":"https:\/\/hudo.com\/si\/#\/schema\/person\/601cf3379633985b20f7e50f2bb47707"},"headline":"Odbojkarski spektakel na Kongresnem trgu","datePublished":"2016-05-10T11:44:00+00:00","dateModified":"2016-05-10T17:17:21+00:00","mainEntityOfPage":{"@id":"https:\/\/hudo.com\/si\/aktualno\/odbojkarski-spektakel-na-kongresnem-trgu\/"},"wordCount":144,"publisher":{"@id":"https:\/\/hudo.com\/si\/#organization"},"articleSection":["Aktualno"],"inLanguage":"sl-SI"},{"@type":"WebPage","@id":"https:\/\/hudo.com\/si\/aktualno\/odbojkarski-spektakel-na-kongresnem-trgu\/","url":"https:\/\/hudo.com\/si\/aktualno\/odbojkarski-spektakel-na-kongresnem-trgu\/","name":"Odbojkarski spektakel na Kongresnem trgu - Hudo Slovenija","isPartOf":{"@id":"https:\/\/hudo.com\/si\/#website"},"datePublished":"2016-05-10T11:44:00+00:00","dateModified":"2016-05-10T17:17:21+00:00","breadcrumb":{"@id":"https:\/\/hudo.com\/si\/aktualno\/odbojkarski-spektakel-na-kongresnem-trgu\/#breadcrumb"},"inLanguage":"sl-SI","potentialAction":[{"@type":"ReadAction","target":["https:\/\/hudo.com\/si\/aktualno\/odbojkarski-spektakel-na-kongresnem-trgu\/"]}]},{"@type":"BreadcrumbList","@id":"https:\/\/hudo.com\/si\/aktualno\/odbojkarski-spektakel-na-kongresnem-trgu\/#breadcrumb","itemListElement":[{"@type":"ListItem","position":1,"name":"Home","item":"https:\/\/hudo.com\/si\/"},{"@type":"ListItem","position":2,"name":"Odbojkarski spektakel na Kongresnem trgu"}]},{"@type":"WebSite","@id":"https:\/\/hudo.com\/si\/#website","url":"https:\/\/hudo.com\/si\/","name":"Hudo Slovenija","description":"Vse novice iz Slovenije in sveta","publisher":{"@id":"https:\/\/hudo.com\/si\/#organization"},"potentialAction":[{"@type":"SearchAction","target":{"@type":"EntryPoint","urlTemplate":"https:\/\/hudo.com\/si\/?s={search_term_string}"},"query-input":"required name=search_term_string"}],"inLanguage":"sl-SI"},{"@type":"Organization","@id":"https:\/\/hudo.com\/si\/#organization","name":"VSN Media","url":"https:\/\/hudo.com\/si\/","logo":{"@type":"ImageObject","inLanguage":"sl-SI","@id":"https:\/\/hudo.com\/si\/#\/schema\/logo\/image\/","url":"https:\/\/hudo.com\/si\/wp-content\/uploads\/sites\/2\/2021\/03\/hudo-app-2.png","contentUrl":"https:\/\/hudo.com\/si\/wp-content\/uploads\/sites\/2\/2021\/03\/hudo-app-2.png","width":2185,"height":2167,"caption":"VSN Media"},"image":{"@id":"https:\/\/hudo.com\/si\/#\/schema\/logo\/image\/"},"sameAs":["https:\/\/www.facebook.com\/hudo.si","https:\/\/twitter.com\/hudo_si"]},{"@type":"Person","@id":"https:\/\/hudo.com\/si\/#\/schema\/person\/601cf3379633985b20f7e50f2bb47707","name":"hudo","image":{"@type":"ImageObject","inLanguage":"sl-SI","@id":"https:\/\/hudo.com\/si\/#\/schema\/person\/image\/","url":"https:\/\/secure.gravatar.com\/avatar\/c4ca25fa72cace7a696b52ff5db9e095?s=96&d=mm&r=g","contentUrl":"https:\/\/secure.gravatar.com\/avatar\/c4ca25fa72cace7a696b52ff5db9e095?s=96&d=mm&r=g","caption":"hudo"},"url":"https:\/\/hudo.com\/si\/author\/hudo\/"}]}},"amp_enabled":true,"_links":{"self":[{"href":"https:\/\/hudo.com\/si\/wp-json\/wp\/v2\/posts\/49508"}],"collection":[{"href":"https:\/\/hudo.com\/si\/wp-json\/wp\/v2\/posts"}],"about":[{"href":"https:\/\/hudo.com\/si\/wp-json\/wp\/v2\/types\/post"}],"author":[{"embeddable":true,"href":"https:\/\/hudo.com\/si\/wp-json\/wp\/v2\/users\/1"}],"replies":[{"embeddable":true,"href":"https:\/\/hudo.com\/si\/wp-json\/wp\/v2\/comments?post=49508"}],"version-history":[{"count":1,"href":"https:\/\/hudo.com\/si\/wp-json\/wp\/v2\/posts\/49508\/revisions"}],"predecessor-version":[{"id":49641,"href":"https:\/\/hudo.com\/si\/wp-json\/wp\/v2\/posts\/49508\/revisions\/49641"}],"wp:attachment":[{"href":"https:\/\/hudo.com\/si\/wp-json\/wp\/v2\/media?parent=49508"}],"wp:term":[{"taxonomy":"category","embeddable":true,"href":"https:\/\/hudo.com\/si\/wp-json\/wp\/v2\/categories?post=49508"},{"taxonomy":"post_tag","embeddable":true,"href":"https:\/\/hudo.com\/si\/wp-json\/wp\/v2\/tags?post=49508"},{"taxonomy":"source","embeddable":true,"href":"https:\/\/hudo.com\/si\/wp-json\/wp\/v2\/source?post=49508"},{"taxonomy":"supertag","embeddable":true,"href":"https:\/\/hudo.com\/si\/wp-json\/wp\/v2\/supertag?post=49508"}],"curies":[{"name":"wp","href":"https:\/\/api.w.org\/{rel}","templated":true}]}}