{"id":51363,"date":"2016-05-12T16:58:00","date_gmt":"2016-05-12T14:58:00","guid":{"rendered":"http:\/\/hudo.com\/si\/2016\/05\/12\/izbira-novega-direktorja-ukc-na-kpk-in-sodiscu\/"},"modified":"2016-05-13T04:17:14","modified_gmt":"2016-05-13T02:17:14","slug":"izbira-novega-direktorja-ukc-na-kpk-in-sodiscu","status":"publish","type":"post","link":"https:\/\/hudo.com\/si\/aktualno\/izbira-novega-direktorja-ukc-na-kpk-in-sodiscu\/","title":{"rendered":"Izbira novega direktorja UKC na KPK in sodi\u0161\u010du"},"content":{"rendered":"<p>Kategorija: Slovenija Thu, 12 May 2016 18:58:00 +0200  Ljubljana &#8211; Maja Potokar in Zvonko Ho\u010devar, ki ju je razpisna komisija izlo\u010dila iz tekme za generalnega direktorja UKC Ljubljana, saj da ne izpolnjujeta razpisnih pogojev, sta se vsak po svoje odlo\u010dila izpodbijati postopke zadnjega razpisain izbora generalnega direktorja UKC. Potokarjeva se je obrnila na KPK, Ho\u010devar na delovno sodi\u0161\u010de.Ta teden je sicer Andra\u017e Kopa\u010d nastopil svoj mandat generalnega direktorja Univerzitetnega klini\u010dnega centra (UKC) Ljubljana, a s tem se zapleti glede razpisa, na podlagi katerega je bil imenovan, in postopka izbire kandidatov o\u010ditno niso zaklju\u010dili. Razpisna komisija UKC, ki je pregledovala prijave za generalnega direktorja, je namre\u010d med osmimi prijavljenimi izlo\u010dila dve kandidaturi, \u010de\u0161 da ne izpolnjujeta pogojev. Gre za Potokarjevo, javnosti nepoznano, in kirurga Ho\u010devarja, ki se je \u017ee v preteklosti potegoval na to mesto. Potokarjeva se je po neuradnih informacijah prito\u017eila\u00a0&#8230;<\/p>\n","protected":false},"excerpt":{"rendered":"<p>Kategorija: Slovenija Thu, 12 May 2016 18:58:00 +0200  Ljubljana &#8211; Maja Potokar in Zvonko Ho\u010devar, ki ju je razpisna komisija izlo\u010dila iz tekme za generalnega direktorja UKC Ljubljana, saj da ne izpolnjujeta razpisnih pogojev, sta se vsak po svoje odlo\u010dila izpodbijati postopke zadnjega razpisain izbora generalnega direktorja UKC. Potokarjeva se je obrnila na KPK, Ho\u010devar na delovno sodi\u0161\u010de.Ta teden je sicer Andra\u017e Kopa\u010d nastopil svoj mandat generalnega direktorja Univerzitetnega klini\u010dnega centra (UKC) Ljubljana, a s tem se zapleti glede razpisa, na podlagi katerega je bil imenovan, in postopka izbire kandidatov o\u010ditno niso zaklju\u010dili. Razpisna komisija UKC, ki je pregledovala prijave za generalnega direktorja, je namre\u010d med osmimi prijavljenimi izlo\u010dila dve kandidaturi, \u010de\u0161 da ne izpolnjujeta pogojev. Gre za Potokarjevo, javnosti nepoznano, in kirurga Ho\u010devarja, ki se je \u017ee v preteklosti potegoval na to mesto. Potokarjeva se je po neuradnih informacijah prito\u017eila\u00a0&#8230;<\/p>\n","protected":false},"author":1,"featured_media":0,"comment_status":"closed","ping_status":"closed","sticky":false,"template":"","format":"standard","meta":{"footnotes":""},"categories":[1179],"tags":[],"source":[4511],"supertag":[],"acf":[],"yoast_head":"<!-- This site is optimized with the Yoast SEO plugin v21.3 - https:\/\/yoast.com\/wordpress\/plugins\/seo\/ -->\n<title>Izbira novega direktorja UKC na KPK in sodi\u0161\u010du - Hudo Slovenija<\/title>\n<meta name=\"robots\" content=\"index, follow, max-snippet:-1, max-image-preview:large, max-video-preview:-1\" \/>\n<link rel=\"canonical\" href=\"https:\/\/hudo.com\/si\/aktualno\/izbira-novega-direktorja-ukc-na-kpk-in-sodiscu\/\" \/>\n<meta property=\"og:locale\" content=\"sl_SI\" \/>\n<meta property=\"og:type\" content=\"article\" \/>\n<meta property=\"og:title\" content=\"Izbira novega direktorja UKC na KPK in sodi\u0161\u010du - Hudo Slovenija\" \/>\n<meta property=\"og:description\" content=\"Kategorija: Slovenija Thu, 12 May 2016 18:58:00 +0200 Ljubljana - Maja Potokar in Zvonko Ho\u010devar, ki ju je razpisna komisija izlo\u010dila iz tekme za generalnega direktorja UKC Ljubljana, saj da ne izpolnjujeta razpisnih pogojev, sta se vsak po svoje odlo\u010dila izpodbijati postopke zadnjega razpisain izbora generalnega direktorja UKC. Potokarjeva se je obrnila na KPK, Ho\u010devar na delovno sodi\u0161\u010de.Ta teden je sicer Andra\u017e Kopa\u010d nastopil svoj mandat generalnega direktorja Univerzitetnega klini\u010dnega centra (UKC) Ljubljana, a s tem se zapleti glede razpisa, na podlagi katerega je bil imenovan, in postopka izbire kandidatov o\u010ditno niso zaklju\u010dili. Razpisna komisija UKC, ki je pregledovala prijave za generalnega direktorja, je namre\u010d med osmimi prijavljenimi izlo\u010dila dve kandidaturi, \u010de\u0161 da ne izpolnjujeta pogojev. Gre za Potokarjevo, javnosti nepoznano, in kirurga Ho\u010devarja, ki se je \u017ee v preteklosti potegoval na to mesto. Potokarjeva se je po neuradnih informacijah prito\u017eila\u00a0...\" \/>\n<meta property=\"og:url\" content=\"https:\/\/hudo.com\/si\/aktualno\/izbira-novega-direktorja-ukc-na-kpk-in-sodiscu\/\" \/>\n<meta property=\"og:site_name\" content=\"Hudo Slovenija\" \/>\n<meta property=\"article:publisher\" content=\"https:\/\/www.facebook.com\/hudo.si\" \/>\n<meta property=\"article:published_time\" content=\"2016-05-12T14:58:00+00:00\" \/>\n<meta property=\"article:modified_time\" content=\"2016-05-13T02:17:14+00:00\" \/>\n<meta property=\"og:image\" content=\"https:\/\/hudo.com\/si\/wp-content\/uploads\/sites\/2\/2016\/05\/480x290_Delo_Foto-20160509151327-23721700.jpeg\" \/>\n\t<meta property=\"og:image:width\" content=\"480\" \/>\n\t<meta property=\"og:image:height\" content=\"290\" \/>\n\t<meta property=\"og:image:type\" content=\"image\/jpeg\" \/>\n<meta name=\"author\" content=\"hudo\" \/>\n<meta name=\"twitter:card\" content=\"summary_large_image\" \/>\n<meta name=\"twitter:creator\" content=\"@hudo_si\" \/>\n<meta name=\"twitter:site\" content=\"@hudo_si\" \/>\n<meta name=\"twitter:label1\" content=\"Written by\" \/>\n\t<meta name=\"twitter:data1\" content=\"hudo\" \/>\n\t<meta name=\"twitter:label2\" content=\"Est. reading time\" \/>\n\t<meta name=\"twitter:data2\" content=\"1 minuta\" \/>\n<script type=\"application\/ld+json\" class=\"yoast-schema-graph\">{\"@context\":\"https:\/\/schema.org\",\"@graph\":[{\"@type\":\"Article\",\"@id\":\"https:\/\/hudo.com\/si\/aktualno\/izbira-novega-direktorja-ukc-na-kpk-in-sodiscu\/#article\",\"isPartOf\":{\"@id\":\"https:\/\/hudo.com\/si\/aktualno\/izbira-novega-direktorja-ukc-na-kpk-in-sodiscu\/\"},\"author\":{\"name\":\"hudo\",\"@id\":\"https:\/\/hudo.com\/si\/#\/schema\/person\/601cf3379633985b20f7e50f2bb47707\"},\"headline\":\"Izbira novega direktorja UKC na KPK in sodi\u0161\u010du\",\"datePublished\":\"2016-05-12T14:58:00+00:00\",\"dateModified\":\"2016-05-13T02:17:14+00:00\",\"mainEntityOfPage\":{\"@id\":\"https:\/\/hudo.com\/si\/aktualno\/izbira-novega-direktorja-ukc-na-kpk-in-sodiscu\/\"},\"wordCount\":158,\"publisher\":{\"@id\":\"https:\/\/hudo.com\/si\/#organization\"},\"articleSection\":[\"Aktualno\"],\"inLanguage\":\"sl-SI\"},{\"@type\":\"WebPage\",\"@id\":\"https:\/\/hudo.com\/si\/aktualno\/izbira-novega-direktorja-ukc-na-kpk-in-sodiscu\/\",\"url\":\"https:\/\/hudo.com\/si\/aktualno\/izbira-novega-direktorja-ukc-na-kpk-in-sodiscu\/\",\"name\":\"Izbira novega direktorja UKC na KPK in sodi\u0161\u010du - Hudo Slovenija\",\"isPartOf\":{\"@id\":\"https:\/\/hudo.com\/si\/#website\"},\"datePublished\":\"2016-05-12T14:58:00+00:00\",\"dateModified\":\"2016-05-13T02:17:14+00:00\",\"breadcrumb\":{\"@id\":\"https:\/\/hudo.com\/si\/aktualno\/izbira-novega-direktorja-ukc-na-kpk-in-sodiscu\/#breadcrumb\"},\"inLanguage\":\"sl-SI\",\"potentialAction\":[{\"@type\":\"ReadAction\",\"target\":[\"https:\/\/hudo.com\/si\/aktualno\/izbira-novega-direktorja-ukc-na-kpk-in-sodiscu\/\"]}]},{\"@type\":\"BreadcrumbList\",\"@id\":\"https:\/\/hudo.com\/si\/aktualno\/izbira-novega-direktorja-ukc-na-kpk-in-sodiscu\/#breadcrumb\",\"itemListElement\":[{\"@type\":\"ListItem\",\"position\":1,\"name\":\"Home\",\"item\":\"https:\/\/hudo.com\/si\/\"},{\"@type\":\"ListItem\",\"position\":2,\"name\":\"Izbira novega direktorja UKC na KPK in sodi\u0161\u010du\"}]},{\"@type\":\"WebSite\",\"@id\":\"https:\/\/hudo.com\/si\/#website\",\"url\":\"https:\/\/hudo.com\/si\/\",\"name\":\"Hudo Slovenija\",\"description\":\"Vse novice iz Slovenije in sveta\",\"publisher\":{\"@id\":\"https:\/\/hudo.com\/si\/#organization\"},\"potentialAction\":[{\"@type\":\"SearchAction\",\"target\":{\"@type\":\"EntryPoint\",\"urlTemplate\":\"https:\/\/hudo.com\/si\/?s={search_term_string}\"},\"query-input\":\"required name=search_term_string\"}],\"inLanguage\":\"sl-SI\"},{\"@type\":\"Organization\",\"@id\":\"https:\/\/hudo.com\/si\/#organization\",\"name\":\"VSN Media\",\"url\":\"https:\/\/hudo.com\/si\/\",\"logo\":{\"@type\":\"ImageObject\",\"inLanguage\":\"sl-SI\",\"@id\":\"https:\/\/hudo.com\/si\/#\/schema\/logo\/image\/\",\"url\":\"https:\/\/hudo.com\/si\/wp-content\/uploads\/sites\/2\/2021\/03\/hudo-app-2.png\",\"contentUrl\":\"https:\/\/hudo.com\/si\/wp-content\/uploads\/sites\/2\/2021\/03\/hudo-app-2.png\",\"width\":2185,\"height\":2167,\"caption\":\"VSN Media\"},\"image\":{\"@id\":\"https:\/\/hudo.com\/si\/#\/schema\/logo\/image\/\"},\"sameAs\":[\"https:\/\/www.facebook.com\/hudo.si\",\"https:\/\/twitter.com\/hudo_si\"]},{\"@type\":\"Person\",\"@id\":\"https:\/\/hudo.com\/si\/#\/schema\/person\/601cf3379633985b20f7e50f2bb47707\",\"name\":\"hudo\",\"image\":{\"@type\":\"ImageObject\",\"inLanguage\":\"sl-SI\",\"@id\":\"https:\/\/hudo.com\/si\/#\/schema\/person\/image\/\",\"url\":\"https:\/\/secure.gravatar.com\/avatar\/c4ca25fa72cace7a696b52ff5db9e095?s=96&d=mm&r=g\",\"contentUrl\":\"https:\/\/secure.gravatar.com\/avatar\/c4ca25fa72cace7a696b52ff5db9e095?s=96&d=mm&r=g\",\"caption\":\"hudo\"},\"url\":\"https:\/\/hudo.com\/si\/author\/hudo\/\"}]}<\/script>\n<!-- \/ Yoast SEO plugin. -->","yoast_head_json":{"title":"Izbira novega direktorja UKC na KPK in sodi\u0161\u010du - Hudo Slovenija","robots":{"index":"index","follow":"follow","max-snippet":"max-snippet:-1","max-image-preview":"max-image-preview:large","max-video-preview":"max-video-preview:-1"},"canonical":"https:\/\/hudo.com\/si\/aktualno\/izbira-novega-direktorja-ukc-na-kpk-in-sodiscu\/","og_locale":"sl_SI","og_type":"article","og_title":"Izbira novega direktorja UKC na KPK in sodi\u0161\u010du - Hudo Slovenija","og_description":"Kategorija: Slovenija Thu, 12 May 2016 18:58:00 +0200 Ljubljana - Maja Potokar in Zvonko Ho\u010devar, ki ju je razpisna komisija izlo\u010dila iz tekme za generalnega direktorja UKC Ljubljana, saj da ne izpolnjujeta razpisnih pogojev, sta se vsak po svoje odlo\u010dila izpodbijati postopke zadnjega razpisain izbora generalnega direktorja UKC. Potokarjeva se je obrnila na KPK, Ho\u010devar na delovno sodi\u0161\u010de.Ta teden je sicer Andra\u017e Kopa\u010d nastopil svoj mandat generalnega direktorja Univerzitetnega klini\u010dnega centra (UKC) Ljubljana, a s tem se zapleti glede razpisa, na podlagi katerega je bil imenovan, in postopka izbire kandidatov o\u010ditno niso zaklju\u010dili. Razpisna komisija UKC, ki je pregledovala prijave za generalnega direktorja, je namre\u010d med osmimi prijavljenimi izlo\u010dila dve kandidaturi, \u010de\u0161 da ne izpolnjujeta pogojev. Gre za Potokarjevo, javnosti nepoznano, in kirurga Ho\u010devarja, ki se je \u017ee v preteklosti potegoval na to mesto. Potokarjeva se je po neuradnih informacijah prito\u017eila\u00a0...","og_url":"https:\/\/hudo.com\/si\/aktualno\/izbira-novega-direktorja-ukc-na-kpk-in-sodiscu\/","og_site_name":"Hudo Slovenija","article_publisher":"https:\/\/www.facebook.com\/hudo.si","article_published_time":"2016-05-12T14:58:00+00:00","article_modified_time":"2016-05-13T02:17:14+00:00","og_image":[{"width":480,"height":290,"url":"https:\/\/hudo.com\/si\/wp-content\/uploads\/sites\/2\/2016\/05\/480x290_Delo_Foto-20160509151327-23721700.jpeg","type":"image\/jpeg"}],"author":"hudo","twitter_card":"summary_large_image","twitter_creator":"@hudo_si","twitter_site":"@hudo_si","twitter_misc":{"Written by":"hudo","Est. reading time":"1 minuta"},"schema":{"@context":"https:\/\/schema.org","@graph":[{"@type":"Article","@id":"https:\/\/hudo.com\/si\/aktualno\/izbira-novega-direktorja-ukc-na-kpk-in-sodiscu\/#article","isPartOf":{"@id":"https:\/\/hudo.com\/si\/aktualno\/izbira-novega-direktorja-ukc-na-kpk-in-sodiscu\/"},"author":{"name":"hudo","@id":"https:\/\/hudo.com\/si\/#\/schema\/person\/601cf3379633985b20f7e50f2bb47707"},"headline":"Izbira novega direktorja UKC na KPK in sodi\u0161\u010du","datePublished":"2016-05-12T14:58:00+00:00","dateModified":"2016-05-13T02:17:14+00:00","mainEntityOfPage":{"@id":"https:\/\/hudo.com\/si\/aktualno\/izbira-novega-direktorja-ukc-na-kpk-in-sodiscu\/"},"wordCount":158,"publisher":{"@id":"https:\/\/hudo.com\/si\/#organization"},"articleSection":["Aktualno"],"inLanguage":"sl-SI"},{"@type":"WebPage","@id":"https:\/\/hudo.com\/si\/aktualno\/izbira-novega-direktorja-ukc-na-kpk-in-sodiscu\/","url":"https:\/\/hudo.com\/si\/aktualno\/izbira-novega-direktorja-ukc-na-kpk-in-sodiscu\/","name":"Izbira novega direktorja UKC na KPK in sodi\u0161\u010du - Hudo Slovenija","isPartOf":{"@id":"https:\/\/hudo.com\/si\/#website"},"datePublished":"2016-05-12T14:58:00+00:00","dateModified":"2016-05-13T02:17:14+00:00","breadcrumb":{"@id":"https:\/\/hudo.com\/si\/aktualno\/izbira-novega-direktorja-ukc-na-kpk-in-sodiscu\/#breadcrumb"},"inLanguage":"sl-SI","potentialAction":[{"@type":"ReadAction","target":["https:\/\/hudo.com\/si\/aktualno\/izbira-novega-direktorja-ukc-na-kpk-in-sodiscu\/"]}]},{"@type":"BreadcrumbList","@id":"https:\/\/hudo.com\/si\/aktualno\/izbira-novega-direktorja-ukc-na-kpk-in-sodiscu\/#breadcrumb","itemListElement":[{"@type":"ListItem","position":1,"name":"Home","item":"https:\/\/hudo.com\/si\/"},{"@type":"ListItem","position":2,"name":"Izbira novega direktorja UKC na KPK in sodi\u0161\u010du"}]},{"@type":"WebSite","@id":"https:\/\/hudo.com\/si\/#website","url":"https:\/\/hudo.com\/si\/","name":"Hudo Slovenija","description":"Vse novice iz Slovenije in sveta","publisher":{"@id":"https:\/\/hudo.com\/si\/#organization"},"potentialAction":[{"@type":"SearchAction","target":{"@type":"EntryPoint","urlTemplate":"https:\/\/hudo.com\/si\/?s={search_term_string}"},"query-input":"required name=search_term_string"}],"inLanguage":"sl-SI"},{"@type":"Organization","@id":"https:\/\/hudo.com\/si\/#organization","name":"VSN Media","url":"https:\/\/hudo.com\/si\/","logo":{"@type":"ImageObject","inLanguage":"sl-SI","@id":"https:\/\/hudo.com\/si\/#\/schema\/logo\/image\/","url":"https:\/\/hudo.com\/si\/wp-content\/uploads\/sites\/2\/2021\/03\/hudo-app-2.png","contentUrl":"https:\/\/hudo.com\/si\/wp-content\/uploads\/sites\/2\/2021\/03\/hudo-app-2.png","width":2185,"height":2167,"caption":"VSN Media"},"image":{"@id":"https:\/\/hudo.com\/si\/#\/schema\/logo\/image\/"},"sameAs":["https:\/\/www.facebook.com\/hudo.si","https:\/\/twitter.com\/hudo_si"]},{"@type":"Person","@id":"https:\/\/hudo.com\/si\/#\/schema\/person\/601cf3379633985b20f7e50f2bb47707","name":"hudo","image":{"@type":"ImageObject","inLanguage":"sl-SI","@id":"https:\/\/hudo.com\/si\/#\/schema\/person\/image\/","url":"https:\/\/secure.gravatar.com\/avatar\/c4ca25fa72cace7a696b52ff5db9e095?s=96&d=mm&r=g","contentUrl":"https:\/\/secure.gravatar.com\/avatar\/c4ca25fa72cace7a696b52ff5db9e095?s=96&d=mm&r=g","caption":"hudo"},"url":"https:\/\/hudo.com\/si\/author\/hudo\/"}]}},"amp_enabled":true,"_links":{"self":[{"href":"https:\/\/hudo.com\/si\/wp-json\/wp\/v2\/posts\/51363"}],"collection":[{"href":"https:\/\/hudo.com\/si\/wp-json\/wp\/v2\/posts"}],"about":[{"href":"https:\/\/hudo.com\/si\/wp-json\/wp\/v2\/types\/post"}],"author":[{"embeddable":true,"href":"https:\/\/hudo.com\/si\/wp-json\/wp\/v2\/users\/1"}],"replies":[{"embeddable":true,"href":"https:\/\/hudo.com\/si\/wp-json\/wp\/v2\/comments?post=51363"}],"version-history":[{"count":1,"href":"https:\/\/hudo.com\/si\/wp-json\/wp\/v2\/posts\/51363\/revisions"}],"predecessor-version":[{"id":51490,"href":"https:\/\/hudo.com\/si\/wp-json\/wp\/v2\/posts\/51363\/revisions\/51490"}],"wp:attachment":[{"href":"https:\/\/hudo.com\/si\/wp-json\/wp\/v2\/media?parent=51363"}],"wp:term":[{"taxonomy":"category","embeddable":true,"href":"https:\/\/hudo.com\/si\/wp-json\/wp\/v2\/categories?post=51363"},{"taxonomy":"post_tag","embeddable":true,"href":"https:\/\/hudo.com\/si\/wp-json\/wp\/v2\/tags?post=51363"},{"taxonomy":"source","embeddable":true,"href":"https:\/\/hudo.com\/si\/wp-json\/wp\/v2\/source?post=51363"},{"taxonomy":"supertag","embeddable":true,"href":"https:\/\/hudo.com\/si\/wp-json\/wp\/v2\/supertag?post=51363"}],"curies":[{"name":"wp","href":"https:\/\/api.w.org\/{rel}","templated":true}]}}