{"id":51395,"date":"2016-05-12T15:50:00","date_gmt":"2016-05-12T13:50:00","guid":{"rendered":"http:\/\/hudo.com\/si\/2016\/05\/12\/51395\/"},"modified":"2016-05-12T21:12:42","modified_gmt":"2016-05-12T19:12:42","slug":"51395","status":"publish","type":"post","link":"https:\/\/hudo.com\/si\/aktualno\/51395\/","title":{"rendered":""},"content":{"rendered":"<p>SD bo za novega podpredsednika dr\u017eavnega zbora predlagala poslanca Matja\u017ea Nemca, je po vrhu koalicije, ki se s predlogom strinja, povedal vodja poslancev SD Matja\u017e Han. Kot pravi, bodo to storili tudi na pro\u0161njo predsednika DZ Milana Brgleza, saj bi z vztrajanjem, da podpredsednika po odstopu Bojane Mur\u0161i\u010d ne predlagajo, povzro\u010dili te\u017eave pri vodenju DZ. &#8220;To odgovornost \u010dutimo za bolj pomembno kot politi\u010dno odlo\u010ditev stranke ali posameznika,&#8221; je po vrhu koalicije pojasnil Han. Po tistem, ko je Mur\u0161i\u010deva zaradi zavajanja pri porabi ob\u010dinskih sredstev odstopila s podpredsedni\u0161ke funkcije, je sicer Han ocenil, da si je SD tega &#8220;jokerja&#8221; zapravila. A se je poslanska skupina v sredo soglasno strinjala, da bo na to mesto predlagala Nemca, danes so predlog predstavili vrhu koalicije. Uradno bodo kandidaturo Nemca tudi v skladu z dogovorom z Brglezom vlo\u017eili \u010dim prej, da bo lahko DZ delal nemoteno, je pojasnil Han. Poslanka SD Bojana Mur\u0161i\u010d je zaradi spornega nakupa flis jopic z denarjem ob\u010dine Ru\u0161e v ponedeljek odstopila z mesta podpredsednice DZ in ob\u010dinske svetnice. Poslanski mandat pa \u017eeli kon\u010dati, je zapisala v javnem pismu. Danes je vodja poslanske skupine Desus Franc Jur\u0161a o odnosih v koaliciji dejal, da posku\u0161a biti Desus &#8220;tampon med velikimi in malimi oziroma prvo in tretjo koalicijsko stranko&#8221;. &#8220;\u017delimo, da koalicija dobro deluje.&#8221; je rekel. Matja\u017e Han pa ugotavlja, da te odnose verjetno vsaka stranka \u010duti po svoje in ima svoj pogled na te\u017eave. SD si po njegovih besedah prizadeva biti odgovorna do vodenja dr\u017eave. &#8220;V\u010dasih pa so nekatere zadeve preve\u010d prozorne, predvsem do na\u0161e stranke,&#8221; je dejal, a da so se ob vstopu v koalicijo zavedali, da so najmanj\u0161a stranka. Prvak SD Dejan \u017didan je po seji vlade danes sicer spomnil, da sta SMC in SD stranki, ki imata tudi razli\u010dne prioritete. Vedno, ko se odprejo nova vpra\u0161anja, se pojavijo tudi razli\u010dna mnenja, kar je po \u017didanovem mnenju razumljivo. A ob tem ne \u017eeli, da bi kdorkoli imel ob\u010dutek, da ima pravico zahtevati, da j<\/p>\n","protected":false},"excerpt":{"rendered":"<p>SD bo za novega podpredsednika dr\u017eavnega zbora predlagala poslanca Matja\u017ea Nemca, je po vrhu koalicije, ki se s predlogom strinja, povedal vodja poslancev SD Matja\u017e Han. Kot pravi, bodo to storili tudi na pro\u0161njo predsednika DZ Milana Brgleza, saj bi z vztrajanjem, da podpredsednika po odstopu Bojane Mur\u0161i\u010d ne predlagajo, povzro\u010dili te\u017eave pri vodenju DZ. &#8220;To odgovornost \u010dutimo za bolj pomembno kot politi\u010dno odlo\u010ditev stranke ali posameznika,&#8221; je po vrhu koalicije pojasnil Han. Po tistem, ko je Mur\u0161i\u010deva zaradi zavajanja pri porabi ob\u010dinskih sredstev odstopila s podpredsedni\u0161ke funkcije, je sicer Han ocenil, da si je SD tega &#8220;jokerja&#8221; zapravila. A se je poslanska skupina v sredo soglasno strinjala, da bo na to mesto predlagala Nemca, danes so predlog predstavili vrhu koalicije. Uradno bodo kandidaturo Nemca tudi v skladu z dogovorom z Brglezom vlo\u017eili \u010dim prej, da bo lahko DZ delal nemoteno, je pojasnil Han. Poslanka SD Bojana Mur\u0161i\u010d je zaradi spornega nakupa flis jopic z denarjem ob\u010dine Ru\u0161e v ponedeljek odstopila z mesta podpredsednice DZ in ob\u010dinske svetnice. Poslanski mandat pa \u017eeli kon\u010dati, je zapisala v javnem pismu. Danes je vodja poslanske skupine Desus Franc Jur\u0161a o odnosih v koaliciji dejal, da posku\u0161a biti Desus &#8220;tampon med velikimi in malimi oziroma prvo in tretjo koalicijsko stranko&#8221;. &#8220;\u017delimo, da koalicija dobro deluje.&#8221; je rekel. Matja\u017e Han pa ugotavlja, da te odnose verjetno vsaka stranka \u010duti po svoje in ima svoj pogled na te\u017eave. SD si po njegovih besedah prizadeva biti odgovorna do vodenja dr\u017eave. &#8220;V\u010dasih pa so nekatere zadeve preve\u010d prozorne, predvsem do na\u0161e stranke,&#8221; je dejal, a da so se ob vstopu v koalicijo zavedali, da so najmanj\u0161a stranka. Prvak SD Dejan \u017didan je po seji vlade danes sicer spomnil, da sta SMC in SD stranki, ki imata tudi razli\u010dne prioritete. Vedno, ko se odprejo nova vpra\u0161anja, se pojavijo tudi razli\u010dna mnenja, kar je po \u017didanovem mnenju razumljivo. A ob tem ne \u017eeli, da bi kdorkoli imel ob\u010dutek, da ima pravico zahtevati, da j<\/p>\n","protected":false},"author":1,"featured_media":0,"comment_status":"closed","ping_status":"closed","sticky":false,"template":"","format":"standard","meta":{"footnotes":""},"categories":[1179],"tags":[],"source":[1711],"supertag":[],"acf":[],"yoast_head":"<!-- This site is optimized with the Yoast SEO plugin v21.3 - https:\/\/yoast.com\/wordpress\/plugins\/seo\/ -->\n<title>- Hudo Slovenija<\/title>\n<meta name=\"robots\" content=\"index, follow, max-snippet:-1, max-image-preview:large, max-video-preview:-1\" \/>\n<link rel=\"canonical\" href=\"https:\/\/hudo.com\/si\/aktualno\/51395\/\" \/>\n<meta property=\"og:locale\" content=\"sl_SI\" \/>\n<meta property=\"og:type\" content=\"article\" \/>\n<meta property=\"og:title\" content=\"- Hudo Slovenija\" \/>\n<meta property=\"og:description\" content=\"SD bo za novega podpredsednika dr\u017eavnega zbora predlagala poslanca Matja\u017ea Nemca, je po vrhu koalicije, ki se s predlogom strinja, povedal vodja poslancev SD Matja\u017e Han. Kot pravi, bodo to storili tudi na pro\u0161njo predsednika DZ Milana Brgleza, saj bi z vztrajanjem, da podpredsednika po odstopu Bojane Mur\u0161i\u010d ne predlagajo, povzro\u010dili te\u017eave pri vodenju DZ. &quot;To odgovornost \u010dutimo za bolj pomembno kot politi\u010dno odlo\u010ditev stranke ali posameznika,&quot; je po vrhu koalicije pojasnil Han. Po tistem, ko je Mur\u0161i\u010deva zaradi zavajanja pri porabi ob\u010dinskih sredstev odstopila s podpredsedni\u0161ke funkcije, je sicer Han ocenil, da si je SD tega &quot;jokerja&quot; zapravila. A se je poslanska skupina v sredo soglasno strinjala, da bo na to mesto predlagala Nemca, danes so predlog predstavili vrhu koalicije. Uradno bodo kandidaturo Nemca tudi v skladu z dogovorom z Brglezom vlo\u017eili \u010dim prej, da bo lahko DZ delal nemoteno, je pojasnil Han. Poslanka SD Bojana Mur\u0161i\u010d je zaradi spornega nakupa flis jopic z denarjem ob\u010dine Ru\u0161e v ponedeljek odstopila z mesta podpredsednice DZ in ob\u010dinske svetnice. Poslanski mandat pa \u017eeli kon\u010dati, je zapisala v javnem pismu. Danes je vodja poslanske skupine Desus Franc Jur\u0161a o odnosih v koaliciji dejal, da posku\u0161a biti Desus &quot;tampon med velikimi in malimi oziroma prvo in tretjo koalicijsko stranko&quot;. &quot;\u017delimo, da koalicija dobro deluje.&quot; je rekel. Matja\u017e Han pa ugotavlja, da te odnose verjetno vsaka stranka \u010duti po svoje in ima svoj pogled na te\u017eave. SD si po njegovih besedah prizadeva biti odgovorna do vodenja dr\u017eave. &quot;V\u010dasih pa so nekatere zadeve preve\u010d prozorne, predvsem do na\u0161e stranke,&quot; je dejal, a da so se ob vstopu v koalicijo zavedali, da so najmanj\u0161a stranka. Prvak SD Dejan \u017didan je po seji vlade danes sicer spomnil, da sta SMC in SD stranki, ki imata tudi razli\u010dne prioritete. Vedno, ko se odprejo nova vpra\u0161anja, se pojavijo tudi razli\u010dna mnenja, kar je po \u017didanovem mnenju razumljivo. A ob tem ne \u017eeli, da bi kdorkoli imel ob\u010dutek, da ima pravico zahtevati, da j\" \/>\n<meta property=\"og:url\" content=\"https:\/\/hudo.com\/si\/aktualno\/51395\/\" \/>\n<meta property=\"og:site_name\" content=\"Hudo Slovenija\" \/>\n<meta property=\"article:publisher\" content=\"https:\/\/www.facebook.com\/hudo.si\" \/>\n<meta property=\"article:published_time\" content=\"2016-05-12T13:50:00+00:00\" \/>\n<meta property=\"article:modified_time\" content=\"2016-05-12T19:12:42+00:00\" \/>\n<meta property=\"og:image\" content=\"https:\/\/hudo.com\/si\/wp-content\/uploads\/sites\/2\/2016\/05\/01381494F-300-1.jpg\" \/>\n\t<meta property=\"og:image:width\" content=\"450\" \/>\n\t<meta property=\"og:image:height\" content=\"308\" \/>\n\t<meta property=\"og:image:type\" content=\"image\/jpeg\" \/>\n<meta name=\"author\" content=\"hudo\" \/>\n<meta name=\"twitter:card\" content=\"summary_large_image\" \/>\n<meta name=\"twitter:creator\" content=\"@hudo_si\" \/>\n<meta name=\"twitter:site\" content=\"@hudo_si\" \/>\n<meta name=\"twitter:label1\" content=\"Written by\" \/>\n\t<meta name=\"twitter:data1\" content=\"hudo\" \/>\n\t<meta name=\"twitter:label2\" content=\"Est. reading time\" \/>\n\t<meta name=\"twitter:data2\" content=\"2 minuti\" \/>\n<script type=\"application\/ld+json\" class=\"yoast-schema-graph\">{\"@context\":\"https:\/\/schema.org\",\"@graph\":[{\"@type\":\"Article\",\"@id\":\"https:\/\/hudo.com\/si\/aktualno\/51395\/#article\",\"isPartOf\":{\"@id\":\"https:\/\/hudo.com\/si\/aktualno\/51395\/\"},\"author\":{\"name\":\"hudo\",\"@id\":\"https:\/\/hudo.com\/si\/#\/schema\/person\/601cf3379633985b20f7e50f2bb47707\"},\"headline\":\"No title\",\"datePublished\":\"2016-05-12T13:50:00+00:00\",\"dateModified\":\"2016-05-12T19:12:42+00:00\",\"mainEntityOfPage\":{\"@id\":\"https:\/\/hudo.com\/si\/aktualno\/51395\/\"},\"wordCount\":353,\"publisher\":{\"@id\":\"https:\/\/hudo.com\/si\/#organization\"},\"articleSection\":[\"Aktualno\"],\"inLanguage\":\"sl-SI\"},{\"@type\":\"WebPage\",\"@id\":\"https:\/\/hudo.com\/si\/aktualno\/51395\/\",\"url\":\"https:\/\/hudo.com\/si\/aktualno\/51395\/\",\"name\":\"- Hudo Slovenija\",\"isPartOf\":{\"@id\":\"https:\/\/hudo.com\/si\/#website\"},\"datePublished\":\"2016-05-12T13:50:00+00:00\",\"dateModified\":\"2016-05-12T19:12:42+00:00\",\"inLanguage\":\"sl-SI\",\"potentialAction\":[{\"@type\":\"ReadAction\",\"target\":[\"https:\/\/hudo.com\/si\/aktualno\/51395\/\"]}]},{\"@type\":\"WebSite\",\"@id\":\"https:\/\/hudo.com\/si\/#website\",\"url\":\"https:\/\/hudo.com\/si\/\",\"name\":\"Hudo Slovenija\",\"description\":\"Vse novice iz Slovenije in sveta\",\"publisher\":{\"@id\":\"https:\/\/hudo.com\/si\/#organization\"},\"potentialAction\":[{\"@type\":\"SearchAction\",\"target\":{\"@type\":\"EntryPoint\",\"urlTemplate\":\"https:\/\/hudo.com\/si\/?s={search_term_string}\"},\"query-input\":\"required name=search_term_string\"}],\"inLanguage\":\"sl-SI\"},{\"@type\":\"Organization\",\"@id\":\"https:\/\/hudo.com\/si\/#organization\",\"name\":\"VSN Media\",\"url\":\"https:\/\/hudo.com\/si\/\",\"logo\":{\"@type\":\"ImageObject\",\"inLanguage\":\"sl-SI\",\"@id\":\"https:\/\/hudo.com\/si\/#\/schema\/logo\/image\/\",\"url\":\"https:\/\/hudo.com\/si\/wp-content\/uploads\/sites\/2\/2021\/03\/hudo-app-2.png\",\"contentUrl\":\"https:\/\/hudo.com\/si\/wp-content\/uploads\/sites\/2\/2021\/03\/hudo-app-2.png\",\"width\":2185,\"height\":2167,\"caption\":\"VSN Media\"},\"image\":{\"@id\":\"https:\/\/hudo.com\/si\/#\/schema\/logo\/image\/\"},\"sameAs\":[\"https:\/\/www.facebook.com\/hudo.si\",\"https:\/\/twitter.com\/hudo_si\"]},{\"@type\":\"Person\",\"@id\":\"https:\/\/hudo.com\/si\/#\/schema\/person\/601cf3379633985b20f7e50f2bb47707\",\"name\":\"hudo\",\"image\":{\"@type\":\"ImageObject\",\"inLanguage\":\"sl-SI\",\"@id\":\"https:\/\/hudo.com\/si\/#\/schema\/person\/image\/\",\"url\":\"https:\/\/secure.gravatar.com\/avatar\/c4ca25fa72cace7a696b52ff5db9e095?s=96&d=mm&r=g\",\"contentUrl\":\"https:\/\/secure.gravatar.com\/avatar\/c4ca25fa72cace7a696b52ff5db9e095?s=96&d=mm&r=g\",\"caption\":\"hudo\"},\"url\":\"https:\/\/hudo.com\/si\/author\/hudo\/\"}]}<\/script>\n<!-- \/ Yoast SEO plugin. -->","yoast_head_json":{"title":"- Hudo Slovenija","robots":{"index":"index","follow":"follow","max-snippet":"max-snippet:-1","max-image-preview":"max-image-preview:large","max-video-preview":"max-video-preview:-1"},"canonical":"https:\/\/hudo.com\/si\/aktualno\/51395\/","og_locale":"sl_SI","og_type":"article","og_title":"- Hudo Slovenija","og_description":"SD bo za novega podpredsednika dr\u017eavnega zbora predlagala poslanca Matja\u017ea Nemca, je po vrhu koalicije, ki se s predlogom strinja, povedal vodja poslancev SD Matja\u017e Han. Kot pravi, bodo to storili tudi na pro\u0161njo predsednika DZ Milana Brgleza, saj bi z vztrajanjem, da podpredsednika po odstopu Bojane Mur\u0161i\u010d ne predlagajo, povzro\u010dili te\u017eave pri vodenju DZ. \"To odgovornost \u010dutimo za bolj pomembno kot politi\u010dno odlo\u010ditev stranke ali posameznika,\" je po vrhu koalicije pojasnil Han. Po tistem, ko je Mur\u0161i\u010deva zaradi zavajanja pri porabi ob\u010dinskih sredstev odstopila s podpredsedni\u0161ke funkcije, je sicer Han ocenil, da si je SD tega \"jokerja\" zapravila. A se je poslanska skupina v sredo soglasno strinjala, da bo na to mesto predlagala Nemca, danes so predlog predstavili vrhu koalicije. Uradno bodo kandidaturo Nemca tudi v skladu z dogovorom z Brglezom vlo\u017eili \u010dim prej, da bo lahko DZ delal nemoteno, je pojasnil Han. Poslanka SD Bojana Mur\u0161i\u010d je zaradi spornega nakupa flis jopic z denarjem ob\u010dine Ru\u0161e v ponedeljek odstopila z mesta podpredsednice DZ in ob\u010dinske svetnice. Poslanski mandat pa \u017eeli kon\u010dati, je zapisala v javnem pismu. Danes je vodja poslanske skupine Desus Franc Jur\u0161a o odnosih v koaliciji dejal, da posku\u0161a biti Desus \"tampon med velikimi in malimi oziroma prvo in tretjo koalicijsko stranko\". \"\u017delimo, da koalicija dobro deluje.\" je rekel. Matja\u017e Han pa ugotavlja, da te odnose verjetno vsaka stranka \u010duti po svoje in ima svoj pogled na te\u017eave. SD si po njegovih besedah prizadeva biti odgovorna do vodenja dr\u017eave. \"V\u010dasih pa so nekatere zadeve preve\u010d prozorne, predvsem do na\u0161e stranke,\" je dejal, a da so se ob vstopu v koalicijo zavedali, da so najmanj\u0161a stranka. Prvak SD Dejan \u017didan je po seji vlade danes sicer spomnil, da sta SMC in SD stranki, ki imata tudi razli\u010dne prioritete. Vedno, ko se odprejo nova vpra\u0161anja, se pojavijo tudi razli\u010dna mnenja, kar je po \u017didanovem mnenju razumljivo. A ob tem ne \u017eeli, da bi kdorkoli imel ob\u010dutek, da ima pravico zahtevati, da j","og_url":"https:\/\/hudo.com\/si\/aktualno\/51395\/","og_site_name":"Hudo Slovenija","article_publisher":"https:\/\/www.facebook.com\/hudo.si","article_published_time":"2016-05-12T13:50:00+00:00","article_modified_time":"2016-05-12T19:12:42+00:00","og_image":[{"width":450,"height":308,"url":"https:\/\/hudo.com\/si\/wp-content\/uploads\/sites\/2\/2016\/05\/01381494F-300-1.jpg","type":"image\/jpeg"}],"author":"hudo","twitter_card":"summary_large_image","twitter_creator":"@hudo_si","twitter_site":"@hudo_si","twitter_misc":{"Written by":"hudo","Est. reading time":"2 minuti"},"schema":{"@context":"https:\/\/schema.org","@graph":[{"@type":"Article","@id":"https:\/\/hudo.com\/si\/aktualno\/51395\/#article","isPartOf":{"@id":"https:\/\/hudo.com\/si\/aktualno\/51395\/"},"author":{"name":"hudo","@id":"https:\/\/hudo.com\/si\/#\/schema\/person\/601cf3379633985b20f7e50f2bb47707"},"headline":"No title","datePublished":"2016-05-12T13:50:00+00:00","dateModified":"2016-05-12T19:12:42+00:00","mainEntityOfPage":{"@id":"https:\/\/hudo.com\/si\/aktualno\/51395\/"},"wordCount":353,"publisher":{"@id":"https:\/\/hudo.com\/si\/#organization"},"articleSection":["Aktualno"],"inLanguage":"sl-SI"},{"@type":"WebPage","@id":"https:\/\/hudo.com\/si\/aktualno\/51395\/","url":"https:\/\/hudo.com\/si\/aktualno\/51395\/","name":"- Hudo Slovenija","isPartOf":{"@id":"https:\/\/hudo.com\/si\/#website"},"datePublished":"2016-05-12T13:50:00+00:00","dateModified":"2016-05-12T19:12:42+00:00","inLanguage":"sl-SI","potentialAction":[{"@type":"ReadAction","target":["https:\/\/hudo.com\/si\/aktualno\/51395\/"]}]},{"@type":"WebSite","@id":"https:\/\/hudo.com\/si\/#website","url":"https:\/\/hudo.com\/si\/","name":"Hudo Slovenija","description":"Vse novice iz Slovenije in sveta","publisher":{"@id":"https:\/\/hudo.com\/si\/#organization"},"potentialAction":[{"@type":"SearchAction","target":{"@type":"EntryPoint","urlTemplate":"https:\/\/hudo.com\/si\/?s={search_term_string}"},"query-input":"required name=search_term_string"}],"inLanguage":"sl-SI"},{"@type":"Organization","@id":"https:\/\/hudo.com\/si\/#organization","name":"VSN Media","url":"https:\/\/hudo.com\/si\/","logo":{"@type":"ImageObject","inLanguage":"sl-SI","@id":"https:\/\/hudo.com\/si\/#\/schema\/logo\/image\/","url":"https:\/\/hudo.com\/si\/wp-content\/uploads\/sites\/2\/2021\/03\/hudo-app-2.png","contentUrl":"https:\/\/hudo.com\/si\/wp-content\/uploads\/sites\/2\/2021\/03\/hudo-app-2.png","width":2185,"height":2167,"caption":"VSN Media"},"image":{"@id":"https:\/\/hudo.com\/si\/#\/schema\/logo\/image\/"},"sameAs":["https:\/\/www.facebook.com\/hudo.si","https:\/\/twitter.com\/hudo_si"]},{"@type":"Person","@id":"https:\/\/hudo.com\/si\/#\/schema\/person\/601cf3379633985b20f7e50f2bb47707","name":"hudo","image":{"@type":"ImageObject","inLanguage":"sl-SI","@id":"https:\/\/hudo.com\/si\/#\/schema\/person\/image\/","url":"https:\/\/secure.gravatar.com\/avatar\/c4ca25fa72cace7a696b52ff5db9e095?s=96&d=mm&r=g","contentUrl":"https:\/\/secure.gravatar.com\/avatar\/c4ca25fa72cace7a696b52ff5db9e095?s=96&d=mm&r=g","caption":"hudo"},"url":"https:\/\/hudo.com\/si\/author\/hudo\/"}]}},"amp_enabled":true,"_links":{"self":[{"href":"https:\/\/hudo.com\/si\/wp-json\/wp\/v2\/posts\/51395"}],"collection":[{"href":"https:\/\/hudo.com\/si\/wp-json\/wp\/v2\/posts"}],"about":[{"href":"https:\/\/hudo.com\/si\/wp-json\/wp\/v2\/types\/post"}],"author":[{"embeddable":true,"href":"https:\/\/hudo.com\/si\/wp-json\/wp\/v2\/users\/1"}],"replies":[{"embeddable":true,"href":"https:\/\/hudo.com\/si\/wp-json\/wp\/v2\/comments?post=51395"}],"version-history":[{"count":1,"href":"https:\/\/hudo.com\/si\/wp-json\/wp\/v2\/posts\/51395\/revisions"}],"predecessor-version":[{"id":51510,"href":"https:\/\/hudo.com\/si\/wp-json\/wp\/v2\/posts\/51395\/revisions\/51510"}],"wp:attachment":[{"href":"https:\/\/hudo.com\/si\/wp-json\/wp\/v2\/media?parent=51395"}],"wp:term":[{"taxonomy":"category","embeddable":true,"href":"https:\/\/hudo.com\/si\/wp-json\/wp\/v2\/categories?post=51395"},{"taxonomy":"post_tag","embeddable":true,"href":"https:\/\/hudo.com\/si\/wp-json\/wp\/v2\/tags?post=51395"},{"taxonomy":"source","embeddable":true,"href":"https:\/\/hudo.com\/si\/wp-json\/wp\/v2\/source?post=51395"},{"taxonomy":"supertag","embeddable":true,"href":"https:\/\/hudo.com\/si\/wp-json\/wp\/v2\/supertag?post=51395"}],"curies":[{"name":"wp","href":"https:\/\/api.w.org\/{rel}","templated":true}]}}