{"id":51399,"date":"2016-05-12T15:45:00","date_gmt":"2016-05-12T13:45:00","guid":{"rendered":"http:\/\/hudo.com\/si\/2016\/05\/12\/erjavec-v-dubrovniku-prihodnost-evrope-je-tudi-v-regijskem-povezovanju\/"},"modified":"2016-05-13T13:32:09","modified_gmt":"2016-05-13T11:32:09","slug":"erjavec-v-dubrovniku-prihodnost-evrope-je-tudi-v-regijskem-povezovanju","status":"publish","type":"post","link":"https:\/\/hudo.com\/si\/aktualno\/erjavec-v-dubrovniku-prihodnost-evrope-je-tudi-v-regijskem-povezovanju\/","title":{"rendered":"Erjavec v Dubrovniku: Prihodnost Evrope je tudi v regijskem povezovanju"},"content":{"rendered":"<p>Prihodnost Evrope je tudi v regijskem povezovanju in regijskem delovanju, je v Dubrovniku danes izpostavil slovenski zunanji minister Karl Erjavec. Dr\u017eave v Jadransko-jonski makroregiji imajo \u0161tevilne skupne interese, obenem pa lahko ta platforma zagotovi pospe\u0161ek tistim sodelujo\u010dim dr\u017eavam, ki so \u0161e na poti proti EU, je menil. Z drugimi dr\u017eavami evropske Jadransko-jonske makroregije imamo dolo\u010dene skupne interese &#8211; na primer varstvo okolja, bolj\u0161e prometne povezave, tudi na podro\u010dju turizma je veliko prilo\u017enosti, je ob robu prvega foruma Strategije EU za Jadransko-jonsko regijo (EUSAIR) dejal Erjavec. &#8220;Ob tem pa lahko izkoristimo regije za pospe\u0161ek tistim dr\u017eavam, ki \u0161e niso \u010dlanice EU,&#8221; je menil slovenski minister. Jadransko-jonska regija namre\u010d vklju\u010duje \u0161tiri \u010dlanice in \u0161tiri ne\u010dlanice EU in slednje potrebujejo ta zagon pri pribli\u017eevanju evropskim integracijam, je ocenil Erjavec. &#8220;Vemo, da v EU, ki se v tem trenutku soo\u010da z drugimi problemi, ta proces lahko zastane,&#8221; je dejal. Regionalno sodelovanje je zato pomemben signal tudi za EU. Slovenija bo sicer gostila podporno to\u010dko, ki bo nudila podporo izvajanju strategije v okviru transnacionalnega programa ADRION. Kdaj to\u010dno naj bi ta to\u010dka za\u017eivela, Erjavec \u0161e ni \u017eelel napovedati. &#8220;Stvari se odvijajo v pravo smer, vedno pa je temeljno vpra\u0161anje financiranja,&#8221; je pojasnil. Sicer pa je ocenil, da je bil danes v tej smeri narejen korak naprej. &#8220;\u010ce makroregije ne bodo imele ustrezne finan\u010dnega podpore, bomo zelo te\u017eko realizirali projekte. Zato je pomembno, da imamo notranje sodelovanje in da vse dr\u017eave aktivno sodelujejo,&#8221; je \u0161e dejal.Svet<\/p>\n","protected":false},"excerpt":{"rendered":"<p>Prihodnost Evrope je tudi v regijskem povezovanju in regijskem delovanju, je v Dubrovniku danes izpostavil slovenski zunanji minister Karl Erjavec. Dr\u017eave v Jadransko-jonski makroregiji imajo \u0161tevilne skupne interese, obenem pa lahko ta platforma zagotovi pospe\u0161ek tistim sodelujo\u010dim dr\u017eavam, ki so \u0161e na poti proti EU, je menil. Z drugimi dr\u017eavami evropske Jadransko-jonske makroregije imamo dolo\u010dene skupne interese &#8211; na primer varstvo okolja, bolj\u0161e prometne povezave, tudi na podro\u010dju turizma je veliko prilo\u017enosti, je ob robu prvega foruma Strategije EU za Jadransko-jonsko regijo (EUSAIR) dejal Erjavec. &#8220;Ob tem pa lahko izkoristimo regije za pospe\u0161ek tistim dr\u017eavam, ki \u0161e niso \u010dlanice EU,&#8221; je menil slovenski minister. Jadransko-jonska regija namre\u010d vklju\u010duje \u0161tiri \u010dlanice in \u0161tiri ne\u010dlanice EU in slednje potrebujejo ta zagon pri pribli\u017eevanju evropskim integracijam, je ocenil Erjavec. &#8220;Vemo, da v EU, ki se v tem trenutku soo\u010da z drugimi problemi, ta proces lahko zastane,&#8221; je dejal. Regionalno sodelovanje je zato pomemben signal tudi za EU. Slovenija bo sicer gostila podporno to\u010dko, ki bo nudila podporo izvajanju strategije v okviru transnacionalnega programa ADRION. Kdaj to\u010dno naj bi ta to\u010dka za\u017eivela, Erjavec \u0161e ni \u017eelel napovedati. &#8220;Stvari se odvijajo v pravo smer, vedno pa je temeljno vpra\u0161anje financiranja,&#8221; je pojasnil. Sicer pa je ocenil, da je bil danes v tej smeri narejen korak naprej. &#8220;\u010ce makroregije ne bodo imele ustrezne finan\u010dnega podpore, bomo zelo te\u017eko realizirali projekte. Zato je pomembno, da imamo notranje sodelovanje in da vse dr\u017eave aktivno sodelujejo,&#8221; je \u0161e dejal.Svet<\/p>\n","protected":false},"author":1,"featured_media":0,"comment_status":"closed","ping_status":"closed","sticky":false,"template":"","format":"standard","meta":{"footnotes":""},"categories":[1179],"tags":[],"source":[1711],"supertag":[],"acf":[],"yoast_head":"<!-- This site is optimized with the Yoast SEO plugin v21.3 - https:\/\/yoast.com\/wordpress\/plugins\/seo\/ -->\n<title>Erjavec v Dubrovniku: Prihodnost Evrope je tudi v regijskem povezovanju - Hudo Slovenija<\/title>\n<meta name=\"robots\" content=\"index, follow, max-snippet:-1, max-image-preview:large, max-video-preview:-1\" \/>\n<link rel=\"canonical\" href=\"https:\/\/hudo.com\/si\/aktualno\/erjavec-v-dubrovniku-prihodnost-evrope-je-tudi-v-regijskem-povezovanju\/\" \/>\n<meta property=\"og:locale\" content=\"sl_SI\" \/>\n<meta property=\"og:type\" content=\"article\" \/>\n<meta property=\"og:title\" content=\"Erjavec v Dubrovniku: Prihodnost Evrope je tudi v regijskem povezovanju - Hudo Slovenija\" \/>\n<meta property=\"og:description\" content=\"Prihodnost Evrope je tudi v regijskem povezovanju in regijskem delovanju, je v Dubrovniku danes izpostavil slovenski zunanji minister Karl Erjavec. Dr\u017eave v Jadransko-jonski makroregiji imajo \u0161tevilne skupne interese, obenem pa lahko ta platforma zagotovi pospe\u0161ek tistim sodelujo\u010dim dr\u017eavam, ki so \u0161e na poti proti EU, je menil. Z drugimi dr\u017eavami evropske Jadransko-jonske makroregije imamo dolo\u010dene skupne interese - na primer varstvo okolja, bolj\u0161e prometne povezave, tudi na podro\u010dju turizma je veliko prilo\u017enosti, je ob robu prvega foruma Strategije EU za Jadransko-jonsko regijo (EUSAIR) dejal Erjavec. &quot;Ob tem pa lahko izkoristimo regije za pospe\u0161ek tistim dr\u017eavam, ki \u0161e niso \u010dlanice EU,&quot; je menil slovenski minister. Jadransko-jonska regija namre\u010d vklju\u010duje \u0161tiri \u010dlanice in \u0161tiri ne\u010dlanice EU in slednje potrebujejo ta zagon pri pribli\u017eevanju evropskim integracijam, je ocenil Erjavec. &quot;Vemo, da v EU, ki se v tem trenutku soo\u010da z drugimi problemi, ta proces lahko zastane,&quot; je dejal. Regionalno sodelovanje je zato pomemben signal tudi za EU. Slovenija bo sicer gostila podporno to\u010dko, ki bo nudila podporo izvajanju strategije v okviru transnacionalnega programa ADRION. Kdaj to\u010dno naj bi ta to\u010dka za\u017eivela, Erjavec \u0161e ni \u017eelel napovedati. &quot;Stvari se odvijajo v pravo smer, vedno pa je temeljno vpra\u0161anje financiranja,&quot; je pojasnil. Sicer pa je ocenil, da je bil danes v tej smeri narejen korak naprej. &quot;\u010ce makroregije ne bodo imele ustrezne finan\u010dnega podpore, bomo zelo te\u017eko realizirali projekte. Zato je pomembno, da imamo notranje sodelovanje in da vse dr\u017eave aktivno sodelujejo,&quot; je \u0161e dejal.Svet\" \/>\n<meta property=\"og:url\" content=\"https:\/\/hudo.com\/si\/aktualno\/erjavec-v-dubrovniku-prihodnost-evrope-je-tudi-v-regijskem-povezovanju\/\" \/>\n<meta property=\"og:site_name\" content=\"Hudo Slovenija\" \/>\n<meta property=\"article:publisher\" content=\"https:\/\/www.facebook.com\/hudo.si\" \/>\n<meta property=\"article:published_time\" content=\"2016-05-12T13:45:00+00:00\" \/>\n<meta property=\"article:modified_time\" content=\"2016-05-13T11:32:09+00:00\" \/>\n<meta property=\"og:image\" content=\"https:\/\/hudo.com\/si\/wp-content\/uploads\/sites\/2\/2016\/05\/01444524F-300.jpg\" \/>\n\t<meta property=\"og:image:width\" content=\"450\" \/>\n\t<meta property=\"og:image:height\" content=\"303\" \/>\n\t<meta property=\"og:image:type\" content=\"image\/jpeg\" \/>\n<meta name=\"author\" content=\"hudo\" \/>\n<meta name=\"twitter:card\" content=\"summary_large_image\" \/>\n<meta name=\"twitter:creator\" content=\"@hudo_si\" \/>\n<meta name=\"twitter:site\" content=\"@hudo_si\" \/>\n<meta name=\"twitter:label1\" content=\"Written by\" \/>\n\t<meta name=\"twitter:data1\" content=\"hudo\" \/>\n\t<meta name=\"twitter:label2\" content=\"Est. reading time\" \/>\n\t<meta name=\"twitter:data2\" content=\"1 minuta\" \/>\n<script type=\"application\/ld+json\" class=\"yoast-schema-graph\">{\"@context\":\"https:\/\/schema.org\",\"@graph\":[{\"@type\":\"Article\",\"@id\":\"https:\/\/hudo.com\/si\/aktualno\/erjavec-v-dubrovniku-prihodnost-evrope-je-tudi-v-regijskem-povezovanju\/#article\",\"isPartOf\":{\"@id\":\"https:\/\/hudo.com\/si\/aktualno\/erjavec-v-dubrovniku-prihodnost-evrope-je-tudi-v-regijskem-povezovanju\/\"},\"author\":{\"name\":\"hudo\",\"@id\":\"https:\/\/hudo.com\/si\/#\/schema\/person\/601cf3379633985b20f7e50f2bb47707\"},\"headline\":\"Erjavec v Dubrovniku: Prihodnost Evrope je tudi v regijskem povezovanju\",\"datePublished\":\"2016-05-12T13:45:00+00:00\",\"dateModified\":\"2016-05-13T11:32:09+00:00\",\"mainEntityOfPage\":{\"@id\":\"https:\/\/hudo.com\/si\/aktualno\/erjavec-v-dubrovniku-prihodnost-evrope-je-tudi-v-regijskem-povezovanju\/\"},\"wordCount\":274,\"publisher\":{\"@id\":\"https:\/\/hudo.com\/si\/#organization\"},\"articleSection\":[\"Aktualno\"],\"inLanguage\":\"sl-SI\"},{\"@type\":\"WebPage\",\"@id\":\"https:\/\/hudo.com\/si\/aktualno\/erjavec-v-dubrovniku-prihodnost-evrope-je-tudi-v-regijskem-povezovanju\/\",\"url\":\"https:\/\/hudo.com\/si\/aktualno\/erjavec-v-dubrovniku-prihodnost-evrope-je-tudi-v-regijskem-povezovanju\/\",\"name\":\"Erjavec v Dubrovniku: Prihodnost Evrope je tudi v regijskem povezovanju - Hudo Slovenija\",\"isPartOf\":{\"@id\":\"https:\/\/hudo.com\/si\/#website\"},\"datePublished\":\"2016-05-12T13:45:00+00:00\",\"dateModified\":\"2016-05-13T11:32:09+00:00\",\"breadcrumb\":{\"@id\":\"https:\/\/hudo.com\/si\/aktualno\/erjavec-v-dubrovniku-prihodnost-evrope-je-tudi-v-regijskem-povezovanju\/#breadcrumb\"},\"inLanguage\":\"sl-SI\",\"potentialAction\":[{\"@type\":\"ReadAction\",\"target\":[\"https:\/\/hudo.com\/si\/aktualno\/erjavec-v-dubrovniku-prihodnost-evrope-je-tudi-v-regijskem-povezovanju\/\"]}]},{\"@type\":\"BreadcrumbList\",\"@id\":\"https:\/\/hudo.com\/si\/aktualno\/erjavec-v-dubrovniku-prihodnost-evrope-je-tudi-v-regijskem-povezovanju\/#breadcrumb\",\"itemListElement\":[{\"@type\":\"ListItem\",\"position\":1,\"name\":\"Home\",\"item\":\"https:\/\/hudo.com\/si\/\"},{\"@type\":\"ListItem\",\"position\":2,\"name\":\"Erjavec v Dubrovniku: Prihodnost Evrope je tudi v regijskem povezovanju\"}]},{\"@type\":\"WebSite\",\"@id\":\"https:\/\/hudo.com\/si\/#website\",\"url\":\"https:\/\/hudo.com\/si\/\",\"name\":\"Hudo Slovenija\",\"description\":\"Vse novice iz Slovenije in sveta\",\"publisher\":{\"@id\":\"https:\/\/hudo.com\/si\/#organization\"},\"potentialAction\":[{\"@type\":\"SearchAction\",\"target\":{\"@type\":\"EntryPoint\",\"urlTemplate\":\"https:\/\/hudo.com\/si\/?s={search_term_string}\"},\"query-input\":\"required name=search_term_string\"}],\"inLanguage\":\"sl-SI\"},{\"@type\":\"Organization\",\"@id\":\"https:\/\/hudo.com\/si\/#organization\",\"name\":\"VSN Media\",\"url\":\"https:\/\/hudo.com\/si\/\",\"logo\":{\"@type\":\"ImageObject\",\"inLanguage\":\"sl-SI\",\"@id\":\"https:\/\/hudo.com\/si\/#\/schema\/logo\/image\/\",\"url\":\"https:\/\/hudo.com\/si\/wp-content\/uploads\/sites\/2\/2021\/03\/hudo-app-2.png\",\"contentUrl\":\"https:\/\/hudo.com\/si\/wp-content\/uploads\/sites\/2\/2021\/03\/hudo-app-2.png\",\"width\":2185,\"height\":2167,\"caption\":\"VSN Media\"},\"image\":{\"@id\":\"https:\/\/hudo.com\/si\/#\/schema\/logo\/image\/\"},\"sameAs\":[\"https:\/\/www.facebook.com\/hudo.si\",\"https:\/\/twitter.com\/hudo_si\"]},{\"@type\":\"Person\",\"@id\":\"https:\/\/hudo.com\/si\/#\/schema\/person\/601cf3379633985b20f7e50f2bb47707\",\"name\":\"hudo\",\"image\":{\"@type\":\"ImageObject\",\"inLanguage\":\"sl-SI\",\"@id\":\"https:\/\/hudo.com\/si\/#\/schema\/person\/image\/\",\"url\":\"https:\/\/secure.gravatar.com\/avatar\/c4ca25fa72cace7a696b52ff5db9e095?s=96&d=mm&r=g\",\"contentUrl\":\"https:\/\/secure.gravatar.com\/avatar\/c4ca25fa72cace7a696b52ff5db9e095?s=96&d=mm&r=g\",\"caption\":\"hudo\"},\"url\":\"https:\/\/hudo.com\/si\/author\/hudo\/\"}]}<\/script>\n<!-- \/ Yoast SEO plugin. -->","yoast_head_json":{"title":"Erjavec v Dubrovniku: Prihodnost Evrope je tudi v regijskem povezovanju - Hudo Slovenija","robots":{"index":"index","follow":"follow","max-snippet":"max-snippet:-1","max-image-preview":"max-image-preview:large","max-video-preview":"max-video-preview:-1"},"canonical":"https:\/\/hudo.com\/si\/aktualno\/erjavec-v-dubrovniku-prihodnost-evrope-je-tudi-v-regijskem-povezovanju\/","og_locale":"sl_SI","og_type":"article","og_title":"Erjavec v Dubrovniku: Prihodnost Evrope je tudi v regijskem povezovanju - Hudo Slovenija","og_description":"Prihodnost Evrope je tudi v regijskem povezovanju in regijskem delovanju, je v Dubrovniku danes izpostavil slovenski zunanji minister Karl Erjavec. Dr\u017eave v Jadransko-jonski makroregiji imajo \u0161tevilne skupne interese, obenem pa lahko ta platforma zagotovi pospe\u0161ek tistim sodelujo\u010dim dr\u017eavam, ki so \u0161e na poti proti EU, je menil. Z drugimi dr\u017eavami evropske Jadransko-jonske makroregije imamo dolo\u010dene skupne interese - na primer varstvo okolja, bolj\u0161e prometne povezave, tudi na podro\u010dju turizma je veliko prilo\u017enosti, je ob robu prvega foruma Strategije EU za Jadransko-jonsko regijo (EUSAIR) dejal Erjavec. \"Ob tem pa lahko izkoristimo regije za pospe\u0161ek tistim dr\u017eavam, ki \u0161e niso \u010dlanice EU,\" je menil slovenski minister. Jadransko-jonska regija namre\u010d vklju\u010duje \u0161tiri \u010dlanice in \u0161tiri ne\u010dlanice EU in slednje potrebujejo ta zagon pri pribli\u017eevanju evropskim integracijam, je ocenil Erjavec. \"Vemo, da v EU, ki se v tem trenutku soo\u010da z drugimi problemi, ta proces lahko zastane,\" je dejal. Regionalno sodelovanje je zato pomemben signal tudi za EU. Slovenija bo sicer gostila podporno to\u010dko, ki bo nudila podporo izvajanju strategije v okviru transnacionalnega programa ADRION. Kdaj to\u010dno naj bi ta to\u010dka za\u017eivela, Erjavec \u0161e ni \u017eelel napovedati. \"Stvari se odvijajo v pravo smer, vedno pa je temeljno vpra\u0161anje financiranja,\" je pojasnil. Sicer pa je ocenil, da je bil danes v tej smeri narejen korak naprej. \"\u010ce makroregije ne bodo imele ustrezne finan\u010dnega podpore, bomo zelo te\u017eko realizirali projekte. Zato je pomembno, da imamo notranje sodelovanje in da vse dr\u017eave aktivno sodelujejo,\" je \u0161e dejal.Svet","og_url":"https:\/\/hudo.com\/si\/aktualno\/erjavec-v-dubrovniku-prihodnost-evrope-je-tudi-v-regijskem-povezovanju\/","og_site_name":"Hudo Slovenija","article_publisher":"https:\/\/www.facebook.com\/hudo.si","article_published_time":"2016-05-12T13:45:00+00:00","article_modified_time":"2016-05-13T11:32:09+00:00","og_image":[{"width":450,"height":303,"url":"https:\/\/hudo.com\/si\/wp-content\/uploads\/sites\/2\/2016\/05\/01444524F-300.jpg","type":"image\/jpeg"}],"author":"hudo","twitter_card":"summary_large_image","twitter_creator":"@hudo_si","twitter_site":"@hudo_si","twitter_misc":{"Written by":"hudo","Est. reading time":"1 minuta"},"schema":{"@context":"https:\/\/schema.org","@graph":[{"@type":"Article","@id":"https:\/\/hudo.com\/si\/aktualno\/erjavec-v-dubrovniku-prihodnost-evrope-je-tudi-v-regijskem-povezovanju\/#article","isPartOf":{"@id":"https:\/\/hudo.com\/si\/aktualno\/erjavec-v-dubrovniku-prihodnost-evrope-je-tudi-v-regijskem-povezovanju\/"},"author":{"name":"hudo","@id":"https:\/\/hudo.com\/si\/#\/schema\/person\/601cf3379633985b20f7e50f2bb47707"},"headline":"Erjavec v Dubrovniku: Prihodnost Evrope je tudi v regijskem povezovanju","datePublished":"2016-05-12T13:45:00+00:00","dateModified":"2016-05-13T11:32:09+00:00","mainEntityOfPage":{"@id":"https:\/\/hudo.com\/si\/aktualno\/erjavec-v-dubrovniku-prihodnost-evrope-je-tudi-v-regijskem-povezovanju\/"},"wordCount":274,"publisher":{"@id":"https:\/\/hudo.com\/si\/#organization"},"articleSection":["Aktualno"],"inLanguage":"sl-SI"},{"@type":"WebPage","@id":"https:\/\/hudo.com\/si\/aktualno\/erjavec-v-dubrovniku-prihodnost-evrope-je-tudi-v-regijskem-povezovanju\/","url":"https:\/\/hudo.com\/si\/aktualno\/erjavec-v-dubrovniku-prihodnost-evrope-je-tudi-v-regijskem-povezovanju\/","name":"Erjavec v Dubrovniku: Prihodnost Evrope je tudi v regijskem povezovanju - Hudo Slovenija","isPartOf":{"@id":"https:\/\/hudo.com\/si\/#website"},"datePublished":"2016-05-12T13:45:00+00:00","dateModified":"2016-05-13T11:32:09+00:00","breadcrumb":{"@id":"https:\/\/hudo.com\/si\/aktualno\/erjavec-v-dubrovniku-prihodnost-evrope-je-tudi-v-regijskem-povezovanju\/#breadcrumb"},"inLanguage":"sl-SI","potentialAction":[{"@type":"ReadAction","target":["https:\/\/hudo.com\/si\/aktualno\/erjavec-v-dubrovniku-prihodnost-evrope-je-tudi-v-regijskem-povezovanju\/"]}]},{"@type":"BreadcrumbList","@id":"https:\/\/hudo.com\/si\/aktualno\/erjavec-v-dubrovniku-prihodnost-evrope-je-tudi-v-regijskem-povezovanju\/#breadcrumb","itemListElement":[{"@type":"ListItem","position":1,"name":"Home","item":"https:\/\/hudo.com\/si\/"},{"@type":"ListItem","position":2,"name":"Erjavec v Dubrovniku: Prihodnost Evrope je tudi v regijskem povezovanju"}]},{"@type":"WebSite","@id":"https:\/\/hudo.com\/si\/#website","url":"https:\/\/hudo.com\/si\/","name":"Hudo Slovenija","description":"Vse novice iz Slovenije in sveta","publisher":{"@id":"https:\/\/hudo.com\/si\/#organization"},"potentialAction":[{"@type":"SearchAction","target":{"@type":"EntryPoint","urlTemplate":"https:\/\/hudo.com\/si\/?s={search_term_string}"},"query-input":"required name=search_term_string"}],"inLanguage":"sl-SI"},{"@type":"Organization","@id":"https:\/\/hudo.com\/si\/#organization","name":"VSN Media","url":"https:\/\/hudo.com\/si\/","logo":{"@type":"ImageObject","inLanguage":"sl-SI","@id":"https:\/\/hudo.com\/si\/#\/schema\/logo\/image\/","url":"https:\/\/hudo.com\/si\/wp-content\/uploads\/sites\/2\/2021\/03\/hudo-app-2.png","contentUrl":"https:\/\/hudo.com\/si\/wp-content\/uploads\/sites\/2\/2021\/03\/hudo-app-2.png","width":2185,"height":2167,"caption":"VSN Media"},"image":{"@id":"https:\/\/hudo.com\/si\/#\/schema\/logo\/image\/"},"sameAs":["https:\/\/www.facebook.com\/hudo.si","https:\/\/twitter.com\/hudo_si"]},{"@type":"Person","@id":"https:\/\/hudo.com\/si\/#\/schema\/person\/601cf3379633985b20f7e50f2bb47707","name":"hudo","image":{"@type":"ImageObject","inLanguage":"sl-SI","@id":"https:\/\/hudo.com\/si\/#\/schema\/person\/image\/","url":"https:\/\/secure.gravatar.com\/avatar\/c4ca25fa72cace7a696b52ff5db9e095?s=96&d=mm&r=g","contentUrl":"https:\/\/secure.gravatar.com\/avatar\/c4ca25fa72cace7a696b52ff5db9e095?s=96&d=mm&r=g","caption":"hudo"},"url":"https:\/\/hudo.com\/si\/author\/hudo\/"}]}},"amp_enabled":true,"_links":{"self":[{"href":"https:\/\/hudo.com\/si\/wp-json\/wp\/v2\/posts\/51399"}],"collection":[{"href":"https:\/\/hudo.com\/si\/wp-json\/wp\/v2\/posts"}],"about":[{"href":"https:\/\/hudo.com\/si\/wp-json\/wp\/v2\/types\/post"}],"author":[{"embeddable":true,"href":"https:\/\/hudo.com\/si\/wp-json\/wp\/v2\/users\/1"}],"replies":[{"embeddable":true,"href":"https:\/\/hudo.com\/si\/wp-json\/wp\/v2\/comments?post=51399"}],"version-history":[{"count":1,"href":"https:\/\/hudo.com\/si\/wp-json\/wp\/v2\/posts\/51399\/revisions"}],"predecessor-version":[{"id":51512,"href":"https:\/\/hudo.com\/si\/wp-json\/wp\/v2\/posts\/51399\/revisions\/51512"}],"wp:attachment":[{"href":"https:\/\/hudo.com\/si\/wp-json\/wp\/v2\/media?parent=51399"}],"wp:term":[{"taxonomy":"category","embeddable":true,"href":"https:\/\/hudo.com\/si\/wp-json\/wp\/v2\/categories?post=51399"},{"taxonomy":"post_tag","embeddable":true,"href":"https:\/\/hudo.com\/si\/wp-json\/wp\/v2\/tags?post=51399"},{"taxonomy":"source","embeddable":true,"href":"https:\/\/hudo.com\/si\/wp-json\/wp\/v2\/source?post=51399"},{"taxonomy":"supertag","embeddable":true,"href":"https:\/\/hudo.com\/si\/wp-json\/wp\/v2\/supertag?post=51399"}],"curies":[{"name":"wp","href":"https:\/\/api.w.org\/{rel}","templated":true}]}}