{"id":51413,"date":"2016-05-12T15:15:00","date_gmt":"2016-05-12T13:15:00","guid":{"rendered":"http:\/\/hudo.com\/si\/2016\/05\/12\/v-eksploziji-blizu-vojasnice-v-istanbulu-vec-ranjenih\/"},"modified":"2016-05-12T23:12:00","modified_gmt":"2016-05-12T21:12:00","slug":"v-eksploziji-blizu-vojasnice-v-istanbulu-vec-ranjenih","status":"publish","type":"post","link":"https:\/\/hudo.com\/si\/aktualno\/v-eksploziji-blizu-vojasnice-v-istanbulu-vec-ranjenih\/","title":{"rendered":"V eksploziji blizu voja\u0161nice v Istanbulu ve\u010d ranjenih"},"content":{"rendered":"<p>Blizu voja\u0161nice v Istanbulu je danes odjeknila eksplozija, pri \u010demer je bilo ranjenih pet ljudi, so poro\u010dale tur\u0161ke televizije. Incident se je zgodil v \u010detrti Sancaktepe v azijskem delu Istanbula. Eksplozija bombe, podtaknjene v avtomobilu, je odjeknila, ko je mimo peljalo voja\u0161ko vozilo. Noben od vojakov v vozilu ni bil po\u0161kodovan. Tur\u0161ke televizije so predvajale posnetke, na katerih je bilo videti skoraj popolnoma uni\u010den avtomobil, iz katerega se vije rumen dim, poro\u010da francoska tiskovna agencija AFP.    Reuters Tur\u010dija je v stanju visoke pripravljenosti po dveh teroristi\u010dnih napadih v Istanbulu letos, za katera naj bi bili odgovorni d\u017eihadisti Islamske dr\u017eave, in po dveh napadih v Ankari, za katera so odgovornost prevzeli kurdski uporniki.Svet<\/p>\n","protected":false},"excerpt":{"rendered":"<p>Blizu voja\u0161nice v Istanbulu je danes odjeknila eksplozija, pri \u010demer je bilo ranjenih pet ljudi, so poro\u010dale tur\u0161ke televizije. Incident se je zgodil v \u010detrti Sancaktepe v azijskem delu Istanbula. Eksplozija bombe, podtaknjene v avtomobilu, je odjeknila, ko je mimo peljalo voja\u0161ko vozilo. Noben od vojakov v vozilu ni bil po\u0161kodovan. Tur\u0161ke televizije so predvajale posnetke, na katerih je bilo videti skoraj popolnoma uni\u010den avtomobil, iz katerega se vije rumen dim, poro\u010da francoska tiskovna agencija AFP.    Reuters Tur\u010dija je v stanju visoke pripravljenosti po dveh teroristi\u010dnih napadih v Istanbulu letos, za katera naj bi bili odgovorni d\u017eihadisti Islamske dr\u017eave, in po dveh napadih v Ankari, za katera so odgovornost prevzeli kurdski uporniki.Svet<\/p>\n","protected":false},"author":1,"featured_media":0,"comment_status":"closed","ping_status":"closed","sticky":false,"template":"","format":"standard","meta":{"footnotes":""},"categories":[1179],"tags":[],"source":[1711],"supertag":[],"acf":[],"yoast_head":"<!-- This site is optimized with the Yoast SEO plugin v21.3 - https:\/\/yoast.com\/wordpress\/plugins\/seo\/ -->\n<title>V eksploziji blizu voja\u0161nice v Istanbulu ve\u010d ranjenih - Hudo Slovenija<\/title>\n<meta name=\"robots\" content=\"index, follow, max-snippet:-1, max-image-preview:large, max-video-preview:-1\" \/>\n<link rel=\"canonical\" href=\"https:\/\/hudo.com\/si\/aktualno\/v-eksploziji-blizu-vojasnice-v-istanbulu-vec-ranjenih\/\" \/>\n<meta property=\"og:locale\" content=\"sl_SI\" \/>\n<meta property=\"og:type\" content=\"article\" \/>\n<meta property=\"og:title\" content=\"V eksploziji blizu voja\u0161nice v Istanbulu ve\u010d ranjenih - Hudo Slovenija\" \/>\n<meta property=\"og:description\" content=\"Blizu voja\u0161nice v Istanbulu je danes odjeknila eksplozija, pri \u010demer je bilo ranjenih pet ljudi, so poro\u010dale tur\u0161ke televizije. Incident se je zgodil v \u010detrti Sancaktepe v azijskem delu Istanbula. Eksplozija bombe, podtaknjene v avtomobilu, je odjeknila, ko je mimo peljalo voja\u0161ko vozilo. Noben od vojakov v vozilu ni bil po\u0161kodovan. Tur\u0161ke televizije so predvajale posnetke, na katerih je bilo videti skoraj popolnoma uni\u010den avtomobil, iz katerega se vije rumen dim, poro\u010da francoska tiskovna agencija AFP.  Reuters Tur\u010dija je v stanju visoke pripravljenosti po dveh teroristi\u010dnih napadih v Istanbulu letos, za katera naj bi bili odgovorni d\u017eihadisti Islamske dr\u017eave, in po dveh napadih v Ankari, za katera so odgovornost prevzeli kurdski uporniki.Svet\" \/>\n<meta property=\"og:url\" content=\"https:\/\/hudo.com\/si\/aktualno\/v-eksploziji-blizu-vojasnice-v-istanbulu-vec-ranjenih\/\" \/>\n<meta property=\"og:site_name\" content=\"Hudo Slovenija\" \/>\n<meta property=\"article:publisher\" content=\"https:\/\/www.facebook.com\/hudo.si\" \/>\n<meta property=\"article:published_time\" content=\"2016-05-12T13:15:00+00:00\" \/>\n<meta property=\"article:modified_time\" content=\"2016-05-12T21:12:00+00:00\" \/>\n<meta property=\"og:image\" content=\"https:\/\/hudo.com\/si\/wp-content\/uploads\/sites\/2\/2016\/05\/MDF58249-300.jpg\" \/>\n\t<meta property=\"og:image:width\" content=\"450\" \/>\n\t<meta property=\"og:image:height\" content=\"337\" \/>\n\t<meta property=\"og:image:type\" content=\"image\/jpeg\" \/>\n<meta name=\"author\" content=\"hudo\" \/>\n<meta name=\"twitter:card\" content=\"summary_large_image\" \/>\n<meta name=\"twitter:creator\" content=\"@hudo_si\" \/>\n<meta name=\"twitter:site\" content=\"@hudo_si\" \/>\n<meta name=\"twitter:label1\" content=\"Written by\" \/>\n\t<meta name=\"twitter:data1\" content=\"hudo\" \/>\n\t<meta name=\"twitter:label2\" content=\"Est. reading time\" \/>\n\t<meta name=\"twitter:data2\" content=\"1 minuta\" \/>\n<script type=\"application\/ld+json\" class=\"yoast-schema-graph\">{\"@context\":\"https:\/\/schema.org\",\"@graph\":[{\"@type\":\"Article\",\"@id\":\"https:\/\/hudo.com\/si\/aktualno\/v-eksploziji-blizu-vojasnice-v-istanbulu-vec-ranjenih\/#article\",\"isPartOf\":{\"@id\":\"https:\/\/hudo.com\/si\/aktualno\/v-eksploziji-blizu-vojasnice-v-istanbulu-vec-ranjenih\/\"},\"author\":{\"name\":\"hudo\",\"@id\":\"https:\/\/hudo.com\/si\/#\/schema\/person\/601cf3379633985b20f7e50f2bb47707\"},\"headline\":\"V eksploziji blizu voja\u0161nice v Istanbulu ve\u010d ranjenih\",\"datePublished\":\"2016-05-12T13:15:00+00:00\",\"dateModified\":\"2016-05-12T21:12:00+00:00\",\"mainEntityOfPage\":{\"@id\":\"https:\/\/hudo.com\/si\/aktualno\/v-eksploziji-blizu-vojasnice-v-istanbulu-vec-ranjenih\/\"},\"wordCount\":134,\"publisher\":{\"@id\":\"https:\/\/hudo.com\/si\/#organization\"},\"articleSection\":[\"Aktualno\"],\"inLanguage\":\"sl-SI\"},{\"@type\":\"WebPage\",\"@id\":\"https:\/\/hudo.com\/si\/aktualno\/v-eksploziji-blizu-vojasnice-v-istanbulu-vec-ranjenih\/\",\"url\":\"https:\/\/hudo.com\/si\/aktualno\/v-eksploziji-blizu-vojasnice-v-istanbulu-vec-ranjenih\/\",\"name\":\"V eksploziji blizu voja\u0161nice v Istanbulu ve\u010d ranjenih - Hudo Slovenija\",\"isPartOf\":{\"@id\":\"https:\/\/hudo.com\/si\/#website\"},\"datePublished\":\"2016-05-12T13:15:00+00:00\",\"dateModified\":\"2016-05-12T21:12:00+00:00\",\"breadcrumb\":{\"@id\":\"https:\/\/hudo.com\/si\/aktualno\/v-eksploziji-blizu-vojasnice-v-istanbulu-vec-ranjenih\/#breadcrumb\"},\"inLanguage\":\"sl-SI\",\"potentialAction\":[{\"@type\":\"ReadAction\",\"target\":[\"https:\/\/hudo.com\/si\/aktualno\/v-eksploziji-blizu-vojasnice-v-istanbulu-vec-ranjenih\/\"]}]},{\"@type\":\"BreadcrumbList\",\"@id\":\"https:\/\/hudo.com\/si\/aktualno\/v-eksploziji-blizu-vojasnice-v-istanbulu-vec-ranjenih\/#breadcrumb\",\"itemListElement\":[{\"@type\":\"ListItem\",\"position\":1,\"name\":\"Home\",\"item\":\"https:\/\/hudo.com\/si\/\"},{\"@type\":\"ListItem\",\"position\":2,\"name\":\"V eksploziji blizu voja\u0161nice v Istanbulu ve\u010d ranjenih\"}]},{\"@type\":\"WebSite\",\"@id\":\"https:\/\/hudo.com\/si\/#website\",\"url\":\"https:\/\/hudo.com\/si\/\",\"name\":\"Hudo Slovenija\",\"description\":\"Vse novice iz Slovenije in sveta\",\"publisher\":{\"@id\":\"https:\/\/hudo.com\/si\/#organization\"},\"potentialAction\":[{\"@type\":\"SearchAction\",\"target\":{\"@type\":\"EntryPoint\",\"urlTemplate\":\"https:\/\/hudo.com\/si\/?s={search_term_string}\"},\"query-input\":\"required name=search_term_string\"}],\"inLanguage\":\"sl-SI\"},{\"@type\":\"Organization\",\"@id\":\"https:\/\/hudo.com\/si\/#organization\",\"name\":\"VSN Media\",\"url\":\"https:\/\/hudo.com\/si\/\",\"logo\":{\"@type\":\"ImageObject\",\"inLanguage\":\"sl-SI\",\"@id\":\"https:\/\/hudo.com\/si\/#\/schema\/logo\/image\/\",\"url\":\"https:\/\/hudo.com\/si\/wp-content\/uploads\/sites\/2\/2021\/03\/hudo-app-2.png\",\"contentUrl\":\"https:\/\/hudo.com\/si\/wp-content\/uploads\/sites\/2\/2021\/03\/hudo-app-2.png\",\"width\":2185,\"height\":2167,\"caption\":\"VSN Media\"},\"image\":{\"@id\":\"https:\/\/hudo.com\/si\/#\/schema\/logo\/image\/\"},\"sameAs\":[\"https:\/\/www.facebook.com\/hudo.si\",\"https:\/\/twitter.com\/hudo_si\"]},{\"@type\":\"Person\",\"@id\":\"https:\/\/hudo.com\/si\/#\/schema\/person\/601cf3379633985b20f7e50f2bb47707\",\"name\":\"hudo\",\"image\":{\"@type\":\"ImageObject\",\"inLanguage\":\"sl-SI\",\"@id\":\"https:\/\/hudo.com\/si\/#\/schema\/person\/image\/\",\"url\":\"https:\/\/secure.gravatar.com\/avatar\/c4ca25fa72cace7a696b52ff5db9e095?s=96&d=mm&r=g\",\"contentUrl\":\"https:\/\/secure.gravatar.com\/avatar\/c4ca25fa72cace7a696b52ff5db9e095?s=96&d=mm&r=g\",\"caption\":\"hudo\"},\"url\":\"https:\/\/hudo.com\/si\/author\/hudo\/\"}]}<\/script>\n<!-- \/ Yoast SEO plugin. -->","yoast_head_json":{"title":"V eksploziji blizu voja\u0161nice v Istanbulu ve\u010d ranjenih - Hudo Slovenija","robots":{"index":"index","follow":"follow","max-snippet":"max-snippet:-1","max-image-preview":"max-image-preview:large","max-video-preview":"max-video-preview:-1"},"canonical":"https:\/\/hudo.com\/si\/aktualno\/v-eksploziji-blizu-vojasnice-v-istanbulu-vec-ranjenih\/","og_locale":"sl_SI","og_type":"article","og_title":"V eksploziji blizu voja\u0161nice v Istanbulu ve\u010d ranjenih - Hudo Slovenija","og_description":"Blizu voja\u0161nice v Istanbulu je danes odjeknila eksplozija, pri \u010demer je bilo ranjenih pet ljudi, so poro\u010dale tur\u0161ke televizije. Incident se je zgodil v \u010detrti Sancaktepe v azijskem delu Istanbula. Eksplozija bombe, podtaknjene v avtomobilu, je odjeknila, ko je mimo peljalo voja\u0161ko vozilo. Noben od vojakov v vozilu ni bil po\u0161kodovan. Tur\u0161ke televizije so predvajale posnetke, na katerih je bilo videti skoraj popolnoma uni\u010den avtomobil, iz katerega se vije rumen dim, poro\u010da francoska tiskovna agencija AFP.  Reuters Tur\u010dija je v stanju visoke pripravljenosti po dveh teroristi\u010dnih napadih v Istanbulu letos, za katera naj bi bili odgovorni d\u017eihadisti Islamske dr\u017eave, in po dveh napadih v Ankari, za katera so odgovornost prevzeli kurdski uporniki.Svet","og_url":"https:\/\/hudo.com\/si\/aktualno\/v-eksploziji-blizu-vojasnice-v-istanbulu-vec-ranjenih\/","og_site_name":"Hudo Slovenija","article_publisher":"https:\/\/www.facebook.com\/hudo.si","article_published_time":"2016-05-12T13:15:00+00:00","article_modified_time":"2016-05-12T21:12:00+00:00","og_image":[{"width":450,"height":337,"url":"https:\/\/hudo.com\/si\/wp-content\/uploads\/sites\/2\/2016\/05\/MDF58249-300.jpg","type":"image\/jpeg"}],"author":"hudo","twitter_card":"summary_large_image","twitter_creator":"@hudo_si","twitter_site":"@hudo_si","twitter_misc":{"Written by":"hudo","Est. reading time":"1 minuta"},"schema":{"@context":"https:\/\/schema.org","@graph":[{"@type":"Article","@id":"https:\/\/hudo.com\/si\/aktualno\/v-eksploziji-blizu-vojasnice-v-istanbulu-vec-ranjenih\/#article","isPartOf":{"@id":"https:\/\/hudo.com\/si\/aktualno\/v-eksploziji-blizu-vojasnice-v-istanbulu-vec-ranjenih\/"},"author":{"name":"hudo","@id":"https:\/\/hudo.com\/si\/#\/schema\/person\/601cf3379633985b20f7e50f2bb47707"},"headline":"V eksploziji blizu voja\u0161nice v Istanbulu ve\u010d ranjenih","datePublished":"2016-05-12T13:15:00+00:00","dateModified":"2016-05-12T21:12:00+00:00","mainEntityOfPage":{"@id":"https:\/\/hudo.com\/si\/aktualno\/v-eksploziji-blizu-vojasnice-v-istanbulu-vec-ranjenih\/"},"wordCount":134,"publisher":{"@id":"https:\/\/hudo.com\/si\/#organization"},"articleSection":["Aktualno"],"inLanguage":"sl-SI"},{"@type":"WebPage","@id":"https:\/\/hudo.com\/si\/aktualno\/v-eksploziji-blizu-vojasnice-v-istanbulu-vec-ranjenih\/","url":"https:\/\/hudo.com\/si\/aktualno\/v-eksploziji-blizu-vojasnice-v-istanbulu-vec-ranjenih\/","name":"V eksploziji blizu voja\u0161nice v Istanbulu ve\u010d ranjenih - Hudo Slovenija","isPartOf":{"@id":"https:\/\/hudo.com\/si\/#website"},"datePublished":"2016-05-12T13:15:00+00:00","dateModified":"2016-05-12T21:12:00+00:00","breadcrumb":{"@id":"https:\/\/hudo.com\/si\/aktualno\/v-eksploziji-blizu-vojasnice-v-istanbulu-vec-ranjenih\/#breadcrumb"},"inLanguage":"sl-SI","potentialAction":[{"@type":"ReadAction","target":["https:\/\/hudo.com\/si\/aktualno\/v-eksploziji-blizu-vojasnice-v-istanbulu-vec-ranjenih\/"]}]},{"@type":"BreadcrumbList","@id":"https:\/\/hudo.com\/si\/aktualno\/v-eksploziji-blizu-vojasnice-v-istanbulu-vec-ranjenih\/#breadcrumb","itemListElement":[{"@type":"ListItem","position":1,"name":"Home","item":"https:\/\/hudo.com\/si\/"},{"@type":"ListItem","position":2,"name":"V eksploziji blizu voja\u0161nice v Istanbulu ve\u010d ranjenih"}]},{"@type":"WebSite","@id":"https:\/\/hudo.com\/si\/#website","url":"https:\/\/hudo.com\/si\/","name":"Hudo Slovenija","description":"Vse novice iz Slovenije in sveta","publisher":{"@id":"https:\/\/hudo.com\/si\/#organization"},"potentialAction":[{"@type":"SearchAction","target":{"@type":"EntryPoint","urlTemplate":"https:\/\/hudo.com\/si\/?s={search_term_string}"},"query-input":"required name=search_term_string"}],"inLanguage":"sl-SI"},{"@type":"Organization","@id":"https:\/\/hudo.com\/si\/#organization","name":"VSN Media","url":"https:\/\/hudo.com\/si\/","logo":{"@type":"ImageObject","inLanguage":"sl-SI","@id":"https:\/\/hudo.com\/si\/#\/schema\/logo\/image\/","url":"https:\/\/hudo.com\/si\/wp-content\/uploads\/sites\/2\/2021\/03\/hudo-app-2.png","contentUrl":"https:\/\/hudo.com\/si\/wp-content\/uploads\/sites\/2\/2021\/03\/hudo-app-2.png","width":2185,"height":2167,"caption":"VSN Media"},"image":{"@id":"https:\/\/hudo.com\/si\/#\/schema\/logo\/image\/"},"sameAs":["https:\/\/www.facebook.com\/hudo.si","https:\/\/twitter.com\/hudo_si"]},{"@type":"Person","@id":"https:\/\/hudo.com\/si\/#\/schema\/person\/601cf3379633985b20f7e50f2bb47707","name":"hudo","image":{"@type":"ImageObject","inLanguage":"sl-SI","@id":"https:\/\/hudo.com\/si\/#\/schema\/person\/image\/","url":"https:\/\/secure.gravatar.com\/avatar\/c4ca25fa72cace7a696b52ff5db9e095?s=96&d=mm&r=g","contentUrl":"https:\/\/secure.gravatar.com\/avatar\/c4ca25fa72cace7a696b52ff5db9e095?s=96&d=mm&r=g","caption":"hudo"},"url":"https:\/\/hudo.com\/si\/author\/hudo\/"}]}},"amp_enabled":true,"_links":{"self":[{"href":"https:\/\/hudo.com\/si\/wp-json\/wp\/v2\/posts\/51413"}],"collection":[{"href":"https:\/\/hudo.com\/si\/wp-json\/wp\/v2\/posts"}],"about":[{"href":"https:\/\/hudo.com\/si\/wp-json\/wp\/v2\/types\/post"}],"author":[{"embeddable":true,"href":"https:\/\/hudo.com\/si\/wp-json\/wp\/v2\/users\/1"}],"replies":[{"embeddable":true,"href":"https:\/\/hudo.com\/si\/wp-json\/wp\/v2\/comments?post=51413"}],"version-history":[{"count":1,"href":"https:\/\/hudo.com\/si\/wp-json\/wp\/v2\/posts\/51413\/revisions"}],"predecessor-version":[{"id":51522,"href":"https:\/\/hudo.com\/si\/wp-json\/wp\/v2\/posts\/51413\/revisions\/51522"}],"wp:attachment":[{"href":"https:\/\/hudo.com\/si\/wp-json\/wp\/v2\/media?parent=51413"}],"wp:term":[{"taxonomy":"category","embeddable":true,"href":"https:\/\/hudo.com\/si\/wp-json\/wp\/v2\/categories?post=51413"},{"taxonomy":"post_tag","embeddable":true,"href":"https:\/\/hudo.com\/si\/wp-json\/wp\/v2\/tags?post=51413"},{"taxonomy":"source","embeddable":true,"href":"https:\/\/hudo.com\/si\/wp-json\/wp\/v2\/source?post=51413"},{"taxonomy":"supertag","embeddable":true,"href":"https:\/\/hudo.com\/si\/wp-json\/wp\/v2\/supertag?post=51413"}],"curies":[{"name":"wp","href":"https:\/\/api.w.org\/{rel}","templated":true}]}}