{"id":51468,"date":"2016-05-12T18:00:00","date_gmt":"2016-05-12T16:00:00","guid":{"rendered":"http:\/\/hudo.com\/si\/2016\/05\/12\/nihce-ne-sme-vzeti-pravice-v-svoje-roke\/"},"modified":"2016-05-12T18:00:00","modified_gmt":"2016-05-12T16:00:00","slug":"nihce-ne-sme-vzeti-pravice-v-svoje-roke","status":"publish","type":"post","link":"https:\/\/hudo.com\/si\/aktualno\/nihce-ne-sme-vzeti-pravice-v-svoje-roke\/","title":{"rendered":"\u00bbNih\u010de ne sme vzeti pravice v svoje roke\u00ab"},"content":{"rendered":"<p>Kategorija: Evropa Thu, 12 May 2016 20:00:00 +0200  Na protestu pred beograjsko skup\u0161\u010dino je okoli tiso\u010d demostrantov zahtevalo odstop notranjega ministra Neboj\u0161e Stefanovi\u0107a, beograjskega \u017eupana Sini\u0161e Malija in na\u010delnika komunalne policije Nikole Risti\u0107a. Povod za protest je bila ru\u0161itev zasebnega centra za pomo\u010d beguncem Miksali\u0161ta na Savamali v sredi\u0161\u010du Beograda. Me\u0161\u010dane je na protest pozvala pobuda \u00bbNe davimo Beograd\u00ab, ki je tudi proti skupnemu projektu srbske prestolnice, dr\u017eave in podjetja Eagle Hills iz Zdru\u017eenih arabskih emiratov. Gre za projekt Beograd na vodi z 200 metrov visokim stolpom po vzoru dubajskega Bur\u017e Kalifa, ki je te\u017eak 2,7 milijarde evrov. Protest so poimenovali Maske so padle, protestniki pa so vzklikali \u00bbBanda, banda\u00ab in \u00bbLopovi\u00ab ter nosili transparente z napisi kot je: \u00bbDanes Savamala, jutri tvoja hi\u0161a\u00ab. Pred mestno skup\u0161\u010dino, ki so jo zasuli s toaletnim papirjem, so postavili rumeno raco, ki\u00a0&#8230;<\/p>\n","protected":false},"excerpt":{"rendered":"<p>Kategorija: Evropa Thu, 12 May 2016 20:00:00 +0200  Na protestu pred beograjsko skup\u0161\u010dino je okoli tiso\u010d demostrantov zahtevalo odstop notranjega ministra Neboj\u0161e Stefanovi\u0107a, beograjskega \u017eupana Sini\u0161e Malija in na\u010delnika komunalne policije Nikole Risti\u0107a. Povod za protest je bila ru\u0161itev zasebnega centra za pomo\u010d beguncem Miksali\u0161ta na Savamali v sredi\u0161\u010du Beograda. Me\u0161\u010dane je na protest pozvala pobuda \u00bbNe davimo Beograd\u00ab, ki je tudi proti skupnemu projektu srbske prestolnice, dr\u017eave in podjetja Eagle Hills iz Zdru\u017eenih arabskih emiratov. Gre za projekt Beograd na vodi z 200 metrov visokim stolpom po vzoru dubajskega Bur\u017e Kalifa, ki je te\u017eak 2,7 milijarde evrov. Protest so poimenovali Maske so padle, protestniki pa so vzklikali \u00bbBanda, banda\u00ab in \u00bbLopovi\u00ab ter nosili transparente z napisi kot je: \u00bbDanes Savamala, jutri tvoja hi\u0161a\u00ab. Pred mestno skup\u0161\u010dino, ki so jo zasuli s toaletnim papirjem, so postavili rumeno raco, ki\u00a0&#8230;<\/p>\n","protected":false},"author":1,"featured_media":0,"comment_status":"closed","ping_status":"closed","sticky":false,"template":"","format":"standard","meta":{"footnotes":""},"categories":[1179],"tags":[],"source":[4511],"supertag":[],"acf":[],"yoast_head":"<!-- This site is optimized with the Yoast SEO plugin v21.3 - https:\/\/yoast.com\/wordpress\/plugins\/seo\/ -->\n<title>\u00bbNih\u010de ne sme vzeti pravice v svoje roke\u00ab - Hudo Slovenija<\/title>\n<meta name=\"robots\" content=\"index, follow, max-snippet:-1, max-image-preview:large, max-video-preview:-1\" \/>\n<link rel=\"canonical\" href=\"https:\/\/hudo.com\/si\/aktualno\/nihce-ne-sme-vzeti-pravice-v-svoje-roke\/\" \/>\n<meta property=\"og:locale\" content=\"sl_SI\" \/>\n<meta property=\"og:type\" content=\"article\" \/>\n<meta property=\"og:title\" content=\"\u00bbNih\u010de ne sme vzeti pravice v svoje roke\u00ab - Hudo Slovenija\" \/>\n<meta property=\"og:description\" content=\"Kategorija: Evropa Thu, 12 May 2016 20:00:00 +0200 Na protestu pred beograjsko skup\u0161\u010dino je okoli tiso\u010d demostrantov zahtevalo odstop notranjega ministra Neboj\u0161e Stefanovi\u0107a, beograjskega \u017eupana Sini\u0161e Malija in na\u010delnika komunalne policije Nikole Risti\u0107a. Povod za protest je bila ru\u0161itev zasebnega centra za pomo\u010d beguncem Miksali\u0161ta na Savamali v sredi\u0161\u010du Beograda. Me\u0161\u010dane je na protest pozvala pobuda \u00bbNe davimo Beograd\u00ab, ki je tudi proti skupnemu projektu srbske prestolnice, dr\u017eave in podjetja Eagle Hills iz Zdru\u017eenih arabskih emiratov. Gre za projekt Beograd na vodi z 200 metrov visokim stolpom po vzoru dubajskega Bur\u017e Kalifa, ki je te\u017eak 2,7 milijarde evrov. Protest so poimenovali Maske so padle, protestniki pa so vzklikali \u00bbBanda, banda\u00ab in \u00bbLopovi\u00ab ter nosili transparente z napisi kot je: \u00bbDanes Savamala, jutri tvoja hi\u0161a\u00ab. Pred mestno skup\u0161\u010dino, ki so jo zasuli s toaletnim papirjem, so postavili rumeno raco, ki\u00a0...\" \/>\n<meta property=\"og:url\" content=\"https:\/\/hudo.com\/si\/aktualno\/nihce-ne-sme-vzeti-pravice-v-svoje-roke\/\" \/>\n<meta property=\"og:site_name\" content=\"Hudo Slovenija\" \/>\n<meta property=\"article:publisher\" content=\"https:\/\/www.facebook.com\/hudo.si\" \/>\n<meta property=\"article:published_time\" content=\"2016-05-12T16:00:00+00:00\" \/>\n<meta property=\"og:image\" content=\"https:\/\/hudo.com\/si\/wp-content\/uploads\/sites\/2\/2016\/05\/480x290_Begunci.jpeg\" \/>\n\t<meta property=\"og:image:width\" content=\"480\" \/>\n\t<meta property=\"og:image:height\" content=\"290\" \/>\n\t<meta property=\"og:image:type\" content=\"image\/jpeg\" \/>\n<meta name=\"author\" content=\"hudo\" \/>\n<meta name=\"twitter:card\" content=\"summary_large_image\" \/>\n<meta name=\"twitter:creator\" content=\"@hudo_si\" \/>\n<meta name=\"twitter:site\" content=\"@hudo_si\" \/>\n<meta name=\"twitter:label1\" content=\"Written by\" \/>\n\t<meta name=\"twitter:data1\" content=\"hudo\" \/>\n\t<meta name=\"twitter:label2\" content=\"Est. reading time\" \/>\n\t<meta name=\"twitter:data2\" content=\"1 minuta\" \/>\n<script type=\"application\/ld+json\" class=\"yoast-schema-graph\">{\"@context\":\"https:\/\/schema.org\",\"@graph\":[{\"@type\":\"Article\",\"@id\":\"https:\/\/hudo.com\/si\/aktualno\/nihce-ne-sme-vzeti-pravice-v-svoje-roke\/#article\",\"isPartOf\":{\"@id\":\"https:\/\/hudo.com\/si\/aktualno\/nihce-ne-sme-vzeti-pravice-v-svoje-roke\/\"},\"author\":{\"name\":\"hudo\",\"@id\":\"https:\/\/hudo.com\/si\/#\/schema\/person\/601cf3379633985b20f7e50f2bb47707\"},\"headline\":\"\u00bbNih\u010de ne sme vzeti pravice v svoje roke\u00ab\",\"datePublished\":\"2016-05-12T16:00:00+00:00\",\"dateModified\":\"2016-05-12T16:00:00+00:00\",\"mainEntityOfPage\":{\"@id\":\"https:\/\/hudo.com\/si\/aktualno\/nihce-ne-sme-vzeti-pravice-v-svoje-roke\/\"},\"wordCount\":157,\"publisher\":{\"@id\":\"https:\/\/hudo.com\/si\/#organization\"},\"articleSection\":[\"Aktualno\"],\"inLanguage\":\"sl-SI\"},{\"@type\":\"WebPage\",\"@id\":\"https:\/\/hudo.com\/si\/aktualno\/nihce-ne-sme-vzeti-pravice-v-svoje-roke\/\",\"url\":\"https:\/\/hudo.com\/si\/aktualno\/nihce-ne-sme-vzeti-pravice-v-svoje-roke\/\",\"name\":\"\u00bbNih\u010de ne sme vzeti pravice v svoje roke\u00ab - Hudo Slovenija\",\"isPartOf\":{\"@id\":\"https:\/\/hudo.com\/si\/#website\"},\"datePublished\":\"2016-05-12T16:00:00+00:00\",\"dateModified\":\"2016-05-12T16:00:00+00:00\",\"breadcrumb\":{\"@id\":\"https:\/\/hudo.com\/si\/aktualno\/nihce-ne-sme-vzeti-pravice-v-svoje-roke\/#breadcrumb\"},\"inLanguage\":\"sl-SI\",\"potentialAction\":[{\"@type\":\"ReadAction\",\"target\":[\"https:\/\/hudo.com\/si\/aktualno\/nihce-ne-sme-vzeti-pravice-v-svoje-roke\/\"]}]},{\"@type\":\"BreadcrumbList\",\"@id\":\"https:\/\/hudo.com\/si\/aktualno\/nihce-ne-sme-vzeti-pravice-v-svoje-roke\/#breadcrumb\",\"itemListElement\":[{\"@type\":\"ListItem\",\"position\":1,\"name\":\"Home\",\"item\":\"https:\/\/hudo.com\/si\/\"},{\"@type\":\"ListItem\",\"position\":2,\"name\":\"\u00bbNih\u010de ne sme vzeti pravice v svoje roke\u00ab\"}]},{\"@type\":\"WebSite\",\"@id\":\"https:\/\/hudo.com\/si\/#website\",\"url\":\"https:\/\/hudo.com\/si\/\",\"name\":\"Hudo Slovenija\",\"description\":\"Vse novice iz Slovenije in sveta\",\"publisher\":{\"@id\":\"https:\/\/hudo.com\/si\/#organization\"},\"potentialAction\":[{\"@type\":\"SearchAction\",\"target\":{\"@type\":\"EntryPoint\",\"urlTemplate\":\"https:\/\/hudo.com\/si\/?s={search_term_string}\"},\"query-input\":\"required name=search_term_string\"}],\"inLanguage\":\"sl-SI\"},{\"@type\":\"Organization\",\"@id\":\"https:\/\/hudo.com\/si\/#organization\",\"name\":\"VSN Media\",\"url\":\"https:\/\/hudo.com\/si\/\",\"logo\":{\"@type\":\"ImageObject\",\"inLanguage\":\"sl-SI\",\"@id\":\"https:\/\/hudo.com\/si\/#\/schema\/logo\/image\/\",\"url\":\"https:\/\/hudo.com\/si\/wp-content\/uploads\/sites\/2\/2021\/03\/hudo-app-2.png\",\"contentUrl\":\"https:\/\/hudo.com\/si\/wp-content\/uploads\/sites\/2\/2021\/03\/hudo-app-2.png\",\"width\":2185,\"height\":2167,\"caption\":\"VSN Media\"},\"image\":{\"@id\":\"https:\/\/hudo.com\/si\/#\/schema\/logo\/image\/\"},\"sameAs\":[\"https:\/\/www.facebook.com\/hudo.si\",\"https:\/\/twitter.com\/hudo_si\"]},{\"@type\":\"Person\",\"@id\":\"https:\/\/hudo.com\/si\/#\/schema\/person\/601cf3379633985b20f7e50f2bb47707\",\"name\":\"hudo\",\"image\":{\"@type\":\"ImageObject\",\"inLanguage\":\"sl-SI\",\"@id\":\"https:\/\/hudo.com\/si\/#\/schema\/person\/image\/\",\"url\":\"https:\/\/secure.gravatar.com\/avatar\/c4ca25fa72cace7a696b52ff5db9e095?s=96&d=mm&r=g\",\"contentUrl\":\"https:\/\/secure.gravatar.com\/avatar\/c4ca25fa72cace7a696b52ff5db9e095?s=96&d=mm&r=g\",\"caption\":\"hudo\"},\"url\":\"https:\/\/hudo.com\/si\/author\/hudo\/\"}]}<\/script>\n<!-- \/ Yoast SEO plugin. -->","yoast_head_json":{"title":"\u00bbNih\u010de ne sme vzeti pravice v svoje roke\u00ab - Hudo Slovenija","robots":{"index":"index","follow":"follow","max-snippet":"max-snippet:-1","max-image-preview":"max-image-preview:large","max-video-preview":"max-video-preview:-1"},"canonical":"https:\/\/hudo.com\/si\/aktualno\/nihce-ne-sme-vzeti-pravice-v-svoje-roke\/","og_locale":"sl_SI","og_type":"article","og_title":"\u00bbNih\u010de ne sme vzeti pravice v svoje roke\u00ab - Hudo Slovenija","og_description":"Kategorija: Evropa Thu, 12 May 2016 20:00:00 +0200 Na protestu pred beograjsko skup\u0161\u010dino je okoli tiso\u010d demostrantov zahtevalo odstop notranjega ministra Neboj\u0161e Stefanovi\u0107a, beograjskega \u017eupana Sini\u0161e Malija in na\u010delnika komunalne policije Nikole Risti\u0107a. Povod za protest je bila ru\u0161itev zasebnega centra za pomo\u010d beguncem Miksali\u0161ta na Savamali v sredi\u0161\u010du Beograda. Me\u0161\u010dane je na protest pozvala pobuda \u00bbNe davimo Beograd\u00ab, ki je tudi proti skupnemu projektu srbske prestolnice, dr\u017eave in podjetja Eagle Hills iz Zdru\u017eenih arabskih emiratov. Gre za projekt Beograd na vodi z 200 metrov visokim stolpom po vzoru dubajskega Bur\u017e Kalifa, ki je te\u017eak 2,7 milijarde evrov. Protest so poimenovali Maske so padle, protestniki pa so vzklikali \u00bbBanda, banda\u00ab in \u00bbLopovi\u00ab ter nosili transparente z napisi kot je: \u00bbDanes Savamala, jutri tvoja hi\u0161a\u00ab. Pred mestno skup\u0161\u010dino, ki so jo zasuli s toaletnim papirjem, so postavili rumeno raco, ki\u00a0...","og_url":"https:\/\/hudo.com\/si\/aktualno\/nihce-ne-sme-vzeti-pravice-v-svoje-roke\/","og_site_name":"Hudo Slovenija","article_publisher":"https:\/\/www.facebook.com\/hudo.si","article_published_time":"2016-05-12T16:00:00+00:00","og_image":[{"width":480,"height":290,"url":"https:\/\/hudo.com\/si\/wp-content\/uploads\/sites\/2\/2016\/05\/480x290_Begunci.jpeg","type":"image\/jpeg"}],"author":"hudo","twitter_card":"summary_large_image","twitter_creator":"@hudo_si","twitter_site":"@hudo_si","twitter_misc":{"Written by":"hudo","Est. reading time":"1 minuta"},"schema":{"@context":"https:\/\/schema.org","@graph":[{"@type":"Article","@id":"https:\/\/hudo.com\/si\/aktualno\/nihce-ne-sme-vzeti-pravice-v-svoje-roke\/#article","isPartOf":{"@id":"https:\/\/hudo.com\/si\/aktualno\/nihce-ne-sme-vzeti-pravice-v-svoje-roke\/"},"author":{"name":"hudo","@id":"https:\/\/hudo.com\/si\/#\/schema\/person\/601cf3379633985b20f7e50f2bb47707"},"headline":"\u00bbNih\u010de ne sme vzeti pravice v svoje roke\u00ab","datePublished":"2016-05-12T16:00:00+00:00","dateModified":"2016-05-12T16:00:00+00:00","mainEntityOfPage":{"@id":"https:\/\/hudo.com\/si\/aktualno\/nihce-ne-sme-vzeti-pravice-v-svoje-roke\/"},"wordCount":157,"publisher":{"@id":"https:\/\/hudo.com\/si\/#organization"},"articleSection":["Aktualno"],"inLanguage":"sl-SI"},{"@type":"WebPage","@id":"https:\/\/hudo.com\/si\/aktualno\/nihce-ne-sme-vzeti-pravice-v-svoje-roke\/","url":"https:\/\/hudo.com\/si\/aktualno\/nihce-ne-sme-vzeti-pravice-v-svoje-roke\/","name":"\u00bbNih\u010de ne sme vzeti pravice v svoje roke\u00ab - Hudo Slovenija","isPartOf":{"@id":"https:\/\/hudo.com\/si\/#website"},"datePublished":"2016-05-12T16:00:00+00:00","dateModified":"2016-05-12T16:00:00+00:00","breadcrumb":{"@id":"https:\/\/hudo.com\/si\/aktualno\/nihce-ne-sme-vzeti-pravice-v-svoje-roke\/#breadcrumb"},"inLanguage":"sl-SI","potentialAction":[{"@type":"ReadAction","target":["https:\/\/hudo.com\/si\/aktualno\/nihce-ne-sme-vzeti-pravice-v-svoje-roke\/"]}]},{"@type":"BreadcrumbList","@id":"https:\/\/hudo.com\/si\/aktualno\/nihce-ne-sme-vzeti-pravice-v-svoje-roke\/#breadcrumb","itemListElement":[{"@type":"ListItem","position":1,"name":"Home","item":"https:\/\/hudo.com\/si\/"},{"@type":"ListItem","position":2,"name":"\u00bbNih\u010de ne sme vzeti pravice v svoje roke\u00ab"}]},{"@type":"WebSite","@id":"https:\/\/hudo.com\/si\/#website","url":"https:\/\/hudo.com\/si\/","name":"Hudo Slovenija","description":"Vse novice iz Slovenije in sveta","publisher":{"@id":"https:\/\/hudo.com\/si\/#organization"},"potentialAction":[{"@type":"SearchAction","target":{"@type":"EntryPoint","urlTemplate":"https:\/\/hudo.com\/si\/?s={search_term_string}"},"query-input":"required name=search_term_string"}],"inLanguage":"sl-SI"},{"@type":"Organization","@id":"https:\/\/hudo.com\/si\/#organization","name":"VSN Media","url":"https:\/\/hudo.com\/si\/","logo":{"@type":"ImageObject","inLanguage":"sl-SI","@id":"https:\/\/hudo.com\/si\/#\/schema\/logo\/image\/","url":"https:\/\/hudo.com\/si\/wp-content\/uploads\/sites\/2\/2021\/03\/hudo-app-2.png","contentUrl":"https:\/\/hudo.com\/si\/wp-content\/uploads\/sites\/2\/2021\/03\/hudo-app-2.png","width":2185,"height":2167,"caption":"VSN Media"},"image":{"@id":"https:\/\/hudo.com\/si\/#\/schema\/logo\/image\/"},"sameAs":["https:\/\/www.facebook.com\/hudo.si","https:\/\/twitter.com\/hudo_si"]},{"@type":"Person","@id":"https:\/\/hudo.com\/si\/#\/schema\/person\/601cf3379633985b20f7e50f2bb47707","name":"hudo","image":{"@type":"ImageObject","inLanguage":"sl-SI","@id":"https:\/\/hudo.com\/si\/#\/schema\/person\/image\/","url":"https:\/\/secure.gravatar.com\/avatar\/c4ca25fa72cace7a696b52ff5db9e095?s=96&d=mm&r=g","contentUrl":"https:\/\/secure.gravatar.com\/avatar\/c4ca25fa72cace7a696b52ff5db9e095?s=96&d=mm&r=g","caption":"hudo"},"url":"https:\/\/hudo.com\/si\/author\/hudo\/"}]}},"amp_enabled":true,"_links":{"self":[{"href":"https:\/\/hudo.com\/si\/wp-json\/wp\/v2\/posts\/51468"}],"collection":[{"href":"https:\/\/hudo.com\/si\/wp-json\/wp\/v2\/posts"}],"about":[{"href":"https:\/\/hudo.com\/si\/wp-json\/wp\/v2\/types\/post"}],"author":[{"embeddable":true,"href":"https:\/\/hudo.com\/si\/wp-json\/wp\/v2\/users\/1"}],"replies":[{"embeddable":true,"href":"https:\/\/hudo.com\/si\/wp-json\/wp\/v2\/comments?post=51468"}],"version-history":[{"count":0,"href":"https:\/\/hudo.com\/si\/wp-json\/wp\/v2\/posts\/51468\/revisions"}],"wp:attachment":[{"href":"https:\/\/hudo.com\/si\/wp-json\/wp\/v2\/media?parent=51468"}],"wp:term":[{"taxonomy":"category","embeddable":true,"href":"https:\/\/hudo.com\/si\/wp-json\/wp\/v2\/categories?post=51468"},{"taxonomy":"post_tag","embeddable":true,"href":"https:\/\/hudo.com\/si\/wp-json\/wp\/v2\/tags?post=51468"},{"taxonomy":"source","embeddable":true,"href":"https:\/\/hudo.com\/si\/wp-json\/wp\/v2\/source?post=51468"},{"taxonomy":"supertag","embeddable":true,"href":"https:\/\/hudo.com\/si\/wp-json\/wp\/v2\/supertag?post=51468"}],"curies":[{"name":"wp","href":"https:\/\/api.w.org\/{rel}","templated":true}]}}