{"id":51517,"date":"2016-05-12T15:32:33","date_gmt":"2016-05-12T13:32:33","guid":{"rendered":"http:\/\/hudo.com\/si\/2016\/05\/12\/novinarji-ogorceno-ugotovili-da-njihovih-clankov-ne-financira-partija-pac-pa-oglasevalci\/"},"modified":"2016-05-13T18:37:37","modified_gmt":"2016-05-13T16:37:37","slug":"novinarji-ogorceno-ugotovili-da-njihovih-clankov-ne-financira-partija-pac-pa-oglasevalci","status":"publish","type":"post","link":"https:\/\/hudo.com\/si\/aktualno\/novinarji-ogorceno-ugotovili-da-njihovih-clankov-ne-financira-partija-pac-pa-oglasevalci\/","title":{"rendered":"Novinarji ogor\u010deno ugotovili, da njihovih \u010dlankov ne financira partija, pa\u010d pa ogla\u0161evalci"},"content":{"rendered":"<p>\u0160okirani so se danes zbudili uredniki Dela, Dnevnika in Ve\u010dera, ko so ugotovili, da so naslovnice njihovih \u010dasopisov identi\u010dne. Manj \u0161okirana nad tem je bila javnost, saj so navajeni dejstva, da so naslovnice teh \u010dasopisov \u017ee leta in leta enake do te mere, da ni jasno, kdo usmerja uredni\u0161ko politiko.\u00a0 Nad tem so ogor\u010deni tudi<\/p>\n","protected":false},"excerpt":{"rendered":"<p>\u0160okirani so se danes zbudili uredniki Dela, Dnevnika in Ve\u010dera, ko so ugotovili, da so naslovnice njihovih \u010dasopisov identi\u010dne. Manj \u0161okirana nad tem je bila javnost, saj so navajeni dejstva, da so naslovnice teh \u010dasopisov \u017ee leta in leta enake do te mere, da ni jasno, kdo usmerja uredni\u0161ko politiko.\u00a0 Nad tem so ogor\u010deni tudi<\/p>\n","protected":false},"author":1,"featured_media":0,"comment_status":"closed","ping_status":"closed","sticky":false,"template":"","format":"standard","meta":{"footnotes":""},"categories":[1179],"tags":[],"source":[1710],"supertag":[],"acf":[],"yoast_head":"<!-- This site is optimized with the Yoast SEO plugin v21.3 - https:\/\/yoast.com\/wordpress\/plugins\/seo\/ -->\n<title>Novinarji ogor\u010deno ugotovili, da njihovih \u010dlankov ne financira partija, pa\u010d pa ogla\u0161evalci - Hudo Slovenija<\/title>\n<meta name=\"robots\" content=\"index, follow, max-snippet:-1, max-image-preview:large, max-video-preview:-1\" \/>\n<link rel=\"canonical\" href=\"https:\/\/hudo.com\/si\/aktualno\/novinarji-ogorceno-ugotovili-da-njihovih-clankov-ne-financira-partija-pac-pa-oglasevalci\/\" \/>\n<meta property=\"og:locale\" content=\"sl_SI\" \/>\n<meta property=\"og:type\" content=\"article\" \/>\n<meta property=\"og:title\" content=\"Novinarji ogor\u010deno ugotovili, da njihovih \u010dlankov ne financira partija, pa\u010d pa ogla\u0161evalci - Hudo Slovenija\" \/>\n<meta property=\"og:description\" content=\"\u0160okirani so se danes zbudili uredniki Dela, Dnevnika in Ve\u010dera, ko so ugotovili, da so naslovnice njihovih \u010dasopisov identi\u010dne. Manj \u0161okirana nad tem je bila javnost, saj so navajeni dejstva, da so naslovnice teh \u010dasopisov \u017ee leta in leta enake do te mere, da ni jasno, kdo usmerja uredni\u0161ko politiko.\u00a0 Nad tem so ogor\u010deni tudi\" \/>\n<meta property=\"og:url\" content=\"https:\/\/hudo.com\/si\/aktualno\/novinarji-ogorceno-ugotovili-da-njihovih-clankov-ne-financira-partija-pac-pa-oglasevalci\/\" \/>\n<meta property=\"og:site_name\" content=\"Hudo Slovenija\" \/>\n<meta property=\"article:publisher\" content=\"https:\/\/www.facebook.com\/hudo.si\" \/>\n<meta property=\"article:published_time\" content=\"2016-05-12T13:32:33+00:00\" \/>\n<meta property=\"article:modified_time\" content=\"2016-05-13T16:37:37+00:00\" \/>\n<meta property=\"og:image\" content=\"https:\/\/hudo.com\/si\/wp-content\/uploads\/sites\/2\/2016\/05\/kako-so-dnevnik-delo-in-vecer-pokleknili-pred-istim-gospodom-01.jpg\" \/>\n\t<meta property=\"og:image:width\" content=\"840\" \/>\n\t<meta property=\"og:image:height\" content=\"632\" \/>\n\t<meta property=\"og:image:type\" content=\"image\/jpeg\" \/>\n<meta name=\"author\" content=\"hudo\" \/>\n<meta name=\"twitter:card\" content=\"summary_large_image\" \/>\n<meta name=\"twitter:creator\" content=\"@hudo_si\" \/>\n<meta name=\"twitter:site\" content=\"@hudo_si\" \/>\n<meta name=\"twitter:label1\" content=\"Written by\" \/>\n\t<meta name=\"twitter:data1\" content=\"hudo\" \/>\n<script type=\"application\/ld+json\" class=\"yoast-schema-graph\">{\"@context\":\"https:\/\/schema.org\",\"@graph\":[{\"@type\":\"Article\",\"@id\":\"https:\/\/hudo.com\/si\/aktualno\/novinarji-ogorceno-ugotovili-da-njihovih-clankov-ne-financira-partija-pac-pa-oglasevalci\/#article\",\"isPartOf\":{\"@id\":\"https:\/\/hudo.com\/si\/aktualno\/novinarji-ogorceno-ugotovili-da-njihovih-clankov-ne-financira-partija-pac-pa-oglasevalci\/\"},\"author\":{\"name\":\"hudo\",\"@id\":\"https:\/\/hudo.com\/si\/#\/schema\/person\/601cf3379633985b20f7e50f2bb47707\"},\"headline\":\"Novinarji ogor\u010deno ugotovili, da njihovih \u010dlankov ne financira partija, pa\u010d pa ogla\u0161evalci\",\"datePublished\":\"2016-05-12T13:32:33+00:00\",\"dateModified\":\"2016-05-13T16:37:37+00:00\",\"mainEntityOfPage\":{\"@id\":\"https:\/\/hudo.com\/si\/aktualno\/novinarji-ogorceno-ugotovili-da-njihovih-clankov-ne-financira-partija-pac-pa-oglasevalci\/\"},\"wordCount\":73,\"publisher\":{\"@id\":\"https:\/\/hudo.com\/si\/#organization\"},\"articleSection\":[\"Aktualno\"],\"inLanguage\":\"sl-SI\"},{\"@type\":\"WebPage\",\"@id\":\"https:\/\/hudo.com\/si\/aktualno\/novinarji-ogorceno-ugotovili-da-njihovih-clankov-ne-financira-partija-pac-pa-oglasevalci\/\",\"url\":\"https:\/\/hudo.com\/si\/aktualno\/novinarji-ogorceno-ugotovili-da-njihovih-clankov-ne-financira-partija-pac-pa-oglasevalci\/\",\"name\":\"Novinarji ogor\u010deno ugotovili, da njihovih \u010dlankov ne financira partija, pa\u010d pa ogla\u0161evalci - Hudo Slovenija\",\"isPartOf\":{\"@id\":\"https:\/\/hudo.com\/si\/#website\"},\"datePublished\":\"2016-05-12T13:32:33+00:00\",\"dateModified\":\"2016-05-13T16:37:37+00:00\",\"breadcrumb\":{\"@id\":\"https:\/\/hudo.com\/si\/aktualno\/novinarji-ogorceno-ugotovili-da-njihovih-clankov-ne-financira-partija-pac-pa-oglasevalci\/#breadcrumb\"},\"inLanguage\":\"sl-SI\",\"potentialAction\":[{\"@type\":\"ReadAction\",\"target\":[\"https:\/\/hudo.com\/si\/aktualno\/novinarji-ogorceno-ugotovili-da-njihovih-clankov-ne-financira-partija-pac-pa-oglasevalci\/\"]}]},{\"@type\":\"BreadcrumbList\",\"@id\":\"https:\/\/hudo.com\/si\/aktualno\/novinarji-ogorceno-ugotovili-da-njihovih-clankov-ne-financira-partija-pac-pa-oglasevalci\/#breadcrumb\",\"itemListElement\":[{\"@type\":\"ListItem\",\"position\":1,\"name\":\"Home\",\"item\":\"https:\/\/hudo.com\/si\/\"},{\"@type\":\"ListItem\",\"position\":2,\"name\":\"Novinarji ogor\u010deno ugotovili, da njihovih \u010dlankov ne financira partija, pa\u010d pa ogla\u0161evalci\"}]},{\"@type\":\"WebSite\",\"@id\":\"https:\/\/hudo.com\/si\/#website\",\"url\":\"https:\/\/hudo.com\/si\/\",\"name\":\"Hudo Slovenija\",\"description\":\"Vse novice iz Slovenije in sveta\",\"publisher\":{\"@id\":\"https:\/\/hudo.com\/si\/#organization\"},\"potentialAction\":[{\"@type\":\"SearchAction\",\"target\":{\"@type\":\"EntryPoint\",\"urlTemplate\":\"https:\/\/hudo.com\/si\/?s={search_term_string}\"},\"query-input\":\"required name=search_term_string\"}],\"inLanguage\":\"sl-SI\"},{\"@type\":\"Organization\",\"@id\":\"https:\/\/hudo.com\/si\/#organization\",\"name\":\"VSN Media\",\"url\":\"https:\/\/hudo.com\/si\/\",\"logo\":{\"@type\":\"ImageObject\",\"inLanguage\":\"sl-SI\",\"@id\":\"https:\/\/hudo.com\/si\/#\/schema\/logo\/image\/\",\"url\":\"https:\/\/hudo.com\/si\/wp-content\/uploads\/sites\/2\/2021\/03\/hudo-app-2.png\",\"contentUrl\":\"https:\/\/hudo.com\/si\/wp-content\/uploads\/sites\/2\/2021\/03\/hudo-app-2.png\",\"width\":2185,\"height\":2167,\"caption\":\"VSN Media\"},\"image\":{\"@id\":\"https:\/\/hudo.com\/si\/#\/schema\/logo\/image\/\"},\"sameAs\":[\"https:\/\/www.facebook.com\/hudo.si\",\"https:\/\/twitter.com\/hudo_si\"]},{\"@type\":\"Person\",\"@id\":\"https:\/\/hudo.com\/si\/#\/schema\/person\/601cf3379633985b20f7e50f2bb47707\",\"name\":\"hudo\",\"image\":{\"@type\":\"ImageObject\",\"inLanguage\":\"sl-SI\",\"@id\":\"https:\/\/hudo.com\/si\/#\/schema\/person\/image\/\",\"url\":\"https:\/\/secure.gravatar.com\/avatar\/c4ca25fa72cace7a696b52ff5db9e095?s=96&d=mm&r=g\",\"contentUrl\":\"https:\/\/secure.gravatar.com\/avatar\/c4ca25fa72cace7a696b52ff5db9e095?s=96&d=mm&r=g\",\"caption\":\"hudo\"},\"url\":\"https:\/\/hudo.com\/si\/author\/hudo\/\"}]}<\/script>\n<!-- \/ Yoast SEO plugin. -->","yoast_head_json":{"title":"Novinarji ogor\u010deno ugotovili, da njihovih \u010dlankov ne financira partija, pa\u010d pa ogla\u0161evalci - Hudo Slovenija","robots":{"index":"index","follow":"follow","max-snippet":"max-snippet:-1","max-image-preview":"max-image-preview:large","max-video-preview":"max-video-preview:-1"},"canonical":"https:\/\/hudo.com\/si\/aktualno\/novinarji-ogorceno-ugotovili-da-njihovih-clankov-ne-financira-partija-pac-pa-oglasevalci\/","og_locale":"sl_SI","og_type":"article","og_title":"Novinarji ogor\u010deno ugotovili, da njihovih \u010dlankov ne financira partija, pa\u010d pa ogla\u0161evalci - Hudo Slovenija","og_description":"\u0160okirani so se danes zbudili uredniki Dela, Dnevnika in Ve\u010dera, ko so ugotovili, da so naslovnice njihovih \u010dasopisov identi\u010dne. Manj \u0161okirana nad tem je bila javnost, saj so navajeni dejstva, da so naslovnice teh \u010dasopisov \u017ee leta in leta enake do te mere, da ni jasno, kdo usmerja uredni\u0161ko politiko.\u00a0 Nad tem so ogor\u010deni tudi","og_url":"https:\/\/hudo.com\/si\/aktualno\/novinarji-ogorceno-ugotovili-da-njihovih-clankov-ne-financira-partija-pac-pa-oglasevalci\/","og_site_name":"Hudo Slovenija","article_publisher":"https:\/\/www.facebook.com\/hudo.si","article_published_time":"2016-05-12T13:32:33+00:00","article_modified_time":"2016-05-13T16:37:37+00:00","og_image":[{"width":840,"height":632,"url":"https:\/\/hudo.com\/si\/wp-content\/uploads\/sites\/2\/2016\/05\/kako-so-dnevnik-delo-in-vecer-pokleknili-pred-istim-gospodom-01.jpg","type":"image\/jpeg"}],"author":"hudo","twitter_card":"summary_large_image","twitter_creator":"@hudo_si","twitter_site":"@hudo_si","twitter_misc":{"Written by":"hudo"},"schema":{"@context":"https:\/\/schema.org","@graph":[{"@type":"Article","@id":"https:\/\/hudo.com\/si\/aktualno\/novinarji-ogorceno-ugotovili-da-njihovih-clankov-ne-financira-partija-pac-pa-oglasevalci\/#article","isPartOf":{"@id":"https:\/\/hudo.com\/si\/aktualno\/novinarji-ogorceno-ugotovili-da-njihovih-clankov-ne-financira-partija-pac-pa-oglasevalci\/"},"author":{"name":"hudo","@id":"https:\/\/hudo.com\/si\/#\/schema\/person\/601cf3379633985b20f7e50f2bb47707"},"headline":"Novinarji ogor\u010deno ugotovili, da njihovih \u010dlankov ne financira partija, pa\u010d pa ogla\u0161evalci","datePublished":"2016-05-12T13:32:33+00:00","dateModified":"2016-05-13T16:37:37+00:00","mainEntityOfPage":{"@id":"https:\/\/hudo.com\/si\/aktualno\/novinarji-ogorceno-ugotovili-da-njihovih-clankov-ne-financira-partija-pac-pa-oglasevalci\/"},"wordCount":73,"publisher":{"@id":"https:\/\/hudo.com\/si\/#organization"},"articleSection":["Aktualno"],"inLanguage":"sl-SI"},{"@type":"WebPage","@id":"https:\/\/hudo.com\/si\/aktualno\/novinarji-ogorceno-ugotovili-da-njihovih-clankov-ne-financira-partija-pac-pa-oglasevalci\/","url":"https:\/\/hudo.com\/si\/aktualno\/novinarji-ogorceno-ugotovili-da-njihovih-clankov-ne-financira-partija-pac-pa-oglasevalci\/","name":"Novinarji ogor\u010deno ugotovili, da njihovih \u010dlankov ne financira partija, pa\u010d pa ogla\u0161evalci - Hudo Slovenija","isPartOf":{"@id":"https:\/\/hudo.com\/si\/#website"},"datePublished":"2016-05-12T13:32:33+00:00","dateModified":"2016-05-13T16:37:37+00:00","breadcrumb":{"@id":"https:\/\/hudo.com\/si\/aktualno\/novinarji-ogorceno-ugotovili-da-njihovih-clankov-ne-financira-partija-pac-pa-oglasevalci\/#breadcrumb"},"inLanguage":"sl-SI","potentialAction":[{"@type":"ReadAction","target":["https:\/\/hudo.com\/si\/aktualno\/novinarji-ogorceno-ugotovili-da-njihovih-clankov-ne-financira-partija-pac-pa-oglasevalci\/"]}]},{"@type":"BreadcrumbList","@id":"https:\/\/hudo.com\/si\/aktualno\/novinarji-ogorceno-ugotovili-da-njihovih-clankov-ne-financira-partija-pac-pa-oglasevalci\/#breadcrumb","itemListElement":[{"@type":"ListItem","position":1,"name":"Home","item":"https:\/\/hudo.com\/si\/"},{"@type":"ListItem","position":2,"name":"Novinarji ogor\u010deno ugotovili, da njihovih \u010dlankov ne financira partija, pa\u010d pa ogla\u0161evalci"}]},{"@type":"WebSite","@id":"https:\/\/hudo.com\/si\/#website","url":"https:\/\/hudo.com\/si\/","name":"Hudo Slovenija","description":"Vse novice iz Slovenije in sveta","publisher":{"@id":"https:\/\/hudo.com\/si\/#organization"},"potentialAction":[{"@type":"SearchAction","target":{"@type":"EntryPoint","urlTemplate":"https:\/\/hudo.com\/si\/?s={search_term_string}"},"query-input":"required name=search_term_string"}],"inLanguage":"sl-SI"},{"@type":"Organization","@id":"https:\/\/hudo.com\/si\/#organization","name":"VSN Media","url":"https:\/\/hudo.com\/si\/","logo":{"@type":"ImageObject","inLanguage":"sl-SI","@id":"https:\/\/hudo.com\/si\/#\/schema\/logo\/image\/","url":"https:\/\/hudo.com\/si\/wp-content\/uploads\/sites\/2\/2021\/03\/hudo-app-2.png","contentUrl":"https:\/\/hudo.com\/si\/wp-content\/uploads\/sites\/2\/2021\/03\/hudo-app-2.png","width":2185,"height":2167,"caption":"VSN Media"},"image":{"@id":"https:\/\/hudo.com\/si\/#\/schema\/logo\/image\/"},"sameAs":["https:\/\/www.facebook.com\/hudo.si","https:\/\/twitter.com\/hudo_si"]},{"@type":"Person","@id":"https:\/\/hudo.com\/si\/#\/schema\/person\/601cf3379633985b20f7e50f2bb47707","name":"hudo","image":{"@type":"ImageObject","inLanguage":"sl-SI","@id":"https:\/\/hudo.com\/si\/#\/schema\/person\/image\/","url":"https:\/\/secure.gravatar.com\/avatar\/c4ca25fa72cace7a696b52ff5db9e095?s=96&d=mm&r=g","contentUrl":"https:\/\/secure.gravatar.com\/avatar\/c4ca25fa72cace7a696b52ff5db9e095?s=96&d=mm&r=g","caption":"hudo"},"url":"https:\/\/hudo.com\/si\/author\/hudo\/"}]}},"amp_enabled":true,"_links":{"self":[{"href":"https:\/\/hudo.com\/si\/wp-json\/wp\/v2\/posts\/51517"}],"collection":[{"href":"https:\/\/hudo.com\/si\/wp-json\/wp\/v2\/posts"}],"about":[{"href":"https:\/\/hudo.com\/si\/wp-json\/wp\/v2\/types\/post"}],"author":[{"embeddable":true,"href":"https:\/\/hudo.com\/si\/wp-json\/wp\/v2\/users\/1"}],"replies":[{"embeddable":true,"href":"https:\/\/hudo.com\/si\/wp-json\/wp\/v2\/comments?post=51517"}],"version-history":[{"count":1,"href":"https:\/\/hudo.com\/si\/wp-json\/wp\/v2\/posts\/51517\/revisions"}],"predecessor-version":[{"id":51563,"href":"https:\/\/hudo.com\/si\/wp-json\/wp\/v2\/posts\/51517\/revisions\/51563"}],"wp:attachment":[{"href":"https:\/\/hudo.com\/si\/wp-json\/wp\/v2\/media?parent=51517"}],"wp:term":[{"taxonomy":"category","embeddable":true,"href":"https:\/\/hudo.com\/si\/wp-json\/wp\/v2\/categories?post=51517"},{"taxonomy":"post_tag","embeddable":true,"href":"https:\/\/hudo.com\/si\/wp-json\/wp\/v2\/tags?post=51517"},{"taxonomy":"source","embeddable":true,"href":"https:\/\/hudo.com\/si\/wp-json\/wp\/v2\/source?post=51517"},{"taxonomy":"supertag","embeddable":true,"href":"https:\/\/hudo.com\/si\/wp-json\/wp\/v2\/supertag?post=51517"}],"curies":[{"name":"wp","href":"https:\/\/api.w.org\/{rel}","templated":true}]}}