{"id":51767,"date":"2016-05-13T08:58:20","date_gmt":"2016-05-13T06:58:20","guid":{"rendered":"http:\/\/hudo.com\/si\/?p=51767"},"modified":"2016-05-13T08:58:20","modified_gmt":"2016-05-13T06:58:20","slug":"fizicni-obracun-na-slovestnosti-na-ptuju","status":"publish","type":"post","link":"https:\/\/hudo.com\/si\/aktualno\/fizicni-obracun-na-slovestnosti-na-ptuju\/","title":{"rendered":"Fizi\u010dni obra\u010dun na slovestnosti na Ptuju"},"content":{"rendered":"<div class=\"text\">\n<p>V predoru Jasovnik je v sredo zgodaj zjutraj zagorel slovenski tovornjak, zaradi posledic nesre\u010de pa je Dars zaprl avtocestni odsek med Vranskim in Trojanami, zaradi \u010desar so nastali dolgi zastoji tako na avtocesti kot na vzporedni lokalni cesti.<\/p>\n<div class=\"text\">\n<p>V incidentu je bil la\u017eje po\u0161kodovan Sen\u010dar, glede dogajanja pa imata oba vpletena vsak svojo zgodbo. Iz Mestne ob\u010dine Ptuj so sporo\u010dili, da je k \u017eupanu pristopil odvetnik in ga s pestjo udaril v obraz, nato pa nadaljeval z verbalnim izzivanjem in telesnim provociranjem pretepa.<\/p>\n<p>Sen\u010dar se na provokacije ni odzval, so dodali na ob\u010dini, je pa dogodek zapustil in o napadu takoj obvestil policijo, ki je na kraju sestavila zapisnik in \u017eupana poslala na zdravni\u0161ki pregled.<\/p>\n<p>Na ptujski ob\u010dini so dogodek najostreje obsodili, saj gre po njihovem mnenju za prvi znan tovrsten napad na uradno osebo na javnem dogodku. Kot so zapisali, bodo proti Majniku uporabili vsa pravna sredstva in vztrajali pri kazenskem pregonu, njegovo ravnanje pa bodo prijavili tudi Odvetni\u0161ki zbornici Slovenije ter zahtevali strokovno presojo ravnanja in ukrepanje.<\/p>\n<p>Sen\u010dar je zatrdil, da napada na noben na\u010din ni izzval in se nanj tudi ni odzval, vse skupaj pa da se je zgodilo pred pri\u010dami, ki so to potrdile policiji. Kot je dodal, tak\u0161nega na\u010dina re\u0161evanja kakr\u0161nih koli osebnih zamer ali konfliktov ne odobrava, ne glede na njihovo vsebino, in ga globoko obsoja.<\/p>\n<p>&#8220;Kot Miran Sen\u010dar se na napad ne bi odzval, kot \u017eupan pa to moram, saj gre za nedopusten napad na javno<br \/>\nosebo na javni prireditvi pred ljudmi, zato bomo proti storilcu uporabili vsa pravna sredstva,&#8221; je napovedal ptujski \u017eupan.<\/p>\n<p>Odvetnik Igor Majnik je za Ve\u010der povedal svojo verzijo dogodka, pri tem pa priznal, da so med njima \u017ee dolgo tlele napetosti. Ker se je po\u010dutil izzvanega in napadenega, je priznal, da sta se res zapletla v manj\u0161i spor.<\/p>\n<p>&#8220;Navsezadnje sem precej starej\u0161i od njega in sami lahko sklepate, kdo je koga napadel, vendar pa na sre\u010do ni bilo ni\u010d resnej\u0161ih po\u0161kodb. Sem pa poklical policijo, ker \u017eelim, da bi se konflikt obravnaval na nepristranski in po\u0161ten na\u010din,&#8221; je dejal Majnik in dodal, da je bilo na dogodku dovolj pri\u010d, ki bodo lahko prispevale k po\u0161teni razre\u0161itvi tega nehotenega incidenta.<\/p>\n<\/div>\n<\/div>\n","protected":false},"excerpt":{"rendered":"<p>Na \u010detrtkovi pogostitvi po uradnem delu sprejema ob 45-letnici obmo\u010dne obrtno-podjetni\u0161ke zbornice, ki je potekala na ptujskem gradu, sta se v fizi\u010dni obra\u010dun zapletla ptujski \u017eupan Miran Sen\u010dar in tamkaj\u0161nji odvetnik Igor Majnik. Na policiji so potrdili, da obravnavajo primer povzro\u010ditve lahke telesne po\u0161kodbe, do katere je pri\u0161lo okoli 15. ure.<\/p>\n","protected":false},"author":5,"featured_media":51768,"comment_status":"closed","ping_status":"closed","sticky":false,"template":"","format":"standard","meta":{"footnotes":""},"categories":[1179],"tags":[5162,5163,5161,1728],"source":[4511],"supertag":[],"acf":[],"yoast_head":"<!-- This site is optimized with the Yoast SEO plugin v21.3 - https:\/\/yoast.com\/wordpress\/plugins\/seo\/ -->\n<title>Fizi\u010dni obra\u010dun na slovestnosti na Ptuju - Hudo Slovenija<\/title>\n<meta name=\"robots\" content=\"index, follow, max-snippet:-1, max-image-preview:large, max-video-preview:-1\" \/>\n<link rel=\"canonical\" href=\"https:\/\/hudo.com\/si\/aktualno\/fizicni-obracun-na-slovestnosti-na-ptuju\/\" \/>\n<meta property=\"og:locale\" content=\"sl_SI\" \/>\n<meta property=\"og:type\" content=\"article\" \/>\n<meta property=\"og:title\" content=\"Fizi\u010dni obra\u010dun na slovestnosti na Ptuju - Hudo Slovenija\" \/>\n<meta property=\"og:description\" content=\"Na \u010detrtkovi pogostitvi po uradnem delu sprejema ob 45-letnici obmo\u010dne obrtno-podjetni\u0161ke zbornice, ki je potekala na ptujskem gradu, sta se v fizi\u010dni obra\u010dun zapletla ptujski \u017eupan Miran Sen\u010dar in tamkaj\u0161nji odvetnik Igor Majnik. Na policiji so potrdili, da obravnavajo primer povzro\u010ditve lahke telesne po\u0161kodbe, do katere je pri\u0161lo okoli 15. ure.\" \/>\n<meta property=\"og:url\" content=\"https:\/\/hudo.com\/si\/aktualno\/fizicni-obracun-na-slovestnosti-na-ptuju\/\" \/>\n<meta property=\"og:site_name\" content=\"Hudo Slovenija\" \/>\n<meta property=\"article:publisher\" content=\"https:\/\/www.facebook.com\/hudo.si\" \/>\n<meta property=\"article:published_time\" content=\"2016-05-13T06:58:20+00:00\" \/>\n<meta property=\"og:image\" content=\"https:\/\/hudo.com\/si\/wp-content\/uploads\/sites\/2\/2016\/05\/ThinkstockPhotos-876810051.jpg\" \/>\n\t<meta property=\"og:image:width\" content=\"2124\" \/>\n\t<meta property=\"og:image:height\" content=\"1412\" \/>\n\t<meta property=\"og:image:type\" content=\"image\/jpeg\" \/>\n<meta name=\"author\" content=\"A. G., STA\" \/>\n<meta name=\"twitter:card\" content=\"summary_large_image\" \/>\n<meta name=\"twitter:creator\" content=\"@hudo_si\" \/>\n<meta name=\"twitter:site\" content=\"@hudo_si\" \/>\n<meta name=\"twitter:label1\" content=\"Written by\" \/>\n\t<meta name=\"twitter:data1\" content=\"A. G., STA\" \/>\n\t<meta name=\"twitter:label2\" content=\"Est. reading time\" \/>\n\t<meta name=\"twitter:data2\" content=\"2 minuti\" \/>\n<script type=\"application\/ld+json\" class=\"yoast-schema-graph\">{\"@context\":\"https:\/\/schema.org\",\"@graph\":[{\"@type\":\"Article\",\"@id\":\"https:\/\/hudo.com\/si\/aktualno\/fizicni-obracun-na-slovestnosti-na-ptuju\/#article\",\"isPartOf\":{\"@id\":\"https:\/\/hudo.com\/si\/aktualno\/fizicni-obracun-na-slovestnosti-na-ptuju\/\"},\"author\":{\"name\":\"A. G., STA\",\"@id\":\"https:\/\/hudo.com\/si\/#\/schema\/person\/2391667a63ea075ba94f2f2dc6b77537\"},\"headline\":\"Fizi\u010dni obra\u010dun na slovestnosti na Ptuju\",\"datePublished\":\"2016-05-13T06:58:20+00:00\",\"dateModified\":\"2016-05-13T06:58:20+00:00\",\"mainEntityOfPage\":{\"@id\":\"https:\/\/hudo.com\/si\/aktualno\/fizicni-obracun-na-slovestnosti-na-ptuju\/\"},\"wordCount\":399,\"publisher\":{\"@id\":\"https:\/\/hudo.com\/si\/#organization\"},\"keywords\":[\"Igor Majnik\",\"incident\",\"Miran Sen\u010dar\",\"policija\"],\"articleSection\":[\"Aktualno\"],\"inLanguage\":\"sl-SI\"},{\"@type\":\"WebPage\",\"@id\":\"https:\/\/hudo.com\/si\/aktualno\/fizicni-obracun-na-slovestnosti-na-ptuju\/\",\"url\":\"https:\/\/hudo.com\/si\/aktualno\/fizicni-obracun-na-slovestnosti-na-ptuju\/\",\"name\":\"Fizi\u010dni obra\u010dun na slovestnosti na Ptuju - Hudo Slovenija\",\"isPartOf\":{\"@id\":\"https:\/\/hudo.com\/si\/#website\"},\"datePublished\":\"2016-05-13T06:58:20+00:00\",\"dateModified\":\"2016-05-13T06:58:20+00:00\",\"breadcrumb\":{\"@id\":\"https:\/\/hudo.com\/si\/aktualno\/fizicni-obracun-na-slovestnosti-na-ptuju\/#breadcrumb\"},\"inLanguage\":\"sl-SI\",\"potentialAction\":[{\"@type\":\"ReadAction\",\"target\":[\"https:\/\/hudo.com\/si\/aktualno\/fizicni-obracun-na-slovestnosti-na-ptuju\/\"]}]},{\"@type\":\"BreadcrumbList\",\"@id\":\"https:\/\/hudo.com\/si\/aktualno\/fizicni-obracun-na-slovestnosti-na-ptuju\/#breadcrumb\",\"itemListElement\":[{\"@type\":\"ListItem\",\"position\":1,\"name\":\"Home\",\"item\":\"https:\/\/hudo.com\/si\/\"},{\"@type\":\"ListItem\",\"position\":2,\"name\":\"Fizi\u010dni obra\u010dun na slovestnosti na Ptuju\"}]},{\"@type\":\"WebSite\",\"@id\":\"https:\/\/hudo.com\/si\/#website\",\"url\":\"https:\/\/hudo.com\/si\/\",\"name\":\"Hudo Slovenija\",\"description\":\"Vse novice iz Slovenije in sveta\",\"publisher\":{\"@id\":\"https:\/\/hudo.com\/si\/#organization\"},\"potentialAction\":[{\"@type\":\"SearchAction\",\"target\":{\"@type\":\"EntryPoint\",\"urlTemplate\":\"https:\/\/hudo.com\/si\/?s={search_term_string}\"},\"query-input\":\"required name=search_term_string\"}],\"inLanguage\":\"sl-SI\"},{\"@type\":\"Organization\",\"@id\":\"https:\/\/hudo.com\/si\/#organization\",\"name\":\"VSN Media\",\"url\":\"https:\/\/hudo.com\/si\/\",\"logo\":{\"@type\":\"ImageObject\",\"inLanguage\":\"sl-SI\",\"@id\":\"https:\/\/hudo.com\/si\/#\/schema\/logo\/image\/\",\"url\":\"https:\/\/hudo.com\/si\/wp-content\/uploads\/sites\/2\/2021\/03\/hudo-app-2.png\",\"contentUrl\":\"https:\/\/hudo.com\/si\/wp-content\/uploads\/sites\/2\/2021\/03\/hudo-app-2.png\",\"width\":2185,\"height\":2167,\"caption\":\"VSN Media\"},\"image\":{\"@id\":\"https:\/\/hudo.com\/si\/#\/schema\/logo\/image\/\"},\"sameAs\":[\"https:\/\/www.facebook.com\/hudo.si\",\"https:\/\/twitter.com\/hudo_si\"]},{\"@type\":\"Person\",\"@id\":\"https:\/\/hudo.com\/si\/#\/schema\/person\/2391667a63ea075ba94f2f2dc6b77537\",\"name\":\"A. G., STA\",\"image\":{\"@type\":\"ImageObject\",\"inLanguage\":\"sl-SI\",\"@id\":\"https:\/\/hudo.com\/si\/#\/schema\/person\/image\/\",\"url\":\"https:\/\/secure.gravatar.com\/avatar\/e13d22ac3e442658d5025fbbe6238a79?s=96&d=mm&r=g\",\"contentUrl\":\"https:\/\/secure.gravatar.com\/avatar\/e13d22ac3e442658d5025fbbe6238a79?s=96&d=mm&r=g\",\"caption\":\"A. G., STA\"},\"url\":\"https:\/\/hudo.com\/si\/author\/alenka\/\"}]}<\/script>\n<!-- \/ Yoast SEO plugin. -->","yoast_head_json":{"title":"Fizi\u010dni obra\u010dun na slovestnosti na Ptuju - Hudo Slovenija","robots":{"index":"index","follow":"follow","max-snippet":"max-snippet:-1","max-image-preview":"max-image-preview:large","max-video-preview":"max-video-preview:-1"},"canonical":"https:\/\/hudo.com\/si\/aktualno\/fizicni-obracun-na-slovestnosti-na-ptuju\/","og_locale":"sl_SI","og_type":"article","og_title":"Fizi\u010dni obra\u010dun na slovestnosti na Ptuju - Hudo Slovenija","og_description":"Na \u010detrtkovi pogostitvi po uradnem delu sprejema ob 45-letnici obmo\u010dne obrtno-podjetni\u0161ke zbornice, ki je potekala na ptujskem gradu, sta se v fizi\u010dni obra\u010dun zapletla ptujski \u017eupan Miran Sen\u010dar in tamkaj\u0161nji odvetnik Igor Majnik. Na policiji so potrdili, da obravnavajo primer povzro\u010ditve lahke telesne po\u0161kodbe, do katere je pri\u0161lo okoli 15. ure.","og_url":"https:\/\/hudo.com\/si\/aktualno\/fizicni-obracun-na-slovestnosti-na-ptuju\/","og_site_name":"Hudo Slovenija","article_publisher":"https:\/\/www.facebook.com\/hudo.si","article_published_time":"2016-05-13T06:58:20+00:00","og_image":[{"width":2124,"height":1412,"url":"https:\/\/hudo.com\/si\/wp-content\/uploads\/sites\/2\/2016\/05\/ThinkstockPhotos-876810051.jpg","type":"image\/jpeg"}],"author":"A. G., STA","twitter_card":"summary_large_image","twitter_creator":"@hudo_si","twitter_site":"@hudo_si","twitter_misc":{"Written by":"A. G., STA","Est. reading time":"2 minuti"},"schema":{"@context":"https:\/\/schema.org","@graph":[{"@type":"Article","@id":"https:\/\/hudo.com\/si\/aktualno\/fizicni-obracun-na-slovestnosti-na-ptuju\/#article","isPartOf":{"@id":"https:\/\/hudo.com\/si\/aktualno\/fizicni-obracun-na-slovestnosti-na-ptuju\/"},"author":{"name":"A. G., STA","@id":"https:\/\/hudo.com\/si\/#\/schema\/person\/2391667a63ea075ba94f2f2dc6b77537"},"headline":"Fizi\u010dni obra\u010dun na slovestnosti na Ptuju","datePublished":"2016-05-13T06:58:20+00:00","dateModified":"2016-05-13T06:58:20+00:00","mainEntityOfPage":{"@id":"https:\/\/hudo.com\/si\/aktualno\/fizicni-obracun-na-slovestnosti-na-ptuju\/"},"wordCount":399,"publisher":{"@id":"https:\/\/hudo.com\/si\/#organization"},"keywords":["Igor Majnik","incident","Miran Sen\u010dar","policija"],"articleSection":["Aktualno"],"inLanguage":"sl-SI"},{"@type":"WebPage","@id":"https:\/\/hudo.com\/si\/aktualno\/fizicni-obracun-na-slovestnosti-na-ptuju\/","url":"https:\/\/hudo.com\/si\/aktualno\/fizicni-obracun-na-slovestnosti-na-ptuju\/","name":"Fizi\u010dni obra\u010dun na slovestnosti na Ptuju - Hudo Slovenija","isPartOf":{"@id":"https:\/\/hudo.com\/si\/#website"},"datePublished":"2016-05-13T06:58:20+00:00","dateModified":"2016-05-13T06:58:20+00:00","breadcrumb":{"@id":"https:\/\/hudo.com\/si\/aktualno\/fizicni-obracun-na-slovestnosti-na-ptuju\/#breadcrumb"},"inLanguage":"sl-SI","potentialAction":[{"@type":"ReadAction","target":["https:\/\/hudo.com\/si\/aktualno\/fizicni-obracun-na-slovestnosti-na-ptuju\/"]}]},{"@type":"BreadcrumbList","@id":"https:\/\/hudo.com\/si\/aktualno\/fizicni-obracun-na-slovestnosti-na-ptuju\/#breadcrumb","itemListElement":[{"@type":"ListItem","position":1,"name":"Home","item":"https:\/\/hudo.com\/si\/"},{"@type":"ListItem","position":2,"name":"Fizi\u010dni obra\u010dun na slovestnosti na Ptuju"}]},{"@type":"WebSite","@id":"https:\/\/hudo.com\/si\/#website","url":"https:\/\/hudo.com\/si\/","name":"Hudo Slovenija","description":"Vse novice iz Slovenije in sveta","publisher":{"@id":"https:\/\/hudo.com\/si\/#organization"},"potentialAction":[{"@type":"SearchAction","target":{"@type":"EntryPoint","urlTemplate":"https:\/\/hudo.com\/si\/?s={search_term_string}"},"query-input":"required name=search_term_string"}],"inLanguage":"sl-SI"},{"@type":"Organization","@id":"https:\/\/hudo.com\/si\/#organization","name":"VSN Media","url":"https:\/\/hudo.com\/si\/","logo":{"@type":"ImageObject","inLanguage":"sl-SI","@id":"https:\/\/hudo.com\/si\/#\/schema\/logo\/image\/","url":"https:\/\/hudo.com\/si\/wp-content\/uploads\/sites\/2\/2021\/03\/hudo-app-2.png","contentUrl":"https:\/\/hudo.com\/si\/wp-content\/uploads\/sites\/2\/2021\/03\/hudo-app-2.png","width":2185,"height":2167,"caption":"VSN Media"},"image":{"@id":"https:\/\/hudo.com\/si\/#\/schema\/logo\/image\/"},"sameAs":["https:\/\/www.facebook.com\/hudo.si","https:\/\/twitter.com\/hudo_si"]},{"@type":"Person","@id":"https:\/\/hudo.com\/si\/#\/schema\/person\/2391667a63ea075ba94f2f2dc6b77537","name":"A. G., STA","image":{"@type":"ImageObject","inLanguage":"sl-SI","@id":"https:\/\/hudo.com\/si\/#\/schema\/person\/image\/","url":"https:\/\/secure.gravatar.com\/avatar\/e13d22ac3e442658d5025fbbe6238a79?s=96&d=mm&r=g","contentUrl":"https:\/\/secure.gravatar.com\/avatar\/e13d22ac3e442658d5025fbbe6238a79?s=96&d=mm&r=g","caption":"A. G., STA"},"url":"https:\/\/hudo.com\/si\/author\/alenka\/"}]}},"amp_enabled":true,"_links":{"self":[{"href":"https:\/\/hudo.com\/si\/wp-json\/wp\/v2\/posts\/51767"}],"collection":[{"href":"https:\/\/hudo.com\/si\/wp-json\/wp\/v2\/posts"}],"about":[{"href":"https:\/\/hudo.com\/si\/wp-json\/wp\/v2\/types\/post"}],"author":[{"embeddable":true,"href":"https:\/\/hudo.com\/si\/wp-json\/wp\/v2\/users\/5"}],"replies":[{"embeddable":true,"href":"https:\/\/hudo.com\/si\/wp-json\/wp\/v2\/comments?post=51767"}],"version-history":[{"count":1,"href":"https:\/\/hudo.com\/si\/wp-json\/wp\/v2\/posts\/51767\/revisions"}],"predecessor-version":[{"id":51769,"href":"https:\/\/hudo.com\/si\/wp-json\/wp\/v2\/posts\/51767\/revisions\/51769"}],"wp:featuredmedia":[{"embeddable":true,"href":"https:\/\/hudo.com\/si\/wp-json\/wp\/v2\/media\/51768"}],"wp:attachment":[{"href":"https:\/\/hudo.com\/si\/wp-json\/wp\/v2\/media?parent=51767"}],"wp:term":[{"taxonomy":"category","embeddable":true,"href":"https:\/\/hudo.com\/si\/wp-json\/wp\/v2\/categories?post=51767"},{"taxonomy":"post_tag","embeddable":true,"href":"https:\/\/hudo.com\/si\/wp-json\/wp\/v2\/tags?post=51767"},{"taxonomy":"source","embeddable":true,"href":"https:\/\/hudo.com\/si\/wp-json\/wp\/v2\/source?post=51767"},{"taxonomy":"supertag","embeddable":true,"href":"https:\/\/hudo.com\/si\/wp-json\/wp\/v2\/supertag?post=51767"}],"curies":[{"name":"wp","href":"https:\/\/api.w.org\/{rel}","templated":true}]}}