{"id":52051,"date":"2016-05-13T11:30:00","date_gmt":"2016-05-13T09:30:00","guid":{"rendered":"http:\/\/hudo.com\/si\/2016\/05\/13\/boj-za-fiksno-telefonijo-v-javni-upravi\/"},"modified":"2016-05-13T11:30:00","modified_gmt":"2016-05-13T09:30:00","slug":"boj-za-fiksno-telefonijo-v-javni-upravi","status":"publish","type":"post","link":"https:\/\/hudo.com\/si\/aktualno\/boj-za-fiksno-telefonijo-v-javni-upravi\/","title":{"rendered":"Boj za fiksno telefonijo v javni upravi"},"content":{"rendered":"<p>Kategorija: Infrastruktura Fri, 13 May 2016 13:30:00 +0200  Ljubljana &#8211; Dr\u017eavni revizorji so na predlog Amisa razveljavili aktualno 3. fazo postopka konkuren\u010dnega dialoga razpisa za fiksno telefonijo v javni upravi, v kateri je bil izbran Telekom Slovenije. V Simobilu, ki je februarja letos za\u010del priklapljati prve od okrog 12.000 uporabnikov mobilne telefonije v javni upravi, 1. aprila pa dokon\u010dno prevzel dru\u017ebo Amis, odlo\u010ditev dr\u017eavne revizijske komisije seveda pozdravljajo, saj bo tako po njihovem mnenju na razpisu omogo\u010den konkuren\u010den boj ve\u010d ponudnikov. Pred slabima dvema letoma objavljen razpis za stacionarno telefonijo je bil prvi\u010d pripravljen enotno za vso javno upravo, za skupno 179 naro\u010dnikov s pribli\u017eno 20.000 priklju\u010dki na predvidoma 1.900 lokacijah po Sloveniji za obdobje treh let in v ocenjeni skupni vrednosti \u0161estih milijonov evrov. V Simobilu so obse\u017eno odlo\u010ditev dr\u017eavne revizijske komisije strnili v obrazlo\u017eitev, da mora ministrstvo za javno\u00a0&#8230;<\/p>\n","protected":false},"excerpt":{"rendered":"<p>Kategorija: Infrastruktura Fri, 13 May 2016 13:30:00 +0200  Ljubljana &#8211; Dr\u017eavni revizorji so na predlog Amisa razveljavili aktualno 3. fazo postopka konkuren\u010dnega dialoga razpisa za fiksno telefonijo v javni upravi, v kateri je bil izbran Telekom Slovenije. V Simobilu, ki je februarja letos za\u010del priklapljati prve od okrog 12.000 uporabnikov mobilne telefonije v javni upravi, 1. aprila pa dokon\u010dno prevzel dru\u017ebo Amis, odlo\u010ditev dr\u017eavne revizijske komisije seveda pozdravljajo, saj bo tako po njihovem mnenju na razpisu omogo\u010den konkuren\u010den boj ve\u010d ponudnikov. Pred slabima dvema letoma objavljen razpis za stacionarno telefonijo je bil prvi\u010d pripravljen enotno za vso javno upravo, za skupno 179 naro\u010dnikov s pribli\u017eno 20.000 priklju\u010dki na predvidoma 1.900 lokacijah po Sloveniji za obdobje treh let in v ocenjeni skupni vrednosti \u0161estih milijonov evrov. V Simobilu so obse\u017eno odlo\u010ditev dr\u017eavne revizijske komisije strnili v obrazlo\u017eitev, da mora ministrstvo za javno\u00a0&#8230;<\/p>\n","protected":false},"author":1,"featured_media":0,"comment_status":"closed","ping_status":"closed","sticky":false,"template":"","format":"standard","meta":{"footnotes":""},"categories":[1179],"tags":[],"source":[4511],"supertag":[],"acf":[],"yoast_head":"<!-- This site is optimized with the Yoast SEO plugin v21.3 - https:\/\/yoast.com\/wordpress\/plugins\/seo\/ -->\n<title>Boj za fiksno telefonijo v javni upravi - Hudo Slovenija<\/title>\n<meta name=\"robots\" content=\"index, follow, max-snippet:-1, max-image-preview:large, max-video-preview:-1\" \/>\n<link rel=\"canonical\" href=\"https:\/\/hudo.com\/si\/aktualno\/boj-za-fiksno-telefonijo-v-javni-upravi\/\" \/>\n<meta property=\"og:locale\" content=\"sl_SI\" \/>\n<meta property=\"og:type\" content=\"article\" \/>\n<meta property=\"og:title\" content=\"Boj za fiksno telefonijo v javni upravi - Hudo Slovenija\" \/>\n<meta property=\"og:description\" content=\"Kategorija: Infrastruktura Fri, 13 May 2016 13:30:00 +0200 Ljubljana - Dr\u017eavni revizorji so na predlog Amisa razveljavili aktualno 3. fazo postopka konkuren\u010dnega dialoga razpisa za fiksno telefonijo v javni upravi, v kateri je bil izbran Telekom Slovenije. V Simobilu, ki je februarja letos za\u010del priklapljati prve od okrog 12.000 uporabnikov mobilne telefonije v javni upravi, 1. aprila pa dokon\u010dno prevzel dru\u017ebo Amis, odlo\u010ditev dr\u017eavne revizijske komisije seveda pozdravljajo, saj bo tako po njihovem mnenju na razpisu omogo\u010den konkuren\u010den boj ve\u010d ponudnikov. Pred slabima dvema letoma objavljen razpis za stacionarno telefonijo je bil prvi\u010d pripravljen enotno za vso javno upravo, za skupno 179 naro\u010dnikov s pribli\u017eno 20.000 priklju\u010dki na predvidoma 1.900 lokacijah po Sloveniji za obdobje treh let in v ocenjeni skupni vrednosti \u0161estih milijonov evrov. V Simobilu so obse\u017eno odlo\u010ditev dr\u017eavne revizijske komisije strnili v obrazlo\u017eitev, da mora ministrstvo za javno\u00a0...\" \/>\n<meta property=\"og:url\" content=\"https:\/\/hudo.com\/si\/aktualno\/boj-za-fiksno-telefonijo-v-javni-upravi\/\" \/>\n<meta property=\"og:site_name\" content=\"Hudo Slovenija\" \/>\n<meta property=\"article:publisher\" content=\"https:\/\/www.facebook.com\/hudo.si\" \/>\n<meta property=\"article:published_time\" content=\"2016-05-13T09:30:00+00:00\" \/>\n<meta property=\"og:image\" content=\"https:\/\/hudo.com\/si\/wp-content\/uploads\/sites\/2\/2016\/05\/480x290_800px-Iskra_ETA_80.jpeg\" \/>\n\t<meta property=\"og:image:width\" content=\"480\" \/>\n\t<meta property=\"og:image:height\" content=\"290\" \/>\n\t<meta property=\"og:image:type\" content=\"image\/jpeg\" \/>\n<meta name=\"author\" content=\"hudo\" \/>\n<meta name=\"twitter:card\" content=\"summary_large_image\" \/>\n<meta name=\"twitter:creator\" content=\"@hudo_si\" \/>\n<meta name=\"twitter:site\" content=\"@hudo_si\" \/>\n<meta name=\"twitter:label1\" content=\"Written by\" \/>\n\t<meta name=\"twitter:data1\" content=\"hudo\" \/>\n\t<meta name=\"twitter:label2\" content=\"Est. reading time\" \/>\n\t<meta name=\"twitter:data2\" content=\"1 minuta\" \/>\n<script type=\"application\/ld+json\" class=\"yoast-schema-graph\">{\"@context\":\"https:\/\/schema.org\",\"@graph\":[{\"@type\":\"Article\",\"@id\":\"https:\/\/hudo.com\/si\/aktualno\/boj-za-fiksno-telefonijo-v-javni-upravi\/#article\",\"isPartOf\":{\"@id\":\"https:\/\/hudo.com\/si\/aktualno\/boj-za-fiksno-telefonijo-v-javni-upravi\/\"},\"author\":{\"name\":\"hudo\",\"@id\":\"https:\/\/hudo.com\/si\/#\/schema\/person\/601cf3379633985b20f7e50f2bb47707\"},\"headline\":\"Boj za fiksno telefonijo v javni upravi\",\"datePublished\":\"2016-05-13T09:30:00+00:00\",\"dateModified\":\"2016-05-13T09:30:00+00:00\",\"mainEntityOfPage\":{\"@id\":\"https:\/\/hudo.com\/si\/aktualno\/boj-za-fiksno-telefonijo-v-javni-upravi\/\"},\"wordCount\":154,\"publisher\":{\"@id\":\"https:\/\/hudo.com\/si\/#organization\"},\"articleSection\":[\"Aktualno\"],\"inLanguage\":\"sl-SI\"},{\"@type\":\"WebPage\",\"@id\":\"https:\/\/hudo.com\/si\/aktualno\/boj-za-fiksno-telefonijo-v-javni-upravi\/\",\"url\":\"https:\/\/hudo.com\/si\/aktualno\/boj-za-fiksno-telefonijo-v-javni-upravi\/\",\"name\":\"Boj za fiksno telefonijo v javni upravi - Hudo Slovenija\",\"isPartOf\":{\"@id\":\"https:\/\/hudo.com\/si\/#website\"},\"datePublished\":\"2016-05-13T09:30:00+00:00\",\"dateModified\":\"2016-05-13T09:30:00+00:00\",\"breadcrumb\":{\"@id\":\"https:\/\/hudo.com\/si\/aktualno\/boj-za-fiksno-telefonijo-v-javni-upravi\/#breadcrumb\"},\"inLanguage\":\"sl-SI\",\"potentialAction\":[{\"@type\":\"ReadAction\",\"target\":[\"https:\/\/hudo.com\/si\/aktualno\/boj-za-fiksno-telefonijo-v-javni-upravi\/\"]}]},{\"@type\":\"BreadcrumbList\",\"@id\":\"https:\/\/hudo.com\/si\/aktualno\/boj-za-fiksno-telefonijo-v-javni-upravi\/#breadcrumb\",\"itemListElement\":[{\"@type\":\"ListItem\",\"position\":1,\"name\":\"Home\",\"item\":\"https:\/\/hudo.com\/si\/\"},{\"@type\":\"ListItem\",\"position\":2,\"name\":\"Boj za fiksno telefonijo v javni upravi\"}]},{\"@type\":\"WebSite\",\"@id\":\"https:\/\/hudo.com\/si\/#website\",\"url\":\"https:\/\/hudo.com\/si\/\",\"name\":\"Hudo Slovenija\",\"description\":\"Vse novice iz Slovenije in sveta\",\"publisher\":{\"@id\":\"https:\/\/hudo.com\/si\/#organization\"},\"potentialAction\":[{\"@type\":\"SearchAction\",\"target\":{\"@type\":\"EntryPoint\",\"urlTemplate\":\"https:\/\/hudo.com\/si\/?s={search_term_string}\"},\"query-input\":\"required name=search_term_string\"}],\"inLanguage\":\"sl-SI\"},{\"@type\":\"Organization\",\"@id\":\"https:\/\/hudo.com\/si\/#organization\",\"name\":\"VSN Media\",\"url\":\"https:\/\/hudo.com\/si\/\",\"logo\":{\"@type\":\"ImageObject\",\"inLanguage\":\"sl-SI\",\"@id\":\"https:\/\/hudo.com\/si\/#\/schema\/logo\/image\/\",\"url\":\"https:\/\/hudo.com\/si\/wp-content\/uploads\/sites\/2\/2021\/03\/hudo-app-2.png\",\"contentUrl\":\"https:\/\/hudo.com\/si\/wp-content\/uploads\/sites\/2\/2021\/03\/hudo-app-2.png\",\"width\":2185,\"height\":2167,\"caption\":\"VSN Media\"},\"image\":{\"@id\":\"https:\/\/hudo.com\/si\/#\/schema\/logo\/image\/\"},\"sameAs\":[\"https:\/\/www.facebook.com\/hudo.si\",\"https:\/\/twitter.com\/hudo_si\"]},{\"@type\":\"Person\",\"@id\":\"https:\/\/hudo.com\/si\/#\/schema\/person\/601cf3379633985b20f7e50f2bb47707\",\"name\":\"hudo\",\"image\":{\"@type\":\"ImageObject\",\"inLanguage\":\"sl-SI\",\"@id\":\"https:\/\/hudo.com\/si\/#\/schema\/person\/image\/\",\"url\":\"https:\/\/secure.gravatar.com\/avatar\/c4ca25fa72cace7a696b52ff5db9e095?s=96&d=mm&r=g\",\"contentUrl\":\"https:\/\/secure.gravatar.com\/avatar\/c4ca25fa72cace7a696b52ff5db9e095?s=96&d=mm&r=g\",\"caption\":\"hudo\"},\"url\":\"https:\/\/hudo.com\/si\/author\/hudo\/\"}]}<\/script>\n<!-- \/ Yoast SEO plugin. -->","yoast_head_json":{"title":"Boj za fiksno telefonijo v javni upravi - Hudo Slovenija","robots":{"index":"index","follow":"follow","max-snippet":"max-snippet:-1","max-image-preview":"max-image-preview:large","max-video-preview":"max-video-preview:-1"},"canonical":"https:\/\/hudo.com\/si\/aktualno\/boj-za-fiksno-telefonijo-v-javni-upravi\/","og_locale":"sl_SI","og_type":"article","og_title":"Boj za fiksno telefonijo v javni upravi - Hudo Slovenija","og_description":"Kategorija: Infrastruktura Fri, 13 May 2016 13:30:00 +0200 Ljubljana - Dr\u017eavni revizorji so na predlog Amisa razveljavili aktualno 3. fazo postopka konkuren\u010dnega dialoga razpisa za fiksno telefonijo v javni upravi, v kateri je bil izbran Telekom Slovenije. V Simobilu, ki je februarja letos za\u010del priklapljati prve od okrog 12.000 uporabnikov mobilne telefonije v javni upravi, 1. aprila pa dokon\u010dno prevzel dru\u017ebo Amis, odlo\u010ditev dr\u017eavne revizijske komisije seveda pozdravljajo, saj bo tako po njihovem mnenju na razpisu omogo\u010den konkuren\u010den boj ve\u010d ponudnikov. Pred slabima dvema letoma objavljen razpis za stacionarno telefonijo je bil prvi\u010d pripravljen enotno za vso javno upravo, za skupno 179 naro\u010dnikov s pribli\u017eno 20.000 priklju\u010dki na predvidoma 1.900 lokacijah po Sloveniji za obdobje treh let in v ocenjeni skupni vrednosti \u0161estih milijonov evrov. V Simobilu so obse\u017eno odlo\u010ditev dr\u017eavne revizijske komisije strnili v obrazlo\u017eitev, da mora ministrstvo za javno\u00a0...","og_url":"https:\/\/hudo.com\/si\/aktualno\/boj-za-fiksno-telefonijo-v-javni-upravi\/","og_site_name":"Hudo Slovenija","article_publisher":"https:\/\/www.facebook.com\/hudo.si","article_published_time":"2016-05-13T09:30:00+00:00","og_image":[{"width":480,"height":290,"url":"https:\/\/hudo.com\/si\/wp-content\/uploads\/sites\/2\/2016\/05\/480x290_800px-Iskra_ETA_80.jpeg","type":"image\/jpeg"}],"author":"hudo","twitter_card":"summary_large_image","twitter_creator":"@hudo_si","twitter_site":"@hudo_si","twitter_misc":{"Written by":"hudo","Est. reading time":"1 minuta"},"schema":{"@context":"https:\/\/schema.org","@graph":[{"@type":"Article","@id":"https:\/\/hudo.com\/si\/aktualno\/boj-za-fiksno-telefonijo-v-javni-upravi\/#article","isPartOf":{"@id":"https:\/\/hudo.com\/si\/aktualno\/boj-za-fiksno-telefonijo-v-javni-upravi\/"},"author":{"name":"hudo","@id":"https:\/\/hudo.com\/si\/#\/schema\/person\/601cf3379633985b20f7e50f2bb47707"},"headline":"Boj za fiksno telefonijo v javni upravi","datePublished":"2016-05-13T09:30:00+00:00","dateModified":"2016-05-13T09:30:00+00:00","mainEntityOfPage":{"@id":"https:\/\/hudo.com\/si\/aktualno\/boj-za-fiksno-telefonijo-v-javni-upravi\/"},"wordCount":154,"publisher":{"@id":"https:\/\/hudo.com\/si\/#organization"},"articleSection":["Aktualno"],"inLanguage":"sl-SI"},{"@type":"WebPage","@id":"https:\/\/hudo.com\/si\/aktualno\/boj-za-fiksno-telefonijo-v-javni-upravi\/","url":"https:\/\/hudo.com\/si\/aktualno\/boj-za-fiksno-telefonijo-v-javni-upravi\/","name":"Boj za fiksno telefonijo v javni upravi - Hudo Slovenija","isPartOf":{"@id":"https:\/\/hudo.com\/si\/#website"},"datePublished":"2016-05-13T09:30:00+00:00","dateModified":"2016-05-13T09:30:00+00:00","breadcrumb":{"@id":"https:\/\/hudo.com\/si\/aktualno\/boj-za-fiksno-telefonijo-v-javni-upravi\/#breadcrumb"},"inLanguage":"sl-SI","potentialAction":[{"@type":"ReadAction","target":["https:\/\/hudo.com\/si\/aktualno\/boj-za-fiksno-telefonijo-v-javni-upravi\/"]}]},{"@type":"BreadcrumbList","@id":"https:\/\/hudo.com\/si\/aktualno\/boj-za-fiksno-telefonijo-v-javni-upravi\/#breadcrumb","itemListElement":[{"@type":"ListItem","position":1,"name":"Home","item":"https:\/\/hudo.com\/si\/"},{"@type":"ListItem","position":2,"name":"Boj za fiksno telefonijo v javni upravi"}]},{"@type":"WebSite","@id":"https:\/\/hudo.com\/si\/#website","url":"https:\/\/hudo.com\/si\/","name":"Hudo Slovenija","description":"Vse novice iz Slovenije in sveta","publisher":{"@id":"https:\/\/hudo.com\/si\/#organization"},"potentialAction":[{"@type":"SearchAction","target":{"@type":"EntryPoint","urlTemplate":"https:\/\/hudo.com\/si\/?s={search_term_string}"},"query-input":"required name=search_term_string"}],"inLanguage":"sl-SI"},{"@type":"Organization","@id":"https:\/\/hudo.com\/si\/#organization","name":"VSN Media","url":"https:\/\/hudo.com\/si\/","logo":{"@type":"ImageObject","inLanguage":"sl-SI","@id":"https:\/\/hudo.com\/si\/#\/schema\/logo\/image\/","url":"https:\/\/hudo.com\/si\/wp-content\/uploads\/sites\/2\/2021\/03\/hudo-app-2.png","contentUrl":"https:\/\/hudo.com\/si\/wp-content\/uploads\/sites\/2\/2021\/03\/hudo-app-2.png","width":2185,"height":2167,"caption":"VSN Media"},"image":{"@id":"https:\/\/hudo.com\/si\/#\/schema\/logo\/image\/"},"sameAs":["https:\/\/www.facebook.com\/hudo.si","https:\/\/twitter.com\/hudo_si"]},{"@type":"Person","@id":"https:\/\/hudo.com\/si\/#\/schema\/person\/601cf3379633985b20f7e50f2bb47707","name":"hudo","image":{"@type":"ImageObject","inLanguage":"sl-SI","@id":"https:\/\/hudo.com\/si\/#\/schema\/person\/image\/","url":"https:\/\/secure.gravatar.com\/avatar\/c4ca25fa72cace7a696b52ff5db9e095?s=96&d=mm&r=g","contentUrl":"https:\/\/secure.gravatar.com\/avatar\/c4ca25fa72cace7a696b52ff5db9e095?s=96&d=mm&r=g","caption":"hudo"},"url":"https:\/\/hudo.com\/si\/author\/hudo\/"}]}},"amp_enabled":true,"_links":{"self":[{"href":"https:\/\/hudo.com\/si\/wp-json\/wp\/v2\/posts\/52051"}],"collection":[{"href":"https:\/\/hudo.com\/si\/wp-json\/wp\/v2\/posts"}],"about":[{"href":"https:\/\/hudo.com\/si\/wp-json\/wp\/v2\/types\/post"}],"author":[{"embeddable":true,"href":"https:\/\/hudo.com\/si\/wp-json\/wp\/v2\/users\/1"}],"replies":[{"embeddable":true,"href":"https:\/\/hudo.com\/si\/wp-json\/wp\/v2\/comments?post=52051"}],"version-history":[{"count":0,"href":"https:\/\/hudo.com\/si\/wp-json\/wp\/v2\/posts\/52051\/revisions"}],"wp:attachment":[{"href":"https:\/\/hudo.com\/si\/wp-json\/wp\/v2\/media?parent=52051"}],"wp:term":[{"taxonomy":"category","embeddable":true,"href":"https:\/\/hudo.com\/si\/wp-json\/wp\/v2\/categories?post=52051"},{"taxonomy":"post_tag","embeddable":true,"href":"https:\/\/hudo.com\/si\/wp-json\/wp\/v2\/tags?post=52051"},{"taxonomy":"source","embeddable":true,"href":"https:\/\/hudo.com\/si\/wp-json\/wp\/v2\/source?post=52051"},{"taxonomy":"supertag","embeddable":true,"href":"https:\/\/hudo.com\/si\/wp-json\/wp\/v2\/supertag?post=52051"}],"curies":[{"name":"wp","href":"https:\/\/api.w.org\/{rel}","templated":true}]}}