{"id":52053,"date":"2016-05-13T11:09:00","date_gmt":"2016-05-13T09:09:00","guid":{"rendered":"http:\/\/hudo.com\/si\/2016\/05\/13\/avstrijski-socialdemokrati-za-kanclerja-izbrali-kerna\/"},"modified":"2016-05-13T11:09:00","modified_gmt":"2016-05-13T09:09:00","slug":"avstrijski-socialdemokrati-za-kanclerja-izbrali-kerna","status":"publish","type":"post","link":"https:\/\/hudo.com\/si\/aktualno\/avstrijski-socialdemokrati-za-kanclerja-izbrali-kerna\/","title":{"rendered":"Avstrijski socialdemokrati za kanclerja izbrali Kerna"},"content":{"rendered":"<p>Kategorija: Sose\u0161\u010dina Fri, 13 May 2016 13:09:00 +0200  Dunaj \u2013 \u0160ef avstrijskih \u017eeleznic Christian Kern bo novi predsednik avstrijskih socialdemokratov (SP\u00d6) in novi kancler. \u00bbOdlo\u010ditev je sprejeta,\u00ab je ob robu sre\u010danja de\u017eelnih vodij socialdemokratske stranke na Dunaju izjavil njen za\u010dasni predsednik Michael H\u00e4upl. Formalno odlo\u010ditev bo v torek sprejelo zvezno predsedstvo stranke, poro\u010da Slovenska tiskovna agencija. Dan zatem, torej v sredo, bo predvidoma avstrijski predsednik Heinz Fischer Kerna zaprisegel kot 13. kanclerja po letu 1945, sledilo bo glasovanje o novi vladi. Socialdemokrati, ki v Avstriji od leta 2008 vladajo skupaj s konservativci (\u00d6VP), imajo v parlamentu ve\u010dino glasov. Kot je danes pojasnil H\u00e4upl, bo Kern sam oblikoval vladno ekipo, pri \u010demer bo seveda imel proste roke. Avstrijski mediji \u017ee napaovedujejo nekatere spremembe na ministrskih polo\u017eajih. Podrobnosti niso znane. Izbiro\u00a0&#8230;<\/p>\n","protected":false},"excerpt":{"rendered":"<p>Kategorija: Sose\u0161\u010dina Fri, 13 May 2016 13:09:00 +0200  Dunaj \u2013 \u0160ef avstrijskih \u017eeleznic Christian Kern bo novi predsednik avstrijskih socialdemokratov (SP\u00d6) in novi kancler. \u00bbOdlo\u010ditev je sprejeta,\u00ab je ob robu sre\u010danja de\u017eelnih vodij socialdemokratske stranke na Dunaju izjavil njen za\u010dasni predsednik Michael H\u00e4upl. Formalno odlo\u010ditev bo v torek sprejelo zvezno predsedstvo stranke, poro\u010da Slovenska tiskovna agencija. Dan zatem, torej v sredo, bo predvidoma avstrijski predsednik Heinz Fischer Kerna zaprisegel kot 13. kanclerja po letu 1945, sledilo bo glasovanje o novi vladi. Socialdemokrati, ki v Avstriji od leta 2008 vladajo skupaj s konservativci (\u00d6VP), imajo v parlamentu ve\u010dino glasov. Kot je danes pojasnil H\u00e4upl, bo Kern sam oblikoval vladno ekipo, pri \u010demer bo seveda imel proste roke. Avstrijski mediji \u017ee napaovedujejo nekatere spremembe na ministrskih polo\u017eajih. Podrobnosti niso znane. Izbiro\u00a0&#8230;<\/p>\n","protected":false},"author":1,"featured_media":0,"comment_status":"closed","ping_status":"closed","sticky":false,"template":"","format":"standard","meta":{"footnotes":""},"categories":[1179],"tags":[],"source":[4511],"supertag":[],"acf":[],"yoast_head":"<!-- This site is optimized with the Yoast SEO plugin v21.3 - https:\/\/yoast.com\/wordpress\/plugins\/seo\/ -->\n<title>Avstrijski socialdemokrati za kanclerja izbrali Kerna - Hudo Slovenija<\/title>\n<meta name=\"robots\" content=\"index, follow, max-snippet:-1, max-image-preview:large, max-video-preview:-1\" \/>\n<link rel=\"canonical\" href=\"https:\/\/hudo.com\/si\/aktualno\/avstrijski-socialdemokrati-za-kanclerja-izbrali-kerna\/\" \/>\n<meta property=\"og:locale\" content=\"sl_SI\" \/>\n<meta property=\"og:type\" content=\"article\" \/>\n<meta property=\"og:title\" content=\"Avstrijski socialdemokrati za kanclerja izbrali Kerna - Hudo Slovenija\" \/>\n<meta property=\"og:description\" content=\"Kategorija: Sose\u0161\u010dina Fri, 13 May 2016 13:09:00 +0200 Dunaj \u2013 \u0160ef avstrijskih \u017eeleznic Christian Kern bo novi predsednik avstrijskih socialdemokratov (SP\u00d6) in novi kancler. \u00bbOdlo\u010ditev je sprejeta,\u00ab je ob robu sre\u010danja de\u017eelnih vodij socialdemokratske stranke na Dunaju izjavil njen za\u010dasni predsednik Michael H\u00e4upl. Formalno odlo\u010ditev bo v torek sprejelo zvezno predsedstvo stranke, poro\u010da Slovenska tiskovna agencija. Dan zatem, torej v sredo, bo predvidoma avstrijski predsednik Heinz Fischer Kerna zaprisegel kot 13. kanclerja po letu 1945, sledilo bo glasovanje o novi vladi. Socialdemokrati, ki v Avstriji od leta 2008 vladajo skupaj s konservativci (\u00d6VP), imajo v parlamentu ve\u010dino glasov. Kot je danes pojasnil H\u00e4upl, bo Kern sam oblikoval vladno ekipo, pri \u010demer bo seveda imel proste roke. Avstrijski mediji \u017ee napaovedujejo nekatere spremembe na ministrskih polo\u017eajih. Podrobnosti niso znane. Izbiro\u00a0...\" \/>\n<meta property=\"og:url\" content=\"https:\/\/hudo.com\/si\/aktualno\/avstrijski-socialdemokrati-za-kanclerja-izbrali-kerna\/\" \/>\n<meta property=\"og:site_name\" content=\"Hudo Slovenija\" \/>\n<meta property=\"article:publisher\" content=\"https:\/\/www.facebook.com\/hudo.si\" \/>\n<meta property=\"article:published_time\" content=\"2016-05-13T09:09:00+00:00\" \/>\n<meta property=\"og:image\" content=\"https:\/\/hudo.com\/si\/wp-content\/uploads\/sites\/2\/2016\/05\/480x290_Reuters_Pictures-20160512121454-91504400.jpeg\" \/>\n\t<meta property=\"og:image:width\" content=\"480\" \/>\n\t<meta property=\"og:image:height\" content=\"290\" \/>\n\t<meta property=\"og:image:type\" content=\"image\/jpeg\" \/>\n<meta name=\"author\" content=\"hudo\" \/>\n<meta name=\"twitter:card\" content=\"summary_large_image\" \/>\n<meta name=\"twitter:creator\" content=\"@hudo_si\" \/>\n<meta name=\"twitter:site\" content=\"@hudo_si\" \/>\n<meta name=\"twitter:label1\" content=\"Written by\" \/>\n\t<meta name=\"twitter:data1\" content=\"hudo\" \/>\n\t<meta name=\"twitter:label2\" content=\"Est. reading time\" \/>\n\t<meta name=\"twitter:data2\" content=\"1 minuta\" \/>\n<script type=\"application\/ld+json\" class=\"yoast-schema-graph\">{\"@context\":\"https:\/\/schema.org\",\"@graph\":[{\"@type\":\"Article\",\"@id\":\"https:\/\/hudo.com\/si\/aktualno\/avstrijski-socialdemokrati-za-kanclerja-izbrali-kerna\/#article\",\"isPartOf\":{\"@id\":\"https:\/\/hudo.com\/si\/aktualno\/avstrijski-socialdemokrati-za-kanclerja-izbrali-kerna\/\"},\"author\":{\"name\":\"hudo\",\"@id\":\"https:\/\/hudo.com\/si\/#\/schema\/person\/601cf3379633985b20f7e50f2bb47707\"},\"headline\":\"Avstrijski socialdemokrati za kanclerja izbrali Kerna\",\"datePublished\":\"2016-05-13T09:09:00+00:00\",\"dateModified\":\"2016-05-13T09:09:00+00:00\",\"mainEntityOfPage\":{\"@id\":\"https:\/\/hudo.com\/si\/aktualno\/avstrijski-socialdemokrati-za-kanclerja-izbrali-kerna\/\"},\"wordCount\":138,\"publisher\":{\"@id\":\"https:\/\/hudo.com\/si\/#organization\"},\"articleSection\":[\"Aktualno\"],\"inLanguage\":\"sl-SI\"},{\"@type\":\"WebPage\",\"@id\":\"https:\/\/hudo.com\/si\/aktualno\/avstrijski-socialdemokrati-za-kanclerja-izbrali-kerna\/\",\"url\":\"https:\/\/hudo.com\/si\/aktualno\/avstrijski-socialdemokrati-za-kanclerja-izbrali-kerna\/\",\"name\":\"Avstrijski socialdemokrati za kanclerja izbrali Kerna - Hudo Slovenija\",\"isPartOf\":{\"@id\":\"https:\/\/hudo.com\/si\/#website\"},\"datePublished\":\"2016-05-13T09:09:00+00:00\",\"dateModified\":\"2016-05-13T09:09:00+00:00\",\"breadcrumb\":{\"@id\":\"https:\/\/hudo.com\/si\/aktualno\/avstrijski-socialdemokrati-za-kanclerja-izbrali-kerna\/#breadcrumb\"},\"inLanguage\":\"sl-SI\",\"potentialAction\":[{\"@type\":\"ReadAction\",\"target\":[\"https:\/\/hudo.com\/si\/aktualno\/avstrijski-socialdemokrati-za-kanclerja-izbrali-kerna\/\"]}]},{\"@type\":\"BreadcrumbList\",\"@id\":\"https:\/\/hudo.com\/si\/aktualno\/avstrijski-socialdemokrati-za-kanclerja-izbrali-kerna\/#breadcrumb\",\"itemListElement\":[{\"@type\":\"ListItem\",\"position\":1,\"name\":\"Home\",\"item\":\"https:\/\/hudo.com\/si\/\"},{\"@type\":\"ListItem\",\"position\":2,\"name\":\"Avstrijski socialdemokrati za kanclerja izbrali Kerna\"}]},{\"@type\":\"WebSite\",\"@id\":\"https:\/\/hudo.com\/si\/#website\",\"url\":\"https:\/\/hudo.com\/si\/\",\"name\":\"Hudo Slovenija\",\"description\":\"Vse novice iz Slovenije in sveta\",\"publisher\":{\"@id\":\"https:\/\/hudo.com\/si\/#organization\"},\"potentialAction\":[{\"@type\":\"SearchAction\",\"target\":{\"@type\":\"EntryPoint\",\"urlTemplate\":\"https:\/\/hudo.com\/si\/?s={search_term_string}\"},\"query-input\":\"required name=search_term_string\"}],\"inLanguage\":\"sl-SI\"},{\"@type\":\"Organization\",\"@id\":\"https:\/\/hudo.com\/si\/#organization\",\"name\":\"VSN Media\",\"url\":\"https:\/\/hudo.com\/si\/\",\"logo\":{\"@type\":\"ImageObject\",\"inLanguage\":\"sl-SI\",\"@id\":\"https:\/\/hudo.com\/si\/#\/schema\/logo\/image\/\",\"url\":\"https:\/\/hudo.com\/si\/wp-content\/uploads\/sites\/2\/2021\/03\/hudo-app-2.png\",\"contentUrl\":\"https:\/\/hudo.com\/si\/wp-content\/uploads\/sites\/2\/2021\/03\/hudo-app-2.png\",\"width\":2185,\"height\":2167,\"caption\":\"VSN Media\"},\"image\":{\"@id\":\"https:\/\/hudo.com\/si\/#\/schema\/logo\/image\/\"},\"sameAs\":[\"https:\/\/www.facebook.com\/hudo.si\",\"https:\/\/twitter.com\/hudo_si\"]},{\"@type\":\"Person\",\"@id\":\"https:\/\/hudo.com\/si\/#\/schema\/person\/601cf3379633985b20f7e50f2bb47707\",\"name\":\"hudo\",\"image\":{\"@type\":\"ImageObject\",\"inLanguage\":\"sl-SI\",\"@id\":\"https:\/\/hudo.com\/si\/#\/schema\/person\/image\/\",\"url\":\"https:\/\/secure.gravatar.com\/avatar\/c4ca25fa72cace7a696b52ff5db9e095?s=96&d=mm&r=g\",\"contentUrl\":\"https:\/\/secure.gravatar.com\/avatar\/c4ca25fa72cace7a696b52ff5db9e095?s=96&d=mm&r=g\",\"caption\":\"hudo\"},\"url\":\"https:\/\/hudo.com\/si\/author\/hudo\/\"}]}<\/script>\n<!-- \/ Yoast SEO plugin. -->","yoast_head_json":{"title":"Avstrijski socialdemokrati za kanclerja izbrali Kerna - Hudo Slovenija","robots":{"index":"index","follow":"follow","max-snippet":"max-snippet:-1","max-image-preview":"max-image-preview:large","max-video-preview":"max-video-preview:-1"},"canonical":"https:\/\/hudo.com\/si\/aktualno\/avstrijski-socialdemokrati-za-kanclerja-izbrali-kerna\/","og_locale":"sl_SI","og_type":"article","og_title":"Avstrijski socialdemokrati za kanclerja izbrali Kerna - Hudo Slovenija","og_description":"Kategorija: Sose\u0161\u010dina Fri, 13 May 2016 13:09:00 +0200 Dunaj \u2013 \u0160ef avstrijskih \u017eeleznic Christian Kern bo novi predsednik avstrijskih socialdemokratov (SP\u00d6) in novi kancler. \u00bbOdlo\u010ditev je sprejeta,\u00ab je ob robu sre\u010danja de\u017eelnih vodij socialdemokratske stranke na Dunaju izjavil njen za\u010dasni predsednik Michael H\u00e4upl. Formalno odlo\u010ditev bo v torek sprejelo zvezno predsedstvo stranke, poro\u010da Slovenska tiskovna agencija. Dan zatem, torej v sredo, bo predvidoma avstrijski predsednik Heinz Fischer Kerna zaprisegel kot 13. kanclerja po letu 1945, sledilo bo glasovanje o novi vladi. Socialdemokrati, ki v Avstriji od leta 2008 vladajo skupaj s konservativci (\u00d6VP), imajo v parlamentu ve\u010dino glasov. Kot je danes pojasnil H\u00e4upl, bo Kern sam oblikoval vladno ekipo, pri \u010demer bo seveda imel proste roke. Avstrijski mediji \u017ee napaovedujejo nekatere spremembe na ministrskih polo\u017eajih. Podrobnosti niso znane. Izbiro\u00a0...","og_url":"https:\/\/hudo.com\/si\/aktualno\/avstrijski-socialdemokrati-za-kanclerja-izbrali-kerna\/","og_site_name":"Hudo Slovenija","article_publisher":"https:\/\/www.facebook.com\/hudo.si","article_published_time":"2016-05-13T09:09:00+00:00","og_image":[{"width":480,"height":290,"url":"https:\/\/hudo.com\/si\/wp-content\/uploads\/sites\/2\/2016\/05\/480x290_Reuters_Pictures-20160512121454-91504400.jpeg","type":"image\/jpeg"}],"author":"hudo","twitter_card":"summary_large_image","twitter_creator":"@hudo_si","twitter_site":"@hudo_si","twitter_misc":{"Written by":"hudo","Est. reading time":"1 minuta"},"schema":{"@context":"https:\/\/schema.org","@graph":[{"@type":"Article","@id":"https:\/\/hudo.com\/si\/aktualno\/avstrijski-socialdemokrati-za-kanclerja-izbrali-kerna\/#article","isPartOf":{"@id":"https:\/\/hudo.com\/si\/aktualno\/avstrijski-socialdemokrati-za-kanclerja-izbrali-kerna\/"},"author":{"name":"hudo","@id":"https:\/\/hudo.com\/si\/#\/schema\/person\/601cf3379633985b20f7e50f2bb47707"},"headline":"Avstrijski socialdemokrati za kanclerja izbrali Kerna","datePublished":"2016-05-13T09:09:00+00:00","dateModified":"2016-05-13T09:09:00+00:00","mainEntityOfPage":{"@id":"https:\/\/hudo.com\/si\/aktualno\/avstrijski-socialdemokrati-za-kanclerja-izbrali-kerna\/"},"wordCount":138,"publisher":{"@id":"https:\/\/hudo.com\/si\/#organization"},"articleSection":["Aktualno"],"inLanguage":"sl-SI"},{"@type":"WebPage","@id":"https:\/\/hudo.com\/si\/aktualno\/avstrijski-socialdemokrati-za-kanclerja-izbrali-kerna\/","url":"https:\/\/hudo.com\/si\/aktualno\/avstrijski-socialdemokrati-za-kanclerja-izbrali-kerna\/","name":"Avstrijski socialdemokrati za kanclerja izbrali Kerna - Hudo Slovenija","isPartOf":{"@id":"https:\/\/hudo.com\/si\/#website"},"datePublished":"2016-05-13T09:09:00+00:00","dateModified":"2016-05-13T09:09:00+00:00","breadcrumb":{"@id":"https:\/\/hudo.com\/si\/aktualno\/avstrijski-socialdemokrati-za-kanclerja-izbrali-kerna\/#breadcrumb"},"inLanguage":"sl-SI","potentialAction":[{"@type":"ReadAction","target":["https:\/\/hudo.com\/si\/aktualno\/avstrijski-socialdemokrati-za-kanclerja-izbrali-kerna\/"]}]},{"@type":"BreadcrumbList","@id":"https:\/\/hudo.com\/si\/aktualno\/avstrijski-socialdemokrati-za-kanclerja-izbrali-kerna\/#breadcrumb","itemListElement":[{"@type":"ListItem","position":1,"name":"Home","item":"https:\/\/hudo.com\/si\/"},{"@type":"ListItem","position":2,"name":"Avstrijski socialdemokrati za kanclerja izbrali Kerna"}]},{"@type":"WebSite","@id":"https:\/\/hudo.com\/si\/#website","url":"https:\/\/hudo.com\/si\/","name":"Hudo Slovenija","description":"Vse novice iz Slovenije in sveta","publisher":{"@id":"https:\/\/hudo.com\/si\/#organization"},"potentialAction":[{"@type":"SearchAction","target":{"@type":"EntryPoint","urlTemplate":"https:\/\/hudo.com\/si\/?s={search_term_string}"},"query-input":"required name=search_term_string"}],"inLanguage":"sl-SI"},{"@type":"Organization","@id":"https:\/\/hudo.com\/si\/#organization","name":"VSN Media","url":"https:\/\/hudo.com\/si\/","logo":{"@type":"ImageObject","inLanguage":"sl-SI","@id":"https:\/\/hudo.com\/si\/#\/schema\/logo\/image\/","url":"https:\/\/hudo.com\/si\/wp-content\/uploads\/sites\/2\/2021\/03\/hudo-app-2.png","contentUrl":"https:\/\/hudo.com\/si\/wp-content\/uploads\/sites\/2\/2021\/03\/hudo-app-2.png","width":2185,"height":2167,"caption":"VSN Media"},"image":{"@id":"https:\/\/hudo.com\/si\/#\/schema\/logo\/image\/"},"sameAs":["https:\/\/www.facebook.com\/hudo.si","https:\/\/twitter.com\/hudo_si"]},{"@type":"Person","@id":"https:\/\/hudo.com\/si\/#\/schema\/person\/601cf3379633985b20f7e50f2bb47707","name":"hudo","image":{"@type":"ImageObject","inLanguage":"sl-SI","@id":"https:\/\/hudo.com\/si\/#\/schema\/person\/image\/","url":"https:\/\/secure.gravatar.com\/avatar\/c4ca25fa72cace7a696b52ff5db9e095?s=96&d=mm&r=g","contentUrl":"https:\/\/secure.gravatar.com\/avatar\/c4ca25fa72cace7a696b52ff5db9e095?s=96&d=mm&r=g","caption":"hudo"},"url":"https:\/\/hudo.com\/si\/author\/hudo\/"}]}},"amp_enabled":true,"_links":{"self":[{"href":"https:\/\/hudo.com\/si\/wp-json\/wp\/v2\/posts\/52053"}],"collection":[{"href":"https:\/\/hudo.com\/si\/wp-json\/wp\/v2\/posts"}],"about":[{"href":"https:\/\/hudo.com\/si\/wp-json\/wp\/v2\/types\/post"}],"author":[{"embeddable":true,"href":"https:\/\/hudo.com\/si\/wp-json\/wp\/v2\/users\/1"}],"replies":[{"embeddable":true,"href":"https:\/\/hudo.com\/si\/wp-json\/wp\/v2\/comments?post=52053"}],"version-history":[{"count":0,"href":"https:\/\/hudo.com\/si\/wp-json\/wp\/v2\/posts\/52053\/revisions"}],"wp:attachment":[{"href":"https:\/\/hudo.com\/si\/wp-json\/wp\/v2\/media?parent=52053"}],"wp:term":[{"taxonomy":"category","embeddable":true,"href":"https:\/\/hudo.com\/si\/wp-json\/wp\/v2\/categories?post=52053"},{"taxonomy":"post_tag","embeddable":true,"href":"https:\/\/hudo.com\/si\/wp-json\/wp\/v2\/tags?post=52053"},{"taxonomy":"source","embeddable":true,"href":"https:\/\/hudo.com\/si\/wp-json\/wp\/v2\/source?post=52053"},{"taxonomy":"supertag","embeddable":true,"href":"https:\/\/hudo.com\/si\/wp-json\/wp\/v2\/supertag?post=52053"}],"curies":[{"name":"wp","href":"https:\/\/api.w.org\/{rel}","templated":true}]}}