{"id":52219,"date":"2016-05-13T13:45:00","date_gmt":"2016-05-13T11:45:00","guid":{"rendered":"http:\/\/hudo.com\/si\/2016\/05\/13\/avstrija-ne-vztraja-vec-pri-mejnem-nadzoru-na-bennerju\/"},"modified":"2016-05-13T19:17:32","modified_gmt":"2016-05-13T17:17:32","slug":"avstrija-ne-vztraja-vec-pri-mejnem-nadzoru-na-bennerju","status":"publish","type":"post","link":"https:\/\/hudo.com\/si\/aktualno\/avstrija-ne-vztraja-vec-pri-mejnem-nadzoru-na-bennerju\/","title":{"rendered":"Avstrija ne vztraja ve\u010d pri mejnem nadzoru na Bennerju"},"content":{"rendered":"<p>Avstrija ne bo ve\u010d vztrajala pri vzpostavitvi nadzora na mejnem prehodu Brenner na meji z Italijo, je danes napovedal avstrijski notranji minister Wolfgang Sobotka po sre\u010danju z italijanskim kolegom Angelinom Alfanom, s katerim sta se sre\u010dala prav na tem gorskem prelazu. Kot je dejal Sobotka, se je priliv migrantov preko tega najpomembnej\u0161ega prehoda med Avstrijo in Italijo v zadnjih tednih zaradi ukrepov italijanske strani krepko zmanj\u0161al. Zato priprave za uvedbo ukrepov za &#8220;upravljanje meje&#8221; oziroma za nadzor meje niso ve\u010d potrebni, poro\u010da avstrijska tiskovna agencija APA. Avstrija se je sicer za uvedbo nadzora na prelazu Brenner za\u010dela pripravljati sredi aprila. Za\u010dela je izvajati dolo\u010dena gradbena dela, da bi tako la\u017eje obvladovala morebiten migrantski tok. To pa je mo\u010dno razburilo Italijo, pa tudi Evropsko komisijo. Evropski komisar za migracije Dimitris Avramopulos je v zvezi z na\u010drti na Brennerju minuli teden v pismu Dunaj opomnil, da je treba spo\u0161tovati schengenska pravila. Svet EU je v petek sicer podalj\u0161al mejni nadzor na nekaterih notranjih mejah schengenskega obmo\u010dja, a ne za Brenner.Svet<\/p>\n","protected":false},"excerpt":{"rendered":"<p>Avstrija ne bo ve\u010d vztrajala pri vzpostavitvi nadzora na mejnem prehodu Brenner na meji z Italijo, je danes napovedal avstrijski notranji minister Wolfgang Sobotka po sre\u010danju z italijanskim kolegom Angelinom Alfanom, s katerim sta se sre\u010dala prav na tem gorskem prelazu. Kot je dejal Sobotka, se je priliv migrantov preko tega najpomembnej\u0161ega prehoda med Avstrijo in Italijo v zadnjih tednih zaradi ukrepov italijanske strani krepko zmanj\u0161al. Zato priprave za uvedbo ukrepov za &#8220;upravljanje meje&#8221; oziroma za nadzor meje niso ve\u010d potrebni, poro\u010da avstrijska tiskovna agencija APA. Avstrija se je sicer za uvedbo nadzora na prelazu Brenner za\u010dela pripravljati sredi aprila. Za\u010dela je izvajati dolo\u010dena gradbena dela, da bi tako la\u017eje obvladovala morebiten migrantski tok. To pa je mo\u010dno razburilo Italijo, pa tudi Evropsko komisijo. Evropski komisar za migracije Dimitris Avramopulos je v zvezi z na\u010drti na Brennerju minuli teden v pismu Dunaj opomnil, da je treba spo\u0161tovati schengenska pravila. Svet EU je v petek sicer podalj\u0161al mejni nadzor na nekaterih notranjih mejah schengenskega obmo\u010dja, a ne za Brenner.Svet<\/p>\n","protected":false},"author":1,"featured_media":0,"comment_status":"closed","ping_status":"closed","sticky":false,"template":"","format":"standard","meta":{"footnotes":""},"categories":[1179],"tags":[],"source":[1711],"supertag":[],"acf":[],"yoast_head":"<!-- This site is optimized with the Yoast SEO plugin v21.3 - https:\/\/yoast.com\/wordpress\/plugins\/seo\/ -->\n<title>Avstrija ne vztraja ve\u010d pri mejnem nadzoru na Bennerju - Hudo Slovenija<\/title>\n<meta name=\"robots\" content=\"index, follow, max-snippet:-1, max-image-preview:large, max-video-preview:-1\" \/>\n<link rel=\"canonical\" href=\"https:\/\/hudo.com\/si\/aktualno\/avstrija-ne-vztraja-vec-pri-mejnem-nadzoru-na-bennerju\/\" \/>\n<meta property=\"og:locale\" content=\"sl_SI\" \/>\n<meta property=\"og:type\" content=\"article\" \/>\n<meta property=\"og:title\" content=\"Avstrija ne vztraja ve\u010d pri mejnem nadzoru na Bennerju - Hudo Slovenija\" \/>\n<meta property=\"og:description\" content=\"Avstrija ne bo ve\u010d vztrajala pri vzpostavitvi nadzora na mejnem prehodu Brenner na meji z Italijo, je danes napovedal avstrijski notranji minister Wolfgang Sobotka po sre\u010danju z italijanskim kolegom Angelinom Alfanom, s katerim sta se sre\u010dala prav na tem gorskem prelazu. Kot je dejal Sobotka, se je priliv migrantov preko tega najpomembnej\u0161ega prehoda med Avstrijo in Italijo v zadnjih tednih zaradi ukrepov italijanske strani krepko zmanj\u0161al. Zato priprave za uvedbo ukrepov za &quot;upravljanje meje&quot; oziroma za nadzor meje niso ve\u010d potrebni, poro\u010da avstrijska tiskovna agencija APA. Avstrija se je sicer za uvedbo nadzora na prelazu Brenner za\u010dela pripravljati sredi aprila. Za\u010dela je izvajati dolo\u010dena gradbena dela, da bi tako la\u017eje obvladovala morebiten migrantski tok. To pa je mo\u010dno razburilo Italijo, pa tudi Evropsko komisijo. Evropski komisar za migracije Dimitris Avramopulos je v zvezi z na\u010drti na Brennerju minuli teden v pismu Dunaj opomnil, da je treba spo\u0161tovati schengenska pravila. Svet EU je v petek sicer podalj\u0161al mejni nadzor na nekaterih notranjih mejah schengenskega obmo\u010dja, a ne za Brenner.Svet\" \/>\n<meta property=\"og:url\" content=\"https:\/\/hudo.com\/si\/aktualno\/avstrija-ne-vztraja-vec-pri-mejnem-nadzoru-na-bennerju\/\" \/>\n<meta property=\"og:site_name\" content=\"Hudo Slovenija\" \/>\n<meta property=\"article:publisher\" content=\"https:\/\/www.facebook.com\/hudo.si\" \/>\n<meta property=\"article:published_time\" content=\"2016-05-13T11:45:00+00:00\" \/>\n<meta property=\"article:modified_time\" content=\"2016-05-13T17:17:32+00:00\" \/>\n<meta property=\"og:image\" content=\"https:\/\/hudo.com\/si\/wp-content\/uploads\/sites\/2\/2016\/05\/05293714-300.jpg\" \/>\n\t<meta property=\"og:image:width\" content=\"450\" \/>\n\t<meta property=\"og:image:height\" content=\"248\" \/>\n\t<meta property=\"og:image:type\" content=\"image\/jpeg\" \/>\n<meta name=\"author\" content=\"hudo\" \/>\n<meta name=\"twitter:card\" content=\"summary_large_image\" \/>\n<meta name=\"twitter:creator\" content=\"@hudo_si\" \/>\n<meta name=\"twitter:site\" content=\"@hudo_si\" \/>\n<meta name=\"twitter:label1\" content=\"Written by\" \/>\n\t<meta name=\"twitter:data1\" content=\"hudo\" \/>\n\t<meta name=\"twitter:label2\" content=\"Est. reading time\" \/>\n\t<meta name=\"twitter:data2\" content=\"1 minuta\" \/>\n<script type=\"application\/ld+json\" class=\"yoast-schema-graph\">{\"@context\":\"https:\/\/schema.org\",\"@graph\":[{\"@type\":\"Article\",\"@id\":\"https:\/\/hudo.com\/si\/aktualno\/avstrija-ne-vztraja-vec-pri-mejnem-nadzoru-na-bennerju\/#article\",\"isPartOf\":{\"@id\":\"https:\/\/hudo.com\/si\/aktualno\/avstrija-ne-vztraja-vec-pri-mejnem-nadzoru-na-bennerju\/\"},\"author\":{\"name\":\"hudo\",\"@id\":\"https:\/\/hudo.com\/si\/#\/schema\/person\/601cf3379633985b20f7e50f2bb47707\"},\"headline\":\"Avstrija ne vztraja ve\u010d pri mejnem nadzoru na Bennerju\",\"datePublished\":\"2016-05-13T11:45:00+00:00\",\"dateModified\":\"2016-05-13T17:17:32+00:00\",\"mainEntityOfPage\":{\"@id\":\"https:\/\/hudo.com\/si\/aktualno\/avstrija-ne-vztraja-vec-pri-mejnem-nadzoru-na-bennerju\/\"},\"wordCount\":192,\"publisher\":{\"@id\":\"https:\/\/hudo.com\/si\/#organization\"},\"articleSection\":[\"Aktualno\"],\"inLanguage\":\"sl-SI\"},{\"@type\":\"WebPage\",\"@id\":\"https:\/\/hudo.com\/si\/aktualno\/avstrija-ne-vztraja-vec-pri-mejnem-nadzoru-na-bennerju\/\",\"url\":\"https:\/\/hudo.com\/si\/aktualno\/avstrija-ne-vztraja-vec-pri-mejnem-nadzoru-na-bennerju\/\",\"name\":\"Avstrija ne vztraja ve\u010d pri mejnem nadzoru na Bennerju - Hudo Slovenija\",\"isPartOf\":{\"@id\":\"https:\/\/hudo.com\/si\/#website\"},\"datePublished\":\"2016-05-13T11:45:00+00:00\",\"dateModified\":\"2016-05-13T17:17:32+00:00\",\"breadcrumb\":{\"@id\":\"https:\/\/hudo.com\/si\/aktualno\/avstrija-ne-vztraja-vec-pri-mejnem-nadzoru-na-bennerju\/#breadcrumb\"},\"inLanguage\":\"sl-SI\",\"potentialAction\":[{\"@type\":\"ReadAction\",\"target\":[\"https:\/\/hudo.com\/si\/aktualno\/avstrija-ne-vztraja-vec-pri-mejnem-nadzoru-na-bennerju\/\"]}]},{\"@type\":\"BreadcrumbList\",\"@id\":\"https:\/\/hudo.com\/si\/aktualno\/avstrija-ne-vztraja-vec-pri-mejnem-nadzoru-na-bennerju\/#breadcrumb\",\"itemListElement\":[{\"@type\":\"ListItem\",\"position\":1,\"name\":\"Home\",\"item\":\"https:\/\/hudo.com\/si\/\"},{\"@type\":\"ListItem\",\"position\":2,\"name\":\"Avstrija ne vztraja ve\u010d pri mejnem nadzoru na Bennerju\"}]},{\"@type\":\"WebSite\",\"@id\":\"https:\/\/hudo.com\/si\/#website\",\"url\":\"https:\/\/hudo.com\/si\/\",\"name\":\"Hudo Slovenija\",\"description\":\"Vse novice iz Slovenije in sveta\",\"publisher\":{\"@id\":\"https:\/\/hudo.com\/si\/#organization\"},\"potentialAction\":[{\"@type\":\"SearchAction\",\"target\":{\"@type\":\"EntryPoint\",\"urlTemplate\":\"https:\/\/hudo.com\/si\/?s={search_term_string}\"},\"query-input\":\"required name=search_term_string\"}],\"inLanguage\":\"sl-SI\"},{\"@type\":\"Organization\",\"@id\":\"https:\/\/hudo.com\/si\/#organization\",\"name\":\"VSN Media\",\"url\":\"https:\/\/hudo.com\/si\/\",\"logo\":{\"@type\":\"ImageObject\",\"inLanguage\":\"sl-SI\",\"@id\":\"https:\/\/hudo.com\/si\/#\/schema\/logo\/image\/\",\"url\":\"https:\/\/hudo.com\/si\/wp-content\/uploads\/sites\/2\/2021\/03\/hudo-app-2.png\",\"contentUrl\":\"https:\/\/hudo.com\/si\/wp-content\/uploads\/sites\/2\/2021\/03\/hudo-app-2.png\",\"width\":2185,\"height\":2167,\"caption\":\"VSN Media\"},\"image\":{\"@id\":\"https:\/\/hudo.com\/si\/#\/schema\/logo\/image\/\"},\"sameAs\":[\"https:\/\/www.facebook.com\/hudo.si\",\"https:\/\/twitter.com\/hudo_si\"]},{\"@type\":\"Person\",\"@id\":\"https:\/\/hudo.com\/si\/#\/schema\/person\/601cf3379633985b20f7e50f2bb47707\",\"name\":\"hudo\",\"image\":{\"@type\":\"ImageObject\",\"inLanguage\":\"sl-SI\",\"@id\":\"https:\/\/hudo.com\/si\/#\/schema\/person\/image\/\",\"url\":\"https:\/\/secure.gravatar.com\/avatar\/c4ca25fa72cace7a696b52ff5db9e095?s=96&d=mm&r=g\",\"contentUrl\":\"https:\/\/secure.gravatar.com\/avatar\/c4ca25fa72cace7a696b52ff5db9e095?s=96&d=mm&r=g\",\"caption\":\"hudo\"},\"url\":\"https:\/\/hudo.com\/si\/author\/hudo\/\"}]}<\/script>\n<!-- \/ Yoast SEO plugin. -->","yoast_head_json":{"title":"Avstrija ne vztraja ve\u010d pri mejnem nadzoru na Bennerju - Hudo Slovenija","robots":{"index":"index","follow":"follow","max-snippet":"max-snippet:-1","max-image-preview":"max-image-preview:large","max-video-preview":"max-video-preview:-1"},"canonical":"https:\/\/hudo.com\/si\/aktualno\/avstrija-ne-vztraja-vec-pri-mejnem-nadzoru-na-bennerju\/","og_locale":"sl_SI","og_type":"article","og_title":"Avstrija ne vztraja ve\u010d pri mejnem nadzoru na Bennerju - Hudo Slovenija","og_description":"Avstrija ne bo ve\u010d vztrajala pri vzpostavitvi nadzora na mejnem prehodu Brenner na meji z Italijo, je danes napovedal avstrijski notranji minister Wolfgang Sobotka po sre\u010danju z italijanskim kolegom Angelinom Alfanom, s katerim sta se sre\u010dala prav na tem gorskem prelazu. Kot je dejal Sobotka, se je priliv migrantov preko tega najpomembnej\u0161ega prehoda med Avstrijo in Italijo v zadnjih tednih zaradi ukrepov italijanske strani krepko zmanj\u0161al. Zato priprave za uvedbo ukrepov za \"upravljanje meje\" oziroma za nadzor meje niso ve\u010d potrebni, poro\u010da avstrijska tiskovna agencija APA. Avstrija se je sicer za uvedbo nadzora na prelazu Brenner za\u010dela pripravljati sredi aprila. Za\u010dela je izvajati dolo\u010dena gradbena dela, da bi tako la\u017eje obvladovala morebiten migrantski tok. To pa je mo\u010dno razburilo Italijo, pa tudi Evropsko komisijo. Evropski komisar za migracije Dimitris Avramopulos je v zvezi z na\u010drti na Brennerju minuli teden v pismu Dunaj opomnil, da je treba spo\u0161tovati schengenska pravila. Svet EU je v petek sicer podalj\u0161al mejni nadzor na nekaterih notranjih mejah schengenskega obmo\u010dja, a ne za Brenner.Svet","og_url":"https:\/\/hudo.com\/si\/aktualno\/avstrija-ne-vztraja-vec-pri-mejnem-nadzoru-na-bennerju\/","og_site_name":"Hudo Slovenija","article_publisher":"https:\/\/www.facebook.com\/hudo.si","article_published_time":"2016-05-13T11:45:00+00:00","article_modified_time":"2016-05-13T17:17:32+00:00","og_image":[{"width":450,"height":248,"url":"https:\/\/hudo.com\/si\/wp-content\/uploads\/sites\/2\/2016\/05\/05293714-300.jpg","type":"image\/jpeg"}],"author":"hudo","twitter_card":"summary_large_image","twitter_creator":"@hudo_si","twitter_site":"@hudo_si","twitter_misc":{"Written by":"hudo","Est. reading time":"1 minuta"},"schema":{"@context":"https:\/\/schema.org","@graph":[{"@type":"Article","@id":"https:\/\/hudo.com\/si\/aktualno\/avstrija-ne-vztraja-vec-pri-mejnem-nadzoru-na-bennerju\/#article","isPartOf":{"@id":"https:\/\/hudo.com\/si\/aktualno\/avstrija-ne-vztraja-vec-pri-mejnem-nadzoru-na-bennerju\/"},"author":{"name":"hudo","@id":"https:\/\/hudo.com\/si\/#\/schema\/person\/601cf3379633985b20f7e50f2bb47707"},"headline":"Avstrija ne vztraja ve\u010d pri mejnem nadzoru na Bennerju","datePublished":"2016-05-13T11:45:00+00:00","dateModified":"2016-05-13T17:17:32+00:00","mainEntityOfPage":{"@id":"https:\/\/hudo.com\/si\/aktualno\/avstrija-ne-vztraja-vec-pri-mejnem-nadzoru-na-bennerju\/"},"wordCount":192,"publisher":{"@id":"https:\/\/hudo.com\/si\/#organization"},"articleSection":["Aktualno"],"inLanguage":"sl-SI"},{"@type":"WebPage","@id":"https:\/\/hudo.com\/si\/aktualno\/avstrija-ne-vztraja-vec-pri-mejnem-nadzoru-na-bennerju\/","url":"https:\/\/hudo.com\/si\/aktualno\/avstrija-ne-vztraja-vec-pri-mejnem-nadzoru-na-bennerju\/","name":"Avstrija ne vztraja ve\u010d pri mejnem nadzoru na Bennerju - Hudo Slovenija","isPartOf":{"@id":"https:\/\/hudo.com\/si\/#website"},"datePublished":"2016-05-13T11:45:00+00:00","dateModified":"2016-05-13T17:17:32+00:00","breadcrumb":{"@id":"https:\/\/hudo.com\/si\/aktualno\/avstrija-ne-vztraja-vec-pri-mejnem-nadzoru-na-bennerju\/#breadcrumb"},"inLanguage":"sl-SI","potentialAction":[{"@type":"ReadAction","target":["https:\/\/hudo.com\/si\/aktualno\/avstrija-ne-vztraja-vec-pri-mejnem-nadzoru-na-bennerju\/"]}]},{"@type":"BreadcrumbList","@id":"https:\/\/hudo.com\/si\/aktualno\/avstrija-ne-vztraja-vec-pri-mejnem-nadzoru-na-bennerju\/#breadcrumb","itemListElement":[{"@type":"ListItem","position":1,"name":"Home","item":"https:\/\/hudo.com\/si\/"},{"@type":"ListItem","position":2,"name":"Avstrija ne vztraja ve\u010d pri mejnem nadzoru na Bennerju"}]},{"@type":"WebSite","@id":"https:\/\/hudo.com\/si\/#website","url":"https:\/\/hudo.com\/si\/","name":"Hudo Slovenija","description":"Vse novice iz Slovenije in sveta","publisher":{"@id":"https:\/\/hudo.com\/si\/#organization"},"potentialAction":[{"@type":"SearchAction","target":{"@type":"EntryPoint","urlTemplate":"https:\/\/hudo.com\/si\/?s={search_term_string}"},"query-input":"required name=search_term_string"}],"inLanguage":"sl-SI"},{"@type":"Organization","@id":"https:\/\/hudo.com\/si\/#organization","name":"VSN Media","url":"https:\/\/hudo.com\/si\/","logo":{"@type":"ImageObject","inLanguage":"sl-SI","@id":"https:\/\/hudo.com\/si\/#\/schema\/logo\/image\/","url":"https:\/\/hudo.com\/si\/wp-content\/uploads\/sites\/2\/2021\/03\/hudo-app-2.png","contentUrl":"https:\/\/hudo.com\/si\/wp-content\/uploads\/sites\/2\/2021\/03\/hudo-app-2.png","width":2185,"height":2167,"caption":"VSN Media"},"image":{"@id":"https:\/\/hudo.com\/si\/#\/schema\/logo\/image\/"},"sameAs":["https:\/\/www.facebook.com\/hudo.si","https:\/\/twitter.com\/hudo_si"]},{"@type":"Person","@id":"https:\/\/hudo.com\/si\/#\/schema\/person\/601cf3379633985b20f7e50f2bb47707","name":"hudo","image":{"@type":"ImageObject","inLanguage":"sl-SI","@id":"https:\/\/hudo.com\/si\/#\/schema\/person\/image\/","url":"https:\/\/secure.gravatar.com\/avatar\/c4ca25fa72cace7a696b52ff5db9e095?s=96&d=mm&r=g","contentUrl":"https:\/\/secure.gravatar.com\/avatar\/c4ca25fa72cace7a696b52ff5db9e095?s=96&d=mm&r=g","caption":"hudo"},"url":"https:\/\/hudo.com\/si\/author\/hudo\/"}]}},"amp_enabled":true,"_links":{"self":[{"href":"https:\/\/hudo.com\/si\/wp-json\/wp\/v2\/posts\/52219"}],"collection":[{"href":"https:\/\/hudo.com\/si\/wp-json\/wp\/v2\/posts"}],"about":[{"href":"https:\/\/hudo.com\/si\/wp-json\/wp\/v2\/types\/post"}],"author":[{"embeddable":true,"href":"https:\/\/hudo.com\/si\/wp-json\/wp\/v2\/users\/1"}],"replies":[{"embeddable":true,"href":"https:\/\/hudo.com\/si\/wp-json\/wp\/v2\/comments?post=52219"}],"version-history":[{"count":1,"href":"https:\/\/hudo.com\/si\/wp-json\/wp\/v2\/posts\/52219\/revisions"}],"predecessor-version":[{"id":52297,"href":"https:\/\/hudo.com\/si\/wp-json\/wp\/v2\/posts\/52219\/revisions\/52297"}],"wp:attachment":[{"href":"https:\/\/hudo.com\/si\/wp-json\/wp\/v2\/media?parent=52219"}],"wp:term":[{"taxonomy":"category","embeddable":true,"href":"https:\/\/hudo.com\/si\/wp-json\/wp\/v2\/categories?post=52219"},{"taxonomy":"post_tag","embeddable":true,"href":"https:\/\/hudo.com\/si\/wp-json\/wp\/v2\/tags?post=52219"},{"taxonomy":"source","embeddable":true,"href":"https:\/\/hudo.com\/si\/wp-json\/wp\/v2\/source?post=52219"},{"taxonomy":"supertag","embeddable":true,"href":"https:\/\/hudo.com\/si\/wp-json\/wp\/v2\/supertag?post=52219"}],"curies":[{"name":"wp","href":"https:\/\/api.w.org\/{rel}","templated":true}]}}