{"id":52847,"date":"2016-05-14T15:57:00","date_gmt":"2016-05-14T13:57:00","guid":{"rendered":"http:\/\/hudo.com\/si\/2016\/05\/14\/giro-brambilla-po-uspesnem-pobegu-do-zmage-in-roznate-majice\/"},"modified":"2016-05-14T23:17:00","modified_gmt":"2016-05-14T21:17:00","slug":"giro-brambilla-po-uspesnem-pobegu-do-zmage-in-roznate-majice","status":"publish","type":"post","link":"https:\/\/hudo.com\/si\/aktualno\/giro-brambilla-po-uspesnem-pobegu-do-zmage-in-roznate-majice\/","title":{"rendered":"Giro: Brambilla po uspe\u0161nem pobegu do zmage in ro\u017enate majice"},"content":{"rendered":"<p>Kategorija: Kolesarstvo Sat, 14 May 2016 17:57:00 +0200  Perugia &#8211; Osmo etapo dirke Po Italiji je zaznamoval doma\u010din Gianluca Brambilla (Etixx-QuickStep), ki je ciljno \u010drto pre\u010dkal z ve\u010d kot minuto prednosti pred zasledovalci in si s tem hkrati priboril tudi vodstvo na dirki. Gianluca Brambilla je bil na dana\u0161nji 186 kilometrov dolgo etapi med Folignom in Arezzom eden izmed ube\u017enikov, nato pa se 25 kilometrov pred koncem odlo\u010dil za napad in konkurenco ujel nepripravljeno. \u00bbNe morem verjeti, kaj sem naredil. Hvala Matteu Trentinu, ves \u010das sva bila izjemna. Zaklju\u010dek je bil te\u017eek. Matteo je vlekel do zadnjega vzpona, nato sem bil na vrsti jaz. Zelo sem vesel. Zmaga je za mojo dekle Christino in deklico, ki sem jo dobil pred 20 dnevi. Pred za\u010detkom Gira sem imel v mislih to etapo in iz\u0161lo se je. Ne morem verjeti, da\u00a0&#8230;<\/p>\n","protected":false},"excerpt":{"rendered":"<p>Kategorija: Kolesarstvo Sat, 14 May 2016 17:57:00 +0200  Perugia &#8211; Osmo etapo dirke Po Italiji je zaznamoval doma\u010din Gianluca Brambilla (Etixx-QuickStep), ki je ciljno \u010drto pre\u010dkal z ve\u010d kot minuto prednosti pred zasledovalci in si s tem hkrati priboril tudi vodstvo na dirki. Gianluca Brambilla je bil na dana\u0161nji 186 kilometrov dolgo etapi med Folignom in Arezzom eden izmed ube\u017enikov, nato pa se 25 kilometrov pred koncem odlo\u010dil za napad in konkurenco ujel nepripravljeno. \u00bbNe morem verjeti, kaj sem naredil. Hvala Matteu Trentinu, ves \u010das sva bila izjemna. Zaklju\u010dek je bil te\u017eek. Matteo je vlekel do zadnjega vzpona, nato sem bil na vrsti jaz. Zelo sem vesel. Zmaga je za mojo dekle Christino in deklico, ki sem jo dobil pred 20 dnevi. Pred za\u010detkom Gira sem imel v mislih to etapo in iz\u0161lo se je. Ne morem verjeti, da\u00a0&#8230;<\/p>\n","protected":false},"author":1,"featured_media":0,"comment_status":"closed","ping_status":"closed","sticky":false,"template":"","format":"standard","meta":{"footnotes":""},"categories":[1179],"tags":[],"source":[4511],"supertag":[],"acf":[],"yoast_head":"<!-- This site is optimized with the Yoast SEO plugin v21.3 - https:\/\/yoast.com\/wordpress\/plugins\/seo\/ -->\n<title>Giro: Brambilla po uspe\u0161nem pobegu do zmage in ro\u017enate majice - Hudo Slovenija<\/title>\n<meta name=\"robots\" content=\"index, follow, max-snippet:-1, max-image-preview:large, max-video-preview:-1\" \/>\n<link rel=\"canonical\" href=\"https:\/\/hudo.com\/si\/aktualno\/giro-brambilla-po-uspesnem-pobegu-do-zmage-in-roznate-majice\/\" \/>\n<meta property=\"og:locale\" content=\"sl_SI\" \/>\n<meta property=\"og:type\" content=\"article\" \/>\n<meta property=\"og:title\" content=\"Giro: Brambilla po uspe\u0161nem pobegu do zmage in ro\u017enate majice - Hudo Slovenija\" \/>\n<meta property=\"og:description\" content=\"Kategorija: Kolesarstvo Sat, 14 May 2016 17:57:00 +0200 Perugia - Osmo etapo dirke Po Italiji je zaznamoval doma\u010din Gianluca Brambilla (Etixx-QuickStep), ki je ciljno \u010drto pre\u010dkal z ve\u010d kot minuto prednosti pred zasledovalci in si s tem hkrati priboril tudi vodstvo na dirki. Gianluca Brambilla je bil na dana\u0161nji 186 kilometrov dolgo etapi med Folignom in Arezzom eden izmed ube\u017enikov, nato pa se 25 kilometrov pred koncem odlo\u010dil za napad in konkurenco ujel nepripravljeno. \u00bbNe morem verjeti, kaj sem naredil. Hvala Matteu Trentinu, ves \u010das sva bila izjemna. Zaklju\u010dek je bil te\u017eek. Matteo je vlekel do zadnjega vzpona, nato sem bil na vrsti jaz. Zelo sem vesel. Zmaga je za mojo dekle Christino in deklico, ki sem jo dobil pred 20 dnevi. Pred za\u010detkom Gira sem imel v mislih to etapo in iz\u0161lo se je. Ne morem verjeti, da\u00a0...\" \/>\n<meta property=\"og:url\" content=\"https:\/\/hudo.com\/si\/aktualno\/giro-brambilla-po-uspesnem-pobegu-do-zmage-in-roznate-majice\/\" \/>\n<meta property=\"og:site_name\" content=\"Hudo Slovenija\" \/>\n<meta property=\"article:publisher\" content=\"https:\/\/www.facebook.com\/hudo.si\" \/>\n<meta property=\"article:published_time\" content=\"2016-05-14T13:57:00+00:00\" \/>\n<meta property=\"article:modified_time\" content=\"2016-05-14T21:17:00+00:00\" \/>\n<meta property=\"og:image\" content=\"https:\/\/hudo.com\/si\/wp-content\/uploads\/sites\/2\/2016\/05\/480x290_AFP_Photo-20160514174312-72252900.jpeg\" \/>\n\t<meta property=\"og:image:width\" content=\"480\" \/>\n\t<meta property=\"og:image:height\" content=\"290\" \/>\n\t<meta property=\"og:image:type\" content=\"image\/jpeg\" \/>\n<meta name=\"author\" content=\"hudo\" \/>\n<meta name=\"twitter:card\" content=\"summary_large_image\" \/>\n<meta name=\"twitter:creator\" content=\"@hudo_si\" \/>\n<meta name=\"twitter:site\" content=\"@hudo_si\" \/>\n<meta name=\"twitter:label1\" content=\"Written by\" \/>\n\t<meta name=\"twitter:data1\" content=\"hudo\" \/>\n\t<meta name=\"twitter:label2\" content=\"Est. reading time\" \/>\n\t<meta name=\"twitter:data2\" content=\"1 minuta\" \/>\n<script type=\"application\/ld+json\" class=\"yoast-schema-graph\">{\"@context\":\"https:\/\/schema.org\",\"@graph\":[{\"@type\":\"Article\",\"@id\":\"https:\/\/hudo.com\/si\/aktualno\/giro-brambilla-po-uspesnem-pobegu-do-zmage-in-roznate-majice\/#article\",\"isPartOf\":{\"@id\":\"https:\/\/hudo.com\/si\/aktualno\/giro-brambilla-po-uspesnem-pobegu-do-zmage-in-roznate-majice\/\"},\"author\":{\"name\":\"hudo\",\"@id\":\"https:\/\/hudo.com\/si\/#\/schema\/person\/601cf3379633985b20f7e50f2bb47707\"},\"headline\":\"Giro: Brambilla po uspe\u0161nem pobegu do zmage in ro\u017enate majice\",\"datePublished\":\"2016-05-14T13:57:00+00:00\",\"dateModified\":\"2016-05-14T21:17:00+00:00\",\"mainEntityOfPage\":{\"@id\":\"https:\/\/hudo.com\/si\/aktualno\/giro-brambilla-po-uspesnem-pobegu-do-zmage-in-roznate-majice\/\"},\"wordCount\":153,\"publisher\":{\"@id\":\"https:\/\/hudo.com\/si\/#organization\"},\"articleSection\":[\"Aktualno\"],\"inLanguage\":\"sl-SI\"},{\"@type\":\"WebPage\",\"@id\":\"https:\/\/hudo.com\/si\/aktualno\/giro-brambilla-po-uspesnem-pobegu-do-zmage-in-roznate-majice\/\",\"url\":\"https:\/\/hudo.com\/si\/aktualno\/giro-brambilla-po-uspesnem-pobegu-do-zmage-in-roznate-majice\/\",\"name\":\"Giro: Brambilla po uspe\u0161nem pobegu do zmage in ro\u017enate majice - Hudo Slovenija\",\"isPartOf\":{\"@id\":\"https:\/\/hudo.com\/si\/#website\"},\"datePublished\":\"2016-05-14T13:57:00+00:00\",\"dateModified\":\"2016-05-14T21:17:00+00:00\",\"breadcrumb\":{\"@id\":\"https:\/\/hudo.com\/si\/aktualno\/giro-brambilla-po-uspesnem-pobegu-do-zmage-in-roznate-majice\/#breadcrumb\"},\"inLanguage\":\"sl-SI\",\"potentialAction\":[{\"@type\":\"ReadAction\",\"target\":[\"https:\/\/hudo.com\/si\/aktualno\/giro-brambilla-po-uspesnem-pobegu-do-zmage-in-roznate-majice\/\"]}]},{\"@type\":\"BreadcrumbList\",\"@id\":\"https:\/\/hudo.com\/si\/aktualno\/giro-brambilla-po-uspesnem-pobegu-do-zmage-in-roznate-majice\/#breadcrumb\",\"itemListElement\":[{\"@type\":\"ListItem\",\"position\":1,\"name\":\"Home\",\"item\":\"https:\/\/hudo.com\/si\/\"},{\"@type\":\"ListItem\",\"position\":2,\"name\":\"Giro: Brambilla po uspe\u0161nem pobegu do zmage in ro\u017enate majice\"}]},{\"@type\":\"WebSite\",\"@id\":\"https:\/\/hudo.com\/si\/#website\",\"url\":\"https:\/\/hudo.com\/si\/\",\"name\":\"Hudo Slovenija\",\"description\":\"Vse novice iz Slovenije in sveta\",\"publisher\":{\"@id\":\"https:\/\/hudo.com\/si\/#organization\"},\"potentialAction\":[{\"@type\":\"SearchAction\",\"target\":{\"@type\":\"EntryPoint\",\"urlTemplate\":\"https:\/\/hudo.com\/si\/?s={search_term_string}\"},\"query-input\":\"required name=search_term_string\"}],\"inLanguage\":\"sl-SI\"},{\"@type\":\"Organization\",\"@id\":\"https:\/\/hudo.com\/si\/#organization\",\"name\":\"VSN Media\",\"url\":\"https:\/\/hudo.com\/si\/\",\"logo\":{\"@type\":\"ImageObject\",\"inLanguage\":\"sl-SI\",\"@id\":\"https:\/\/hudo.com\/si\/#\/schema\/logo\/image\/\",\"url\":\"https:\/\/hudo.com\/si\/wp-content\/uploads\/sites\/2\/2021\/03\/hudo-app-2.png\",\"contentUrl\":\"https:\/\/hudo.com\/si\/wp-content\/uploads\/sites\/2\/2021\/03\/hudo-app-2.png\",\"width\":2185,\"height\":2167,\"caption\":\"VSN Media\"},\"image\":{\"@id\":\"https:\/\/hudo.com\/si\/#\/schema\/logo\/image\/\"},\"sameAs\":[\"https:\/\/www.facebook.com\/hudo.si\",\"https:\/\/twitter.com\/hudo_si\"]},{\"@type\":\"Person\",\"@id\":\"https:\/\/hudo.com\/si\/#\/schema\/person\/601cf3379633985b20f7e50f2bb47707\",\"name\":\"hudo\",\"image\":{\"@type\":\"ImageObject\",\"inLanguage\":\"sl-SI\",\"@id\":\"https:\/\/hudo.com\/si\/#\/schema\/person\/image\/\",\"url\":\"https:\/\/secure.gravatar.com\/avatar\/c4ca25fa72cace7a696b52ff5db9e095?s=96&d=mm&r=g\",\"contentUrl\":\"https:\/\/secure.gravatar.com\/avatar\/c4ca25fa72cace7a696b52ff5db9e095?s=96&d=mm&r=g\",\"caption\":\"hudo\"},\"url\":\"https:\/\/hudo.com\/si\/author\/hudo\/\"}]}<\/script>\n<!-- \/ Yoast SEO plugin. -->","yoast_head_json":{"title":"Giro: Brambilla po uspe\u0161nem pobegu do zmage in ro\u017enate majice - Hudo Slovenija","robots":{"index":"index","follow":"follow","max-snippet":"max-snippet:-1","max-image-preview":"max-image-preview:large","max-video-preview":"max-video-preview:-1"},"canonical":"https:\/\/hudo.com\/si\/aktualno\/giro-brambilla-po-uspesnem-pobegu-do-zmage-in-roznate-majice\/","og_locale":"sl_SI","og_type":"article","og_title":"Giro: Brambilla po uspe\u0161nem pobegu do zmage in ro\u017enate majice - Hudo Slovenija","og_description":"Kategorija: Kolesarstvo Sat, 14 May 2016 17:57:00 +0200 Perugia - Osmo etapo dirke Po Italiji je zaznamoval doma\u010din Gianluca Brambilla (Etixx-QuickStep), ki je ciljno \u010drto pre\u010dkal z ve\u010d kot minuto prednosti pred zasledovalci in si s tem hkrati priboril tudi vodstvo na dirki. Gianluca Brambilla je bil na dana\u0161nji 186 kilometrov dolgo etapi med Folignom in Arezzom eden izmed ube\u017enikov, nato pa se 25 kilometrov pred koncem odlo\u010dil za napad in konkurenco ujel nepripravljeno. \u00bbNe morem verjeti, kaj sem naredil. Hvala Matteu Trentinu, ves \u010das sva bila izjemna. Zaklju\u010dek je bil te\u017eek. Matteo je vlekel do zadnjega vzpona, nato sem bil na vrsti jaz. Zelo sem vesel. Zmaga je za mojo dekle Christino in deklico, ki sem jo dobil pred 20 dnevi. Pred za\u010detkom Gira sem imel v mislih to etapo in iz\u0161lo se je. Ne morem verjeti, da\u00a0...","og_url":"https:\/\/hudo.com\/si\/aktualno\/giro-brambilla-po-uspesnem-pobegu-do-zmage-in-roznate-majice\/","og_site_name":"Hudo Slovenija","article_publisher":"https:\/\/www.facebook.com\/hudo.si","article_published_time":"2016-05-14T13:57:00+00:00","article_modified_time":"2016-05-14T21:17:00+00:00","og_image":[{"width":480,"height":290,"url":"https:\/\/hudo.com\/si\/wp-content\/uploads\/sites\/2\/2016\/05\/480x290_AFP_Photo-20160514174312-72252900.jpeg","type":"image\/jpeg"}],"author":"hudo","twitter_card":"summary_large_image","twitter_creator":"@hudo_si","twitter_site":"@hudo_si","twitter_misc":{"Written by":"hudo","Est. reading time":"1 minuta"},"schema":{"@context":"https:\/\/schema.org","@graph":[{"@type":"Article","@id":"https:\/\/hudo.com\/si\/aktualno\/giro-brambilla-po-uspesnem-pobegu-do-zmage-in-roznate-majice\/#article","isPartOf":{"@id":"https:\/\/hudo.com\/si\/aktualno\/giro-brambilla-po-uspesnem-pobegu-do-zmage-in-roznate-majice\/"},"author":{"name":"hudo","@id":"https:\/\/hudo.com\/si\/#\/schema\/person\/601cf3379633985b20f7e50f2bb47707"},"headline":"Giro: Brambilla po uspe\u0161nem pobegu do zmage in ro\u017enate majice","datePublished":"2016-05-14T13:57:00+00:00","dateModified":"2016-05-14T21:17:00+00:00","mainEntityOfPage":{"@id":"https:\/\/hudo.com\/si\/aktualno\/giro-brambilla-po-uspesnem-pobegu-do-zmage-in-roznate-majice\/"},"wordCount":153,"publisher":{"@id":"https:\/\/hudo.com\/si\/#organization"},"articleSection":["Aktualno"],"inLanguage":"sl-SI"},{"@type":"WebPage","@id":"https:\/\/hudo.com\/si\/aktualno\/giro-brambilla-po-uspesnem-pobegu-do-zmage-in-roznate-majice\/","url":"https:\/\/hudo.com\/si\/aktualno\/giro-brambilla-po-uspesnem-pobegu-do-zmage-in-roznate-majice\/","name":"Giro: Brambilla po uspe\u0161nem pobegu do zmage in ro\u017enate majice - Hudo Slovenija","isPartOf":{"@id":"https:\/\/hudo.com\/si\/#website"},"datePublished":"2016-05-14T13:57:00+00:00","dateModified":"2016-05-14T21:17:00+00:00","breadcrumb":{"@id":"https:\/\/hudo.com\/si\/aktualno\/giro-brambilla-po-uspesnem-pobegu-do-zmage-in-roznate-majice\/#breadcrumb"},"inLanguage":"sl-SI","potentialAction":[{"@type":"ReadAction","target":["https:\/\/hudo.com\/si\/aktualno\/giro-brambilla-po-uspesnem-pobegu-do-zmage-in-roznate-majice\/"]}]},{"@type":"BreadcrumbList","@id":"https:\/\/hudo.com\/si\/aktualno\/giro-brambilla-po-uspesnem-pobegu-do-zmage-in-roznate-majice\/#breadcrumb","itemListElement":[{"@type":"ListItem","position":1,"name":"Home","item":"https:\/\/hudo.com\/si\/"},{"@type":"ListItem","position":2,"name":"Giro: Brambilla po uspe\u0161nem pobegu do zmage in ro\u017enate majice"}]},{"@type":"WebSite","@id":"https:\/\/hudo.com\/si\/#website","url":"https:\/\/hudo.com\/si\/","name":"Hudo Slovenija","description":"Vse novice iz Slovenije in sveta","publisher":{"@id":"https:\/\/hudo.com\/si\/#organization"},"potentialAction":[{"@type":"SearchAction","target":{"@type":"EntryPoint","urlTemplate":"https:\/\/hudo.com\/si\/?s={search_term_string}"},"query-input":"required name=search_term_string"}],"inLanguage":"sl-SI"},{"@type":"Organization","@id":"https:\/\/hudo.com\/si\/#organization","name":"VSN Media","url":"https:\/\/hudo.com\/si\/","logo":{"@type":"ImageObject","inLanguage":"sl-SI","@id":"https:\/\/hudo.com\/si\/#\/schema\/logo\/image\/","url":"https:\/\/hudo.com\/si\/wp-content\/uploads\/sites\/2\/2021\/03\/hudo-app-2.png","contentUrl":"https:\/\/hudo.com\/si\/wp-content\/uploads\/sites\/2\/2021\/03\/hudo-app-2.png","width":2185,"height":2167,"caption":"VSN Media"},"image":{"@id":"https:\/\/hudo.com\/si\/#\/schema\/logo\/image\/"},"sameAs":["https:\/\/www.facebook.com\/hudo.si","https:\/\/twitter.com\/hudo_si"]},{"@type":"Person","@id":"https:\/\/hudo.com\/si\/#\/schema\/person\/601cf3379633985b20f7e50f2bb47707","name":"hudo","image":{"@type":"ImageObject","inLanguage":"sl-SI","@id":"https:\/\/hudo.com\/si\/#\/schema\/person\/image\/","url":"https:\/\/secure.gravatar.com\/avatar\/c4ca25fa72cace7a696b52ff5db9e095?s=96&d=mm&r=g","contentUrl":"https:\/\/secure.gravatar.com\/avatar\/c4ca25fa72cace7a696b52ff5db9e095?s=96&d=mm&r=g","caption":"hudo"},"url":"https:\/\/hudo.com\/si\/author\/hudo\/"}]}},"amp_enabled":true,"_links":{"self":[{"href":"https:\/\/hudo.com\/si\/wp-json\/wp\/v2\/posts\/52847"}],"collection":[{"href":"https:\/\/hudo.com\/si\/wp-json\/wp\/v2\/posts"}],"about":[{"href":"https:\/\/hudo.com\/si\/wp-json\/wp\/v2\/types\/post"}],"author":[{"embeddable":true,"href":"https:\/\/hudo.com\/si\/wp-json\/wp\/v2\/users\/1"}],"replies":[{"embeddable":true,"href":"https:\/\/hudo.com\/si\/wp-json\/wp\/v2\/comments?post=52847"}],"version-history":[{"count":1,"href":"https:\/\/hudo.com\/si\/wp-json\/wp\/v2\/posts\/52847\/revisions"}],"predecessor-version":[{"id":52942,"href":"https:\/\/hudo.com\/si\/wp-json\/wp\/v2\/posts\/52847\/revisions\/52942"}],"wp:attachment":[{"href":"https:\/\/hudo.com\/si\/wp-json\/wp\/v2\/media?parent=52847"}],"wp:term":[{"taxonomy":"category","embeddable":true,"href":"https:\/\/hudo.com\/si\/wp-json\/wp\/v2\/categories?post=52847"},{"taxonomy":"post_tag","embeddable":true,"href":"https:\/\/hudo.com\/si\/wp-json\/wp\/v2\/tags?post=52847"},{"taxonomy":"source","embeddable":true,"href":"https:\/\/hudo.com\/si\/wp-json\/wp\/v2\/source?post=52847"},{"taxonomy":"supertag","embeddable":true,"href":"https:\/\/hudo.com\/si\/wp-json\/wp\/v2\/supertag?post=52847"}],"curies":[{"name":"wp","href":"https:\/\/api.w.org\/{rel}","templated":true}]}}