{"id":52855,"date":"2016-05-14T15:48:01","date_gmt":"2016-05-14T13:48:01","guid":{"rendered":"http:\/\/hudo.com\/si\/2016\/05\/14\/premier-cerar-in-ameriski-general-gorenc-za-ohranitev-enotnosti-video\/"},"modified":"2016-05-15T17:37:28","modified_gmt":"2016-05-15T15:37:28","slug":"premier-cerar-in-ameriski-general-gorenc-za-ohranitev-enotnosti-video","status":"publish","type":"post","link":"https:\/\/hudo.com\/si\/aktualno\/premier-cerar-in-ameriski-general-gorenc-za-ohranitev-enotnosti-video\/","title":{"rendered":"Premier Cerar in ameri\u0161ki general Gorenc za ohranitev enotnosti (VIDEO)"},"content":{"rendered":"<p>Predsednik vlade Miro Cerar in poveljnik ameri\u0161kih letalskih sil v Evropi in Afriki ter poveljnik letalskih sil zveze Nato Frank Gorenc sta na dana\u0161njem sre\u010danju na Bledu poudarila, da moramo storiti vse za ohranitev enotnosti in za skupno usmerjenost proti dejanjem, ki kr\u0161ijo mednarodno pravo in ogro\u017eajo mir.<\/p>\n","protected":false},"excerpt":{"rendered":"<p>Predsednik vlade Miro Cerar in poveljnik ameri\u0161kih letalskih sil v Evropi in Afriki ter poveljnik letalskih sil zveze Nato Frank Gorenc sta na dana\u0161njem sre\u010danju na Bledu poudarila, da moramo storiti vse za ohranitev enotnosti in za skupno usmerjenost proti dejanjem, ki kr\u0161ijo mednarodno pravo in ogro\u017eajo mir.<\/p>\n","protected":false},"author":1,"featured_media":0,"comment_status":"closed","ping_status":"closed","sticky":false,"template":"","format":"standard","meta":{"footnotes":""},"categories":[1179],"tags":[],"source":[5113],"supertag":[],"acf":[],"yoast_head":"<!-- This site is optimized with the Yoast SEO plugin v21.3 - https:\/\/yoast.com\/wordpress\/plugins\/seo\/ -->\n<title>Premier Cerar in ameri\u0161ki general Gorenc za ohranitev enotnosti (VIDEO) - Hudo Slovenija<\/title>\n<meta name=\"robots\" content=\"index, follow, max-snippet:-1, max-image-preview:large, max-video-preview:-1\" \/>\n<link rel=\"canonical\" href=\"https:\/\/hudo.com\/si\/aktualno\/premier-cerar-in-ameriski-general-gorenc-za-ohranitev-enotnosti-video\/\" \/>\n<meta property=\"og:locale\" content=\"sl_SI\" \/>\n<meta property=\"og:type\" content=\"article\" \/>\n<meta property=\"og:title\" content=\"Premier Cerar in ameri\u0161ki general Gorenc za ohranitev enotnosti (VIDEO) - Hudo Slovenija\" \/>\n<meta property=\"og:description\" content=\"Predsednik vlade Miro Cerar in poveljnik ameri\u0161kih letalskih sil v Evropi in Afriki ter poveljnik letalskih sil zveze Nato Frank Gorenc sta na dana\u0161njem sre\u010danju na Bledu poudarila, da moramo storiti vse za ohranitev enotnosti in za skupno usmerjenost proti dejanjem, ki kr\u0161ijo mednarodno pravo in ogro\u017eajo mir.\" \/>\n<meta property=\"og:url\" content=\"https:\/\/hudo.com\/si\/aktualno\/premier-cerar-in-ameriski-general-gorenc-za-ohranitev-enotnosti-video\/\" \/>\n<meta property=\"og:site_name\" content=\"Hudo Slovenija\" \/>\n<meta property=\"article:publisher\" content=\"https:\/\/www.facebook.com\/hudo.si\" \/>\n<meta property=\"article:published_time\" content=\"2016-05-14T13:48:01+00:00\" \/>\n<meta property=\"article:modified_time\" content=\"2016-05-15T15:37:28+00:00\" \/>\n<meta property=\"og:image\" content=\"https:\/\/hudo.com\/si\/wp-content\/uploads\/sites\/2\/2016\/05\/cerar_gorenc.jpg\" \/>\n\t<meta property=\"og:image:width\" content=\"744\" \/>\n\t<meta property=\"og:image:height\" content=\"504\" \/>\n\t<meta property=\"og:image:type\" content=\"image\/jpeg\" \/>\n<meta name=\"author\" content=\"hudo\" \/>\n<meta name=\"twitter:card\" content=\"summary_large_image\" \/>\n<meta name=\"twitter:creator\" content=\"@hudo_si\" \/>\n<meta name=\"twitter:site\" content=\"@hudo_si\" \/>\n<meta name=\"twitter:label1\" content=\"Written by\" \/>\n\t<meta name=\"twitter:data1\" content=\"hudo\" \/>\n<script type=\"application\/ld+json\" class=\"yoast-schema-graph\">{\"@context\":\"https:\/\/schema.org\",\"@graph\":[{\"@type\":\"Article\",\"@id\":\"https:\/\/hudo.com\/si\/aktualno\/premier-cerar-in-ameriski-general-gorenc-za-ohranitev-enotnosti-video\/#article\",\"isPartOf\":{\"@id\":\"https:\/\/hudo.com\/si\/aktualno\/premier-cerar-in-ameriski-general-gorenc-za-ohranitev-enotnosti-video\/\"},\"author\":{\"name\":\"hudo\",\"@id\":\"https:\/\/hudo.com\/si\/#\/schema\/person\/601cf3379633985b20f7e50f2bb47707\"},\"headline\":\"Premier Cerar in ameri\u0161ki general Gorenc za ohranitev enotnosti (VIDEO)\",\"datePublished\":\"2016-05-14T13:48:01+00:00\",\"dateModified\":\"2016-05-15T15:37:28+00:00\",\"mainEntityOfPage\":{\"@id\":\"https:\/\/hudo.com\/si\/aktualno\/premier-cerar-in-ameriski-general-gorenc-za-ohranitev-enotnosti-video\/\"},\"wordCount\":64,\"publisher\":{\"@id\":\"https:\/\/hudo.com\/si\/#organization\"},\"articleSection\":[\"Aktualno\"],\"inLanguage\":\"sl-SI\"},{\"@type\":\"WebPage\",\"@id\":\"https:\/\/hudo.com\/si\/aktualno\/premier-cerar-in-ameriski-general-gorenc-za-ohranitev-enotnosti-video\/\",\"url\":\"https:\/\/hudo.com\/si\/aktualno\/premier-cerar-in-ameriski-general-gorenc-za-ohranitev-enotnosti-video\/\",\"name\":\"Premier Cerar in ameri\u0161ki general Gorenc za ohranitev enotnosti (VIDEO) - Hudo Slovenija\",\"isPartOf\":{\"@id\":\"https:\/\/hudo.com\/si\/#website\"},\"datePublished\":\"2016-05-14T13:48:01+00:00\",\"dateModified\":\"2016-05-15T15:37:28+00:00\",\"breadcrumb\":{\"@id\":\"https:\/\/hudo.com\/si\/aktualno\/premier-cerar-in-ameriski-general-gorenc-za-ohranitev-enotnosti-video\/#breadcrumb\"},\"inLanguage\":\"sl-SI\",\"potentialAction\":[{\"@type\":\"ReadAction\",\"target\":[\"https:\/\/hudo.com\/si\/aktualno\/premier-cerar-in-ameriski-general-gorenc-za-ohranitev-enotnosti-video\/\"]}]},{\"@type\":\"BreadcrumbList\",\"@id\":\"https:\/\/hudo.com\/si\/aktualno\/premier-cerar-in-ameriski-general-gorenc-za-ohranitev-enotnosti-video\/#breadcrumb\",\"itemListElement\":[{\"@type\":\"ListItem\",\"position\":1,\"name\":\"Home\",\"item\":\"https:\/\/hudo.com\/si\/\"},{\"@type\":\"ListItem\",\"position\":2,\"name\":\"Premier Cerar in ameri\u0161ki general Gorenc za ohranitev enotnosti (VIDEO)\"}]},{\"@type\":\"WebSite\",\"@id\":\"https:\/\/hudo.com\/si\/#website\",\"url\":\"https:\/\/hudo.com\/si\/\",\"name\":\"Hudo Slovenija\",\"description\":\"Vse novice iz Slovenije in sveta\",\"publisher\":{\"@id\":\"https:\/\/hudo.com\/si\/#organization\"},\"potentialAction\":[{\"@type\":\"SearchAction\",\"target\":{\"@type\":\"EntryPoint\",\"urlTemplate\":\"https:\/\/hudo.com\/si\/?s={search_term_string}\"},\"query-input\":\"required name=search_term_string\"}],\"inLanguage\":\"sl-SI\"},{\"@type\":\"Organization\",\"@id\":\"https:\/\/hudo.com\/si\/#organization\",\"name\":\"VSN Media\",\"url\":\"https:\/\/hudo.com\/si\/\",\"logo\":{\"@type\":\"ImageObject\",\"inLanguage\":\"sl-SI\",\"@id\":\"https:\/\/hudo.com\/si\/#\/schema\/logo\/image\/\",\"url\":\"https:\/\/hudo.com\/si\/wp-content\/uploads\/sites\/2\/2021\/03\/hudo-app-2.png\",\"contentUrl\":\"https:\/\/hudo.com\/si\/wp-content\/uploads\/sites\/2\/2021\/03\/hudo-app-2.png\",\"width\":2185,\"height\":2167,\"caption\":\"VSN Media\"},\"image\":{\"@id\":\"https:\/\/hudo.com\/si\/#\/schema\/logo\/image\/\"},\"sameAs\":[\"https:\/\/www.facebook.com\/hudo.si\",\"https:\/\/twitter.com\/hudo_si\"]},{\"@type\":\"Person\",\"@id\":\"https:\/\/hudo.com\/si\/#\/schema\/person\/601cf3379633985b20f7e50f2bb47707\",\"name\":\"hudo\",\"image\":{\"@type\":\"ImageObject\",\"inLanguage\":\"sl-SI\",\"@id\":\"https:\/\/hudo.com\/si\/#\/schema\/person\/image\/\",\"url\":\"https:\/\/secure.gravatar.com\/avatar\/c4ca25fa72cace7a696b52ff5db9e095?s=96&d=mm&r=g\",\"contentUrl\":\"https:\/\/secure.gravatar.com\/avatar\/c4ca25fa72cace7a696b52ff5db9e095?s=96&d=mm&r=g\",\"caption\":\"hudo\"},\"url\":\"https:\/\/hudo.com\/si\/author\/hudo\/\"}]}<\/script>\n<!-- \/ Yoast SEO plugin. -->","yoast_head_json":{"title":"Premier Cerar in ameri\u0161ki general Gorenc za ohranitev enotnosti (VIDEO) - Hudo Slovenija","robots":{"index":"index","follow":"follow","max-snippet":"max-snippet:-1","max-image-preview":"max-image-preview:large","max-video-preview":"max-video-preview:-1"},"canonical":"https:\/\/hudo.com\/si\/aktualno\/premier-cerar-in-ameriski-general-gorenc-za-ohranitev-enotnosti-video\/","og_locale":"sl_SI","og_type":"article","og_title":"Premier Cerar in ameri\u0161ki general Gorenc za ohranitev enotnosti (VIDEO) - Hudo Slovenija","og_description":"Predsednik vlade Miro Cerar in poveljnik ameri\u0161kih letalskih sil v Evropi in Afriki ter poveljnik letalskih sil zveze Nato Frank Gorenc sta na dana\u0161njem sre\u010danju na Bledu poudarila, da moramo storiti vse za ohranitev enotnosti in za skupno usmerjenost proti dejanjem, ki kr\u0161ijo mednarodno pravo in ogro\u017eajo mir.","og_url":"https:\/\/hudo.com\/si\/aktualno\/premier-cerar-in-ameriski-general-gorenc-za-ohranitev-enotnosti-video\/","og_site_name":"Hudo Slovenija","article_publisher":"https:\/\/www.facebook.com\/hudo.si","article_published_time":"2016-05-14T13:48:01+00:00","article_modified_time":"2016-05-15T15:37:28+00:00","og_image":[{"width":744,"height":504,"url":"https:\/\/hudo.com\/si\/wp-content\/uploads\/sites\/2\/2016\/05\/cerar_gorenc.jpg","type":"image\/jpeg"}],"author":"hudo","twitter_card":"summary_large_image","twitter_creator":"@hudo_si","twitter_site":"@hudo_si","twitter_misc":{"Written by":"hudo"},"schema":{"@context":"https:\/\/schema.org","@graph":[{"@type":"Article","@id":"https:\/\/hudo.com\/si\/aktualno\/premier-cerar-in-ameriski-general-gorenc-za-ohranitev-enotnosti-video\/#article","isPartOf":{"@id":"https:\/\/hudo.com\/si\/aktualno\/premier-cerar-in-ameriski-general-gorenc-za-ohranitev-enotnosti-video\/"},"author":{"name":"hudo","@id":"https:\/\/hudo.com\/si\/#\/schema\/person\/601cf3379633985b20f7e50f2bb47707"},"headline":"Premier Cerar in ameri\u0161ki general Gorenc za ohranitev enotnosti (VIDEO)","datePublished":"2016-05-14T13:48:01+00:00","dateModified":"2016-05-15T15:37:28+00:00","mainEntityOfPage":{"@id":"https:\/\/hudo.com\/si\/aktualno\/premier-cerar-in-ameriski-general-gorenc-za-ohranitev-enotnosti-video\/"},"wordCount":64,"publisher":{"@id":"https:\/\/hudo.com\/si\/#organization"},"articleSection":["Aktualno"],"inLanguage":"sl-SI"},{"@type":"WebPage","@id":"https:\/\/hudo.com\/si\/aktualno\/premier-cerar-in-ameriski-general-gorenc-za-ohranitev-enotnosti-video\/","url":"https:\/\/hudo.com\/si\/aktualno\/premier-cerar-in-ameriski-general-gorenc-za-ohranitev-enotnosti-video\/","name":"Premier Cerar in ameri\u0161ki general Gorenc za ohranitev enotnosti (VIDEO) - Hudo Slovenija","isPartOf":{"@id":"https:\/\/hudo.com\/si\/#website"},"datePublished":"2016-05-14T13:48:01+00:00","dateModified":"2016-05-15T15:37:28+00:00","breadcrumb":{"@id":"https:\/\/hudo.com\/si\/aktualno\/premier-cerar-in-ameriski-general-gorenc-za-ohranitev-enotnosti-video\/#breadcrumb"},"inLanguage":"sl-SI","potentialAction":[{"@type":"ReadAction","target":["https:\/\/hudo.com\/si\/aktualno\/premier-cerar-in-ameriski-general-gorenc-za-ohranitev-enotnosti-video\/"]}]},{"@type":"BreadcrumbList","@id":"https:\/\/hudo.com\/si\/aktualno\/premier-cerar-in-ameriski-general-gorenc-za-ohranitev-enotnosti-video\/#breadcrumb","itemListElement":[{"@type":"ListItem","position":1,"name":"Home","item":"https:\/\/hudo.com\/si\/"},{"@type":"ListItem","position":2,"name":"Premier Cerar in ameri\u0161ki general Gorenc za ohranitev enotnosti (VIDEO)"}]},{"@type":"WebSite","@id":"https:\/\/hudo.com\/si\/#website","url":"https:\/\/hudo.com\/si\/","name":"Hudo Slovenija","description":"Vse novice iz Slovenije in sveta","publisher":{"@id":"https:\/\/hudo.com\/si\/#organization"},"potentialAction":[{"@type":"SearchAction","target":{"@type":"EntryPoint","urlTemplate":"https:\/\/hudo.com\/si\/?s={search_term_string}"},"query-input":"required name=search_term_string"}],"inLanguage":"sl-SI"},{"@type":"Organization","@id":"https:\/\/hudo.com\/si\/#organization","name":"VSN Media","url":"https:\/\/hudo.com\/si\/","logo":{"@type":"ImageObject","inLanguage":"sl-SI","@id":"https:\/\/hudo.com\/si\/#\/schema\/logo\/image\/","url":"https:\/\/hudo.com\/si\/wp-content\/uploads\/sites\/2\/2021\/03\/hudo-app-2.png","contentUrl":"https:\/\/hudo.com\/si\/wp-content\/uploads\/sites\/2\/2021\/03\/hudo-app-2.png","width":2185,"height":2167,"caption":"VSN Media"},"image":{"@id":"https:\/\/hudo.com\/si\/#\/schema\/logo\/image\/"},"sameAs":["https:\/\/www.facebook.com\/hudo.si","https:\/\/twitter.com\/hudo_si"]},{"@type":"Person","@id":"https:\/\/hudo.com\/si\/#\/schema\/person\/601cf3379633985b20f7e50f2bb47707","name":"hudo","image":{"@type":"ImageObject","inLanguage":"sl-SI","@id":"https:\/\/hudo.com\/si\/#\/schema\/person\/image\/","url":"https:\/\/secure.gravatar.com\/avatar\/c4ca25fa72cace7a696b52ff5db9e095?s=96&d=mm&r=g","contentUrl":"https:\/\/secure.gravatar.com\/avatar\/c4ca25fa72cace7a696b52ff5db9e095?s=96&d=mm&r=g","caption":"hudo"},"url":"https:\/\/hudo.com\/si\/author\/hudo\/"}]}},"amp_enabled":true,"_links":{"self":[{"href":"https:\/\/hudo.com\/si\/wp-json\/wp\/v2\/posts\/52855"}],"collection":[{"href":"https:\/\/hudo.com\/si\/wp-json\/wp\/v2\/posts"}],"about":[{"href":"https:\/\/hudo.com\/si\/wp-json\/wp\/v2\/types\/post"}],"author":[{"embeddable":true,"href":"https:\/\/hudo.com\/si\/wp-json\/wp\/v2\/users\/1"}],"replies":[{"embeddable":true,"href":"https:\/\/hudo.com\/si\/wp-json\/wp\/v2\/comments?post=52855"}],"version-history":[{"count":1,"href":"https:\/\/hudo.com\/si\/wp-json\/wp\/v2\/posts\/52855\/revisions"}],"predecessor-version":[{"id":52946,"href":"https:\/\/hudo.com\/si\/wp-json\/wp\/v2\/posts\/52855\/revisions\/52946"}],"wp:attachment":[{"href":"https:\/\/hudo.com\/si\/wp-json\/wp\/v2\/media?parent=52855"}],"wp:term":[{"taxonomy":"category","embeddable":true,"href":"https:\/\/hudo.com\/si\/wp-json\/wp\/v2\/categories?post=52855"},{"taxonomy":"post_tag","embeddable":true,"href":"https:\/\/hudo.com\/si\/wp-json\/wp\/v2\/tags?post=52855"},{"taxonomy":"source","embeddable":true,"href":"https:\/\/hudo.com\/si\/wp-json\/wp\/v2\/source?post=52855"},{"taxonomy":"supertag","embeddable":true,"href":"https:\/\/hudo.com\/si\/wp-json\/wp\/v2\/supertag?post=52855"}],"curies":[{"name":"wp","href":"https:\/\/api.w.org\/{rel}","templated":true}]}}