{"id":52859,"date":"2016-05-14T15:30:00","date_gmt":"2016-05-14T13:30:00","guid":{"rendered":"http:\/\/hudo.com\/si\/2016\/05\/14\/na-brdu-pri-kranju-ministri-demosove-osamosvojitvene-vlade-2\/"},"modified":"2016-05-15T13:17:02","modified_gmt":"2016-05-15T11:17:02","slug":"na-brdu-pri-kranju-ministri-demosove-osamosvojitvene-vlade-2","status":"publish","type":"post","link":"https:\/\/hudo.com\/si\/aktualno\/na-brdu-pri-kranju-ministri-demosove-osamosvojitvene-vlade-2\/","title":{"rendered":"Na Brdu pri Kranju ministri Demosove osamosvojitvene vlade"},"content":{"rendered":"<p>V okviru praznovanja 25-letnice slovenske samostojnosti in pred ponedeljkovo 26. obletnico zaprisege prve demokrati\u010dno izvoljene vlade so se na Brdu pri Kranju danes se\u0161li \u010dlani Demosove osamosvojitvene vlade. Sre\u010danja, ki je potekalo na povabilo tedanjega predsednika vlade Lojzeta Peterleta, so se udele\u017eili tudi \u0161tevilni veleposlaniki v Sloveniji. Peterle je ob sre\u010danju poudaril, da je dr\u017eavotvorni program slovenske pomladi do\u017eivel dve demokrati\u010dni potrditvi, najprej z zmago Demosa na prvih demokrati\u010dnih volitvah, nato pa \u0161e s plebiscitom. Demosova vlada je opravi\u010dila zaupanje s konkretnimi dejanji, je dejal. Ob tem je menil, &#8220;da smo se osamosvojili od nedemokrati\u010dne Jugoslavije, medtem ko se od stare Slovenije \u0161e nismo osvobodili. Poglabljanje polarizacije, ki smo mu pri\u010da, ni odgovor na \u0161tevilne notranje in zunanje izzive&#8221;. Za dosego enotnosti v bistvenem je potreben premik v politi\u010dni kulturi, so besede Peterleta, danes evropskega poslanca, navedli v njegovem uradu. Na prvih demokrati\u010dnih volitvah v Sloveniji aprila 1990 je zmagala koalicija Demos, ki ji je tako pripadla tudi pravica do predlaganja mandatarja. To je kot predsednik stranke, ki je med strankami koalicije dobila najve\u010d glasov, postal predsednik SKD Lojze Peterle. Slednji se je bil funkciji sprva sicer pripravljen odpovedati v korist predsednika Demosa in predsednika takratne SDSS Jo\u017eeta Pu\u010dnika, a je ta ponudbo po premisleku zavrnil. Peterletova vlada, ki je v takratni slovenski skup\u0161\u010dini prisegla 16. maja 1990, je imela 27 ministrov in ministric, v njej pa so bile SKD, SDSS, SDZ, SLS, Slovenska obrtni\u0161ka stranka in Zeleni Slovenije. V slabih dveh letih, kolikor je bila na oblasti, je tudi ob delnem sodelovanju opozicije sprejela nekatere klju\u010dne dokumente, ki so bili potrebni za izpeljavo slovenske osamosvojitve ter nastanek in uveljavitev slovenske dr\u017eave. Nekateri ministri Demosove vlade so si sicer svoje poglede na osamosvojitveno vlado in na aktualno stanje v dr\u017eavi izmenjali \u017ee na petkovem si<\/p>\n","protected":false},"excerpt":{"rendered":"<p>V okviru praznovanja 25-letnice slovenske samostojnosti in pred ponedeljkovo 26. obletnico zaprisege prve demokrati\u010dno izvoljene vlade so se na Brdu pri Kranju danes se\u0161li \u010dlani Demosove osamosvojitvene vlade. Sre\u010danja, ki je potekalo na povabilo tedanjega predsednika vlade Lojzeta Peterleta, so se udele\u017eili tudi \u0161tevilni veleposlaniki v Sloveniji. Peterle je ob sre\u010danju poudaril, da je dr\u017eavotvorni program slovenske pomladi do\u017eivel dve demokrati\u010dni potrditvi, najprej z zmago Demosa na prvih demokrati\u010dnih volitvah, nato pa \u0161e s plebiscitom. Demosova vlada je opravi\u010dila zaupanje s konkretnimi dejanji, je dejal. Ob tem je menil, &#8220;da smo se osamosvojili od nedemokrati\u010dne Jugoslavije, medtem ko se od stare Slovenije \u0161e nismo osvobodili. Poglabljanje polarizacije, ki smo mu pri\u010da, ni odgovor na \u0161tevilne notranje in zunanje izzive&#8221;. Za dosego enotnosti v bistvenem je potreben premik v politi\u010dni kulturi, so besede Peterleta, danes evropskega poslanca, navedli v njegovem uradu. Na prvih demokrati\u010dnih volitvah v Sloveniji aprila 1990 je zmagala koalicija Demos, ki ji je tako pripadla tudi pravica do predlaganja mandatarja. To je kot predsednik stranke, ki je med strankami koalicije dobila najve\u010d glasov, postal predsednik SKD Lojze Peterle. Slednji se je bil funkciji sprva sicer pripravljen odpovedati v korist predsednika Demosa in predsednika takratne SDSS Jo\u017eeta Pu\u010dnika, a je ta ponudbo po premisleku zavrnil. Peterletova vlada, ki je v takratni slovenski skup\u0161\u010dini prisegla 16. maja 1990, je imela 27 ministrov in ministric, v njej pa so bile SKD, SDSS, SDZ, SLS, Slovenska obrtni\u0161ka stranka in Zeleni Slovenije. V slabih dveh letih, kolikor je bila na oblasti, je tudi ob delnem sodelovanju opozicije sprejela nekatere klju\u010dne dokumente, ki so bili potrebni za izpeljavo slovenske osamosvojitve ter nastanek in uveljavitev slovenske dr\u017eave. Nekateri ministri Demosove vlade so si sicer svoje poglede na osamosvojitveno vlado in na aktualno stanje v dr\u017eavi izmenjali \u017ee na petkovem si<\/p>\n","protected":false},"author":1,"featured_media":0,"comment_status":"closed","ping_status":"closed","sticky":false,"template":"","format":"standard","meta":{"footnotes":""},"categories":[1179],"tags":[],"source":[1711],"supertag":[],"acf":[],"yoast_head":"<!-- This site is optimized with the Yoast SEO plugin v21.3 - https:\/\/yoast.com\/wordpress\/plugins\/seo\/ -->\n<title>Na Brdu pri Kranju ministri Demosove osamosvojitvene vlade - Hudo Slovenija<\/title>\n<meta name=\"robots\" content=\"index, follow, max-snippet:-1, max-image-preview:large, max-video-preview:-1\" \/>\n<link rel=\"canonical\" href=\"https:\/\/hudo.com\/si\/aktualno\/na-brdu-pri-kranju-ministri-demosove-osamosvojitvene-vlade-2\/\" \/>\n<meta property=\"og:locale\" content=\"sl_SI\" \/>\n<meta property=\"og:type\" content=\"article\" \/>\n<meta property=\"og:title\" content=\"Na Brdu pri Kranju ministri Demosove osamosvojitvene vlade - Hudo Slovenija\" \/>\n<meta property=\"og:description\" content=\"V okviru praznovanja 25-letnice slovenske samostojnosti in pred ponedeljkovo 26. obletnico zaprisege prve demokrati\u010dno izvoljene vlade so se na Brdu pri Kranju danes se\u0161li \u010dlani Demosove osamosvojitvene vlade. Sre\u010danja, ki je potekalo na povabilo tedanjega predsednika vlade Lojzeta Peterleta, so se udele\u017eili tudi \u0161tevilni veleposlaniki v Sloveniji. Peterle je ob sre\u010danju poudaril, da je dr\u017eavotvorni program slovenske pomladi do\u017eivel dve demokrati\u010dni potrditvi, najprej z zmago Demosa na prvih demokrati\u010dnih volitvah, nato pa \u0161e s plebiscitom. Demosova vlada je opravi\u010dila zaupanje s konkretnimi dejanji, je dejal. Ob tem je menil, &quot;da smo se osamosvojili od nedemokrati\u010dne Jugoslavije, medtem ko se od stare Slovenije \u0161e nismo osvobodili. Poglabljanje polarizacije, ki smo mu pri\u010da, ni odgovor na \u0161tevilne notranje in zunanje izzive&quot;. Za dosego enotnosti v bistvenem je potreben premik v politi\u010dni kulturi, so besede Peterleta, danes evropskega poslanca, navedli v njegovem uradu. Na prvih demokrati\u010dnih volitvah v Sloveniji aprila 1990 je zmagala koalicija Demos, ki ji je tako pripadla tudi pravica do predlaganja mandatarja. To je kot predsednik stranke, ki je med strankami koalicije dobila najve\u010d glasov, postal predsednik SKD Lojze Peterle. Slednji se je bil funkciji sprva sicer pripravljen odpovedati v korist predsednika Demosa in predsednika takratne SDSS Jo\u017eeta Pu\u010dnika, a je ta ponudbo po premisleku zavrnil. Peterletova vlada, ki je v takratni slovenski skup\u0161\u010dini prisegla 16. maja 1990, je imela 27 ministrov in ministric, v njej pa so bile SKD, SDSS, SDZ, SLS, Slovenska obrtni\u0161ka stranka in Zeleni Slovenije. V slabih dveh letih, kolikor je bila na oblasti, je tudi ob delnem sodelovanju opozicije sprejela nekatere klju\u010dne dokumente, ki so bili potrebni za izpeljavo slovenske osamosvojitve ter nastanek in uveljavitev slovenske dr\u017eave. Nekateri ministri Demosove vlade so si sicer svoje poglede na osamosvojitveno vlado in na aktualno stanje v dr\u017eavi izmenjali \u017ee na petkovem si\" \/>\n<meta property=\"og:url\" content=\"https:\/\/hudo.com\/si\/aktualno\/na-brdu-pri-kranju-ministri-demosove-osamosvojitvene-vlade-2\/\" \/>\n<meta property=\"og:site_name\" content=\"Hudo Slovenija\" \/>\n<meta property=\"article:publisher\" content=\"https:\/\/www.facebook.com\/hudo.si\" \/>\n<meta property=\"article:published_time\" content=\"2016-05-14T13:30:00+00:00\" \/>\n<meta property=\"article:modified_time\" content=\"2016-05-15T11:17:02+00:00\" \/>\n<meta property=\"og:image\" content=\"https:\/\/hudo.com\/si\/wp-content\/uploads\/sites\/2\/2016\/05\/b3-300.jpg\" \/>\n\t<meta property=\"og:image:width\" content=\"450\" \/>\n\t<meta property=\"og:image:height\" content=\"300\" \/>\n\t<meta property=\"og:image:type\" content=\"image\/jpeg\" \/>\n<meta name=\"author\" content=\"hudo\" \/>\n<meta name=\"twitter:card\" content=\"summary_large_image\" \/>\n<meta name=\"twitter:creator\" content=\"@hudo_si\" \/>\n<meta name=\"twitter:site\" content=\"@hudo_si\" \/>\n<meta name=\"twitter:label1\" content=\"Written by\" \/>\n\t<meta name=\"twitter:data1\" content=\"hudo\" \/>\n\t<meta name=\"twitter:label2\" content=\"Est. reading time\" \/>\n\t<meta name=\"twitter:data2\" content=\"2 minuti\" \/>\n<script type=\"application\/ld+json\" class=\"yoast-schema-graph\">{\"@context\":\"https:\/\/schema.org\",\"@graph\":[{\"@type\":\"Article\",\"@id\":\"https:\/\/hudo.com\/si\/aktualno\/na-brdu-pri-kranju-ministri-demosove-osamosvojitvene-vlade-2\/#article\",\"isPartOf\":{\"@id\":\"https:\/\/hudo.com\/si\/aktualno\/na-brdu-pri-kranju-ministri-demosove-osamosvojitvene-vlade-2\/\"},\"author\":{\"name\":\"hudo\",\"@id\":\"https:\/\/hudo.com\/si\/#\/schema\/person\/601cf3379633985b20f7e50f2bb47707\"},\"headline\":\"Na Brdu pri Kranju ministri Demosove osamosvojitvene vlade\",\"datePublished\":\"2016-05-14T13:30:00+00:00\",\"dateModified\":\"2016-05-15T11:17:02+00:00\",\"mainEntityOfPage\":{\"@id\":\"https:\/\/hudo.com\/si\/aktualno\/na-brdu-pri-kranju-ministri-demosove-osamosvojitvene-vlade-2\/\"},\"wordCount\":319,\"publisher\":{\"@id\":\"https:\/\/hudo.com\/si\/#organization\"},\"articleSection\":[\"Aktualno\"],\"inLanguage\":\"sl-SI\"},{\"@type\":\"WebPage\",\"@id\":\"https:\/\/hudo.com\/si\/aktualno\/na-brdu-pri-kranju-ministri-demosove-osamosvojitvene-vlade-2\/\",\"url\":\"https:\/\/hudo.com\/si\/aktualno\/na-brdu-pri-kranju-ministri-demosove-osamosvojitvene-vlade-2\/\",\"name\":\"Na Brdu pri Kranju ministri Demosove osamosvojitvene vlade - Hudo Slovenija\",\"isPartOf\":{\"@id\":\"https:\/\/hudo.com\/si\/#website\"},\"datePublished\":\"2016-05-14T13:30:00+00:00\",\"dateModified\":\"2016-05-15T11:17:02+00:00\",\"breadcrumb\":{\"@id\":\"https:\/\/hudo.com\/si\/aktualno\/na-brdu-pri-kranju-ministri-demosove-osamosvojitvene-vlade-2\/#breadcrumb\"},\"inLanguage\":\"sl-SI\",\"potentialAction\":[{\"@type\":\"ReadAction\",\"target\":[\"https:\/\/hudo.com\/si\/aktualno\/na-brdu-pri-kranju-ministri-demosove-osamosvojitvene-vlade-2\/\"]}]},{\"@type\":\"BreadcrumbList\",\"@id\":\"https:\/\/hudo.com\/si\/aktualno\/na-brdu-pri-kranju-ministri-demosove-osamosvojitvene-vlade-2\/#breadcrumb\",\"itemListElement\":[{\"@type\":\"ListItem\",\"position\":1,\"name\":\"Home\",\"item\":\"https:\/\/hudo.com\/si\/\"},{\"@type\":\"ListItem\",\"position\":2,\"name\":\"Na Brdu pri Kranju ministri Demosove osamosvojitvene vlade\"}]},{\"@type\":\"WebSite\",\"@id\":\"https:\/\/hudo.com\/si\/#website\",\"url\":\"https:\/\/hudo.com\/si\/\",\"name\":\"Hudo Slovenija\",\"description\":\"Vse novice iz Slovenije in sveta\",\"publisher\":{\"@id\":\"https:\/\/hudo.com\/si\/#organization\"},\"potentialAction\":[{\"@type\":\"SearchAction\",\"target\":{\"@type\":\"EntryPoint\",\"urlTemplate\":\"https:\/\/hudo.com\/si\/?s={search_term_string}\"},\"query-input\":\"required name=search_term_string\"}],\"inLanguage\":\"sl-SI\"},{\"@type\":\"Organization\",\"@id\":\"https:\/\/hudo.com\/si\/#organization\",\"name\":\"VSN Media\",\"url\":\"https:\/\/hudo.com\/si\/\",\"logo\":{\"@type\":\"ImageObject\",\"inLanguage\":\"sl-SI\",\"@id\":\"https:\/\/hudo.com\/si\/#\/schema\/logo\/image\/\",\"url\":\"https:\/\/hudo.com\/si\/wp-content\/uploads\/sites\/2\/2021\/03\/hudo-app-2.png\",\"contentUrl\":\"https:\/\/hudo.com\/si\/wp-content\/uploads\/sites\/2\/2021\/03\/hudo-app-2.png\",\"width\":2185,\"height\":2167,\"caption\":\"VSN Media\"},\"image\":{\"@id\":\"https:\/\/hudo.com\/si\/#\/schema\/logo\/image\/\"},\"sameAs\":[\"https:\/\/www.facebook.com\/hudo.si\",\"https:\/\/twitter.com\/hudo_si\"]},{\"@type\":\"Person\",\"@id\":\"https:\/\/hudo.com\/si\/#\/schema\/person\/601cf3379633985b20f7e50f2bb47707\",\"name\":\"hudo\",\"image\":{\"@type\":\"ImageObject\",\"inLanguage\":\"sl-SI\",\"@id\":\"https:\/\/hudo.com\/si\/#\/schema\/person\/image\/\",\"url\":\"https:\/\/secure.gravatar.com\/avatar\/c4ca25fa72cace7a696b52ff5db9e095?s=96&d=mm&r=g\",\"contentUrl\":\"https:\/\/secure.gravatar.com\/avatar\/c4ca25fa72cace7a696b52ff5db9e095?s=96&d=mm&r=g\",\"caption\":\"hudo\"},\"url\":\"https:\/\/hudo.com\/si\/author\/hudo\/\"}]}<\/script>\n<!-- \/ Yoast SEO plugin. -->","yoast_head_json":{"title":"Na Brdu pri Kranju ministri Demosove osamosvojitvene vlade - Hudo Slovenija","robots":{"index":"index","follow":"follow","max-snippet":"max-snippet:-1","max-image-preview":"max-image-preview:large","max-video-preview":"max-video-preview:-1"},"canonical":"https:\/\/hudo.com\/si\/aktualno\/na-brdu-pri-kranju-ministri-demosove-osamosvojitvene-vlade-2\/","og_locale":"sl_SI","og_type":"article","og_title":"Na Brdu pri Kranju ministri Demosove osamosvojitvene vlade - Hudo Slovenija","og_description":"V okviru praznovanja 25-letnice slovenske samostojnosti in pred ponedeljkovo 26. obletnico zaprisege prve demokrati\u010dno izvoljene vlade so se na Brdu pri Kranju danes se\u0161li \u010dlani Demosove osamosvojitvene vlade. Sre\u010danja, ki je potekalo na povabilo tedanjega predsednika vlade Lojzeta Peterleta, so se udele\u017eili tudi \u0161tevilni veleposlaniki v Sloveniji. Peterle je ob sre\u010danju poudaril, da je dr\u017eavotvorni program slovenske pomladi do\u017eivel dve demokrati\u010dni potrditvi, najprej z zmago Demosa na prvih demokrati\u010dnih volitvah, nato pa \u0161e s plebiscitom. Demosova vlada je opravi\u010dila zaupanje s konkretnimi dejanji, je dejal. Ob tem je menil, \"da smo se osamosvojili od nedemokrati\u010dne Jugoslavije, medtem ko se od stare Slovenije \u0161e nismo osvobodili. Poglabljanje polarizacije, ki smo mu pri\u010da, ni odgovor na \u0161tevilne notranje in zunanje izzive\". Za dosego enotnosti v bistvenem je potreben premik v politi\u010dni kulturi, so besede Peterleta, danes evropskega poslanca, navedli v njegovem uradu. Na prvih demokrati\u010dnih volitvah v Sloveniji aprila 1990 je zmagala koalicija Demos, ki ji je tako pripadla tudi pravica do predlaganja mandatarja. To je kot predsednik stranke, ki je med strankami koalicije dobila najve\u010d glasov, postal predsednik SKD Lojze Peterle. Slednji se je bil funkciji sprva sicer pripravljen odpovedati v korist predsednika Demosa in predsednika takratne SDSS Jo\u017eeta Pu\u010dnika, a je ta ponudbo po premisleku zavrnil. Peterletova vlada, ki je v takratni slovenski skup\u0161\u010dini prisegla 16. maja 1990, je imela 27 ministrov in ministric, v njej pa so bile SKD, SDSS, SDZ, SLS, Slovenska obrtni\u0161ka stranka in Zeleni Slovenije. V slabih dveh letih, kolikor je bila na oblasti, je tudi ob delnem sodelovanju opozicije sprejela nekatere klju\u010dne dokumente, ki so bili potrebni za izpeljavo slovenske osamosvojitve ter nastanek in uveljavitev slovenske dr\u017eave. Nekateri ministri Demosove vlade so si sicer svoje poglede na osamosvojitveno vlado in na aktualno stanje v dr\u017eavi izmenjali \u017ee na petkovem si","og_url":"https:\/\/hudo.com\/si\/aktualno\/na-brdu-pri-kranju-ministri-demosove-osamosvojitvene-vlade-2\/","og_site_name":"Hudo Slovenija","article_publisher":"https:\/\/www.facebook.com\/hudo.si","article_published_time":"2016-05-14T13:30:00+00:00","article_modified_time":"2016-05-15T11:17:02+00:00","og_image":[{"width":450,"height":300,"url":"https:\/\/hudo.com\/si\/wp-content\/uploads\/sites\/2\/2016\/05\/b3-300.jpg","type":"image\/jpeg"}],"author":"hudo","twitter_card":"summary_large_image","twitter_creator":"@hudo_si","twitter_site":"@hudo_si","twitter_misc":{"Written by":"hudo","Est. reading time":"2 minuti"},"schema":{"@context":"https:\/\/schema.org","@graph":[{"@type":"Article","@id":"https:\/\/hudo.com\/si\/aktualno\/na-brdu-pri-kranju-ministri-demosove-osamosvojitvene-vlade-2\/#article","isPartOf":{"@id":"https:\/\/hudo.com\/si\/aktualno\/na-brdu-pri-kranju-ministri-demosove-osamosvojitvene-vlade-2\/"},"author":{"name":"hudo","@id":"https:\/\/hudo.com\/si\/#\/schema\/person\/601cf3379633985b20f7e50f2bb47707"},"headline":"Na Brdu pri Kranju ministri Demosove osamosvojitvene vlade","datePublished":"2016-05-14T13:30:00+00:00","dateModified":"2016-05-15T11:17:02+00:00","mainEntityOfPage":{"@id":"https:\/\/hudo.com\/si\/aktualno\/na-brdu-pri-kranju-ministri-demosove-osamosvojitvene-vlade-2\/"},"wordCount":319,"publisher":{"@id":"https:\/\/hudo.com\/si\/#organization"},"articleSection":["Aktualno"],"inLanguage":"sl-SI"},{"@type":"WebPage","@id":"https:\/\/hudo.com\/si\/aktualno\/na-brdu-pri-kranju-ministri-demosove-osamosvojitvene-vlade-2\/","url":"https:\/\/hudo.com\/si\/aktualno\/na-brdu-pri-kranju-ministri-demosove-osamosvojitvene-vlade-2\/","name":"Na Brdu pri Kranju ministri Demosove osamosvojitvene vlade - Hudo Slovenija","isPartOf":{"@id":"https:\/\/hudo.com\/si\/#website"},"datePublished":"2016-05-14T13:30:00+00:00","dateModified":"2016-05-15T11:17:02+00:00","breadcrumb":{"@id":"https:\/\/hudo.com\/si\/aktualno\/na-brdu-pri-kranju-ministri-demosove-osamosvojitvene-vlade-2\/#breadcrumb"},"inLanguage":"sl-SI","potentialAction":[{"@type":"ReadAction","target":["https:\/\/hudo.com\/si\/aktualno\/na-brdu-pri-kranju-ministri-demosove-osamosvojitvene-vlade-2\/"]}]},{"@type":"BreadcrumbList","@id":"https:\/\/hudo.com\/si\/aktualno\/na-brdu-pri-kranju-ministri-demosove-osamosvojitvene-vlade-2\/#breadcrumb","itemListElement":[{"@type":"ListItem","position":1,"name":"Home","item":"https:\/\/hudo.com\/si\/"},{"@type":"ListItem","position":2,"name":"Na Brdu pri Kranju ministri Demosove osamosvojitvene vlade"}]},{"@type":"WebSite","@id":"https:\/\/hudo.com\/si\/#website","url":"https:\/\/hudo.com\/si\/","name":"Hudo Slovenija","description":"Vse novice iz Slovenije in sveta","publisher":{"@id":"https:\/\/hudo.com\/si\/#organization"},"potentialAction":[{"@type":"SearchAction","target":{"@type":"EntryPoint","urlTemplate":"https:\/\/hudo.com\/si\/?s={search_term_string}"},"query-input":"required name=search_term_string"}],"inLanguage":"sl-SI"},{"@type":"Organization","@id":"https:\/\/hudo.com\/si\/#organization","name":"VSN Media","url":"https:\/\/hudo.com\/si\/","logo":{"@type":"ImageObject","inLanguage":"sl-SI","@id":"https:\/\/hudo.com\/si\/#\/schema\/logo\/image\/","url":"https:\/\/hudo.com\/si\/wp-content\/uploads\/sites\/2\/2021\/03\/hudo-app-2.png","contentUrl":"https:\/\/hudo.com\/si\/wp-content\/uploads\/sites\/2\/2021\/03\/hudo-app-2.png","width":2185,"height":2167,"caption":"VSN Media"},"image":{"@id":"https:\/\/hudo.com\/si\/#\/schema\/logo\/image\/"},"sameAs":["https:\/\/www.facebook.com\/hudo.si","https:\/\/twitter.com\/hudo_si"]},{"@type":"Person","@id":"https:\/\/hudo.com\/si\/#\/schema\/person\/601cf3379633985b20f7e50f2bb47707","name":"hudo","image":{"@type":"ImageObject","inLanguage":"sl-SI","@id":"https:\/\/hudo.com\/si\/#\/schema\/person\/image\/","url":"https:\/\/secure.gravatar.com\/avatar\/c4ca25fa72cace7a696b52ff5db9e095?s=96&d=mm&r=g","contentUrl":"https:\/\/secure.gravatar.com\/avatar\/c4ca25fa72cace7a696b52ff5db9e095?s=96&d=mm&r=g","caption":"hudo"},"url":"https:\/\/hudo.com\/si\/author\/hudo\/"}]}},"amp_enabled":true,"_links":{"self":[{"href":"https:\/\/hudo.com\/si\/wp-json\/wp\/v2\/posts\/52859"}],"collection":[{"href":"https:\/\/hudo.com\/si\/wp-json\/wp\/v2\/posts"}],"about":[{"href":"https:\/\/hudo.com\/si\/wp-json\/wp\/v2\/types\/post"}],"author":[{"embeddable":true,"href":"https:\/\/hudo.com\/si\/wp-json\/wp\/v2\/users\/1"}],"replies":[{"embeddable":true,"href":"https:\/\/hudo.com\/si\/wp-json\/wp\/v2\/comments?post=52859"}],"version-history":[{"count":1,"href":"https:\/\/hudo.com\/si\/wp-json\/wp\/v2\/posts\/52859\/revisions"}],"predecessor-version":[{"id":52948,"href":"https:\/\/hudo.com\/si\/wp-json\/wp\/v2\/posts\/52859\/revisions\/52948"}],"wp:attachment":[{"href":"https:\/\/hudo.com\/si\/wp-json\/wp\/v2\/media?parent=52859"}],"wp:term":[{"taxonomy":"category","embeddable":true,"href":"https:\/\/hudo.com\/si\/wp-json\/wp\/v2\/categories?post=52859"},{"taxonomy":"post_tag","embeddable":true,"href":"https:\/\/hudo.com\/si\/wp-json\/wp\/v2\/tags?post=52859"},{"taxonomy":"source","embeddable":true,"href":"https:\/\/hudo.com\/si\/wp-json\/wp\/v2\/source?post=52859"},{"taxonomy":"supertag","embeddable":true,"href":"https:\/\/hudo.com\/si\/wp-json\/wp\/v2\/supertag?post=52859"}],"curies":[{"name":"wp","href":"https:\/\/api.w.org\/{rel}","templated":true}]}}