{"id":54641,"date":"2016-05-17T08:23:42","date_gmt":"2016-05-17T06:23:42","guid":{"rendered":"http:\/\/hudo.com\/si\/2016\/05\/17\/kaj-barva-oci-razkriva-o-vasi-osebnosti\/"},"modified":"2016-05-22T11:25:28","modified_gmt":"2016-05-22T09:25:28","slug":"kaj-barva-oci-razkriva-o-vasi-osebnosti","status":"publish","type":"post","link":"https:\/\/hudo.com\/si\/zdrav-duh-telo\/kaj-barva-oci-razkriva-o-vasi-osebnosti\/","title":{"rendered":"Kaj barva o\u010di razkriva o va\u0161i osebnosti?"},"content":{"rendered":"<figure>\n\t\t\t\t\t<img loading=\"lazy\" decoding=\"async\" width=\"660\" height=\"320\" src=\"data:image\/gif;base64,R0lGODlhAQABAAAAACH5BAEKAAEALAAAAAABAAEAAAICTAEAOw==\" class=\"lazyload\" data-src=\"http:\/\/zenska.hudo.com\/files\/2016\/05\/thinkstockphotos-184431820-320x155.jpg\" data-srcset=\"http:\/\/zenska.hudo.com\/files\/2016\/05\/thinkstockphotos-184431820-660x320.jpg 660w,http:\/\/zenska.hudo.com\/files\/2016\/05\/thinkstockphotos-184431820-320x155.jpg 330w\" sizes=\"(max-width: 660px) 100vw, 660px\"\/><figcaption>Foto: Thinkstock<\/figcaption><\/figure>\n<p>Znanstveniki s \u0161vedske univerze Orebro so opravili raziskavo, v kateri je sodelovalo 428 ljudi, da bi ugotovili povezavo med barvo o\u010di in karakterjem. Poglejte, kaj so ugotovili.<\/p>\n<h2>Rjave oziroma temne o\u010di<\/h2>\n<p>Ste rojeni vodja. Rojeni ste, da ljudi vodite skozi \u017eivljenje. Niste ljubitelj alkohola, zato pa toliko bolj obo\u017eujete \u0161port. Najdite mo\u010d znotraj sebe in lahko boste vladali svetu.<\/p>\n<h2>Modre o\u010di<\/h2>\n<p>Psihi\u010dno ste tako mo\u010dni, da to lahko \u017eivcira ljudi okrog vas. Ljudje vas pogosto obsodijo \u0161e preden vas imajo sploh prilo\u017enost spoznati. Obi\u010dajno je ta prvi vtis slab. Kljub temu pa \u017eenske z modrimi o\u010dmi veljajo za bolj odporne na bole\u010dino, ve\u010d prenesejo, posledi\u010dno je tako tudi pri porodu. Poleg tega naj bi se ljudje z modrimi o\u010dmi la\u017eje spopadali z razli\u010dnimi oblikami anksioznosti in depresije. Ste ambiciozni in na va\u0161i profesionalni poti\u00a0vas ni\u010d ne more ustaviti.<\/p>\n<h2>Sive o\u010di<\/h2>\n<p>Ljudje s sivimi o\u010dmi so redki, gre pa za zelo uravnote\u017eene osebe. Toda kljub tej uravnote\u017eenosti je znotraj vas del, ki ga te\u017eko kontrolirate. Vedno ste v obrambni dr\u017ei in spodbujate ljudi, da delajo \u0161e bolj trdo, da bi pre\u0161li\u00a0ovire na svoji poti.<\/p>\n<h2>Le\u0161nikove o\u010di<\/h2>\n<p>\u017de vse od otro\u0161tva ste nekaj posebnega. Neodvisni ste, samozavestni in spontani. Va\u0161a osebnost je te\u017eko predvidljiva, kar pa ni ni\u010d slabega, saj se je dobro v \u017eivljenju obdati z ljudmi, ki se potrudijo, da bi se vam dokazali.<\/p>\n<h2>Zelene o\u010di<\/h2>\n<p>Ste skrivnostna in izjemno seksapilna oseba. Nepredvidljivi in se hitro zjezite. Ste tudi kreativni in dobro delujete pod pritiskom.<\/p>\n","protected":false},"excerpt":{"rendered":"<p>\u017de res, da je fraza, da so o\u010di ogledalo du\u0161e, \u017eeprecej obrabljena, toda znanstveniki so sedaj dokazali, da tudi v resnici dr\u017ei.<\/p>\n","protected":false},"author":1,"featured_media":0,"comment_status":"closed","ping_status":"closed","sticky":false,"template":"","format":"standard","meta":{"footnotes":""},"categories":[1],"tags":[5211],"source":[1367,1335,1334],"supertag":[],"acf":[],"yoast_head":"<!-- This site is optimized with the Yoast SEO plugin v21.3 - https:\/\/yoast.com\/wordpress\/plugins\/seo\/ -->\n<title>Kaj barva o\u010di razkriva o va\u0161i osebnosti? - Hudo Slovenija<\/title>\n<meta name=\"robots\" content=\"index, follow, max-snippet:-1, max-image-preview:large, max-video-preview:-1\" \/>\n<link rel=\"canonical\" href=\"https:\/\/hudo.com\/si\/zdrav-duh-telo\/kaj-barva-oci-razkriva-o-vasi-osebnosti\/\" \/>\n<meta property=\"og:locale\" content=\"sl_SI\" \/>\n<meta property=\"og:type\" content=\"article\" \/>\n<meta property=\"og:title\" content=\"Kaj barva o\u010di razkriva o va\u0161i osebnosti? - Hudo Slovenija\" \/>\n<meta property=\"og:description\" content=\"\u017de res, da je fraza, da so o\u010di ogledalo du\u0161e, \u017eeprecej obrabljena, toda znanstveniki so sedaj dokazali, da tudi v resnici dr\u017ei.\" \/>\n<meta property=\"og:url\" content=\"https:\/\/hudo.com\/si\/zdrav-duh-telo\/kaj-barva-oci-razkriva-o-vasi-osebnosti\/\" \/>\n<meta property=\"og:site_name\" content=\"Hudo Slovenija\" \/>\n<meta property=\"article:publisher\" content=\"https:\/\/www.facebook.com\/hudo.si\" \/>\n<meta property=\"article:published_time\" content=\"2016-05-17T06:23:42+00:00\" \/>\n<meta property=\"article:modified_time\" content=\"2016-05-22T09:25:28+00:00\" \/>\n<meta property=\"og:image\" content=\"https:\/\/hudo.com\/si\/wp-content\/uploads\/sites\/2\/2016\/05\/thinkstockphotos-184431820.jpg\" \/>\n\t<meta property=\"og:image:width\" content=\"2122\" \/>\n\t<meta property=\"og:image:height\" content=\"1415\" \/>\n\t<meta property=\"og:image:type\" content=\"image\/jpeg\" \/>\n<meta name=\"author\" content=\"hudo\" \/>\n<meta name=\"twitter:card\" content=\"summary_large_image\" \/>\n<meta name=\"twitter:creator\" content=\"@hudo_si\" \/>\n<meta name=\"twitter:site\" content=\"@hudo_si\" \/>\n<meta name=\"twitter:label1\" content=\"Written by\" \/>\n\t<meta name=\"twitter:data1\" content=\"hudo\" \/>\n\t<meta name=\"twitter:label2\" content=\"Est. reading time\" \/>\n\t<meta name=\"twitter:data2\" content=\"1 minuta\" \/>\n<script type=\"application\/ld+json\" class=\"yoast-schema-graph\">{\"@context\":\"https:\/\/schema.org\",\"@graph\":[{\"@type\":\"Article\",\"@id\":\"https:\/\/hudo.com\/si\/zdrav-duh-telo\/kaj-barva-oci-razkriva-o-vasi-osebnosti\/#article\",\"isPartOf\":{\"@id\":\"https:\/\/hudo.com\/si\/zdrav-duh-telo\/kaj-barva-oci-razkriva-o-vasi-osebnosti\/\"},\"author\":{\"name\":\"hudo\",\"@id\":\"https:\/\/hudo.com\/si\/#\/schema\/person\/601cf3379633985b20f7e50f2bb47707\"},\"headline\":\"Kaj barva o\u010di razkriva o va\u0161i osebnosti?\",\"datePublished\":\"2016-05-17T06:23:42+00:00\",\"dateModified\":\"2016-05-22T09:25:28+00:00\",\"mainEntityOfPage\":{\"@id\":\"https:\/\/hudo.com\/si\/zdrav-duh-telo\/kaj-barva-oci-razkriva-o-vasi-osebnosti\/\"},\"wordCount\":285,\"publisher\":{\"@id\":\"https:\/\/hudo.com\/si\/#organization\"},\"keywords\":[\"barva o\u010di\"],\"articleSection\":[\"Zdrav duh &amp; telo\"],\"inLanguage\":\"sl-SI\"},{\"@type\":\"WebPage\",\"@id\":\"https:\/\/hudo.com\/si\/zdrav-duh-telo\/kaj-barva-oci-razkriva-o-vasi-osebnosti\/\",\"url\":\"https:\/\/hudo.com\/si\/zdrav-duh-telo\/kaj-barva-oci-razkriva-o-vasi-osebnosti\/\",\"name\":\"Kaj barva o\u010di razkriva o va\u0161i osebnosti? - Hudo Slovenija\",\"isPartOf\":{\"@id\":\"https:\/\/hudo.com\/si\/#website\"},\"datePublished\":\"2016-05-17T06:23:42+00:00\",\"dateModified\":\"2016-05-22T09:25:28+00:00\",\"breadcrumb\":{\"@id\":\"https:\/\/hudo.com\/si\/zdrav-duh-telo\/kaj-barva-oci-razkriva-o-vasi-osebnosti\/#breadcrumb\"},\"inLanguage\":\"sl-SI\",\"potentialAction\":[{\"@type\":\"ReadAction\",\"target\":[\"https:\/\/hudo.com\/si\/zdrav-duh-telo\/kaj-barva-oci-razkriva-o-vasi-osebnosti\/\"]}]},{\"@type\":\"BreadcrumbList\",\"@id\":\"https:\/\/hudo.com\/si\/zdrav-duh-telo\/kaj-barva-oci-razkriva-o-vasi-osebnosti\/#breadcrumb\",\"itemListElement\":[{\"@type\":\"ListItem\",\"position\":1,\"name\":\"Home\",\"item\":\"https:\/\/hudo.com\/si\/\"},{\"@type\":\"ListItem\",\"position\":2,\"name\":\"Kaj barva o\u010di razkriva o va\u0161i osebnosti?\"}]},{\"@type\":\"WebSite\",\"@id\":\"https:\/\/hudo.com\/si\/#website\",\"url\":\"https:\/\/hudo.com\/si\/\",\"name\":\"Hudo Slovenija\",\"description\":\"Vse novice iz Slovenije in sveta\",\"publisher\":{\"@id\":\"https:\/\/hudo.com\/si\/#organization\"},\"potentialAction\":[{\"@type\":\"SearchAction\",\"target\":{\"@type\":\"EntryPoint\",\"urlTemplate\":\"https:\/\/hudo.com\/si\/?s={search_term_string}\"},\"query-input\":\"required name=search_term_string\"}],\"inLanguage\":\"sl-SI\"},{\"@type\":\"Organization\",\"@id\":\"https:\/\/hudo.com\/si\/#organization\",\"name\":\"VSN Media\",\"url\":\"https:\/\/hudo.com\/si\/\",\"logo\":{\"@type\":\"ImageObject\",\"inLanguage\":\"sl-SI\",\"@id\":\"https:\/\/hudo.com\/si\/#\/schema\/logo\/image\/\",\"url\":\"https:\/\/hudo.com\/si\/wp-content\/uploads\/sites\/2\/2021\/03\/hudo-app-2.png\",\"contentUrl\":\"https:\/\/hudo.com\/si\/wp-content\/uploads\/sites\/2\/2021\/03\/hudo-app-2.png\",\"width\":2185,\"height\":2167,\"caption\":\"VSN Media\"},\"image\":{\"@id\":\"https:\/\/hudo.com\/si\/#\/schema\/logo\/image\/\"},\"sameAs\":[\"https:\/\/www.facebook.com\/hudo.si\",\"https:\/\/twitter.com\/hudo_si\"]},{\"@type\":\"Person\",\"@id\":\"https:\/\/hudo.com\/si\/#\/schema\/person\/601cf3379633985b20f7e50f2bb47707\",\"name\":\"hudo\",\"image\":{\"@type\":\"ImageObject\",\"inLanguage\":\"sl-SI\",\"@id\":\"https:\/\/hudo.com\/si\/#\/schema\/person\/image\/\",\"url\":\"https:\/\/secure.gravatar.com\/avatar\/c4ca25fa72cace7a696b52ff5db9e095?s=96&d=mm&r=g\",\"contentUrl\":\"https:\/\/secure.gravatar.com\/avatar\/c4ca25fa72cace7a696b52ff5db9e095?s=96&d=mm&r=g\",\"caption\":\"hudo\"},\"url\":\"https:\/\/hudo.com\/si\/author\/hudo\/\"}]}<\/script>\n<!-- \/ Yoast SEO plugin. -->","yoast_head_json":{"title":"Kaj barva o\u010di razkriva o va\u0161i osebnosti? - Hudo Slovenija","robots":{"index":"index","follow":"follow","max-snippet":"max-snippet:-1","max-image-preview":"max-image-preview:large","max-video-preview":"max-video-preview:-1"},"canonical":"https:\/\/hudo.com\/si\/zdrav-duh-telo\/kaj-barva-oci-razkriva-o-vasi-osebnosti\/","og_locale":"sl_SI","og_type":"article","og_title":"Kaj barva o\u010di razkriva o va\u0161i osebnosti? - Hudo Slovenija","og_description":"\u017de res, da je fraza, da so o\u010di ogledalo du\u0161e, \u017eeprecej obrabljena, toda znanstveniki so sedaj dokazali, da tudi v resnici dr\u017ei.","og_url":"https:\/\/hudo.com\/si\/zdrav-duh-telo\/kaj-barva-oci-razkriva-o-vasi-osebnosti\/","og_site_name":"Hudo Slovenija","article_publisher":"https:\/\/www.facebook.com\/hudo.si","article_published_time":"2016-05-17T06:23:42+00:00","article_modified_time":"2016-05-22T09:25:28+00:00","og_image":[{"width":2122,"height":1415,"url":"https:\/\/hudo.com\/si\/wp-content\/uploads\/sites\/2\/2016\/05\/thinkstockphotos-184431820.jpg","type":"image\/jpeg"}],"author":"hudo","twitter_card":"summary_large_image","twitter_creator":"@hudo_si","twitter_site":"@hudo_si","twitter_misc":{"Written by":"hudo","Est. reading time":"1 minuta"},"schema":{"@context":"https:\/\/schema.org","@graph":[{"@type":"Article","@id":"https:\/\/hudo.com\/si\/zdrav-duh-telo\/kaj-barva-oci-razkriva-o-vasi-osebnosti\/#article","isPartOf":{"@id":"https:\/\/hudo.com\/si\/zdrav-duh-telo\/kaj-barva-oci-razkriva-o-vasi-osebnosti\/"},"author":{"name":"hudo","@id":"https:\/\/hudo.com\/si\/#\/schema\/person\/601cf3379633985b20f7e50f2bb47707"},"headline":"Kaj barva o\u010di razkriva o va\u0161i osebnosti?","datePublished":"2016-05-17T06:23:42+00:00","dateModified":"2016-05-22T09:25:28+00:00","mainEntityOfPage":{"@id":"https:\/\/hudo.com\/si\/zdrav-duh-telo\/kaj-barva-oci-razkriva-o-vasi-osebnosti\/"},"wordCount":285,"publisher":{"@id":"https:\/\/hudo.com\/si\/#organization"},"keywords":["barva o\u010di"],"articleSection":["Zdrav duh &amp; telo"],"inLanguage":"sl-SI"},{"@type":"WebPage","@id":"https:\/\/hudo.com\/si\/zdrav-duh-telo\/kaj-barva-oci-razkriva-o-vasi-osebnosti\/","url":"https:\/\/hudo.com\/si\/zdrav-duh-telo\/kaj-barva-oci-razkriva-o-vasi-osebnosti\/","name":"Kaj barva o\u010di razkriva o va\u0161i osebnosti? - Hudo Slovenija","isPartOf":{"@id":"https:\/\/hudo.com\/si\/#website"},"datePublished":"2016-05-17T06:23:42+00:00","dateModified":"2016-05-22T09:25:28+00:00","breadcrumb":{"@id":"https:\/\/hudo.com\/si\/zdrav-duh-telo\/kaj-barva-oci-razkriva-o-vasi-osebnosti\/#breadcrumb"},"inLanguage":"sl-SI","potentialAction":[{"@type":"ReadAction","target":["https:\/\/hudo.com\/si\/zdrav-duh-telo\/kaj-barva-oci-razkriva-o-vasi-osebnosti\/"]}]},{"@type":"BreadcrumbList","@id":"https:\/\/hudo.com\/si\/zdrav-duh-telo\/kaj-barva-oci-razkriva-o-vasi-osebnosti\/#breadcrumb","itemListElement":[{"@type":"ListItem","position":1,"name":"Home","item":"https:\/\/hudo.com\/si\/"},{"@type":"ListItem","position":2,"name":"Kaj barva o\u010di razkriva o va\u0161i osebnosti?"}]},{"@type":"WebSite","@id":"https:\/\/hudo.com\/si\/#website","url":"https:\/\/hudo.com\/si\/","name":"Hudo Slovenija","description":"Vse novice iz Slovenije in sveta","publisher":{"@id":"https:\/\/hudo.com\/si\/#organization"},"potentialAction":[{"@type":"SearchAction","target":{"@type":"EntryPoint","urlTemplate":"https:\/\/hudo.com\/si\/?s={search_term_string}"},"query-input":"required name=search_term_string"}],"inLanguage":"sl-SI"},{"@type":"Organization","@id":"https:\/\/hudo.com\/si\/#organization","name":"VSN Media","url":"https:\/\/hudo.com\/si\/","logo":{"@type":"ImageObject","inLanguage":"sl-SI","@id":"https:\/\/hudo.com\/si\/#\/schema\/logo\/image\/","url":"https:\/\/hudo.com\/si\/wp-content\/uploads\/sites\/2\/2021\/03\/hudo-app-2.png","contentUrl":"https:\/\/hudo.com\/si\/wp-content\/uploads\/sites\/2\/2021\/03\/hudo-app-2.png","width":2185,"height":2167,"caption":"VSN Media"},"image":{"@id":"https:\/\/hudo.com\/si\/#\/schema\/logo\/image\/"},"sameAs":["https:\/\/www.facebook.com\/hudo.si","https:\/\/twitter.com\/hudo_si"]},{"@type":"Person","@id":"https:\/\/hudo.com\/si\/#\/schema\/person\/601cf3379633985b20f7e50f2bb47707","name":"hudo","image":{"@type":"ImageObject","inLanguage":"sl-SI","@id":"https:\/\/hudo.com\/si\/#\/schema\/person\/image\/","url":"https:\/\/secure.gravatar.com\/avatar\/c4ca25fa72cace7a696b52ff5db9e095?s=96&d=mm&r=g","contentUrl":"https:\/\/secure.gravatar.com\/avatar\/c4ca25fa72cace7a696b52ff5db9e095?s=96&d=mm&r=g","caption":"hudo"},"url":"https:\/\/hudo.com\/si\/author\/hudo\/"}]}},"amp_enabled":true,"_links":{"self":[{"href":"https:\/\/hudo.com\/si\/wp-json\/wp\/v2\/posts\/54641"}],"collection":[{"href":"https:\/\/hudo.com\/si\/wp-json\/wp\/v2\/posts"}],"about":[{"href":"https:\/\/hudo.com\/si\/wp-json\/wp\/v2\/types\/post"}],"author":[{"embeddable":true,"href":"https:\/\/hudo.com\/si\/wp-json\/wp\/v2\/users\/1"}],"replies":[{"embeddable":true,"href":"https:\/\/hudo.com\/si\/wp-json\/wp\/v2\/comments?post=54641"}],"version-history":[{"count":0,"href":"https:\/\/hudo.com\/si\/wp-json\/wp\/v2\/posts\/54641\/revisions"}],"wp:attachment":[{"href":"https:\/\/hudo.com\/si\/wp-json\/wp\/v2\/media?parent=54641"}],"wp:term":[{"taxonomy":"category","embeddable":true,"href":"https:\/\/hudo.com\/si\/wp-json\/wp\/v2\/categories?post=54641"},{"taxonomy":"post_tag","embeddable":true,"href":"https:\/\/hudo.com\/si\/wp-json\/wp\/v2\/tags?post=54641"},{"taxonomy":"source","embeddable":true,"href":"https:\/\/hudo.com\/si\/wp-json\/wp\/v2\/source?post=54641"},{"taxonomy":"supertag","embeddable":true,"href":"https:\/\/hudo.com\/si\/wp-json\/wp\/v2\/supertag?post=54641"}],"curies":[{"name":"wp","href":"https:\/\/api.w.org\/{rel}","templated":true}]}}