{"id":54950,"date":"2016-05-17T10:34:00","date_gmt":"2016-05-17T08:34:00","guid":{"rendered":"http:\/\/hudo.com\/si\/2016\/05\/17\/video-ovadba-proti-kucanu-ni-pravocasno-preprecil-razorozitve-to\/"},"modified":"2016-05-18T19:41:17","modified_gmt":"2016-05-18T17:41:17","slug":"video-ovadba-proti-kucanu-ni-pravocasno-preprecil-razorozitve-to","status":"publish","type":"post","link":"https:\/\/hudo.com\/si\/aktualno\/video-ovadba-proti-kucanu-ni-pravocasno-preprecil-razorozitve-to\/","title":{"rendered":"[VIDEO] Ovadba proti Ku\u010danu: Ni pravo\u010dasno prepre\u010dil razoro\u017eitve TO"},"content":{"rendered":"<p>Predsednik Zdru\u017eenja za vrednote slovenske osamosvojitve Ale\u0161 Hojs je povedal, da so nekdanjega predsednika predsedstva Republike Slovenije Milana Ku\u010dana ovadili policiji in to\u017eilstvu. Janez Jan\u0161a dodaja, da je Ku\u010dan vedel za ukaz o razoro\u017eitvi teritorialne obrambe, a tega ni pravo\u010dasno prepre\u010dil. SD vlagatelje ovadbe obto\u017euje, da si prila\u0161\u010dajo zasluge osamosvojitve.<\/p>\n","protected":false},"excerpt":{"rendered":"<p>Predsednik Zdru\u017eenja za vrednote slovenske osamosvojitve Ale\u0161 Hojs je povedal, da so nekdanjega predsednika predsedstva Republike Slovenije Milana Ku\u010dana ovadili policiji in to\u017eilstvu. Janez Jan\u0161a dodaja, da je Ku\u010dan vedel za ukaz o razoro\u017eitvi teritorialne obrambe, a tega ni pravo\u010dasno prepre\u010dil. SD vlagatelje ovadbe obto\u017euje, da si prila\u0161\u010dajo zasluge osamosvojitve.<\/p>\n","protected":false},"author":1,"featured_media":0,"comment_status":"closed","ping_status":"closed","sticky":false,"template":"","format":"standard","meta":{"footnotes":""},"categories":[1179],"tags":[],"source":[1706],"supertag":[],"acf":[],"yoast_head":"<!-- This site is optimized with the Yoast SEO plugin v21.3 - https:\/\/yoast.com\/wordpress\/plugins\/seo\/ -->\n<title>[VIDEO] Ovadba proti Ku\u010danu: Ni pravo\u010dasno prepre\u010dil razoro\u017eitve TO - Hudo Slovenija<\/title>\n<meta name=\"robots\" content=\"index, follow, max-snippet:-1, max-image-preview:large, max-video-preview:-1\" \/>\n<link rel=\"canonical\" href=\"https:\/\/hudo.com\/si\/aktualno\/video-ovadba-proti-kucanu-ni-pravocasno-preprecil-razorozitve-to\/\" \/>\n<meta property=\"og:locale\" content=\"sl_SI\" \/>\n<meta property=\"og:type\" content=\"article\" \/>\n<meta property=\"og:title\" content=\"[VIDEO] Ovadba proti Ku\u010danu: Ni pravo\u010dasno prepre\u010dil razoro\u017eitve TO - Hudo Slovenija\" \/>\n<meta property=\"og:description\" content=\"Predsednik Zdru\u017eenja za vrednote slovenske osamosvojitve Ale\u0161 Hojs je povedal, da so nekdanjega predsednika predsedstva Republike Slovenije Milana Ku\u010dana ovadili policiji in to\u017eilstvu. Janez Jan\u0161a dodaja, da je Ku\u010dan vedel za ukaz o razoro\u017eitvi teritorialne obrambe, a tega ni pravo\u010dasno prepre\u010dil. SD vlagatelje ovadbe obto\u017euje, da si prila\u0161\u010dajo zasluge osamosvojitve.\" \/>\n<meta property=\"og:url\" content=\"https:\/\/hudo.com\/si\/aktualno\/video-ovadba-proti-kucanu-ni-pravocasno-preprecil-razorozitve-to\/\" \/>\n<meta property=\"og:site_name\" content=\"Hudo Slovenija\" \/>\n<meta property=\"article:publisher\" content=\"https:\/\/www.facebook.com\/hudo.si\" \/>\n<meta property=\"article:published_time\" content=\"2016-05-17T08:34:00+00:00\" \/>\n<meta property=\"article:modified_time\" content=\"2016-05-18T17:41:17+00:00\" \/>\n<meta property=\"og:image\" content=\"https:\/\/hudo.com\/si\/wp-content\/uploads\/sites\/2\/2016\/05\/06006482ZP1.png\" \/>\n\t<meta property=\"og:image:width\" content=\"504\" \/>\n\t<meta property=\"og:image:height\" content=\"284\" \/>\n\t<meta property=\"og:image:type\" content=\"image\/jpeg\" \/>\n<meta name=\"author\" content=\"hudo\" \/>\n<meta name=\"twitter:card\" content=\"summary_large_image\" \/>\n<meta name=\"twitter:creator\" content=\"@hudo_si\" \/>\n<meta name=\"twitter:site\" content=\"@hudo_si\" \/>\n<meta name=\"twitter:label1\" content=\"Written by\" \/>\n\t<meta name=\"twitter:data1\" content=\"hudo\" \/>\n<script type=\"application\/ld+json\" class=\"yoast-schema-graph\">{\"@context\":\"https:\/\/schema.org\",\"@graph\":[{\"@type\":\"Article\",\"@id\":\"https:\/\/hudo.com\/si\/aktualno\/video-ovadba-proti-kucanu-ni-pravocasno-preprecil-razorozitve-to\/#article\",\"isPartOf\":{\"@id\":\"https:\/\/hudo.com\/si\/aktualno\/video-ovadba-proti-kucanu-ni-pravocasno-preprecil-razorozitve-to\/\"},\"author\":{\"name\":\"hudo\",\"@id\":\"https:\/\/hudo.com\/si\/#\/schema\/person\/601cf3379633985b20f7e50f2bb47707\"},\"headline\":\"[VIDEO] Ovadba proti Ku\u010danu: Ni pravo\u010dasno prepre\u010dil razoro\u017eitve TO\",\"datePublished\":\"2016-05-17T08:34:00+00:00\",\"dateModified\":\"2016-05-18T17:41:17+00:00\",\"mainEntityOfPage\":{\"@id\":\"https:\/\/hudo.com\/si\/aktualno\/video-ovadba-proti-kucanu-ni-pravocasno-preprecil-razorozitve-to\/\"},\"wordCount\":73,\"publisher\":{\"@id\":\"https:\/\/hudo.com\/si\/#organization\"},\"articleSection\":[\"Aktualno\"],\"inLanguage\":\"sl-SI\"},{\"@type\":\"WebPage\",\"@id\":\"https:\/\/hudo.com\/si\/aktualno\/video-ovadba-proti-kucanu-ni-pravocasno-preprecil-razorozitve-to\/\",\"url\":\"https:\/\/hudo.com\/si\/aktualno\/video-ovadba-proti-kucanu-ni-pravocasno-preprecil-razorozitve-to\/\",\"name\":\"[VIDEO] Ovadba proti Ku\u010danu: Ni pravo\u010dasno prepre\u010dil razoro\u017eitve TO - Hudo Slovenija\",\"isPartOf\":{\"@id\":\"https:\/\/hudo.com\/si\/#website\"},\"datePublished\":\"2016-05-17T08:34:00+00:00\",\"dateModified\":\"2016-05-18T17:41:17+00:00\",\"breadcrumb\":{\"@id\":\"https:\/\/hudo.com\/si\/aktualno\/video-ovadba-proti-kucanu-ni-pravocasno-preprecil-razorozitve-to\/#breadcrumb\"},\"inLanguage\":\"sl-SI\",\"potentialAction\":[{\"@type\":\"ReadAction\",\"target\":[\"https:\/\/hudo.com\/si\/aktualno\/video-ovadba-proti-kucanu-ni-pravocasno-preprecil-razorozitve-to\/\"]}]},{\"@type\":\"BreadcrumbList\",\"@id\":\"https:\/\/hudo.com\/si\/aktualno\/video-ovadba-proti-kucanu-ni-pravocasno-preprecil-razorozitve-to\/#breadcrumb\",\"itemListElement\":[{\"@type\":\"ListItem\",\"position\":1,\"name\":\"Home\",\"item\":\"https:\/\/hudo.com\/si\/\"},{\"@type\":\"ListItem\",\"position\":2,\"name\":\"[VIDEO] Ovadba proti Ku\u010danu: Ni pravo\u010dasno prepre\u010dil razoro\u017eitve TO\"}]},{\"@type\":\"WebSite\",\"@id\":\"https:\/\/hudo.com\/si\/#website\",\"url\":\"https:\/\/hudo.com\/si\/\",\"name\":\"Hudo Slovenija\",\"description\":\"Vse novice iz Slovenije in sveta\",\"publisher\":{\"@id\":\"https:\/\/hudo.com\/si\/#organization\"},\"potentialAction\":[{\"@type\":\"SearchAction\",\"target\":{\"@type\":\"EntryPoint\",\"urlTemplate\":\"https:\/\/hudo.com\/si\/?s={search_term_string}\"},\"query-input\":\"required name=search_term_string\"}],\"inLanguage\":\"sl-SI\"},{\"@type\":\"Organization\",\"@id\":\"https:\/\/hudo.com\/si\/#organization\",\"name\":\"VSN Media\",\"url\":\"https:\/\/hudo.com\/si\/\",\"logo\":{\"@type\":\"ImageObject\",\"inLanguage\":\"sl-SI\",\"@id\":\"https:\/\/hudo.com\/si\/#\/schema\/logo\/image\/\",\"url\":\"https:\/\/hudo.com\/si\/wp-content\/uploads\/sites\/2\/2021\/03\/hudo-app-2.png\",\"contentUrl\":\"https:\/\/hudo.com\/si\/wp-content\/uploads\/sites\/2\/2021\/03\/hudo-app-2.png\",\"width\":2185,\"height\":2167,\"caption\":\"VSN Media\"},\"image\":{\"@id\":\"https:\/\/hudo.com\/si\/#\/schema\/logo\/image\/\"},\"sameAs\":[\"https:\/\/www.facebook.com\/hudo.si\",\"https:\/\/twitter.com\/hudo_si\"]},{\"@type\":\"Person\",\"@id\":\"https:\/\/hudo.com\/si\/#\/schema\/person\/601cf3379633985b20f7e50f2bb47707\",\"name\":\"hudo\",\"image\":{\"@type\":\"ImageObject\",\"inLanguage\":\"sl-SI\",\"@id\":\"https:\/\/hudo.com\/si\/#\/schema\/person\/image\/\",\"url\":\"https:\/\/secure.gravatar.com\/avatar\/c4ca25fa72cace7a696b52ff5db9e095?s=96&d=mm&r=g\",\"contentUrl\":\"https:\/\/secure.gravatar.com\/avatar\/c4ca25fa72cace7a696b52ff5db9e095?s=96&d=mm&r=g\",\"caption\":\"hudo\"},\"url\":\"https:\/\/hudo.com\/si\/author\/hudo\/\"}]}<\/script>\n<!-- \/ Yoast SEO plugin. -->","yoast_head_json":{"title":"[VIDEO] Ovadba proti Ku\u010danu: Ni pravo\u010dasno prepre\u010dil razoro\u017eitve TO - Hudo Slovenija","robots":{"index":"index","follow":"follow","max-snippet":"max-snippet:-1","max-image-preview":"max-image-preview:large","max-video-preview":"max-video-preview:-1"},"canonical":"https:\/\/hudo.com\/si\/aktualno\/video-ovadba-proti-kucanu-ni-pravocasno-preprecil-razorozitve-to\/","og_locale":"sl_SI","og_type":"article","og_title":"[VIDEO] Ovadba proti Ku\u010danu: Ni pravo\u010dasno prepre\u010dil razoro\u017eitve TO - Hudo Slovenija","og_description":"Predsednik Zdru\u017eenja za vrednote slovenske osamosvojitve Ale\u0161 Hojs je povedal, da so nekdanjega predsednika predsedstva Republike Slovenije Milana Ku\u010dana ovadili policiji in to\u017eilstvu. Janez Jan\u0161a dodaja, da je Ku\u010dan vedel za ukaz o razoro\u017eitvi teritorialne obrambe, a tega ni pravo\u010dasno prepre\u010dil. SD vlagatelje ovadbe obto\u017euje, da si prila\u0161\u010dajo zasluge osamosvojitve.","og_url":"https:\/\/hudo.com\/si\/aktualno\/video-ovadba-proti-kucanu-ni-pravocasno-preprecil-razorozitve-to\/","og_site_name":"Hudo Slovenija","article_publisher":"https:\/\/www.facebook.com\/hudo.si","article_published_time":"2016-05-17T08:34:00+00:00","article_modified_time":"2016-05-18T17:41:17+00:00","og_image":[{"width":504,"height":284,"url":"https:\/\/hudo.com\/si\/wp-content\/uploads\/sites\/2\/2016\/05\/06006482ZP1.png","type":"image\/jpeg"}],"author":"hudo","twitter_card":"summary_large_image","twitter_creator":"@hudo_si","twitter_site":"@hudo_si","twitter_misc":{"Written by":"hudo"},"schema":{"@context":"https:\/\/schema.org","@graph":[{"@type":"Article","@id":"https:\/\/hudo.com\/si\/aktualno\/video-ovadba-proti-kucanu-ni-pravocasno-preprecil-razorozitve-to\/#article","isPartOf":{"@id":"https:\/\/hudo.com\/si\/aktualno\/video-ovadba-proti-kucanu-ni-pravocasno-preprecil-razorozitve-to\/"},"author":{"name":"hudo","@id":"https:\/\/hudo.com\/si\/#\/schema\/person\/601cf3379633985b20f7e50f2bb47707"},"headline":"[VIDEO] Ovadba proti Ku\u010danu: Ni pravo\u010dasno prepre\u010dil razoro\u017eitve TO","datePublished":"2016-05-17T08:34:00+00:00","dateModified":"2016-05-18T17:41:17+00:00","mainEntityOfPage":{"@id":"https:\/\/hudo.com\/si\/aktualno\/video-ovadba-proti-kucanu-ni-pravocasno-preprecil-razorozitve-to\/"},"wordCount":73,"publisher":{"@id":"https:\/\/hudo.com\/si\/#organization"},"articleSection":["Aktualno"],"inLanguage":"sl-SI"},{"@type":"WebPage","@id":"https:\/\/hudo.com\/si\/aktualno\/video-ovadba-proti-kucanu-ni-pravocasno-preprecil-razorozitve-to\/","url":"https:\/\/hudo.com\/si\/aktualno\/video-ovadba-proti-kucanu-ni-pravocasno-preprecil-razorozitve-to\/","name":"[VIDEO] Ovadba proti Ku\u010danu: Ni pravo\u010dasno prepre\u010dil razoro\u017eitve TO - Hudo Slovenija","isPartOf":{"@id":"https:\/\/hudo.com\/si\/#website"},"datePublished":"2016-05-17T08:34:00+00:00","dateModified":"2016-05-18T17:41:17+00:00","breadcrumb":{"@id":"https:\/\/hudo.com\/si\/aktualno\/video-ovadba-proti-kucanu-ni-pravocasno-preprecil-razorozitve-to\/#breadcrumb"},"inLanguage":"sl-SI","potentialAction":[{"@type":"ReadAction","target":["https:\/\/hudo.com\/si\/aktualno\/video-ovadba-proti-kucanu-ni-pravocasno-preprecil-razorozitve-to\/"]}]},{"@type":"BreadcrumbList","@id":"https:\/\/hudo.com\/si\/aktualno\/video-ovadba-proti-kucanu-ni-pravocasno-preprecil-razorozitve-to\/#breadcrumb","itemListElement":[{"@type":"ListItem","position":1,"name":"Home","item":"https:\/\/hudo.com\/si\/"},{"@type":"ListItem","position":2,"name":"[VIDEO] Ovadba proti Ku\u010danu: Ni pravo\u010dasno prepre\u010dil razoro\u017eitve TO"}]},{"@type":"WebSite","@id":"https:\/\/hudo.com\/si\/#website","url":"https:\/\/hudo.com\/si\/","name":"Hudo Slovenija","description":"Vse novice iz Slovenije in sveta","publisher":{"@id":"https:\/\/hudo.com\/si\/#organization"},"potentialAction":[{"@type":"SearchAction","target":{"@type":"EntryPoint","urlTemplate":"https:\/\/hudo.com\/si\/?s={search_term_string}"},"query-input":"required name=search_term_string"}],"inLanguage":"sl-SI"},{"@type":"Organization","@id":"https:\/\/hudo.com\/si\/#organization","name":"VSN Media","url":"https:\/\/hudo.com\/si\/","logo":{"@type":"ImageObject","inLanguage":"sl-SI","@id":"https:\/\/hudo.com\/si\/#\/schema\/logo\/image\/","url":"https:\/\/hudo.com\/si\/wp-content\/uploads\/sites\/2\/2021\/03\/hudo-app-2.png","contentUrl":"https:\/\/hudo.com\/si\/wp-content\/uploads\/sites\/2\/2021\/03\/hudo-app-2.png","width":2185,"height":2167,"caption":"VSN Media"},"image":{"@id":"https:\/\/hudo.com\/si\/#\/schema\/logo\/image\/"},"sameAs":["https:\/\/www.facebook.com\/hudo.si","https:\/\/twitter.com\/hudo_si"]},{"@type":"Person","@id":"https:\/\/hudo.com\/si\/#\/schema\/person\/601cf3379633985b20f7e50f2bb47707","name":"hudo","image":{"@type":"ImageObject","inLanguage":"sl-SI","@id":"https:\/\/hudo.com\/si\/#\/schema\/person\/image\/","url":"https:\/\/secure.gravatar.com\/avatar\/c4ca25fa72cace7a696b52ff5db9e095?s=96&d=mm&r=g","contentUrl":"https:\/\/secure.gravatar.com\/avatar\/c4ca25fa72cace7a696b52ff5db9e095?s=96&d=mm&r=g","caption":"hudo"},"url":"https:\/\/hudo.com\/si\/author\/hudo\/"}]}},"amp_enabled":true,"_links":{"self":[{"href":"https:\/\/hudo.com\/si\/wp-json\/wp\/v2\/posts\/54950"}],"collection":[{"href":"https:\/\/hudo.com\/si\/wp-json\/wp\/v2\/posts"}],"about":[{"href":"https:\/\/hudo.com\/si\/wp-json\/wp\/v2\/types\/post"}],"author":[{"embeddable":true,"href":"https:\/\/hudo.com\/si\/wp-json\/wp\/v2\/users\/1"}],"replies":[{"embeddable":true,"href":"https:\/\/hudo.com\/si\/wp-json\/wp\/v2\/comments?post=54950"}],"version-history":[{"count":1,"href":"https:\/\/hudo.com\/si\/wp-json\/wp\/v2\/posts\/54950\/revisions"}],"predecessor-version":[{"id":55039,"href":"https:\/\/hudo.com\/si\/wp-json\/wp\/v2\/posts\/54950\/revisions\/55039"}],"wp:attachment":[{"href":"https:\/\/hudo.com\/si\/wp-json\/wp\/v2\/media?parent=54950"}],"wp:term":[{"taxonomy":"category","embeddable":true,"href":"https:\/\/hudo.com\/si\/wp-json\/wp\/v2\/categories?post=54950"},{"taxonomy":"post_tag","embeddable":true,"href":"https:\/\/hudo.com\/si\/wp-json\/wp\/v2\/tags?post=54950"},{"taxonomy":"source","embeddable":true,"href":"https:\/\/hudo.com\/si\/wp-json\/wp\/v2\/source?post=54950"},{"taxonomy":"supertag","embeddable":true,"href":"https:\/\/hudo.com\/si\/wp-json\/wp\/v2\/supertag?post=54950"}],"curies":[{"name":"wp","href":"https:\/\/api.w.org\/{rel}","templated":true}]}}