{"id":56393,"date":"2016-05-19T12:35:01","date_gmt":"2016-05-19T10:35:01","guid":{"rendered":"http:\/\/hudo.com\/si\/?p=56393"},"modified":"2016-05-19T12:35:01","modified_gmt":"2016-05-19T10:35:01","slug":"turcija-ogorcena-zaradi-veleposlanikovega-vedenja","status":"publish","type":"post","link":"https:\/\/hudo.com\/si\/aktualno\/turcija-ogorcena-zaradi-veleposlanikovega-vedenja\/","title":{"rendered":"Tur\u010dija ogor\u010dena zaradi veleposlanikovega vedenja"},"content":{"rendered":"<div class=\"text\">\n<p>Tur\u0161ke oblasti so ogor\u010dene zaradi veleposlanikovega vedenja, ker je z nem\u0161kim rekom, ki Turke prikazuje v slabi lu\u010di, ponazoril, kako se je uresni\u010devanje dogovora o odpravi vizumov za tur\u0161ke dr\u017eavljane za\u010delo dobro, a v zadnjem \u010dasu naletelo na te\u017eave.<\/p>\n<p>&#8220;V Nem\u010diji imamo rek Za\u010dni kot Turek in kon\u010daj kot Nemec. A v tem primeru se je zgodilo obratno. Za\u010deli smo kot Nemci in kon\u010dujemo kot Turki,&#8221; je po pisanju tur\u0161kega \u010dasnika Hurriyet medijem prej\u0161nji petek dejal Nemec Haber, ki vodi delegacijo EU v Tur\u010diji.<\/p>\n<p>Tur\u0161ki minister za evropske zadeve Volkan Bozkir je dejal, da Habrove pripombe niso primerne za veleposlanika, zato ga je pozval, naj pojasni, kaj je mislil. &#8220;Noben veleposlanik nima pravice poni\u017eevati ljudstva dr\u017eave, v kateri je, in govoriti o njenem predsedniku,&#8221; je tvitnil prej\u0161nji teden.<\/p>\n<p>Po navedbah Euractiva ni jasno, na kaj se je nana\u0161ala Bozkirjeva pripomba o veleposlaniku Habru in tur\u0161kem predsedniku Recepu Tayyipu Erdoganu.<\/p>\n<p>Odprava vizumov za tur\u0161ke dr\u017eavljane je del mar\u010dnega dogovora med EU in Tur\u010dijo, ki v zameno za tur\u0161ko pomo\u010d pri zajezitvi migracijskega toka v Evropo predvideva pospe\u0161itev vizumske liberalizacije za tur\u0161ke dr\u017eavljane do konca junija.<\/p>\n<p>Evropska komisija je 4. maja priporo\u010dila odpravo vizumov pod pogojem, da tur\u0161ke oblasti izpolnijo preostala zahtevana merila v skladu z danimi zavezami. Tur\u010dija mora izpolniti skupno 72 meril, po navedbah Bruslja pa jih je ostalo neizpolnjenih \u0161e pet.<\/p>\n<p>Ta se med drugim nana\u0161ajo na boj proti korupciji, varovanje podatkov, sodelovanje z evropskimi pravosodnimi organi in spremembo protiteroristi\u010dne zakonodaje. Gre tudi za biometri\u010dne potne liste in vpra\u0161anja, ki se nana\u0161ajo na \u010dlovekove pravice.<\/p>\n<p>Tur\u0161ki predsednik Erdogan vztraja, da Tur\u010dija ne bo spremenila svoje protiteroristi\u010dne zakonodaje, ker da to ni mogo\u010de v \u010dasu, ko se bori proti kurdskim skrajne\u017eem in d\u017eihadistom Islamske dr\u017eave.<\/p>\n<p>Evropski parlament je vizumsko liberalizacijo s Tur\u010dijo prej\u0161nji teden zamrznil. Pristojni parlamentarni odbor se bo s tem vpra\u0161anjem ukvarjali \u0161ele po pisnem zagotovilu Evropske komisije, da je Tur\u010dija izpolnila vse kriterije EU.<\/p>\n<\/div>\n","protected":false},"excerpt":{"rendered":"<p>Tur\u010dija je veleposlanika EU v Ankari Hansj\u00f6rga Habra v torek poklicala na pogovor zaradi njegovih pripomb v zvezi z dogovorom med EU in Tur\u010dijo o upravljanju migracijskih tokov, so po poro\u010danju bruseljskega spletnega biltena Euractiv v sredo povedali viri na tur\u0161kem zunanjem ministrstvu.<\/p>\n","protected":false},"author":5,"featured_media":56394,"comment_status":"closed","ping_status":"closed","sticky":false,"template":"","format":"standard","meta":{"footnotes":""},"categories":[1179],"tags":[1606,4548,5249,1887],"source":[4511],"supertag":[],"acf":[],"yoast_head":"<!-- This site is optimized with the Yoast SEO plugin v21.3 - https:\/\/yoast.com\/wordpress\/plugins\/seo\/ -->\n<title>Tur\u010dija ogor\u010dena zaradi veleposlanikovega vedenja - Hudo Slovenija<\/title>\n<meta name=\"robots\" content=\"index, follow, max-snippet:-1, max-image-preview:large, max-video-preview:-1\" \/>\n<link rel=\"canonical\" href=\"https:\/\/hudo.com\/si\/aktualno\/turcija-ogorcena-zaradi-veleposlanikovega-vedenja\/\" \/>\n<meta property=\"og:locale\" content=\"sl_SI\" \/>\n<meta property=\"og:type\" content=\"article\" \/>\n<meta property=\"og:title\" content=\"Tur\u010dija ogor\u010dena zaradi veleposlanikovega vedenja - Hudo Slovenija\" \/>\n<meta property=\"og:description\" content=\"Tur\u010dija je veleposlanika EU v Ankari Hansj\u00f6rga Habra v torek poklicala na pogovor zaradi njegovih pripomb v zvezi z dogovorom med EU in Tur\u010dijo o upravljanju migracijskih tokov, so po poro\u010danju bruseljskega spletnega biltena Euractiv v sredo povedali viri na tur\u0161kem zunanjem ministrstvu.\" \/>\n<meta property=\"og:url\" content=\"https:\/\/hudo.com\/si\/aktualno\/turcija-ogorcena-zaradi-veleposlanikovega-vedenja\/\" \/>\n<meta property=\"og:site_name\" content=\"Hudo Slovenija\" \/>\n<meta property=\"article:publisher\" content=\"https:\/\/www.facebook.com\/hudo.si\" \/>\n<meta property=\"article:published_time\" content=\"2016-05-19T10:35:01+00:00\" \/>\n<meta property=\"og:image\" content=\"https:\/\/hudo.com\/si\/wp-content\/uploads\/sites\/2\/2016\/05\/profimedia-0148156542.jpg\" \/>\n\t<meta property=\"og:image:width\" content=\"1250\" \/>\n\t<meta property=\"og:image:height\" content=\"834\" \/>\n\t<meta property=\"og:image:type\" content=\"image\/jpeg\" \/>\n<meta name=\"author\" content=\"A. G., STA\" \/>\n<meta name=\"twitter:card\" content=\"summary_large_image\" \/>\n<meta name=\"twitter:creator\" content=\"@hudo_si\" \/>\n<meta name=\"twitter:site\" content=\"@hudo_si\" \/>\n<meta name=\"twitter:label1\" content=\"Written by\" \/>\n\t<meta name=\"twitter:data1\" content=\"A. G., STA\" \/>\n\t<meta name=\"twitter:label2\" content=\"Est. reading time\" \/>\n\t<meta name=\"twitter:data2\" content=\"2 minuti\" \/>\n<script type=\"application\/ld+json\" class=\"yoast-schema-graph\">{\"@context\":\"https:\/\/schema.org\",\"@graph\":[{\"@type\":\"Article\",\"@id\":\"https:\/\/hudo.com\/si\/aktualno\/turcija-ogorcena-zaradi-veleposlanikovega-vedenja\/#article\",\"isPartOf\":{\"@id\":\"https:\/\/hudo.com\/si\/aktualno\/turcija-ogorcena-zaradi-veleposlanikovega-vedenja\/\"},\"author\":{\"name\":\"A. G., STA\",\"@id\":\"https:\/\/hudo.com\/si\/#\/schema\/person\/2391667a63ea075ba94f2f2dc6b77537\"},\"headline\":\"Tur\u010dija ogor\u010dena zaradi veleposlanikovega vedenja\",\"datePublished\":\"2016-05-19T10:35:01+00:00\",\"dateModified\":\"2016-05-19T10:35:01+00:00\",\"mainEntityOfPage\":{\"@id\":\"https:\/\/hudo.com\/si\/aktualno\/turcija-ogorcena-zaradi-veleposlanikovega-vedenja\/\"},\"wordCount\":372,\"publisher\":{\"@id\":\"https:\/\/hudo.com\/si\/#organization\"},\"keywords\":[\"begunci\",\"EU\",\"Hansj\u00f6rg Haber\",\"tur\u010dija\"],\"articleSection\":[\"Aktualno\"],\"inLanguage\":\"sl-SI\"},{\"@type\":\"WebPage\",\"@id\":\"https:\/\/hudo.com\/si\/aktualno\/turcija-ogorcena-zaradi-veleposlanikovega-vedenja\/\",\"url\":\"https:\/\/hudo.com\/si\/aktualno\/turcija-ogorcena-zaradi-veleposlanikovega-vedenja\/\",\"name\":\"Tur\u010dija ogor\u010dena zaradi veleposlanikovega vedenja - Hudo Slovenija\",\"isPartOf\":{\"@id\":\"https:\/\/hudo.com\/si\/#website\"},\"datePublished\":\"2016-05-19T10:35:01+00:00\",\"dateModified\":\"2016-05-19T10:35:01+00:00\",\"breadcrumb\":{\"@id\":\"https:\/\/hudo.com\/si\/aktualno\/turcija-ogorcena-zaradi-veleposlanikovega-vedenja\/#breadcrumb\"},\"inLanguage\":\"sl-SI\",\"potentialAction\":[{\"@type\":\"ReadAction\",\"target\":[\"https:\/\/hudo.com\/si\/aktualno\/turcija-ogorcena-zaradi-veleposlanikovega-vedenja\/\"]}]},{\"@type\":\"BreadcrumbList\",\"@id\":\"https:\/\/hudo.com\/si\/aktualno\/turcija-ogorcena-zaradi-veleposlanikovega-vedenja\/#breadcrumb\",\"itemListElement\":[{\"@type\":\"ListItem\",\"position\":1,\"name\":\"Home\",\"item\":\"https:\/\/hudo.com\/si\/\"},{\"@type\":\"ListItem\",\"position\":2,\"name\":\"Tur\u010dija ogor\u010dena zaradi veleposlanikovega vedenja\"}]},{\"@type\":\"WebSite\",\"@id\":\"https:\/\/hudo.com\/si\/#website\",\"url\":\"https:\/\/hudo.com\/si\/\",\"name\":\"Hudo Slovenija\",\"description\":\"Vse novice iz Slovenije in sveta\",\"publisher\":{\"@id\":\"https:\/\/hudo.com\/si\/#organization\"},\"potentialAction\":[{\"@type\":\"SearchAction\",\"target\":{\"@type\":\"EntryPoint\",\"urlTemplate\":\"https:\/\/hudo.com\/si\/?s={search_term_string}\"},\"query-input\":\"required name=search_term_string\"}],\"inLanguage\":\"sl-SI\"},{\"@type\":\"Organization\",\"@id\":\"https:\/\/hudo.com\/si\/#organization\",\"name\":\"VSN Media\",\"url\":\"https:\/\/hudo.com\/si\/\",\"logo\":{\"@type\":\"ImageObject\",\"inLanguage\":\"sl-SI\",\"@id\":\"https:\/\/hudo.com\/si\/#\/schema\/logo\/image\/\",\"url\":\"https:\/\/hudo.com\/si\/wp-content\/uploads\/sites\/2\/2021\/03\/hudo-app-2.png\",\"contentUrl\":\"https:\/\/hudo.com\/si\/wp-content\/uploads\/sites\/2\/2021\/03\/hudo-app-2.png\",\"width\":2185,\"height\":2167,\"caption\":\"VSN Media\"},\"image\":{\"@id\":\"https:\/\/hudo.com\/si\/#\/schema\/logo\/image\/\"},\"sameAs\":[\"https:\/\/www.facebook.com\/hudo.si\",\"https:\/\/twitter.com\/hudo_si\"]},{\"@type\":\"Person\",\"@id\":\"https:\/\/hudo.com\/si\/#\/schema\/person\/2391667a63ea075ba94f2f2dc6b77537\",\"name\":\"A. G., STA\",\"image\":{\"@type\":\"ImageObject\",\"inLanguage\":\"sl-SI\",\"@id\":\"https:\/\/hudo.com\/si\/#\/schema\/person\/image\/\",\"url\":\"https:\/\/secure.gravatar.com\/avatar\/e13d22ac3e442658d5025fbbe6238a79?s=96&d=mm&r=g\",\"contentUrl\":\"https:\/\/secure.gravatar.com\/avatar\/e13d22ac3e442658d5025fbbe6238a79?s=96&d=mm&r=g\",\"caption\":\"A. G., STA\"},\"url\":\"https:\/\/hudo.com\/si\/author\/alenka\/\"}]}<\/script>\n<!-- \/ Yoast SEO plugin. -->","yoast_head_json":{"title":"Tur\u010dija ogor\u010dena zaradi veleposlanikovega vedenja - Hudo Slovenija","robots":{"index":"index","follow":"follow","max-snippet":"max-snippet:-1","max-image-preview":"max-image-preview:large","max-video-preview":"max-video-preview:-1"},"canonical":"https:\/\/hudo.com\/si\/aktualno\/turcija-ogorcena-zaradi-veleposlanikovega-vedenja\/","og_locale":"sl_SI","og_type":"article","og_title":"Tur\u010dija ogor\u010dena zaradi veleposlanikovega vedenja - Hudo Slovenija","og_description":"Tur\u010dija je veleposlanika EU v Ankari Hansj\u00f6rga Habra v torek poklicala na pogovor zaradi njegovih pripomb v zvezi z dogovorom med EU in Tur\u010dijo o upravljanju migracijskih tokov, so po poro\u010danju bruseljskega spletnega biltena Euractiv v sredo povedali viri na tur\u0161kem zunanjem ministrstvu.","og_url":"https:\/\/hudo.com\/si\/aktualno\/turcija-ogorcena-zaradi-veleposlanikovega-vedenja\/","og_site_name":"Hudo Slovenija","article_publisher":"https:\/\/www.facebook.com\/hudo.si","article_published_time":"2016-05-19T10:35:01+00:00","og_image":[{"width":1250,"height":834,"url":"https:\/\/hudo.com\/si\/wp-content\/uploads\/sites\/2\/2016\/05\/profimedia-0148156542.jpg","type":"image\/jpeg"}],"author":"A. G., STA","twitter_card":"summary_large_image","twitter_creator":"@hudo_si","twitter_site":"@hudo_si","twitter_misc":{"Written by":"A. G., STA","Est. reading time":"2 minuti"},"schema":{"@context":"https:\/\/schema.org","@graph":[{"@type":"Article","@id":"https:\/\/hudo.com\/si\/aktualno\/turcija-ogorcena-zaradi-veleposlanikovega-vedenja\/#article","isPartOf":{"@id":"https:\/\/hudo.com\/si\/aktualno\/turcija-ogorcena-zaradi-veleposlanikovega-vedenja\/"},"author":{"name":"A. G., STA","@id":"https:\/\/hudo.com\/si\/#\/schema\/person\/2391667a63ea075ba94f2f2dc6b77537"},"headline":"Tur\u010dija ogor\u010dena zaradi veleposlanikovega vedenja","datePublished":"2016-05-19T10:35:01+00:00","dateModified":"2016-05-19T10:35:01+00:00","mainEntityOfPage":{"@id":"https:\/\/hudo.com\/si\/aktualno\/turcija-ogorcena-zaradi-veleposlanikovega-vedenja\/"},"wordCount":372,"publisher":{"@id":"https:\/\/hudo.com\/si\/#organization"},"keywords":["begunci","EU","Hansj\u00f6rg Haber","tur\u010dija"],"articleSection":["Aktualno"],"inLanguage":"sl-SI"},{"@type":"WebPage","@id":"https:\/\/hudo.com\/si\/aktualno\/turcija-ogorcena-zaradi-veleposlanikovega-vedenja\/","url":"https:\/\/hudo.com\/si\/aktualno\/turcija-ogorcena-zaradi-veleposlanikovega-vedenja\/","name":"Tur\u010dija ogor\u010dena zaradi veleposlanikovega vedenja - Hudo Slovenija","isPartOf":{"@id":"https:\/\/hudo.com\/si\/#website"},"datePublished":"2016-05-19T10:35:01+00:00","dateModified":"2016-05-19T10:35:01+00:00","breadcrumb":{"@id":"https:\/\/hudo.com\/si\/aktualno\/turcija-ogorcena-zaradi-veleposlanikovega-vedenja\/#breadcrumb"},"inLanguage":"sl-SI","potentialAction":[{"@type":"ReadAction","target":["https:\/\/hudo.com\/si\/aktualno\/turcija-ogorcena-zaradi-veleposlanikovega-vedenja\/"]}]},{"@type":"BreadcrumbList","@id":"https:\/\/hudo.com\/si\/aktualno\/turcija-ogorcena-zaradi-veleposlanikovega-vedenja\/#breadcrumb","itemListElement":[{"@type":"ListItem","position":1,"name":"Home","item":"https:\/\/hudo.com\/si\/"},{"@type":"ListItem","position":2,"name":"Tur\u010dija ogor\u010dena zaradi veleposlanikovega vedenja"}]},{"@type":"WebSite","@id":"https:\/\/hudo.com\/si\/#website","url":"https:\/\/hudo.com\/si\/","name":"Hudo Slovenija","description":"Vse novice iz Slovenije in sveta","publisher":{"@id":"https:\/\/hudo.com\/si\/#organization"},"potentialAction":[{"@type":"SearchAction","target":{"@type":"EntryPoint","urlTemplate":"https:\/\/hudo.com\/si\/?s={search_term_string}"},"query-input":"required name=search_term_string"}],"inLanguage":"sl-SI"},{"@type":"Organization","@id":"https:\/\/hudo.com\/si\/#organization","name":"VSN Media","url":"https:\/\/hudo.com\/si\/","logo":{"@type":"ImageObject","inLanguage":"sl-SI","@id":"https:\/\/hudo.com\/si\/#\/schema\/logo\/image\/","url":"https:\/\/hudo.com\/si\/wp-content\/uploads\/sites\/2\/2021\/03\/hudo-app-2.png","contentUrl":"https:\/\/hudo.com\/si\/wp-content\/uploads\/sites\/2\/2021\/03\/hudo-app-2.png","width":2185,"height":2167,"caption":"VSN Media"},"image":{"@id":"https:\/\/hudo.com\/si\/#\/schema\/logo\/image\/"},"sameAs":["https:\/\/www.facebook.com\/hudo.si","https:\/\/twitter.com\/hudo_si"]},{"@type":"Person","@id":"https:\/\/hudo.com\/si\/#\/schema\/person\/2391667a63ea075ba94f2f2dc6b77537","name":"A. G., STA","image":{"@type":"ImageObject","inLanguage":"sl-SI","@id":"https:\/\/hudo.com\/si\/#\/schema\/person\/image\/","url":"https:\/\/secure.gravatar.com\/avatar\/e13d22ac3e442658d5025fbbe6238a79?s=96&d=mm&r=g","contentUrl":"https:\/\/secure.gravatar.com\/avatar\/e13d22ac3e442658d5025fbbe6238a79?s=96&d=mm&r=g","caption":"A. G., STA"},"url":"https:\/\/hudo.com\/si\/author\/alenka\/"}]}},"amp_enabled":true,"_links":{"self":[{"href":"https:\/\/hudo.com\/si\/wp-json\/wp\/v2\/posts\/56393"}],"collection":[{"href":"https:\/\/hudo.com\/si\/wp-json\/wp\/v2\/posts"}],"about":[{"href":"https:\/\/hudo.com\/si\/wp-json\/wp\/v2\/types\/post"}],"author":[{"embeddable":true,"href":"https:\/\/hudo.com\/si\/wp-json\/wp\/v2\/users\/5"}],"replies":[{"embeddable":true,"href":"https:\/\/hudo.com\/si\/wp-json\/wp\/v2\/comments?post=56393"}],"version-history":[{"count":1,"href":"https:\/\/hudo.com\/si\/wp-json\/wp\/v2\/posts\/56393\/revisions"}],"predecessor-version":[{"id":56395,"href":"https:\/\/hudo.com\/si\/wp-json\/wp\/v2\/posts\/56393\/revisions\/56395"}],"wp:featuredmedia":[{"embeddable":true,"href":"https:\/\/hudo.com\/si\/wp-json\/wp\/v2\/media\/56394"}],"wp:attachment":[{"href":"https:\/\/hudo.com\/si\/wp-json\/wp\/v2\/media?parent=56393"}],"wp:term":[{"taxonomy":"category","embeddable":true,"href":"https:\/\/hudo.com\/si\/wp-json\/wp\/v2\/categories?post=56393"},{"taxonomy":"post_tag","embeddable":true,"href":"https:\/\/hudo.com\/si\/wp-json\/wp\/v2\/tags?post=56393"},{"taxonomy":"source","embeddable":true,"href":"https:\/\/hudo.com\/si\/wp-json\/wp\/v2\/source?post=56393"},{"taxonomy":"supertag","embeddable":true,"href":"https:\/\/hudo.com\/si\/wp-json\/wp\/v2\/supertag?post=56393"}],"curies":[{"name":"wp","href":"https:\/\/api.w.org\/{rel}","templated":true}]}}